{"id":156007,"date":"2025-06-17T15:37:01","date_gmt":"2025-06-17T15:37:01","guid":{"rendered":"https:\/\/www.nettali.com\/?p=156007"},"modified":"2025-06-17T22:25:03","modified_gmt":"2025-06-17T22:25:03","slug":"affaire-des-emplois-fictifs-francois-fillon-condamne-en-appel-a-quatre-ans-de-prison-avec-sursis-et-cinq-ans-dineligibilite","status":"publish","type":"post","link":"https:\/\/www.nettali.com\/2025\/06\/17\/affaire-des-emplois-fictifs-francois-fillon-condamne-en-appel-a-quatre-ans-de-prison-avec-sursis-et-cinq-ans-dineligibilite\/","title":{"rendered":"AFFAIRE DES EMPLOIS FICTIFS - Fran\u00e7ois Fillon, condamn\u00e9 en appel \u00e0 quatre ans de prison avec sursis et cinq ans d\u2019in\u00e9ligibilit\u00e9"},"content":{"rendered":"<p><strong>NETTALI.COM - Huit ans apr\u00e8s les r\u00e9v\u00e9lations d\u2019emplois fictifs de son \u00e9pouse Penelope Fillon, l\u2019ancien Premier ministre Fran\u00e7ois Fillon a \u00e9t\u00e9 condamn\u00e9 ce mardi \u00e0 une peine de quatre ans de prison avec sursis, 375 000 euros d\u2019amende et cinq ans d\u2019in\u00e9ligibilit\u00e9. Le 29 avril dernier, l\u2019avocat g\u00e9n\u00e9ral avait requis une peine similaire avec dix ann\u00e9es d\u2019in\u00e9ligibilit\u00e9.<\/strong><\/p>\n<p>Cette nouvelle condamnation d\u00e9coule de son jugement en cour d\u2019appel de mai\u00a02022 qui lui avait valu d\u2019\u00eatre condamn\u00e9 \u00e0 quatre ans de prison, dont un an ferme. La Cour de cassation avait ensuite partiellement annul\u00e9 cette d\u00e9cision, estimant que la peine de prison \u00e9tait insuffisamment motiv\u00e9e.<\/p>\n<p>L\u2019avocat de Fran\u00e7ois Fillon, Me Antonin L\u00e9vy, a indiqu\u00e9 vouloir \u00e9tudier l\u2019arr\u00eat avant de d\u00e9cider d\u2019un \u00e9ventuel nouveau pourvoi en cassation.<\/p>\n<p>En premi\u00e8re instance, en 2020, Fran\u00e7ois Fillon avait \u00e9t\u00e9 condamn\u00e9 \u00e0 cinq ans d\u2019emprisonnement dont deux ans ferme et une peine d\u2019amende et d\u2019in\u00e9ligibilit\u00e9 identique \u00e0 celle d\u2019aujourd\u2019hui.<\/p>\n<h3>\u00ab\u00a0Une blessure morale\u00a0\u00bb<\/h3>\n<p>En janvier 2017, le Canard encha\u00een\u00e9 r\u00e9v\u00e9lait un soup\u00e7on d\u2019emploi fictif de P\u00e9n\u00e9lope Fillon comme assistante parlementaire. Alors en pleine campagne pr\u00e9sidentielle, les r\u00e9v\u00e9lations sont fatales pour Fran\u00e7ois Fillon qui \u00e9choue \u00e0 atteindre le second tour.<\/p>\n<p>Le 29\u00a0avril dernier, l\u2019ancien Premier ministre a parl\u00e9 d\u2019une \u00ab\u00a0blessure morale\u00a0\u00bb concernant sa peine d\u2019in\u00e9ligibilit\u00e9. <em>\u00ab\u00a0Personne ne m\u2019enl\u00e8vera de la t\u00eate que j\u2019ai \u00e9t\u00e9 trait\u00e9 d\u2019une mani\u00e8re un peu particuli\u00e8re, ce qui a peut-\u00eatre quelque chose \u00e0 voir avec le fait que j\u2019ai \u00e9t\u00e9 candidat \u00e0 l\u2019\u00e9lection pr\u00e9sidentielle\u00a0\u00bb<\/em>, a-t-il d\u00e9clar\u00e9 \u00e0 la barre.<\/p>\n<p>La cour d\u2019appel a confirm\u00e9 le montant de 126 167 euros \u00e0 rembourser estimant que <em>\u00ab n\u2019avait pas \u00e9t\u00e9 rapport\u00e9e la preuve d\u2019un travail salari\u00e9 \u00bb<\/em>. Le reste des dommages et int\u00e9r\u00eats sont d\u00e9finitifs. 800 000 euros sont r\u00e9partis solidairement entre Penelope Fillon, Fran\u00e7ois Fillon et son ancien suppl\u00e9ant. Un \u00e9ch\u00e9ancier de remboursement est pr\u00e9vu avec l\u2019Assembl\u00e9e nationale et Fran\u00e7ois Fillon a d\u00e9j\u00e0 commenc\u00e9 \u00e0 \u00ab rendre l\u2019argent \u00bb comme le r\u00e9clamait le slogan devenu c\u00e9l\u00e8bre lors de la campagne pr\u00e9sidentielle de 2017.<\/p>\n<div class='share-to-whatsapp-wrapper'><div class='share-on-whsp'>PARTAGER SUR : <\/div><a data-text='AFFAIRE DES EMPLOIS FICTIFS - Fran\u00e7ois Fillon, condamn\u00e9 en appel \u00e0 quatre ans de prison avec sursis et cinq ans d\u2019in\u00e9ligibilit\u00e9' data-link='https:\/\/www.nettali.com\/2025\/06\/17\/affaire-des-emplois-fictifs-francois-fillon-condamne-en-appel-a-quatre-ans-de-prison-avec-sursis-et-cinq-ans-dineligibilite\/' class='whatsapp-button whatsapp-share'>WhatsApp<\/a><div class='clear '><\/div><\/div>","protected":false},"excerpt":{"rendered":"<p>NETTALI.COM - Huit ans apr\u00e8s les r\u00e9v\u00e9lations d\u2019emplois fictifs de son \u00e9pouse Penelope Fillon, l\u2019ancien Premier ministre Fran\u00e7ois Fillon a \u00e9t\u00e9 condamn\u00e9 ce mardi \u00e0 une peine de quatre ans de prison avec sursis, 375 000 euros d\u2019amende et cinq ans d\u2019in\u00e9ligibilit\u00e9. Le 29 avril dernier, l\u2019avocat g\u00e9n\u00e9ral avait requis une peine similaire avec dix [&hellip;]<\/p>\n","protected":false},"author":4,"featured_media":156008,"comment_status":"open","ping_status":"open","sticky":false,"template":"","format":"standard","meta":{"_et_pb_use_builder":"","_et_pb_old_content":""},"categories":[3],"tags":[],"yoast_head":"<!-- This site is optimized with the Yoast SEO Premium plugin v17.8 (Yoast SEO v17.8) - https:\/\/yoast.com\/wordpress\/plugins\/seo\/ -->\n<title>AFFAIRE DES EMPLOIS FICTIFS - Fran\u00e7ois Fillon, condamn\u00e9 en appel \u00e0 quatre ans de prison avec sursis et cinq ans d\u2019in\u00e9ligibilit\u00e9 | Nettali.com<\/title>\n<meta name=\"robots\" content=\"index, follow, max-snippet:-1, max-image-preview:large, max-video-preview:-1\" \/>\n<link rel=\"canonical\" href=\"https:\/\/www.nettali.com\/2025\/06\/17\/affaire-des-emplois-fictifs-francois-fillon-condamne-en-appel-a-quatre-ans-de-prison-avec-sursis-et-cinq-ans-dineligibilite\/\" \/>\n<meta property=\"og:locale\" content=\"fr_FR\" \/>\n<meta property=\"og:type\" content=\"article\" \/>\n<meta property=\"og:title\" content=\"AFFAIRE DES EMPLOIS FICTIFS - Fran\u00e7ois Fillon, condamn\u00e9 en appel \u00e0 quatre ans de prison avec sursis et cinq ans d\u2019in\u00e9ligibilit\u00e9\" \/>\n<meta property=\"og:description\" content=\"NETTALI.COM - Huit ans apr\u00e8s les r\u00e9v\u00e9lations d\u2019emplois fictifs de son \u00e9pouse Penelope Fillon, l\u2019ancien Premier ministre Fran\u00e7ois Fillon a \u00e9t\u00e9 condamn\u00e9 ce mardi \u00e0 une peine de quatre ans de prison avec sursis, 375 000 euros d\u2019amende et cinq ans d\u2019in\u00e9ligibilit\u00e9. Le 29 avril dernier, l\u2019avocat g\u00e9n\u00e9ral avait requis une peine similaire avec dix [&hellip;]\" \/>\n<meta property=\"og:url\" content=\"https:\/\/www.nettali.com\/2025\/06\/17\/affaire-des-emplois-fictifs-francois-fillon-condamne-en-appel-a-quatre-ans-de-prison-avec-sursis-et-cinq-ans-dineligibilite\/\" \/>\n<meta property=\"og:site_name\" content=\"Nettali.com\" \/>\n<meta property=\"article:publisher\" content=\"https:\/\/www.facebook.com\/nettalicom\" \/>\n<meta property=\"article:published_time\" content=\"2025-06-17T15:37:01+00:00\" \/>\n<meta property=\"article:modified_time\" content=\"2025-06-17T22:25:03+00:00\" \/>\n<meta property=\"og:image\" content=\"https:\/\/www.nettali.com\/wp-content\/uploads\/2025\/06\/Capture-de\u0301cran-2025-06-17-a\u0300-15.34.37.png\" \/>\n\t<meta property=\"og:image:width\" content=\"1066\" \/>\n\t<meta property=\"og:image:height\" content=\"596\" \/>\n<meta name=\"twitter:card\" content=\"summary_large_image\" \/>\n<meta name=\"twitter:label1\" content=\"\u00c9crit par\" \/>\n\t<meta name=\"twitter:data1\" content=\"Daouda\" \/>\n\t<meta name=\"twitter:label2\" content=\"Dur\u00e9e de lecture estim\u00e9e\" \/>\n\t<meta name=\"twitter:data2\" content=\"2 minutes\" \/>\n<script type=\"application\/ld+json\" class=\"yoast-schema-graph\">{\"@context\":\"https:\/\/schema.org\",\"@graph\":[{\"@type\":\"WebSite\",\"@id\":\"https:\/\/www.nettali.com\/#website\",\"url\":\"https:\/\/www.nettali.com\/\",\"name\":\"Nettali.com\",\"description\":\"Le rendez-vous critique du Net\",\"potentialAction\":[{\"@type\":\"SearchAction\",\"target\":{\"@type\":\"EntryPoint\",\"urlTemplate\":\"https:\/\/www.nettali.com\/?s={search_term_string}\"},\"query-input\":\"required name=search_term_string\"}],\"inLanguage\":\"fr-FR\"},{\"@type\":\"ImageObject\",\"@id\":\"https:\/\/www.nettali.com\/2025\/06\/17\/affaire-des-emplois-fictifs-francois-fillon-condamne-en-appel-a-quatre-ans-de-prison-avec-sursis-et-cinq-ans-dineligibilite\/#primaryimage\",\"inLanguage\":\"fr-FR\",\"url\":\"https:\/\/www.nettali.com\/wp-content\/uploads\/2025\/06\/Capture-de\\u0301cran-2025-06-17-a\\u0300-15.34.37.png\",\"contentUrl\":\"https:\/\/www.nettali.com\/wp-content\/uploads\/2025\/06\/Capture-de\\u0301cran-2025-06-17-a\\u0300-15.34.37.png\",\"width\":1066,\"height\":596},{\"@type\":\"WebPage\",\"@id\":\"https:\/\/www.nettali.com\/2025\/06\/17\/affaire-des-emplois-fictifs-francois-fillon-condamne-en-appel-a-quatre-ans-de-prison-avec-sursis-et-cinq-ans-dineligibilite\/#webpage\",\"url\":\"https:\/\/www.nettali.com\/2025\/06\/17\/affaire-des-emplois-fictifs-francois-fillon-condamne-en-appel-a-quatre-ans-de-prison-avec-sursis-et-cinq-ans-dineligibilite\/\",\"name\":\"AFFAIRE DES EMPLOIS FICTIFS - Fran\\u00e7ois Fillon, condamn\\u00e9 en appel \\u00e0 quatre ans de prison avec sursis et cinq ans d\\u2019in\\u00e9ligibilit\\u00e9 | Nettali.com\",\"isPartOf\":{\"@id\":\"https:\/\/www.nettali.com\/#website\"},\"primaryImageOfPage\":{\"@id\":\"https:\/\/www.nettali.com\/2025\/06\/17\/affaire-des-emplois-fictifs-francois-fillon-condamne-en-appel-a-quatre-ans-de-prison-avec-sursis-et-cinq-ans-dineligibilite\/#primaryimage\"},\"datePublished\":\"2025-06-17T15:37:01+00:00\",\"dateModified\":\"2025-06-17T22:25:03+00:00\",\"author\":{\"@id\":\"https:\/\/www.nettali.com\/#\/schema\/person\/3317e0bb3aa1da309fbf7b2780901bf4\"},\"breadcrumb\":{\"@id\":\"https:\/\/www.nettali.com\/2025\/06\/17\/affaire-des-emplois-fictifs-francois-fillon-condamne-en-appel-a-quatre-ans-de-prison-avec-sursis-et-cinq-ans-dineligibilite\/#breadcrumb\"},\"inLanguage\":\"fr-FR\",\"potentialAction\":[{\"@type\":\"ReadAction\",\"target\":[\"https:\/\/www.nettali.com\/2025\/06\/17\/affaire-des-emplois-fictifs-francois-fillon-condamne-en-appel-a-quatre-ans-de-prison-avec-sursis-et-cinq-ans-dineligibilite\/\"]}]},{\"@type\":\"BreadcrumbList\",\"@id\":\"https:\/\/www.nettali.com\/2025\/06\/17\/affaire-des-emplois-fictifs-francois-fillon-condamne-en-appel-a-quatre-ans-de-prison-avec-sursis-et-cinq-ans-dineligibilite\/#breadcrumb\",\"itemListElement\":[{\"@type\":\"ListItem\",\"position\":1,\"name\":\"Accueil\",\"item\":\"https:\/\/www.nettali.com\/\"},{\"@type\":\"ListItem\",\"position\":2,\"name\":\"AFFAIRE DES EMPLOIS FICTIFS - Fran\\u00e7ois Fillon, condamn\\u00e9 en appel \\u00e0 quatre ans de prison avec sursis et cinq ans d\\u2019in\\u00e9ligibilit\\u00e9\"}]},{\"@type\":\"Person\",\"@id\":\"https:\/\/www.nettali.com\/#\/schema\/person\/3317e0bb3aa1da309fbf7b2780901bf4\",\"name\":\"Daouda\",\"image\":{\"@type\":\"ImageObject\",\"@id\":\"https:\/\/www.nettali.com\/#personlogo\",\"inLanguage\":\"fr-FR\",\"url\":\"https:\/\/secure.gravatar.com\/avatar\/8d143b5a49345098ddcfee1c49c2f47c?s=96&d=mm&r=g\",\"contentUrl\":\"https:\/\/secure.gravatar.com\/avatar\/8d143b5a49345098ddcfee1c49c2f47c?s=96&d=mm&r=g\",\"caption\":\"Daouda\"},\"sameAs\":[\"https:\/\/www.nettali.com\"]}]}<\/script>\n<!-- \/ Yoast SEO Premium plugin. -->","yoast_head_json":{"title":"AFFAIRE DES EMPLOIS FICTIFS - Fran\u00e7ois Fillon, condamn\u00e9 en appel \u00e0 quatre ans de prison avec sursis et cinq ans d\u2019in\u00e9ligibilit\u00e9 | Nettali.com","robots":{"index":"index","follow":"follow","max-snippet":"max-snippet:-1","max-image-preview":"max-image-preview:large","max-video-preview":"max-video-preview:-1"},"canonical":"https:\/\/www.nettali.com\/2025\/06\/17\/affaire-des-emplois-fictifs-francois-fillon-condamne-en-appel-a-quatre-ans-de-prison-avec-sursis-et-cinq-ans-dineligibilite\/","og_locale":"fr_FR","og_type":"article","og_title":"AFFAIRE DES EMPLOIS FICTIFS - Fran\u00e7ois Fillon, condamn\u00e9 en appel \u00e0 quatre ans de prison avec sursis et cinq ans d\u2019in\u00e9ligibilit\u00e9","og_description":"NETTALI.COM - Huit ans apr\u00e8s les r\u00e9v\u00e9lations d\u2019emplois fictifs de son \u00e9pouse Penelope Fillon, l\u2019ancien Premier ministre Fran\u00e7ois Fillon a \u00e9t\u00e9 condamn\u00e9 ce mardi \u00e0 une peine de quatre ans de prison avec sursis, 375 000 euros d\u2019amende et cinq ans d\u2019in\u00e9ligibilit\u00e9. Le 29 avril dernier, l\u2019avocat g\u00e9n\u00e9ral avait requis une peine similaire avec dix [&hellip;]","og_url":"https:\/\/www.nettali.com\/2025\/06\/17\/affaire-des-emplois-fictifs-francois-fillon-condamne-en-appel-a-quatre-ans-de-prison-avec-sursis-et-cinq-ans-dineligibilite\/","og_site_name":"Nettali.com","article_publisher":"https:\/\/www.facebook.com\/nettalicom","article_published_time":"2025-06-17T15:37:01+00:00","article_modified_time":"2025-06-17T22:25:03+00:00","og_image":[{"width":1066,"height":596,"url":"https:\/\/www.nettali.com\/wp-content\/uploads\/2025\/06\/Capture-de\u0301cran-2025-06-17-a\u0300-15.34.37.png","type":"image\/png"}],"twitter_card":"summary_large_image","twitter_misc":{"\u00c9crit par":"Daouda","Dur\u00e9e de lecture estim\u00e9e":"2 minutes"},"schema":{"@context":"https:\/\/schema.org","@graph":[{"@type":"WebSite","@id":"https:\/\/www.nettali.com\/#website","url":"https:\/\/www.nettali.com\/","name":"Nettali.com","description":"Le rendez-vous critique du Net","potentialAction":[{"@type":"SearchAction","target":{"@type":"EntryPoint","urlTemplate":"https:\/\/www.nettali.com\/?s={search_term_string}"},"query-input":"required name=search_term_string"}],"inLanguage":"fr-FR"},{"@type":"ImageObject","@id":"https:\/\/www.nettali.com\/2025\/06\/17\/affaire-des-emplois-fictifs-francois-fillon-condamne-en-appel-a-quatre-ans-de-prison-avec-sursis-et-cinq-ans-dineligibilite\/#primaryimage","inLanguage":"fr-FR","url":"https:\/\/www.nettali.com\/wp-content\/uploads\/2025\/06\/Capture-de\u0301cran-2025-06-17-a\u0300-15.34.37.png","contentUrl":"https:\/\/www.nettali.com\/wp-content\/uploads\/2025\/06\/Capture-de\u0301cran-2025-06-17-a\u0300-15.34.37.png","width":1066,"height":596},{"@type":"WebPage","@id":"https:\/\/www.nettali.com\/2025\/06\/17\/affaire-des-emplois-fictifs-francois-fillon-condamne-en-appel-a-quatre-ans-de-prison-avec-sursis-et-cinq-ans-dineligibilite\/#webpage","url":"https:\/\/www.nettali.com\/2025\/06\/17\/affaire-des-emplois-fictifs-francois-fillon-condamne-en-appel-a-quatre-ans-de-prison-avec-sursis-et-cinq-ans-dineligibilite\/","name":"AFFAIRE DES EMPLOIS FICTIFS - Fran\u00e7ois Fillon, condamn\u00e9 en appel \u00e0 quatre ans de prison avec sursis et cinq ans d\u2019in\u00e9ligibilit\u00e9 | Nettali.com","isPartOf":{"@id":"https:\/\/www.nettali.com\/#website"},"primaryImageOfPage":{"@id":"https:\/\/www.nettali.com\/2025\/06\/17\/affaire-des-emplois-fictifs-francois-fillon-condamne-en-appel-a-quatre-ans-de-prison-avec-sursis-et-cinq-ans-dineligibilite\/#primaryimage"},"datePublished":"2025-06-17T15:37:01+00:00","dateModified":"2025-06-17T22:25:03+00:00","author":{"@id":"https:\/\/www.nettali.com\/#\/schema\/person\/3317e0bb3aa1da309fbf7b2780901bf4"},"breadcrumb":{"@id":"https:\/\/www.nettali.com\/2025\/06\/17\/affaire-des-emplois-fictifs-francois-fillon-condamne-en-appel-a-quatre-ans-de-prison-avec-sursis-et-cinq-ans-dineligibilite\/#breadcrumb"},"inLanguage":"fr-FR","potentialAction":[{"@type":"ReadAction","target":["https:\/\/www.nettali.com\/2025\/06\/17\/affaire-des-emplois-fictifs-francois-fillon-condamne-en-appel-a-quatre-ans-de-prison-avec-sursis-et-cinq-ans-dineligibilite\/"]}]},{"@type":"BreadcrumbList","@id":"https:\/\/www.nettali.com\/2025\/06\/17\/affaire-des-emplois-fictifs-francois-fillon-condamne-en-appel-a-quatre-ans-de-prison-avec-sursis-et-cinq-ans-dineligibilite\/#breadcrumb","itemListElement":[{"@type":"ListItem","position":1,"name":"Accueil","item":"https:\/\/www.nettali.com\/"},{"@type":"ListItem","position":2,"name":"AFFAIRE DES EMPLOIS FICTIFS - Fran\u00e7ois Fillon, condamn\u00e9 en appel \u00e0 quatre ans de prison avec sursis et cinq ans d\u2019in\u00e9ligibilit\u00e9"}]},{"@type":"Person","@id":"https:\/\/www.nettali.com\/#\/schema\/person\/3317e0bb3aa1da309fbf7b2780901bf4","name":"Daouda","image":{"@type":"ImageObject","@id":"https:\/\/www.nettali.com\/#personlogo","inLanguage":"fr-FR","url":"https:\/\/secure.gravatar.com\/avatar\/8d143b5a49345098ddcfee1c49c2f47c?s=96&d=mm&r=g","contentUrl":"https:\/\/secure.gravatar.com\/avatar\/8d143b5a49345098ddcfee1c49c2f47c?s=96&d=mm&r=g","caption":"Daouda"},"sameAs":["https:\/\/www.nettali.com"]}]}},"_links":{"self":[{"href":"https:\/\/www.nettali.com\/rest\/wp\/v2\/posts\/156007"}],"collection":[{"href":"https:\/\/www.nettali.com\/rest\/wp\/v2\/posts"}],"about":[{"href":"https:\/\/www.nettali.com\/rest\/wp\/v2\/types\/post"}],"author":[{"embeddable":true,"href":"https:\/\/www.nettali.com\/rest\/wp\/v2\/users\/4"}],"replies":[{"embeddable":true,"href":"https:\/\/www.nettali.com\/rest\/wp\/v2\/comments?post=156007"}],"version-history":[{"count":3,"href":"https:\/\/www.nettali.com\/rest\/wp\/v2\/posts\/156007\/revisions"}],"predecessor-version":[{"id":156022,"href":"https:\/\/www.nettali.com\/rest\/wp\/v2\/posts\/156007\/revisions\/156022"}],"wp:featuredmedia":[{"embeddable":true,"href":"https:\/\/www.nettali.com\/rest\/wp\/v2\/media\/156008"}],"wp:attachment":[{"href":"https:\/\/www.nettali.com\/rest\/wp\/v2\/media?parent=156007"}],"wp:term":[{"taxonomy":"category","embeddable":true,"href":"https:\/\/www.nettali.com\/rest\/wp\/v2\/categories?post=156007"},{"taxonomy":"post_tag","embeddable":true,"href":"https:\/\/www.nettali.com\/rest\/wp\/v2\/tags?post=156007"}],"curies":[{"name":"wp","href":"https:\/\/api.w.org\/{rel}","templated":true}]}}