{"id":155998,"date":"2025-06-17T18:00:12","date_gmt":"2025-06-17T18:00:12","guid":{"rendered":"https:\/\/www.nettali.com\/?p=155998"},"modified":"2025-06-26T08:23:46","modified_gmt":"2025-06-26T08:23:46","slug":"idiovisuel-les-chroniqueurs-larbre-qui-cache-la-foret","status":"publish","type":"post","link":"https:\/\/www.nettali.com\/2025\/06\/17\/idiovisuel-les-chroniqueurs-larbre-qui-cache-la-foret\/","title":{"rendered":"IDIOVISUEL - Les \u00ab chroniqueurs \u00bb, l\u2019arbre qui cache la for\u00eat\u2026"},"content":{"rendered":"<p><strong>NETTALI.COM - \u00ab Chroniqueur \u00bb, un titre d\u00e9sormais attribu\u00e9 au S\u00e9n\u00e9gal, \u00e0 tous ceux qui donnent leur avis et opinions, sans distinction, sur les plateaux t\u00e9l\u00e9, Web TV et r\u00e9seaux sociaux. Mais est-ce vraiment cela un chroniqueur dans le sens o\u00f9 on l\u2019entend dans la presse ? Pour r\u00e9pondre \u00e0 cette interrogation, il est sans doute n\u00e9cessaire d\u2019interroger la r\u00e9alit\u00e9 du m\u00e9tier de journaliste, pour ne pas dire du journalisme qui a pour projet de participer \u00e0 l\u2019\u00e9ducation et \u00e0 l\u2019\u00e9veil du citoyen.<\/strong><\/p>\n<p>Lors d\u2019une r\u00e9cente s\u00e9ance de questions orales \u00e0 l\u2019Assembl\u00e9e nationale, c\u2019est le Premier ministre Ousmane Sonko qui s\u2019en est pris \u00e0 ce qu\u2019il appelle \u00ab des jeunes - qui n\u2019ont m\u00eame pas le certificat d\u2019\u00e9tudes \u00bb et que des opposants peureux envoient \u00ab pour aller insulter sur les plateaux t\u00e9l\u00e9, pour attenter \u00e0 l\u2019honneur, \u00e0 la dignit\u00e9 et \u00e0 la consid\u00e9ration d\u2019autrui, avant de promettre de \u00ab s\u2019occuper de leur cas rapidement (\u2026). \u00bb \u00ab Le jour o\u00f9 on va effacer tous ces gens-l\u00e0 (ndlr- les chroniqueurs), j\u2019esp\u00e8re qu\u2019ils (ndlr- les opposants ) prendront leur courage pour sortir \u00bb, avait ajout\u00e9 le PM, comme pour dire que ceux-l\u00e0 qu\u2019on nomme chroniqueurs, ne sont rien d\u2019autre que des mercenaires.<\/p>\n<p>R\u00e9cemment c\u2019est Ma\u00efmouna Ndour Faye de la 7 TV qui r\u00e9pondait \u00e0 ceux-l\u00e0 qu\u2019elle appelle \u00ab chroniqueurs et activistes de l\u2019opposition \u00bb, suite \u00e0 des critiques essuy\u00e9es pour avoir annul\u00e9 une \u00e9mission qui devait se tenir avec Madiambal Diagne, \u00e0 la suite de Ngagne Demba Tour\u00e9 de Pastef, sur la 7 TV.<\/p>\n<p>Des critiques dirig\u00e9es contre ces fameux chroniqueurs, il y\u2019en a \u00e9videmment d\u2019autres. Mais si l\u2019on veut \u00eatre honn\u00eate, il y a beaucoup \u00e0 redire sur leur pr\u00e9sence sur les plateaux et sur celle des autres cat\u00e9gories d\u2019intervenants dans les m\u00e9dias.<\/p>\n<p><strong>Un univers de la chronique d\u00e9voy\u00e9 et envahi, mais\u2026<\/strong><\/p>\n<p>\u00ab Chroniqueur \u00bb, un terme aujourd\u2019hui bien galvaud\u00e9, les cat\u00e9gories d\u2019intervenants s\u2019\u00e9tant multipli\u00e9s et occupent de mani\u00e8re permanente les plateaux t\u00e9l\u00e9, radio et les Web TV, sans oublier les lives. Doivent-ils pouvoir l\u00e9gitimement le faire ?<\/p>\n<p>Sur les r\u00e9seaux sociaux, il semble bien que la carte de la libert\u00e9 d\u2019expression joue \u00e0 plein r\u00e9gime. Par contre l\u2019intervention sur un support m\u00e9diatique doit ob\u00e9ir \u00e0 certaines r\u00e8gles. Et \u00e0 ce titre, l\u2019animateur d\u2019une \u00e9mission doit veiller au choix de l\u2019invit\u00e9 qui devrait avoir la qualit\u00e9 et l\u00e9gitimit\u00e9 pour parler d\u2019un sujet donn\u00e9, \u00eatre une source cr\u00e9dible d\u2019informations et savoir bien tenir son antenne.<\/p>\n<p>Mais, par rapport \u00e0 ce qui se donne \u00e0 voir, m\u00eame s\u2019il y a des invit\u00e9s dignes d\u2019\u00eatre sur un plateau, il existe tout de m\u00eame une cat\u00e9gorie de personnes qui logiquement n\u2019ont rien \u00e0 y faire. Et c\u2019est sans doute sur ce plan qu\u2019il faut inscrire la sortie de Ma\u00efmouna Ndour Faye contre ceux qu\u2019elle nomme \u00ab chroniqueurs et activistes de l\u2019opposition \u00bb. Il suffit de voir sa r\u00e9ponse pour se rendre compte qu\u2019elle est attaqu\u00e9e pour avoir, selon ses d\u00e9tracteurs, retourn\u00e9 sa veste. \u00ab Pape Malick Ndour (ndlr de l\u2019APR) a vu le direct qu\u2019il faisait sur la TFM, coup\u00e9 et vous avez fait toutes sortes de commentaires. (\u2026) Moustapha Diakhat\u00e9 qui \u00e9crit des textes et qui insinue des choses, je ne lui r\u00e9pondrai pas parce que quelque chose nous lie (\u2026) Vous fatiguez les gens, on a d\u2019autres probl\u00e8mes \u00e0 r\u00e9gler que vos propos futiles et vos th\u00e9ories du complot \u00e0 deux balles. Arr\u00eatez d\u2019entacher la r\u00e9putation et l\u2019honorabilit\u00e9 des gens (\u2026). Et dans la classe politique beaucoup en savent quelque chose, que cela soit dans les rangs de l\u2019Apr, du Pastef et du Pds, ils en savent quelque chose\u2026 Menez vos combats et sortez la presse et les journalistes de ce combat. Ce sont vous et le Pastef \u00bb, r\u00e9torquait-elle s\u00e8chement \u00e0 ces \u00ab chroniqueurs \u00bb sur un ton d\u2019ailleurs tr\u00e8s offensif.<\/p>\n<p>MNF, voudrait-elle nous dire qu\u2019il n\u2019existe pas de chroniqueurs pro pouvoir actuel ? Si on y regarde de plus pr\u00e8s, les critiques qu\u2019on adresse aux chroniqueurs, sont non seulement fond\u00e9es pour beaucoup d\u2019entre eux ; mais en plus, elles restent bien \u00e9tonnantes puisque ceux-l\u00e0 m\u00eame qui cherchent \u00e0 les faire dispara\u00eetre du paysage m\u00e9diatique, ont eux-m\u00eames, dans un pass\u00e9 r\u00e9cent, largement profit\u00e9 de leur pr\u00e9sence sur les plateaux. Ils sont \u00e0 la v\u00e9rit\u00e9, pour bon nombre d\u2019entre eux dans des camps. Deux personnages qu\u2019on peut citer pour illustrer cet \u00e9tat de fait, sont Cheikh Bara Ndiaye et Birima Ndiaye. Le premier, pass\u00e9 de tradipraticien \u00e0 chroniqueur, est aujourd\u2019hui d\u00e9put\u00e9, \u00e9lu sous la banni\u00e8re de Pastef. Le second est lui pass\u00e9 de syndicaliste, employ\u00e9 du Crous de Saint-Louis, \u00e0 chroniqueur. Proche de l\u2019APR \u00e0 l\u2019\u00e9poque, il a subitement disparu des radars.<\/p>\n<p>La liste de ceux-l\u00e0 qu\u2019on appelle chroniqueurs, est longue : Oumar Faye Leral Askan Wi, Cheikh Oumar Talla, Pape Matar Diallo (qui aujourd\u2019hui pr\u00e9sente m\u00eame une \u00e9mission politique), \u00ab Fou Malade \u00bb, Bouba Ndour, Abou Diallo, Ameth Ndoye, etc. Si longue que les m\u00e9dias font les frais de ces intrusions tous azimuts. La cons\u00e9quence est qu\u2019une bonne partie des S\u00e9n\u00e9galais n\u2019arrive m\u00eame plus \u00e0 faire la diff\u00e9rence entre le journaliste, l\u2019animateur, le vrai chroniqueur du faux et le vrai analyste du faux.<\/p>\n<p>Ce qui est d\u2019autant plus dommage, c\u2019est de noter qu\u2019il existe des \u00ab batailles rang\u00e9es m\u00e9diatiques \u00bb entre \u00ab chroniqueurs \u00bb pro pouvoir et \u00ab chroniqueurs \u00bb pro opposition, sur fond de d\u00e9nigrements, d\u2019invectives, dans lesquelles, des hommes au niveau tr\u00e8s bas ainsi que des femmes \u00e0 la langue de vip\u00e8re, qui se distinguent par leur manque de retenue et de la vulgarit\u00e9 sans bornes, \u00e0 la fa\u00e7on querelles de bornes fontaines.<\/p>\n<p>\u00ab Chroniqueur \u00bb, une posture qui n\u2019est plus un long fleuve tranquille, donc pas sans risques. R\u00e9cemment d\u2019ailleurs Abdou Nguer l'un d'eux, a \u00e9t\u00e9 plac\u00e9 en d\u00e9tention, dans une proc\u00e9dure d\u2019instruction, inculp\u00e9 pour diffusion de fausses nouvelles. De m\u00eame, a \u00e9t\u00e9 \u00e9voqu\u00e9e une histoire de faux dipl\u00f4mes qui impliquerait Badara Gadiaga, autre \"chroniqueur\" tr\u00e8s suivi, apr\u00e8s qu\u2019a \u00e9t\u00e9 demand\u00e9 un boycott de la TFM qui a d\u2019ailleurs boost\u00e9 l\u2019audience de l\u2019\u00e9mission \u00ab Jakaralo \u00bb.<\/p>\n<p>Le chroniqueur Adama Adus Fall, membre de l'Apr, a \u00e9t\u00e9, il y a quelques temps, relax\u00e9 par le tribunal des flagrants d\u00e9lits de Dakar. Il \u00e9tait poursuivi pour diffusion de fausses nouvelles, suite \u00e0 ses propos sur un pr\u00e9sum\u00e9 trafic concernant la migration circulaire en Espagne et au Qatar. De m\u00eame, plus r\u00e9cemment, il a \u00e9t\u00e9 condamn\u00e9 avec deux mois avec sursis dans une affaire de vol de 70 000 F, suite \u00e0 un transfert d\u2019argent qui ne lui \u00e9tait pas destin\u00e9 et consomm\u00e9.<\/p>\n<p>De m\u00eame qu\u2019Ahmeth Ndoye avait \u00e9t\u00e9 poursuivi pour blessures volontaires, faux, usage de faux dans un document administratif, et d\u00e9faut de permis de conduire et avait \u00e9t\u00e9 condamn\u00e9 pour 15 jours de prison, une peine qu\u2019il avait d\u00e9j\u00e0 purg\u00e9e. Une mani\u00e8re de dire qu\u2019ils sont \u00e9pi\u00e9s pour un r\u00f4le jug\u00e9 indu qu\u2019ils jouent et qu\u2019on leur pardonne pas.<\/p>\n<p><strong>D\u2019autres acteurs dans la m\u00eame mouvance que les \u00ab chroniqueurs \u00bb, existent<\/strong><\/p>\n<p>Au-del\u00e0 des \u00ab chroniqueurs \u00bb, il existe d\u2019autres acteurs qui sont consid\u00e9r\u00e9s \u00e0 tort ou \u00e0 raison comme des journalistes qui font leur travail de mani\u00e8re tendancieuse. Tout d\u00e9pend en effet du bord politique des accusateurs. C\u2019est la raison pour laquelle, l\u2019on note de plus en plus des journalistes qui int\u00e8grent les gouvernements ou les postes de conseillers, une fois que le parti d\u2019opposition auquel ils sont favorables, acc\u00e8de au pouvoir. Et ce n\u2019est nullement un hasard si dans les gouvernements de Wade, de Macky Sall et de Bassirou Diomaye Faye, figurent en bonne place des journalistes qui avaient pris fait et cause pour les opposants qu\u2019ils \u00e9taient.<\/p>\n<p>Mais dans le lot des accus\u00e9s de connivence avec les pouvoirs politiques et qui participent aux d\u00e9bats m\u00e9diatiques, l\u2019on trouve aussi des activistes, artistes, rappeurs, pr\u00eacheurs, animateurs musicaux, juristes, \u00e9crivains, \u00e9conomistes, membres de la soci\u00e9t\u00e9 civile, etc qui animent des \u00e9missions ou officient sur des plateaux. Ironie de l\u2019histoire, certains d\u2019entre eux qui critiquent aujourd\u2019hui s\u00e9v\u00e8rement le r\u00e9gime en place, l\u2019avaient pourtant d\u00e9fendu, \u00e9voquant aujourd\u2019hui certaines pratiques \u00e0 l\u2019encontre de la rupture promise : Karim Xrum Xak, Akhenaton, Mollah Morgan, des membres de Y\u2019en a marre etc<\/p>\n<p>Mais comment pointer du doigt ces suppos\u00e9s chroniqueurs et analystes, journalistes encagoul\u00e9s, sans interroger le niveau des politiques dans les d\u00e9bats qu\u2019ils ne contribuent pas particuli\u00e8rement \u00e0 relever. Des d\u00e9bats o\u00f9 sont absents les vrais tels que l\u2019emploi, l\u2019industrialisation du pays, la politique d\u2019emploi pour les jeunes, la politique agricole, etc Les sujets structurants. A la place, l\u2019on a affaire plut\u00f4t \u00e0 des d\u00e9bats rythm\u00e9s par les invectives, les attaques personnelles et au finish beaucoup de confusions.<\/p>\n<p>L\u2019on oublie souvent que la politique n\u2019a pas commenc\u00e9 dans ce pays, en 2000, ni en 2012 et encore moins en 2024. Autrefois, les partis politiques \u00e9taient de vraies \u00e9coles du savoir \u00eatre et du savoir-vivre. Il existait des courants politiques et l\u2019on int\u00e9grait tel ou tel autre parti sur la base d\u2019id\u00e9aux, d\u2019une id\u00e9ologie et non de mani\u00e8re opportuniste \u00e0 la recherche de postes et pr\u00e9bendes. Les \u00e9coles de partis assuraient la formation des militants en leur inculquant un certain bagage en termes de culture g\u00e9n\u00e9rale, de culture politique et de communication. De plus, les \u00e9lites \u00e9taient beaucoup plus \u00e9duqu\u00e9es, plus structur\u00e9es, proposaient des programmes et les d\u00e9bats \u00e9taient beaucoup plus cordiaux et courtois. Or, de nos jours, la politique s\u2019est fortement d\u00e9pr\u00e9ci\u00e9e sous nos tropiques. Ce qui n\u2019est pas \u00e0 d\u00e9connecter de l\u2019affaissement du niveau des \u00e9lites dans ce domaine (comme des autres secteurs d\u2019ailleurs de la vie nationale) au point que le seul g\u00e9nie d\u00e9ploy\u00e9 est de type musculaire.<\/p>\n<p><strong>Journaliste, un m\u00e9tier \u00e0 la crois\u00e9e de plusieurs sp\u00e9cialit\u00e9s<\/strong><\/p>\n<p>Le journalisme n\u2019est pas en r\u00e9alit\u00e9 ce que beaucoup pensent. Le journaliste doit normalement subir une formation solide qui doit lui conf\u00e9rer beaucoup d\u2019aptitudes. Il doit de ce point de vue-l\u00e0, avoir un tr\u00e8s bon niveau de langue et \u00eatre dot\u00e9 d\u2019une solide culture g\u00e9n\u00e9rale. Dans les pays occidentaux comme la France, ils sont issus de l\u2019\u00e9lite. Ne dit-on pas du journaliste qu\u2019il doit savoir un peu de tout ? L\u2019exp\u00e9rience est donc capitale dans ce m\u00e9tier.<\/p>\n<p>Mais de plus en plus avec les formations priv\u00e9es, pas tr\u00e8s solides pour beaucoup d\u2019entre elles, et dans un contexte de baisse g\u00e9n\u00e9ralis\u00e9e du niveau scolaire, les profils sont de plus en plus inappropri\u00e9s. De plus, beaucoup sont bien trop jeunes et sont trop vite l\u00e2ch\u00e9s sur les plateaux.<\/p>\n<p>Lorsque ces hommes de m\u00e9dias n\u2019ont pas subi de formation, ils sont en g\u00e9n\u00e9ral animateurs d\u2019\u00e9missions musicales, commerciaux reconvertis, actrices de s\u00e9ries t\u00e9l\u00e9vis\u00e9es, nymphes \u00e0 la belle plastique, pr\u00eacheurs, \u00e9crivains sortis de nulle part, humoristes etc qui fr\u00e9quentent les plateaux et qui finissent \u00e0 la longue par glisser et commencer \u00e0 animer des \u00e9missions \u00e0 caract\u00e8re informatif. Une intrusion dans les m\u00e9dias aujourd\u2019hui facilit\u00e9e par la naissance des desk wolof et autres langues nationales. L\u2019on objectera certainement que la majorit\u00e9 des S\u00e9n\u00e9galais comprend mieux les langues nationales que le fran\u00e7ais, mais faut-il pour autant sacrifier la formation ?<\/p>\n<p>Ils sont d\u2019ailleurs tr\u00e8s bien fut\u00e9s ces animateurs d\u2019\u00e9missions new-look. Ils ne proposent en g\u00e9n\u00e9ral que des types d\u2019\u00e9missions \u00e0 leur port\u00e9e : faits divers de la politique o\u00f9 foisonnent les questions terre \u00e0 terre, divertissements et \u00e9missions people \u00e0 la fa\u00e7on \u00ab wakh sa khalaat \u00bb, dans une logique de recherche de buzz plut\u00f4t que d\u2019informations utiles pour le public ; Et lors de ces \u00e9missions cohabiteront, analystes, chroniqueurs, activistes, journalistes, intellectuels (juristes, \u00e9conomistes, \u00e9crivains, de membres de la soci\u00e9t\u00e9 civile encagoul\u00e9s, d\u2019artistes, etc) invit\u00e9s sur les plateaux.<\/p>\n<p>Un vrai m\u00e9lange de genres au finish, avec des acteurs aux niveaux et background diam\u00e9tralement diff\u00e9rents. Le r\u00e9sultat est un brouhaha incessant dans lequel, il est impossible de tirer quelque chose. Ce qui a pour cons\u00e9quence de nuire fortement \u00e0 la valeur du contenu d\u00e9livr\u00e9, \u00e0 la ma\u00eetrise des \u00e9missions, en raison finalement d\u2019un temps de parole non seulement tr\u00e8s limit\u00e9, mais aussi de la pr\u00e9\u00e9minence de la violence verbale, des attaques personnelles et des pol\u00e9miques, en lieu et place des arguments.<\/p>\n<p>Le Journalisme, un m\u00e9tier o\u00f9 l\u2019exp\u00e9rience est capitale. Il d\u00e9bute par le poste de reporter, le premier niveau o\u00f9 l\u2019on apprend les rudiments du m\u00e9tier et notamment la collecte de l\u2019information. Un journaliste \u00e0 la base, est un professionnel capable de produire de l\u2019information, \u00e0 partir de faits recoup\u00e9s. Et c\u2019est la raison pour laquelle, le journaliste d\u2019investigation, dont le r\u00f4le est de mener des enqu\u00eates sur des sujets donn\u00e9s, occupe une place incontournable dans une r\u00e9daction.<\/p>\n<p>De reporter, on peut devenir grand reporter, journaliste senior dans une r\u00e9daction. Qui n\u2019a pas entendu parler d\u2019Assane Diop, ce grand reporter et pr\u00e9sentateur sur RFI et aujourd\u2019hui \u00e0 la retraite ?<\/p>\n<p>D\u2019autres qualifications existent comme celui d\u2019\u00e9ditorialiste ou de billettiste qui sont des journalistes qui produisent des papiers d\u2019opinion bas\u00e9s sur des faits. La diff\u00e9rence entre l\u2019\u00e9ditorial et le billet, r\u00e9side ainsi dans le fait que l\u2019\u00e9dito est un texte qui repr\u00e9sente la position de la r\u00e9daction sur un sujet donn\u00e9, plus long et plus approfondi que le billet, et souvent sign\u00e9 par le r\u00e9dacteur en chef ; \u00e0 l\u2019oppos\u00e9e, un billet est une petite note d'humeur ou d'humour, sarcastique souvent plus courte, personnelle et subjective. De ce point de vue, les doyens Djib Diedhiou, les journalistes Mahmoudou Wane du quotidien \u00ab Enqu\u00eate \u00bb, Samboudian Kamara et Sidy Diop du journal \u00ab Le Soleil \u00bb, etc excellent dans ces genres journalistiques. Ces titres requi\u00e8rent eh bien, des qualit\u00e9s d\u2019\u00e9criture av\u00e9r\u00e9es, une tr\u00e8s bonne connaissance des faits et un grand background. Il y a aussi dans le lot des genres nobles, \u00e0 la suite de l\u2019\u00e9dito, du billet, le commentaire, l\u2019analyse et le reportage qui partent de faits pour commenter ou analyser.<\/p>\n<p>La chronique elle aussi, consid\u00e9r\u00e9e comme un genre noble, n\u2019est \u00e0 la v\u00e9rit\u00e9 \u00e0 la port\u00e9e de n\u2019importe qui. On devient journaliste-chroniqueur parce que l\u2019on a une sp\u00e9cialit\u00e9 reconnue dans un domaine pr\u00e9cis (international, politique, \u00e9conomie, finances, soci\u00e9t\u00e9, droit, culture, etc). De ce point de vue, nul ne peut d\u00e9nier \u00e0 Daouda Mine, dipl\u00f4m\u00e9 en droit, le statut de chroniqueur judiciaire, en \u00e9tant pass\u00e9 du stade de reporter, par \u00ab Le Populaire \u00bb, \u00ab l\u2019Observateur \u00bb, le Groupe Futurs m\u00e9dias et Seneweb. Qui peut enlever \u00e0 Ibou Fall, qui a roul\u00e9 sa bosse un peu partout dans la presse, puis en devenant patron de plusieurs titres dans la presse \u00e9crite ; il est en plus dot\u00e9 d\u2019une grande culture g\u00e9n\u00e9rale et d\u2019une exp\u00e9rience dans le secteur audiovisuel, son statut de chroniqueur ? On peut citer des chroniqueurs tels qu\u2019Henriette Niang Kand\u00e9, Pape Samba Kane, Issa Sall, Laye Bamba Diallo, etc<\/p>\n<p>Hors du champ du journalisme, les chroniqueurs dignes de ce nom, sont des sp\u00e9cialistes dans des domaines scientifiques, techniques et professionnels, reconnus avec un background qui leur permet d\u2019avoir une l\u00e9gitimit\u00e9 pour parler.<\/p>\n<p>Il existe aussi cette cat\u00e9gorie de journalistes qu\u2019on d\u00e9nomme \u00ab pr\u00e9sentateur t\u00e9l\u00e9 ou radio \u00bb. Celui-ci assume la gestion op\u00e9rationnelle du programme. Il est en g\u00e9n\u00e9ral un journaliste dipl\u00f4m\u00e9, aguerri en ayant capitalis\u00e9 de nombreuses ann\u00e9es d\u2019exp\u00e9rience et doit savoir tenir l\u2019antenne, \u00eatre dot\u00e9 de capacit\u00e9s \u00e0 improviser, et \u00eatre capable de recevoir des invit\u00e9s et de les interviewer. Souleymane Niang, Mamoudou Ibra Kane, Antoine Diouf, Babacar Fall, Alassane Samba Diop, Sokhna Natta Mbaye, etc font partie de cette race-l\u00e0.<\/p>\n<p><strong>Le pluralisme, la presse \u00e9crite et certains m\u00e9dias audiovisuels de premier plan pr\u00e9servent l\u2019image de la presse<\/strong><\/p>\n<p>L\u2019image de la presse jusqu\u2019\u00e0 une certaine \u00e9poque, n\u2019\u00e9tait pas aussi brouill\u00e9e. On est en effet loin de l\u2019\u00e9poque o\u00f9 l\u2019on pouvait compter sur des hommes \u00e0 l\u2019 int\u00e9grit\u00e9 reconnue, tels que Babacar Tour\u00e9 qui avaient su donner au journalisme ses lettres de noblesse, en formant des g\u00e9n\u00e9rations d\u2019hommes de m\u00e9dias tous reconnus dans le m\u00e9tier. Tout comme le groupe Walfadjri a aussi enfant\u00e9 des journalistes que l\u2019on cite encore comme r\u00e9f\u00e9rence. Comment oublier ces grands noms du journal t\u00e9l\u00e9vis\u00e9 de la RTS, \u00e0 une \u00e9poque o\u00f9 il n\u2019existait pas autant de m\u00e9dias : Mamadou Malaye Diop, Elisabeth Ndiaye, Dadji Tour\u00e9, Amadou Mbaye Loum, Sokhna Dieng, Nd\u00e8ye Rokhaya Mbodji, etc ?<\/p>\n<p>Mais malgr\u00e9 cette confusion qui n\u2019est nullement de la faute des journalistes qui n\u2019ont pas l\u2019autorit\u00e9 suffisante pour faire la police dans les m\u00e9dias, le pluralisme dans la presse est une r\u00e9alit\u00e9 qui permet de pr\u00e9server l\u2019ind\u00e9pendance des m\u00e9dias. L\u2019on peut aussi citer le bon niveau de cette presse \u00e9crite toujours pr\u00e9sente, avec son recul, ses investigations, ses articles de fond (\u00e9ditos, chroniques, billets, analyses et contributions fouill\u00e9es) et qui donne \u00e0 la diff\u00e9rence de la t\u00e9l\u00e9vision et des web TV, la parole \u00e0 des personnalit\u00e9s politiques de choix et des sp\u00e9cialistes de leurs domaines.<\/p>\n<p>A titre d\u2019exception dans l\u2019univers de l\u2019audiovisuel, avec des m\u00e9dias tels que la RTS, la TFM, ITV, la Sen TV, la RFM, Sud FM, I-Radio etc, qui sauvent l\u2019honneur en offrant les rares d\u00e9bats relev\u00e9s avec des \u00e9missions telles que \u00ab Grand Jury \u00bb, \u00ab Remue-M\u00e9nage \u00bb, \u00ab Objection \u00bb, \u00ab C\u2019est dans l\u2019Air \u00bb, \u00ab Jury du Dimanche \u00bb, \u00ab Xew Xewu Jamono \u00bb, \u00ab Pluriel \u00bb, \u00ab champ contre champ \u00bb, etc. o\u00f9 les contenus sont bons et structur\u00e9s, sans oublier qu\u2019une grande place est laiss\u00e9e \u00e0 des invit\u00e9s qui abordent des sujets structurants, scientifiques et techniques sur fond d\u2019avis \u00e9clair\u00e9s et contradictoires.<\/p>\n<p>Il est de toute fa\u00e7on devenu n\u00e9cessaire que les autorit\u00e9s discutent avec les acteurs de la presse, en vue de trouver ensemble, un moyen de rendre plus performant le service de l\u2019information, \u00e0 la condition qu\u2019elles soient vraiment anim\u00e9es par cette volont\u00e9 de bien faire.<\/p>\n<p>Il est en tout cas bien incompr\u00e9hensible, avec toute l\u2019exp\u00e9rience politique acquise par notre pays, depuis plus d\u2019un si\u00e8cle, qu\u2019on en arrive l\u00e0. Les m\u00e9dias qui ont accompagn\u00e9 le mouvement les processus \u00e9lectoraux et l\u2019\u00e9volution d\u00e9mocratique sont toujours aussi utiles et indispensables, quelles que soient par ailleurs les critiques qu\u2019on peut leur adresser.<\/p>\n<p>Il devient imp\u00e9ratif de relever le niveau du concours d\u2019acc\u00e8s \u00e0 l\u2019\u00e9cole de journalisme, d\u2019introduire davantage de modules de gestion dans la formation des journalistes, de renforcer les capacit\u00e9s des journalistes d\u00e9tenteurs de cartes de presse, de mettre des filtres stricts \u00e0 l\u2019entr\u00e9e dans les m\u00e9dias et d\u2019inciter au respect des cahiers de charge stricts aux m\u00e9dias, sans oublier l\u2019accompagnement par l\u2019Etat dans la mise en place d\u2019un mod\u00e8le \u00e9conomique qui permettra \u00e0 la presse de mieux assumer son ind\u00e9pendance.<\/p>\n<p>Le journalisme est \u00e0 la v\u00e9rit\u00e9 un m\u00e9tier exigeant et difficile qui n\u00e9cessite beaucoup d\u2019aptitudes. Pour cette raison, l\u2019on doit \u00eatre form\u00e9 pour pouvoir l\u2019exercer et surtout y d\u00e9velopper des sp\u00e9cialit\u00e9s pour prendre en charge les domaines sp\u00e9cifiques tels que le droit, l\u2019\u00e9conomie, la sant\u00e9, la culture, etc.<\/p>\n<p>&nbsp;<\/p>\n<div class='share-to-whatsapp-wrapper'><div class='share-on-whsp'>PARTAGER SUR : <\/div><a data-text='IDIOVISUEL - Les \u00ab chroniqueurs \u00bb, l\u2019arbre qui cache la for\u00eat\u2026' data-link='https:\/\/www.nettali.com\/2025\/06\/17\/idiovisuel-les-chroniqueurs-larbre-qui-cache-la-foret\/' class='whatsapp-button whatsapp-share'>WhatsApp<\/a><div class='clear '><\/div><\/div>","protected":false},"excerpt":{"rendered":"<p>NETTALI.COM - \u00ab Chroniqueur \u00bb, un titre d\u00e9sormais attribu\u00e9 au S\u00e9n\u00e9gal, \u00e0 tous ceux qui donnent leur avis et opinions, sans distinction, sur les plateaux t\u00e9l\u00e9, Web TV et r\u00e9seaux sociaux. Mais est-ce vraiment cela un chroniqueur dans le sens o\u00f9 on l\u2019entend dans la presse ? Pour r\u00e9pondre \u00e0 cette interrogation, il est sans [&hellip;]<\/p>\n","protected":false},"author":2,"featured_media":155877,"comment_status":"open","ping_status":"open","sticky":false,"template":"","format":"standard","meta":{"_et_pb_use_builder":"","_et_pb_old_content":""},"categories":[9],"tags":[],"yoast_head":"<!-- This site is optimized with the Yoast SEO Premium plugin v17.8 (Yoast SEO v17.8) - https:\/\/yoast.com\/wordpress\/plugins\/seo\/ -->\n<title>IDIOVISUEL - Les \u00ab chroniqueurs \u00bb, l\u2019arbre qui cache la for\u00eat\u2026 | Nettali.com<\/title>\n<meta name=\"robots\" content=\"index, follow, max-snippet:-1, max-image-preview:large, max-video-preview:-1\" \/>\n<link rel=\"canonical\" href=\"https:\/\/www.nettali.com\/2025\/06\/17\/idiovisuel-les-chroniqueurs-larbre-qui-cache-la-foret\/\" \/>\n<meta property=\"og:locale\" content=\"fr_FR\" \/>\n<meta property=\"og:type\" content=\"article\" \/>\n<meta property=\"og:title\" content=\"IDIOVISUEL - Les \u00ab chroniqueurs \u00bb, l\u2019arbre qui cache la for\u00eat\u2026\" \/>\n<meta property=\"og:description\" content=\"NETTALI.COM - \u00ab Chroniqueur \u00bb, un titre d\u00e9sormais attribu\u00e9 au S\u00e9n\u00e9gal, \u00e0 tous ceux qui donnent leur avis et opinions, sans distinction, sur les plateaux t\u00e9l\u00e9, Web TV et r\u00e9seaux sociaux. Mais est-ce vraiment cela un chroniqueur dans le sens o\u00f9 on l\u2019entend dans la presse ? Pour r\u00e9pondre \u00e0 cette interrogation, il est sans [&hellip;]\" \/>\n<meta property=\"og:url\" content=\"https:\/\/www.nettali.com\/2025\/06\/17\/idiovisuel-les-chroniqueurs-larbre-qui-cache-la-foret\/\" \/>\n<meta property=\"og:site_name\" content=\"Nettali.com\" \/>\n<meta property=\"article:publisher\" content=\"https:\/\/www.facebook.com\/nettalicom\" \/>\n<meta property=\"article:published_time\" content=\"2025-06-17T18:00:12+00:00\" \/>\n<meta property=\"article:modified_time\" content=\"2025-06-26T08:23:46+00:00\" \/>\n<meta property=\"og:image\" content=\"https:\/\/www.nettali.com\/wp-content\/uploads\/2025\/06\/gadiaga-nguer-ndoye-faye-sonko-mine-fall.jpg\" \/>\n\t<meta property=\"og:image:width\" content=\"1280\" \/>\n\t<meta property=\"og:image:height\" content=\"600\" \/>\n<meta name=\"twitter:card\" content=\"summary_large_image\" \/>\n<meta name=\"twitter:label1\" content=\"\u00c9crit par\" \/>\n\t<meta name=\"twitter:data1\" content=\"CK\" \/>\n\t<meta name=\"twitter:label2\" content=\"Dur\u00e9e de lecture estim\u00e9e\" \/>\n\t<meta name=\"twitter:data2\" content=\"16 minutes\" \/>\n<script type=\"application\/ld+json\" class=\"yoast-schema-graph\">{\"@context\":\"https:\/\/schema.org\",\"@graph\":[{\"@type\":\"WebSite\",\"@id\":\"https:\/\/www.nettali.com\/#website\",\"url\":\"https:\/\/www.nettali.com\/\",\"name\":\"Nettali.com\",\"description\":\"Le rendez-vous critique du Net\",\"potentialAction\":[{\"@type\":\"SearchAction\",\"target\":{\"@type\":\"EntryPoint\",\"urlTemplate\":\"https:\/\/www.nettali.com\/?s={search_term_string}\"},\"query-input\":\"required name=search_term_string\"}],\"inLanguage\":\"fr-FR\"},{\"@type\":\"ImageObject\",\"@id\":\"https:\/\/www.nettali.com\/2025\/06\/17\/idiovisuel-les-chroniqueurs-larbre-qui-cache-la-foret\/#primaryimage\",\"inLanguage\":\"fr-FR\",\"url\":\"https:\/\/www.nettali.com\/wp-content\/uploads\/2025\/06\/gadiaga-nguer-ndoye-faye-sonko-mine-fall.jpg\",\"contentUrl\":\"https:\/\/www.nettali.com\/wp-content\/uploads\/2025\/06\/gadiaga-nguer-ndoye-faye-sonko-mine-fall.jpg\",\"width\":1280,\"height\":600},{\"@type\":\"WebPage\",\"@id\":\"https:\/\/www.nettali.com\/2025\/06\/17\/idiovisuel-les-chroniqueurs-larbre-qui-cache-la-foret\/#webpage\",\"url\":\"https:\/\/www.nettali.com\/2025\/06\/17\/idiovisuel-les-chroniqueurs-larbre-qui-cache-la-foret\/\",\"name\":\"IDIOVISUEL - Les \\u00ab chroniqueurs \\u00bb, l\\u2019arbre qui cache la for\\u00eat\\u2026 | Nettali.com\",\"isPartOf\":{\"@id\":\"https:\/\/www.nettali.com\/#website\"},\"primaryImageOfPage\":{\"@id\":\"https:\/\/www.nettali.com\/2025\/06\/17\/idiovisuel-les-chroniqueurs-larbre-qui-cache-la-foret\/#primaryimage\"},\"datePublished\":\"2025-06-17T18:00:12+00:00\",\"dateModified\":\"2025-06-26T08:23:46+00:00\",\"author\":{\"@id\":\"https:\/\/www.nettali.com\/#\/schema\/person\/d8ac7b7e27ddad43f1c0d2ef090d7f71\"},\"breadcrumb\":{\"@id\":\"https:\/\/www.nettali.com\/2025\/06\/17\/idiovisuel-les-chroniqueurs-larbre-qui-cache-la-foret\/#breadcrumb\"},\"inLanguage\":\"fr-FR\",\"potentialAction\":[{\"@type\":\"ReadAction\",\"target\":[\"https:\/\/www.nettali.com\/2025\/06\/17\/idiovisuel-les-chroniqueurs-larbre-qui-cache-la-foret\/\"]}]},{\"@type\":\"BreadcrumbList\",\"@id\":\"https:\/\/www.nettali.com\/2025\/06\/17\/idiovisuel-les-chroniqueurs-larbre-qui-cache-la-foret\/#breadcrumb\",\"itemListElement\":[{\"@type\":\"ListItem\",\"position\":1,\"name\":\"Accueil\",\"item\":\"https:\/\/www.nettali.com\/\"},{\"@type\":\"ListItem\",\"position\":2,\"name\":\"IDIOVISUEL - Les \\u00ab chroniqueurs \\u00bb, l\\u2019arbre qui cache la for\\u00eat\\u2026\"}]},{\"@type\":\"Person\",\"@id\":\"https:\/\/www.nettali.com\/#\/schema\/person\/d8ac7b7e27ddad43f1c0d2ef090d7f71\",\"name\":\"CK\",\"image\":{\"@type\":\"ImageObject\",\"@id\":\"https:\/\/www.nettali.com\/#personlogo\",\"inLanguage\":\"fr-FR\",\"url\":\"https:\/\/secure.gravatar.com\/avatar\/1d8d5118b9327d94da7cd4ce7f17fec2?s=96&d=mm&r=g\",\"contentUrl\":\"https:\/\/secure.gravatar.com\/avatar\/1d8d5118b9327d94da7cd4ce7f17fec2?s=96&d=mm&r=g\",\"caption\":\"CK\"},\"sameAs\":[\"https:\/\/www.nettali.com\"]}]}<\/script>\n<!-- \/ Yoast SEO Premium plugin. -->","yoast_head_json":{"title":"IDIOVISUEL - Les \u00ab chroniqueurs \u00bb, l\u2019arbre qui cache la for\u00eat\u2026 | Nettali.com","robots":{"index":"index","follow":"follow","max-snippet":"max-snippet:-1","max-image-preview":"max-image-preview:large","max-video-preview":"max-video-preview:-1"},"canonical":"https:\/\/www.nettali.com\/2025\/06\/17\/idiovisuel-les-chroniqueurs-larbre-qui-cache-la-foret\/","og_locale":"fr_FR","og_type":"article","og_title":"IDIOVISUEL - Les \u00ab chroniqueurs \u00bb, l\u2019arbre qui cache la for\u00eat\u2026","og_description":"NETTALI.COM - \u00ab Chroniqueur \u00bb, un titre d\u00e9sormais attribu\u00e9 au S\u00e9n\u00e9gal, \u00e0 tous ceux qui donnent leur avis et opinions, sans distinction, sur les plateaux t\u00e9l\u00e9, Web TV et r\u00e9seaux sociaux. Mais est-ce vraiment cela un chroniqueur dans le sens o\u00f9 on l\u2019entend dans la presse ? Pour r\u00e9pondre \u00e0 cette interrogation, il est sans [&hellip;]","og_url":"https:\/\/www.nettali.com\/2025\/06\/17\/idiovisuel-les-chroniqueurs-larbre-qui-cache-la-foret\/","og_site_name":"Nettali.com","article_publisher":"https:\/\/www.facebook.com\/nettalicom","article_published_time":"2025-06-17T18:00:12+00:00","article_modified_time":"2025-06-26T08:23:46+00:00","og_image":[{"width":1280,"height":600,"url":"https:\/\/www.nettali.com\/wp-content\/uploads\/2025\/06\/gadiaga-nguer-ndoye-faye-sonko-mine-fall.jpg","type":"image\/jpeg"}],"twitter_card":"summary_large_image","twitter_misc":{"\u00c9crit par":"CK","Dur\u00e9e de lecture estim\u00e9e":"16 minutes"},"schema":{"@context":"https:\/\/schema.org","@graph":[{"@type":"WebSite","@id":"https:\/\/www.nettali.com\/#website","url":"https:\/\/www.nettali.com\/","name":"Nettali.com","description":"Le rendez-vous critique du Net","potentialAction":[{"@type":"SearchAction","target":{"@type":"EntryPoint","urlTemplate":"https:\/\/www.nettali.com\/?s={search_term_string}"},"query-input":"required name=search_term_string"}],"inLanguage":"fr-FR"},{"@type":"ImageObject","@id":"https:\/\/www.nettali.com\/2025\/06\/17\/idiovisuel-les-chroniqueurs-larbre-qui-cache-la-foret\/#primaryimage","inLanguage":"fr-FR","url":"https:\/\/www.nettali.com\/wp-content\/uploads\/2025\/06\/gadiaga-nguer-ndoye-faye-sonko-mine-fall.jpg","contentUrl":"https:\/\/www.nettali.com\/wp-content\/uploads\/2025\/06\/gadiaga-nguer-ndoye-faye-sonko-mine-fall.jpg","width":1280,"height":600},{"@type":"WebPage","@id":"https:\/\/www.nettali.com\/2025\/06\/17\/idiovisuel-les-chroniqueurs-larbre-qui-cache-la-foret\/#webpage","url":"https:\/\/www.nettali.com\/2025\/06\/17\/idiovisuel-les-chroniqueurs-larbre-qui-cache-la-foret\/","name":"IDIOVISUEL - Les \u00ab chroniqueurs \u00bb, l\u2019arbre qui cache la for\u00eat\u2026 | Nettali.com","isPartOf":{"@id":"https:\/\/www.nettali.com\/#website"},"primaryImageOfPage":{"@id":"https:\/\/www.nettali.com\/2025\/06\/17\/idiovisuel-les-chroniqueurs-larbre-qui-cache-la-foret\/#primaryimage"},"datePublished":"2025-06-17T18:00:12+00:00","dateModified":"2025-06-26T08:23:46+00:00","author":{"@id":"https:\/\/www.nettali.com\/#\/schema\/person\/d8ac7b7e27ddad43f1c0d2ef090d7f71"},"breadcrumb":{"@id":"https:\/\/www.nettali.com\/2025\/06\/17\/idiovisuel-les-chroniqueurs-larbre-qui-cache-la-foret\/#breadcrumb"},"inLanguage":"fr-FR","potentialAction":[{"@type":"ReadAction","target":["https:\/\/www.nettali.com\/2025\/06\/17\/idiovisuel-les-chroniqueurs-larbre-qui-cache-la-foret\/"]}]},{"@type":"BreadcrumbList","@id":"https:\/\/www.nettali.com\/2025\/06\/17\/idiovisuel-les-chroniqueurs-larbre-qui-cache-la-foret\/#breadcrumb","itemListElement":[{"@type":"ListItem","position":1,"name":"Accueil","item":"https:\/\/www.nettali.com\/"},{"@type":"ListItem","position":2,"name":"IDIOVISUEL - Les \u00ab chroniqueurs \u00bb, l\u2019arbre qui cache la for\u00eat\u2026"}]},{"@type":"Person","@id":"https:\/\/www.nettali.com\/#\/schema\/person\/d8ac7b7e27ddad43f1c0d2ef090d7f71","name":"CK","image":{"@type":"ImageObject","@id":"https:\/\/www.nettali.com\/#personlogo","inLanguage":"fr-FR","url":"https:\/\/secure.gravatar.com\/avatar\/1d8d5118b9327d94da7cd4ce7f17fec2?s=96&d=mm&r=g","contentUrl":"https:\/\/secure.gravatar.com\/avatar\/1d8d5118b9327d94da7cd4ce7f17fec2?s=96&d=mm&r=g","caption":"CK"},"sameAs":["https:\/\/www.nettali.com"]}]}},"_links":{"self":[{"href":"https:\/\/www.nettali.com\/rest\/wp\/v2\/posts\/155998"}],"collection":[{"href":"https:\/\/www.nettali.com\/rest\/wp\/v2\/posts"}],"about":[{"href":"https:\/\/www.nettali.com\/rest\/wp\/v2\/types\/post"}],"author":[{"embeddable":true,"href":"https:\/\/www.nettali.com\/rest\/wp\/v2\/users\/2"}],"replies":[{"embeddable":true,"href":"https:\/\/www.nettali.com\/rest\/wp\/v2\/comments?post=155998"}],"version-history":[{"count":1,"href":"https:\/\/www.nettali.com\/rest\/wp\/v2\/posts\/155998\/revisions"}],"predecessor-version":[{"id":155999,"href":"https:\/\/www.nettali.com\/rest\/wp\/v2\/posts\/155998\/revisions\/155999"}],"wp:featuredmedia":[{"embeddable":true,"href":"https:\/\/www.nettali.com\/rest\/wp\/v2\/media\/155877"}],"wp:attachment":[{"href":"https:\/\/www.nettali.com\/rest\/wp\/v2\/media?parent=155998"}],"wp:term":[{"taxonomy":"category","embeddable":true,"href":"https:\/\/www.nettali.com\/rest\/wp\/v2\/categories?post=155998"},{"taxonomy":"post_tag","embeddable":true,"href":"https:\/\/www.nettali.com\/rest\/wp\/v2\/tags?post=155998"}],"curies":[{"name":"wp","href":"https:\/\/api.w.org\/{rel}","templated":true}]}}