{"id":155977,"date":"2025-06-17T08:24:44","date_gmt":"2025-06-17T08:24:44","guid":{"rendered":"https:\/\/www.nettali.com\/?p=155977"},"modified":"2025-06-17T14:35:37","modified_gmt":"2025-06-17T14:35:37","slug":"finances-publiques-les-rapports-trimestriels-dexecution-budgetaire-ce-23-juin","status":"publish","type":"post","link":"https:\/\/www.nettali.com\/2025\/06\/17\/finances-publiques-les-rapports-trimestriels-dexecution-budgetaire-ce-23-juin\/","title":{"rendered":"FINANCES PUBLIQUES - Les Rapports trimestriels d\u2019ex\u00e9cution budg\u00e9taire ce 23 juin"},"content":{"rendered":"<p><strong>NETTALI.COM -<\/strong> Le Rapport trimestriel d\u2019ex\u00e9cution budg\u00e9taire (RTEB), outil essentiel de redevabilit\u00e9 et de transparence financi\u00e8re, ne sera pas publi\u00e9 dans les d\u00e9lais habituels, comme l\u2019a d\u2019ailleurs d\u00e9j\u00e0 soulign\u00e9 \"Nettali.com\", la semaine derni\u00e8re. M\u00eame si ce n\u2019est que le lundi 16 juin que le minist\u00e8re des Finances et du Budget a officiellement annonc\u00e9, le report de la publication des rapports du quatri\u00e8me trimestre 2024 et du premier trimestre 2025. Ces documents, qui renseignent sur l\u2019utilisation des ressources publiques, seront finalement rendus publics le lundi 23 juin prochain.<\/p>\n<p>Dans un communiqu\u00e9, l\u2019autorit\u00e9 justifie ce diff\u00e9r\u00e9 par la volont\u00e9 de garantir la sinc\u00e9rit\u00e9 et la fiabilit\u00e9 des donn\u00e9es. \u201c<em>\u00c0 la suite du rapport de la Cour des comptes ayant mis en lumi\u00e8re des manquements dans la gestion budg\u00e9taire pass\u00e9e, les services du minist\u00e8re ont initi\u00e9 un exercice rigoureux pour d\u00e9terminer avec pr\u00e9cision, notamment pour le premier trimestre 2024, le montant et la nature des d\u00e9penses extrabudg\u00e9taires ex\u00e9cut\u00e9es<\/em>\u201d, peut-on lire dans le document.<\/p>\n<p>L\u2019objectif, selon le minist\u00e8re, est de permettre une meilleure int\u00e9gration de ces d\u00e9penses dans le tableau des op\u00e9rations financi\u00e8res de l\u2019\u00c9tat (Tofe) et dans les rapports d\u2019ex\u00e9cution budg\u00e9taire, conform\u00e9ment aux exigences de la loi organique relative aux lois de finances et du Code de transparence dans la gestion des finances publiques.<\/p>\n<p>Le communiqu\u00e9 annonce \u00e9galement un tournant majeur dans les pratiques budg\u00e9taires. D\u00e9sormais, les d\u00e9penses extrabudg\u00e9taires ne seront plus report\u00e9es sur les budgets des ann\u00e9es suivantes, comme cela se faisait jusque-l\u00e0. Elles seront constat\u00e9es dans le budget de l\u2019ann\u00e9e de leur ex\u00e9cution effective. Une r\u00e9forme que le minist\u00e8re inscrit dans \u201c<em>les meilleures normes internationales de transparence<\/em>\u201d.<\/p>\n<p>Ce changement de m\u00e9thode vise \u00e0 restaurer l\u2019orthodoxie budg\u00e9taire et \u00e0 renforcer la sinc\u00e9rit\u00e9 des finances publiques. Il s\u2019inscrit dans une strat\u00e9gie globale d\u2019assainissement des finances, de r\u00e9gularisation des engagements h\u00e9rit\u00e9s des exercices pr\u00e9c\u00e9dents et de soutien au secteur priv\u00e9 dans le cadre de la relance \u00e9conomique.<\/p>\n<p>Le minist\u00e8re a tenu \u00e0 rassurer l\u2019opinion publique, les parlementaires et les partenaires techniques et financiers. Il affirme que cette suspension temporaire ne remet nullement en cause son engagement en faveur de la transparence.<\/p>\n<p>Il rappelle que \u201c<em>la transparence budg\u00e9taire est un choix politique fort du gouvernement<\/em>\u201d et promet de maintenir \u201c<em>une dynamique de rigueur, de clart\u00e9 et d\u2019information fiable \u00e0 toutes les parties prenantes<\/em>\u201d.<\/p>\n<div class='share-to-whatsapp-wrapper'><div class='share-on-whsp'>PARTAGER SUR : <\/div><a data-text='FINANCES PUBLIQUES - Les Rapports trimestriels d\u2019ex\u00e9cution budg\u00e9taire ce 23 juin' data-link='https:\/\/www.nettali.com\/2025\/06\/17\/finances-publiques-les-rapports-trimestriels-dexecution-budgetaire-ce-23-juin\/' class='whatsapp-button whatsapp-share'>WhatsApp<\/a><div class='clear '><\/div><\/div>","protected":false},"excerpt":{"rendered":"<p>NETTALI.COM - Le Rapport trimestriel d\u2019ex\u00e9cution budg\u00e9taire (RTEB), outil essentiel de redevabilit\u00e9 et de transparence financi\u00e8re, ne sera pas publi\u00e9 dans les d\u00e9lais habituels, comme l\u2019a d\u2019ailleurs d\u00e9j\u00e0 soulign\u00e9 \"Nettali.com\", la semaine derni\u00e8re. M\u00eame si ce n\u2019est que le lundi 16 juin que le minist\u00e8re des Finances et du Budget a officiellement annonc\u00e9, le report [&hellip;]<\/p>\n","protected":false},"author":2,"featured_media":155980,"comment_status":"open","ping_status":"open","sticky":false,"template":"","format":"standard","meta":{"_et_pb_use_builder":"","_et_pb_old_content":""},"categories":[4],"tags":[],"yoast_head":"<!-- This site is optimized with the Yoast SEO Premium plugin v17.8 (Yoast SEO v17.8) - https:\/\/yoast.com\/wordpress\/plugins\/seo\/ -->\n<title>FINANCES PUBLIQUES - Les Rapports trimestriels d\u2019ex\u00e9cution budg\u00e9taire ce 23 juin | Nettali.com<\/title>\n<meta name=\"robots\" content=\"index, follow, max-snippet:-1, max-image-preview:large, max-video-preview:-1\" \/>\n<link rel=\"canonical\" href=\"https:\/\/www.nettali.com\/2025\/06\/17\/finances-publiques-les-rapports-trimestriels-dexecution-budgetaire-ce-23-juin\/\" \/>\n<meta property=\"og:locale\" content=\"fr_FR\" \/>\n<meta property=\"og:type\" content=\"article\" \/>\n<meta property=\"og:title\" content=\"FINANCES PUBLIQUES - Les Rapports trimestriels d\u2019ex\u00e9cution budg\u00e9taire ce 23 juin\" \/>\n<meta property=\"og:description\" content=\"NETTALI.COM - Le Rapport trimestriel d\u2019ex\u00e9cution budg\u00e9taire (RTEB), outil essentiel de redevabilit\u00e9 et de transparence financi\u00e8re, ne sera pas publi\u00e9 dans les d\u00e9lais habituels, comme l\u2019a d\u2019ailleurs d\u00e9j\u00e0 soulign\u00e9 &quot;Nettali.com&quot;, la semaine derni\u00e8re. M\u00eame si ce n\u2019est que le lundi 16 juin que le minist\u00e8re des Finances et du Budget a officiellement annonc\u00e9, le report [&hellip;]\" \/>\n<meta property=\"og:url\" content=\"https:\/\/www.nettali.com\/2025\/06\/17\/finances-publiques-les-rapports-trimestriels-dexecution-budgetaire-ce-23-juin\/\" \/>\n<meta property=\"og:site_name\" content=\"Nettali.com\" \/>\n<meta property=\"article:publisher\" content=\"https:\/\/www.facebook.com\/nettalicom\" \/>\n<meta property=\"article:published_time\" content=\"2025-06-17T08:24:44+00:00\" \/>\n<meta property=\"article:modified_time\" content=\"2025-06-17T14:35:37+00:00\" \/>\n<meta property=\"og:image\" content=\"https:\/\/www.nettali.com\/wp-content\/uploads\/2025\/06\/Cheikh-Diba.jpg\" \/>\n\t<meta property=\"og:image:width\" content=\"600\" \/>\n\t<meta property=\"og:image:height\" content=\"390\" \/>\n<meta name=\"twitter:card\" content=\"summary_large_image\" \/>\n<meta name=\"twitter:label1\" content=\"\u00c9crit par\" \/>\n\t<meta name=\"twitter:data1\" content=\"CK\" \/>\n\t<meta name=\"twitter:label2\" content=\"Dur\u00e9e de lecture estim\u00e9e\" \/>\n\t<meta name=\"twitter:data2\" content=\"2 minutes\" \/>\n<script type=\"application\/ld+json\" class=\"yoast-schema-graph\">{\"@context\":\"https:\/\/schema.org\",\"@graph\":[{\"@type\":\"WebSite\",\"@id\":\"https:\/\/www.nettali.com\/#website\",\"url\":\"https:\/\/www.nettali.com\/\",\"name\":\"Nettali.com\",\"description\":\"Le rendez-vous critique du Net\",\"potentialAction\":[{\"@type\":\"SearchAction\",\"target\":{\"@type\":\"EntryPoint\",\"urlTemplate\":\"https:\/\/www.nettali.com\/?s={search_term_string}\"},\"query-input\":\"required name=search_term_string\"}],\"inLanguage\":\"fr-FR\"},{\"@type\":\"ImageObject\",\"@id\":\"https:\/\/www.nettali.com\/2025\/06\/17\/finances-publiques-les-rapports-trimestriels-dexecution-budgetaire-ce-23-juin\/#primaryimage\",\"inLanguage\":\"fr-FR\",\"url\":\"https:\/\/www.nettali.com\/wp-content\/uploads\/2025\/06\/Cheikh-Diba.jpg\",\"contentUrl\":\"https:\/\/www.nettali.com\/wp-content\/uploads\/2025\/06\/Cheikh-Diba.jpg\",\"width\":600,\"height\":390},{\"@type\":\"WebPage\",\"@id\":\"https:\/\/www.nettali.com\/2025\/06\/17\/finances-publiques-les-rapports-trimestriels-dexecution-budgetaire-ce-23-juin\/#webpage\",\"url\":\"https:\/\/www.nettali.com\/2025\/06\/17\/finances-publiques-les-rapports-trimestriels-dexecution-budgetaire-ce-23-juin\/\",\"name\":\"FINANCES PUBLIQUES - Les Rapports trimestriels d\\u2019ex\\u00e9cution budg\\u00e9taire ce 23 juin | Nettali.com\",\"isPartOf\":{\"@id\":\"https:\/\/www.nettali.com\/#website\"},\"primaryImageOfPage\":{\"@id\":\"https:\/\/www.nettali.com\/2025\/06\/17\/finances-publiques-les-rapports-trimestriels-dexecution-budgetaire-ce-23-juin\/#primaryimage\"},\"datePublished\":\"2025-06-17T08:24:44+00:00\",\"dateModified\":\"2025-06-17T14:35:37+00:00\",\"author\":{\"@id\":\"https:\/\/www.nettali.com\/#\/schema\/person\/d8ac7b7e27ddad43f1c0d2ef090d7f71\"},\"breadcrumb\":{\"@id\":\"https:\/\/www.nettali.com\/2025\/06\/17\/finances-publiques-les-rapports-trimestriels-dexecution-budgetaire-ce-23-juin\/#breadcrumb\"},\"inLanguage\":\"fr-FR\",\"potentialAction\":[{\"@type\":\"ReadAction\",\"target\":[\"https:\/\/www.nettali.com\/2025\/06\/17\/finances-publiques-les-rapports-trimestriels-dexecution-budgetaire-ce-23-juin\/\"]}]},{\"@type\":\"BreadcrumbList\",\"@id\":\"https:\/\/www.nettali.com\/2025\/06\/17\/finances-publiques-les-rapports-trimestriels-dexecution-budgetaire-ce-23-juin\/#breadcrumb\",\"itemListElement\":[{\"@type\":\"ListItem\",\"position\":1,\"name\":\"Accueil\",\"item\":\"https:\/\/www.nettali.com\/\"},{\"@type\":\"ListItem\",\"position\":2,\"name\":\"FINANCES PUBLIQUES - Les Rapports trimestriels d\\u2019ex\\u00e9cution budg\\u00e9taire ce 23 juin\"}]},{\"@type\":\"Person\",\"@id\":\"https:\/\/www.nettali.com\/#\/schema\/person\/d8ac7b7e27ddad43f1c0d2ef090d7f71\",\"name\":\"CK\",\"image\":{\"@type\":\"ImageObject\",\"@id\":\"https:\/\/www.nettali.com\/#personlogo\",\"inLanguage\":\"fr-FR\",\"url\":\"https:\/\/secure.gravatar.com\/avatar\/1d8d5118b9327d94da7cd4ce7f17fec2?s=96&d=mm&r=g\",\"contentUrl\":\"https:\/\/secure.gravatar.com\/avatar\/1d8d5118b9327d94da7cd4ce7f17fec2?s=96&d=mm&r=g\",\"caption\":\"CK\"},\"sameAs\":[\"https:\/\/www.nettali.com\"]}]}<\/script>\n<!-- \/ Yoast SEO Premium plugin. -->","yoast_head_json":{"title":"FINANCES PUBLIQUES - Les Rapports trimestriels d\u2019ex\u00e9cution budg\u00e9taire ce 23 juin | Nettali.com","robots":{"index":"index","follow":"follow","max-snippet":"max-snippet:-1","max-image-preview":"max-image-preview:large","max-video-preview":"max-video-preview:-1"},"canonical":"https:\/\/www.nettali.com\/2025\/06\/17\/finances-publiques-les-rapports-trimestriels-dexecution-budgetaire-ce-23-juin\/","og_locale":"fr_FR","og_type":"article","og_title":"FINANCES PUBLIQUES - Les Rapports trimestriels d\u2019ex\u00e9cution budg\u00e9taire ce 23 juin","og_description":"NETTALI.COM - Le Rapport trimestriel d\u2019ex\u00e9cution budg\u00e9taire (RTEB), outil essentiel de redevabilit\u00e9 et de transparence financi\u00e8re, ne sera pas publi\u00e9 dans les d\u00e9lais habituels, comme l\u2019a d\u2019ailleurs d\u00e9j\u00e0 soulign\u00e9 \"Nettali.com\", la semaine derni\u00e8re. M\u00eame si ce n\u2019est que le lundi 16 juin que le minist\u00e8re des Finances et du Budget a officiellement annonc\u00e9, le report [&hellip;]","og_url":"https:\/\/www.nettali.com\/2025\/06\/17\/finances-publiques-les-rapports-trimestriels-dexecution-budgetaire-ce-23-juin\/","og_site_name":"Nettali.com","article_publisher":"https:\/\/www.facebook.com\/nettalicom","article_published_time":"2025-06-17T08:24:44+00:00","article_modified_time":"2025-06-17T14:35:37+00:00","og_image":[{"width":600,"height":390,"url":"https:\/\/www.nettali.com\/wp-content\/uploads\/2025\/06\/Cheikh-Diba.jpg","type":"image\/jpeg"}],"twitter_card":"summary_large_image","twitter_misc":{"\u00c9crit par":"CK","Dur\u00e9e de lecture estim\u00e9e":"2 minutes"},"schema":{"@context":"https:\/\/schema.org","@graph":[{"@type":"WebSite","@id":"https:\/\/www.nettali.com\/#website","url":"https:\/\/www.nettali.com\/","name":"Nettali.com","description":"Le rendez-vous critique du Net","potentialAction":[{"@type":"SearchAction","target":{"@type":"EntryPoint","urlTemplate":"https:\/\/www.nettali.com\/?s={search_term_string}"},"query-input":"required name=search_term_string"}],"inLanguage":"fr-FR"},{"@type":"ImageObject","@id":"https:\/\/www.nettali.com\/2025\/06\/17\/finances-publiques-les-rapports-trimestriels-dexecution-budgetaire-ce-23-juin\/#primaryimage","inLanguage":"fr-FR","url":"https:\/\/www.nettali.com\/wp-content\/uploads\/2025\/06\/Cheikh-Diba.jpg","contentUrl":"https:\/\/www.nettali.com\/wp-content\/uploads\/2025\/06\/Cheikh-Diba.jpg","width":600,"height":390},{"@type":"WebPage","@id":"https:\/\/www.nettali.com\/2025\/06\/17\/finances-publiques-les-rapports-trimestriels-dexecution-budgetaire-ce-23-juin\/#webpage","url":"https:\/\/www.nettali.com\/2025\/06\/17\/finances-publiques-les-rapports-trimestriels-dexecution-budgetaire-ce-23-juin\/","name":"FINANCES PUBLIQUES - Les Rapports trimestriels d\u2019ex\u00e9cution budg\u00e9taire ce 23 juin | Nettali.com","isPartOf":{"@id":"https:\/\/www.nettali.com\/#website"},"primaryImageOfPage":{"@id":"https:\/\/www.nettali.com\/2025\/06\/17\/finances-publiques-les-rapports-trimestriels-dexecution-budgetaire-ce-23-juin\/#primaryimage"},"datePublished":"2025-06-17T08:24:44+00:00","dateModified":"2025-06-17T14:35:37+00:00","author":{"@id":"https:\/\/www.nettali.com\/#\/schema\/person\/d8ac7b7e27ddad43f1c0d2ef090d7f71"},"breadcrumb":{"@id":"https:\/\/www.nettali.com\/2025\/06\/17\/finances-publiques-les-rapports-trimestriels-dexecution-budgetaire-ce-23-juin\/#breadcrumb"},"inLanguage":"fr-FR","potentialAction":[{"@type":"ReadAction","target":["https:\/\/www.nettali.com\/2025\/06\/17\/finances-publiques-les-rapports-trimestriels-dexecution-budgetaire-ce-23-juin\/"]}]},{"@type":"BreadcrumbList","@id":"https:\/\/www.nettali.com\/2025\/06\/17\/finances-publiques-les-rapports-trimestriels-dexecution-budgetaire-ce-23-juin\/#breadcrumb","itemListElement":[{"@type":"ListItem","position":1,"name":"Accueil","item":"https:\/\/www.nettali.com\/"},{"@type":"ListItem","position":2,"name":"FINANCES PUBLIQUES - Les Rapports trimestriels d\u2019ex\u00e9cution budg\u00e9taire ce 23 juin"}]},{"@type":"Person","@id":"https:\/\/www.nettali.com\/#\/schema\/person\/d8ac7b7e27ddad43f1c0d2ef090d7f71","name":"CK","image":{"@type":"ImageObject","@id":"https:\/\/www.nettali.com\/#personlogo","inLanguage":"fr-FR","url":"https:\/\/secure.gravatar.com\/avatar\/1d8d5118b9327d94da7cd4ce7f17fec2?s=96&d=mm&r=g","contentUrl":"https:\/\/secure.gravatar.com\/avatar\/1d8d5118b9327d94da7cd4ce7f17fec2?s=96&d=mm&r=g","caption":"CK"},"sameAs":["https:\/\/www.nettali.com"]}]}},"_links":{"self":[{"href":"https:\/\/www.nettali.com\/rest\/wp\/v2\/posts\/155977"}],"collection":[{"href":"https:\/\/www.nettali.com\/rest\/wp\/v2\/posts"}],"about":[{"href":"https:\/\/www.nettali.com\/rest\/wp\/v2\/types\/post"}],"author":[{"embeddable":true,"href":"https:\/\/www.nettali.com\/rest\/wp\/v2\/users\/2"}],"replies":[{"embeddable":true,"href":"https:\/\/www.nettali.com\/rest\/wp\/v2\/comments?post=155977"}],"version-history":[{"count":1,"href":"https:\/\/www.nettali.com\/rest\/wp\/v2\/posts\/155977\/revisions"}],"predecessor-version":[{"id":155981,"href":"https:\/\/www.nettali.com\/rest\/wp\/v2\/posts\/155977\/revisions\/155981"}],"wp:featuredmedia":[{"embeddable":true,"href":"https:\/\/www.nettali.com\/rest\/wp\/v2\/media\/155980"}],"wp:attachment":[{"href":"https:\/\/www.nettali.com\/rest\/wp\/v2\/media?parent=155977"}],"wp:term":[{"taxonomy":"category","embeddable":true,"href":"https:\/\/www.nettali.com\/rest\/wp\/v2\/categories?post=155977"},{"taxonomy":"post_tag","embeddable":true,"href":"https:\/\/www.nettali.com\/rest\/wp\/v2\/tags?post=155977"}],"curies":[{"name":"wp","href":"https:\/\/api.w.org\/{rel}","templated":true}]}}