{"id":155818,"date":"2025-06-14T08:16:44","date_gmt":"2025-06-14T08:16:44","guid":{"rendered":"https:\/\/www.nettali.com\/?p=155818"},"modified":"2025-06-14T08:16:44","modified_gmt":"2025-06-14T08:16:44","slug":"frappes-israeliennes-contre-liran-onde-de-choc-diplomatique-en-europe","status":"publish","type":"post","link":"https:\/\/www.nettali.com\/2025\/06\/14\/frappes-israeliennes-contre-liran-onde-de-choc-diplomatique-en-europe\/","title":{"rendered":"FRAPPES ISRA\u00c9LIENNES CONTRE L'IRAN - Onde de choc diplomatique en Europe"},"content":{"rendered":"<p><strong>NETTALI.COM - Les frappes isra\u00e9liennes contre l\u2019Iran et ses installations militaires et nucl\u00e9aires provoquent une vague de r\u00e9actions \u00e0 travers le monde, sur fond d\u2019inqui\u00e9tudes militaires et \u00e9conomiques. Le pr\u00e9sident des \u00c9tats-Unis, Donald Trump, y voit le moment pour l\u2019Iran de conclure au plus vite un accord sur le nucl\u00e9aire civil. Les r\u00e9actions s\u2019accumulent aussi en Europe o\u00f9 ces frappes provoquent une onde de choc diplomatique.<\/strong><\/p>\n<p>En Europe, on voit s\u2019accumuler les prises de position, \u00e0 l\u2019instar du Premier ministre britannique Keir Starmer qui \u201c<em>appelle au calme<\/em>\u201d et avertit qu\u2019une escalade de la situation ne profiterait \u00e0 personne dans la r\u00e9gion. M\u00eame son de cloche de la part du chancelier allemand Friedrich Merz qui a r\u00e9uni ses ministres en conseil de s\u00e9curit\u00e9. Il demande \u00e0 Isra\u00ebl et \u00e0 l\u2019Iran de ne pas prendre de mesures qui pourraient faire empirer la situation, tout en r\u00e9affirmant la position diplomatique traditionnelle de l\u2019Allemagne, \u00e0 savoir qu\u2019Isra\u00ebl a le \u201cdroit\u201d de se d\u00e9fendre.<\/p>\n<p>En France, le pr\u00e9sident Emmanuel Macron a, lui aussi, convoqu\u00e9 un conseil de d\u00e9fense et de s\u00e9curit\u00e9 ; le ministre des Affaires \u00e9trang\u00e8res Jean-No\u00ebl Barrot a parall\u00e8lement eu un entretien avec ses homologues d\u2019Isra\u00ebl et d\u2019Arabie saoudite, il appelle \u00e0 d\u00e9samorcer la situation et \u00e0 l\u2019instar du chancelier allemand, il pr\u00e9conise la stabilit\u00e9 r\u00e9gionale et la s\u00e9curit\u00e9 d'Isra\u00ebl.<\/p>\n<p><strong>L'Europe en appelle \u00e0 la diplomatie <\/strong><\/p>\n<p>Le gouvernement allemand r\u00e9v\u00e8le d\u2019ailleurs que le Premier ministre britannique, le pr\u00e9sident fran\u00e7ais et le chancelier allemand ont tenu une conf\u00e9rence t\u00e9l\u00e9phonique au sujet des frappes isra\u00e9liennes. Les institutions europ\u00e9ennes elles-m\u00eames ne cachent pas leur inqui\u00e9tude et en appellent \u00e0 la diplomatie.<\/p>\n<p>La pr\u00e9sidente de la Commission europ\u00e9enne Ursula von der Leyen appelle toutes les parties \u00e0 la \u201cd\u00e9sescalade\u201d, c\u2019est le mot le plus entendu aujourd\u2019hui \u00e0 Bruxelles et la Commission europ\u00e9enne souligne d\u2019ailleurs que la voie diplomatique reste l\u2019option la plus urgente et la seule v\u00e9ritable voie pour une r\u00e9solution du conflit.<\/p>\n<p>L\u2019UE r\u00e9p\u00e8te d\u2019ailleurs sa position commune : l\u2019Iran ne doit pas acqu\u00e9rir l\u2019arme atomique. L\u2019Union europ\u00e9enne s\u2019\u00e9tait \u00e9videmment beaucoup impliqu\u00e9e dans la conclusion des accords de Vienne sur le nucl\u00e9aire iranien en 2015 et continue \u00e0 affirmer qu\u2019un accord de ce type reste la meilleure et la seule option. En apparence, l\u2019Union \u201capporte\u201d ainsi de l\u2019eau au moulin de Donald Trump, mais \u00e9videmment ici, on rappelle en passant que c\u2019est lui qui a retir\u00e9 les \u00c9tats-Unis de cet accord lors de son premier mandat en 2018.<\/p>\n<p><strong>Et l'AIEA ? <\/strong><\/p>\n<p>C\u2019est l\u2019Agence internationale pour l\u2019\u00e9nergie atomique (AIEA), \u00e0 Vienne, qui est la garante du maintien du nucl\u00e9aire dans le domaine civil, mais celle-ci a \u00e9t\u00e9 critiqu\u00e9e par T\u00e9h\u00e9ran pour son manque de r\u00e9action initiale.<\/p>\n<p>L\u2019Iran a d'ailleurs accus\u00e9 l\u2019AIEA ce vendredi matin d\u2019avoir gard\u00e9 le silence apr\u00e8s les frappes isra\u00e9liennes, \u201cune forme de coop\u00e9ration avec le r\u00e9gime sioniste\u201d, ce \u00e0 quoi l\u2019agence a r\u00e9pliqu\u00e9 que des sites nucl\u00e9aires \u201c<em>ne doivent jamais \u00eatre attaqu\u00e9s<\/em>\u201d.<\/p>\n<p>Le Venezuela a demand\u00e9 ce vendredi la r\u00e9union du Conseil des gouverneurs de l\u2019AIEA, mais il faut souligner que ces frappes isra\u00e9liennes surviennent apr\u00e8s l\u2019adoption d\u2019une r\u00e9solution de l\u2019Agence internationale pour l\u2019\u00e9nergie atomique qui condamne le non-respect par l\u2019Iran de ses obligations nucl\u00e9aires de non-prolif\u00e9ration.<\/p>\n<p>RFI.FR<\/p>\n<div class='share-to-whatsapp-wrapper'><div class='share-on-whsp'>PARTAGER SUR : <\/div><a data-text='FRAPPES ISRA\u00c9LIENNES CONTRE L'IRAN - Onde de choc diplomatique en Europe' data-link='https:\/\/www.nettali.com\/2025\/06\/14\/frappes-israeliennes-contre-liran-onde-de-choc-diplomatique-en-europe\/' class='whatsapp-button whatsapp-share'>WhatsApp<\/a><div class='clear '><\/div><\/div>","protected":false},"excerpt":{"rendered":"<p>NETTALI.COM - Les frappes isra\u00e9liennes contre l\u2019Iran et ses installations militaires et nucl\u00e9aires provoquent une vague de r\u00e9actions \u00e0 travers le monde, sur fond d\u2019inqui\u00e9tudes militaires et \u00e9conomiques. Le pr\u00e9sident des \u00c9tats-Unis, Donald Trump, y voit le moment pour l\u2019Iran de conclure au plus vite un accord sur le nucl\u00e9aire civil. Les r\u00e9actions s\u2019accumulent aussi [&hellip;]<\/p>\n","protected":false},"author":2,"featured_media":155819,"comment_status":"open","ping_status":"open","sticky":false,"template":"","format":"standard","meta":{"_et_pb_use_builder":"","_et_pb_old_content":""},"categories":[8],"tags":[],"yoast_head":"<!-- This site is optimized with the Yoast SEO Premium plugin v17.8 (Yoast SEO v17.8) - https:\/\/yoast.com\/wordpress\/plugins\/seo\/ -->\n<title>FRAPPES ISRA\u00c9LIENNES CONTRE L&#039;IRAN - Onde de choc diplomatique en Europe | Nettali.com<\/title>\n<meta name=\"robots\" content=\"index, follow, max-snippet:-1, max-image-preview:large, max-video-preview:-1\" \/>\n<link rel=\"canonical\" href=\"https:\/\/www.nettali.com\/2025\/06\/14\/frappes-israeliennes-contre-liran-onde-de-choc-diplomatique-en-europe\/\" \/>\n<meta property=\"og:locale\" content=\"fr_FR\" \/>\n<meta property=\"og:type\" content=\"article\" \/>\n<meta property=\"og:title\" content=\"FRAPPES ISRA\u00c9LIENNES CONTRE L&#039;IRAN - Onde de choc diplomatique en Europe\" \/>\n<meta property=\"og:description\" content=\"NETTALI.COM - Les frappes isra\u00e9liennes contre l\u2019Iran et ses installations militaires et nucl\u00e9aires provoquent une vague de r\u00e9actions \u00e0 travers le monde, sur fond d\u2019inqui\u00e9tudes militaires et \u00e9conomiques. Le pr\u00e9sident des \u00c9tats-Unis, Donald Trump, y voit le moment pour l\u2019Iran de conclure au plus vite un accord sur le nucl\u00e9aire civil. Les r\u00e9actions s\u2019accumulent aussi [&hellip;]\" \/>\n<meta property=\"og:url\" content=\"https:\/\/www.nettali.com\/2025\/06\/14\/frappes-israeliennes-contre-liran-onde-de-choc-diplomatique-en-europe\/\" \/>\n<meta property=\"og:site_name\" content=\"Nettali.com\" \/>\n<meta property=\"article:publisher\" content=\"https:\/\/www.facebook.com\/nettalicom\" \/>\n<meta property=\"article:published_time\" content=\"2025-06-14T08:16:44+00:00\" \/>\n<meta property=\"og:image\" content=\"https:\/\/www.nettali.com\/wp-content\/uploads\/2025\/06\/AP25164082336163-1.jpg\" \/>\n\t<meta property=\"og:image:width\" content=\"980\" \/>\n\t<meta property=\"og:image:height\" content=\"551\" \/>\n<meta name=\"twitter:card\" content=\"summary_large_image\" \/>\n<meta name=\"twitter:label1\" content=\"\u00c9crit par\" \/>\n\t<meta name=\"twitter:data1\" content=\"CK\" \/>\n\t<meta name=\"twitter:label2\" content=\"Dur\u00e9e de lecture estim\u00e9e\" \/>\n\t<meta name=\"twitter:data2\" content=\"3 minutes\" \/>\n<script type=\"application\/ld+json\" class=\"yoast-schema-graph\">{\"@context\":\"https:\/\/schema.org\",\"@graph\":[{\"@type\":\"WebSite\",\"@id\":\"https:\/\/www.nettali.com\/#website\",\"url\":\"https:\/\/www.nettali.com\/\",\"name\":\"Nettali.com\",\"description\":\"Le rendez-vous critique du Net\",\"potentialAction\":[{\"@type\":\"SearchAction\",\"target\":{\"@type\":\"EntryPoint\",\"urlTemplate\":\"https:\/\/www.nettali.com\/?s={search_term_string}\"},\"query-input\":\"required name=search_term_string\"}],\"inLanguage\":\"fr-FR\"},{\"@type\":\"ImageObject\",\"@id\":\"https:\/\/www.nettali.com\/2025\/06\/14\/frappes-israeliennes-contre-liran-onde-de-choc-diplomatique-en-europe\/#primaryimage\",\"inLanguage\":\"fr-FR\",\"url\":\"https:\/\/www.nettali.com\/wp-content\/uploads\/2025\/06\/AP25164082336163-1.jpg\",\"contentUrl\":\"https:\/\/www.nettali.com\/wp-content\/uploads\/2025\/06\/AP25164082336163-1.jpg\",\"width\":980,\"height\":551},{\"@type\":\"WebPage\",\"@id\":\"https:\/\/www.nettali.com\/2025\/06\/14\/frappes-israeliennes-contre-liran-onde-de-choc-diplomatique-en-europe\/#webpage\",\"url\":\"https:\/\/www.nettali.com\/2025\/06\/14\/frappes-israeliennes-contre-liran-onde-de-choc-diplomatique-en-europe\/\",\"name\":\"FRAPPES ISRA\\u00c9LIENNES CONTRE L'IRAN - Onde de choc diplomatique en Europe | Nettali.com\",\"isPartOf\":{\"@id\":\"https:\/\/www.nettali.com\/#website\"},\"primaryImageOfPage\":{\"@id\":\"https:\/\/www.nettali.com\/2025\/06\/14\/frappes-israeliennes-contre-liran-onde-de-choc-diplomatique-en-europe\/#primaryimage\"},\"datePublished\":\"2025-06-14T08:16:44+00:00\",\"dateModified\":\"2025-06-14T08:16:44+00:00\",\"author\":{\"@id\":\"https:\/\/www.nettali.com\/#\/schema\/person\/d8ac7b7e27ddad43f1c0d2ef090d7f71\"},\"breadcrumb\":{\"@id\":\"https:\/\/www.nettali.com\/2025\/06\/14\/frappes-israeliennes-contre-liran-onde-de-choc-diplomatique-en-europe\/#breadcrumb\"},\"inLanguage\":\"fr-FR\",\"potentialAction\":[{\"@type\":\"ReadAction\",\"target\":[\"https:\/\/www.nettali.com\/2025\/06\/14\/frappes-israeliennes-contre-liran-onde-de-choc-diplomatique-en-europe\/\"]}]},{\"@type\":\"BreadcrumbList\",\"@id\":\"https:\/\/www.nettali.com\/2025\/06\/14\/frappes-israeliennes-contre-liran-onde-de-choc-diplomatique-en-europe\/#breadcrumb\",\"itemListElement\":[{\"@type\":\"ListItem\",\"position\":1,\"name\":\"Accueil\",\"item\":\"https:\/\/www.nettali.com\/\"},{\"@type\":\"ListItem\",\"position\":2,\"name\":\"FRAPPES ISRA\\u00c9LIENNES CONTRE L'IRAN - Onde de choc diplomatique en Europe\"}]},{\"@type\":\"Person\",\"@id\":\"https:\/\/www.nettali.com\/#\/schema\/person\/d8ac7b7e27ddad43f1c0d2ef090d7f71\",\"name\":\"CK\",\"image\":{\"@type\":\"ImageObject\",\"@id\":\"https:\/\/www.nettali.com\/#personlogo\",\"inLanguage\":\"fr-FR\",\"url\":\"https:\/\/secure.gravatar.com\/avatar\/1d8d5118b9327d94da7cd4ce7f17fec2?s=96&d=mm&r=g\",\"contentUrl\":\"https:\/\/secure.gravatar.com\/avatar\/1d8d5118b9327d94da7cd4ce7f17fec2?s=96&d=mm&r=g\",\"caption\":\"CK\"},\"sameAs\":[\"https:\/\/www.nettali.com\"]}]}<\/script>\n<!-- \/ Yoast SEO Premium plugin. -->","yoast_head_json":{"title":"FRAPPES ISRA\u00c9LIENNES CONTRE L'IRAN - Onde de choc diplomatique en Europe | Nettali.com","robots":{"index":"index","follow":"follow","max-snippet":"max-snippet:-1","max-image-preview":"max-image-preview:large","max-video-preview":"max-video-preview:-1"},"canonical":"https:\/\/www.nettali.com\/2025\/06\/14\/frappes-israeliennes-contre-liran-onde-de-choc-diplomatique-en-europe\/","og_locale":"fr_FR","og_type":"article","og_title":"FRAPPES ISRA\u00c9LIENNES CONTRE L'IRAN - Onde de choc diplomatique en Europe","og_description":"NETTALI.COM - Les frappes isra\u00e9liennes contre l\u2019Iran et ses installations militaires et nucl\u00e9aires provoquent une vague de r\u00e9actions \u00e0 travers le monde, sur fond d\u2019inqui\u00e9tudes militaires et \u00e9conomiques. Le pr\u00e9sident des \u00c9tats-Unis, Donald Trump, y voit le moment pour l\u2019Iran de conclure au plus vite un accord sur le nucl\u00e9aire civil. Les r\u00e9actions s\u2019accumulent aussi [&hellip;]","og_url":"https:\/\/www.nettali.com\/2025\/06\/14\/frappes-israeliennes-contre-liran-onde-de-choc-diplomatique-en-europe\/","og_site_name":"Nettali.com","article_publisher":"https:\/\/www.facebook.com\/nettalicom","article_published_time":"2025-06-14T08:16:44+00:00","og_image":[{"width":980,"height":551,"url":"https:\/\/www.nettali.com\/wp-content\/uploads\/2025\/06\/AP25164082336163-1.jpg","type":"image\/jpeg"}],"twitter_card":"summary_large_image","twitter_misc":{"\u00c9crit par":"CK","Dur\u00e9e de lecture estim\u00e9e":"3 minutes"},"schema":{"@context":"https:\/\/schema.org","@graph":[{"@type":"WebSite","@id":"https:\/\/www.nettali.com\/#website","url":"https:\/\/www.nettali.com\/","name":"Nettali.com","description":"Le rendez-vous critique du Net","potentialAction":[{"@type":"SearchAction","target":{"@type":"EntryPoint","urlTemplate":"https:\/\/www.nettali.com\/?s={search_term_string}"},"query-input":"required name=search_term_string"}],"inLanguage":"fr-FR"},{"@type":"ImageObject","@id":"https:\/\/www.nettali.com\/2025\/06\/14\/frappes-israeliennes-contre-liran-onde-de-choc-diplomatique-en-europe\/#primaryimage","inLanguage":"fr-FR","url":"https:\/\/www.nettali.com\/wp-content\/uploads\/2025\/06\/AP25164082336163-1.jpg","contentUrl":"https:\/\/www.nettali.com\/wp-content\/uploads\/2025\/06\/AP25164082336163-1.jpg","width":980,"height":551},{"@type":"WebPage","@id":"https:\/\/www.nettali.com\/2025\/06\/14\/frappes-israeliennes-contre-liran-onde-de-choc-diplomatique-en-europe\/#webpage","url":"https:\/\/www.nettali.com\/2025\/06\/14\/frappes-israeliennes-contre-liran-onde-de-choc-diplomatique-en-europe\/","name":"FRAPPES ISRA\u00c9LIENNES CONTRE L'IRAN - Onde de choc diplomatique en Europe | Nettali.com","isPartOf":{"@id":"https:\/\/www.nettali.com\/#website"},"primaryImageOfPage":{"@id":"https:\/\/www.nettali.com\/2025\/06\/14\/frappes-israeliennes-contre-liran-onde-de-choc-diplomatique-en-europe\/#primaryimage"},"datePublished":"2025-06-14T08:16:44+00:00","dateModified":"2025-06-14T08:16:44+00:00","author":{"@id":"https:\/\/www.nettali.com\/#\/schema\/person\/d8ac7b7e27ddad43f1c0d2ef090d7f71"},"breadcrumb":{"@id":"https:\/\/www.nettali.com\/2025\/06\/14\/frappes-israeliennes-contre-liran-onde-de-choc-diplomatique-en-europe\/#breadcrumb"},"inLanguage":"fr-FR","potentialAction":[{"@type":"ReadAction","target":["https:\/\/www.nettali.com\/2025\/06\/14\/frappes-israeliennes-contre-liran-onde-de-choc-diplomatique-en-europe\/"]}]},{"@type":"BreadcrumbList","@id":"https:\/\/www.nettali.com\/2025\/06\/14\/frappes-israeliennes-contre-liran-onde-de-choc-diplomatique-en-europe\/#breadcrumb","itemListElement":[{"@type":"ListItem","position":1,"name":"Accueil","item":"https:\/\/www.nettali.com\/"},{"@type":"ListItem","position":2,"name":"FRAPPES ISRA\u00c9LIENNES CONTRE L'IRAN - Onde de choc diplomatique en Europe"}]},{"@type":"Person","@id":"https:\/\/www.nettali.com\/#\/schema\/person\/d8ac7b7e27ddad43f1c0d2ef090d7f71","name":"CK","image":{"@type":"ImageObject","@id":"https:\/\/www.nettali.com\/#personlogo","inLanguage":"fr-FR","url":"https:\/\/secure.gravatar.com\/avatar\/1d8d5118b9327d94da7cd4ce7f17fec2?s=96&d=mm&r=g","contentUrl":"https:\/\/secure.gravatar.com\/avatar\/1d8d5118b9327d94da7cd4ce7f17fec2?s=96&d=mm&r=g","caption":"CK"},"sameAs":["https:\/\/www.nettali.com"]}]}},"_links":{"self":[{"href":"https:\/\/www.nettali.com\/rest\/wp\/v2\/posts\/155818"}],"collection":[{"href":"https:\/\/www.nettali.com\/rest\/wp\/v2\/posts"}],"about":[{"href":"https:\/\/www.nettali.com\/rest\/wp\/v2\/types\/post"}],"author":[{"embeddable":true,"href":"https:\/\/www.nettali.com\/rest\/wp\/v2\/users\/2"}],"replies":[{"embeddable":true,"href":"https:\/\/www.nettali.com\/rest\/wp\/v2\/comments?post=155818"}],"version-history":[{"count":1,"href":"https:\/\/www.nettali.com\/rest\/wp\/v2\/posts\/155818\/revisions"}],"predecessor-version":[{"id":155820,"href":"https:\/\/www.nettali.com\/rest\/wp\/v2\/posts\/155818\/revisions\/155820"}],"wp:featuredmedia":[{"embeddable":true,"href":"https:\/\/www.nettali.com\/rest\/wp\/v2\/media\/155819"}],"wp:attachment":[{"href":"https:\/\/www.nettali.com\/rest\/wp\/v2\/media?parent=155818"}],"wp:term":[{"taxonomy":"category","embeddable":true,"href":"https:\/\/www.nettali.com\/rest\/wp\/v2\/categories?post=155818"},{"taxonomy":"post_tag","embeddable":true,"href":"https:\/\/www.nettali.com\/rest\/wp\/v2\/tags?post=155818"}],"curies":[{"name":"wp","href":"https:\/\/api.w.org\/{rel}","templated":true}]}}