{"id":155799,"date":"2025-06-13T19:13:10","date_gmt":"2025-06-13T19:13:10","guid":{"rendered":"https:\/\/www.nettali.com\/?p=155799"},"modified":"2025-06-14T07:55:11","modified_gmt":"2025-06-14T07:55:11","slug":"hadji-2025-encore-des-deces-et-des-defis-pour-mieux-proteger-les-pelerins","status":"publish","type":"post","link":"https:\/\/www.nettali.com\/2025\/06\/13\/hadji-2025-encore-des-deces-et-des-defis-pour-mieux-proteger-les-pelerins\/","title":{"rendered":"HADJI 2025 : encore des d\u00e9c\u00e8s et des d\u00e9fis pour mieux prot\u00e9ger les p\u00e8lerins"},"content":{"rendered":"<p data-start=\"325\" data-end=\"661\"><strong>NETTALI.COM - Deux nouveaux d\u00e9c\u00e8s ont endeuill\u00e9 le retour du Hadj 2025 pour la d\u00e9l\u00e9gation s\u00e9n\u00e9galaise. Ces deux femmes, \u00e2g\u00e9es de 50 et 71 ans, ont perdu la vie \u00e0 l\u2019a\u00e9roport Blaise Diagne de Diass, peu apr\u00e8s leur arriv\u00e9e de La Mecque. Ces drames s\u2019ajoutent aux nombreux cas de d\u00e9c\u00e8s enregistr\u00e9s cette ann\u00e9e parmi les p\u00e8lerins de diverses nationalit\u00e9s.<\/strong><\/p>\n<p data-start=\"271\" data-end=\"708\">Le retour des p\u00e8lerins s\u00e9n\u00e9galais du Hadj 2025 a \u00e9t\u00e9 marqu\u00e9 par un drame. Deux femmes, \u00e2g\u00e9es de 50 et 71 ans, ont perdu la vie \u00e0 l\u2019a\u00e9roport international Blaise Diagne de Diass, lors du premier vol ramenant les fid\u00e8les de La Mecque. Les circonstances exactes des d\u00e9c\u00e8s n\u2019ont pas encore \u00e9t\u00e9 pr\u00e9cis\u00e9es, mais ces cas s\u2019ajoutent \u00e0 une s\u00e9rie de d\u00e9c\u00e8s enregistr\u00e9s cette ann\u00e9e parmi les p\u00e8lerins s\u00e9n\u00e9galais et d\u2019autres nationalit\u00e9s.<\/p>\n<p data-start=\"710\" data-end=\"980\">Selon les autorit\u00e9s saoudiennes, plus de 1 300 p\u00e8lerins ont trouv\u00e9 la mort lors de cette \u00e9dition 2025 du p\u00e8lerinage. Un chiffre largement sup\u00e9rieur \u00e0 celui de l\u2019ann\u00e9e pr\u00e9c\u00e9dente o\u00f9 au moins 550 morts avaient \u00e9t\u00e9 recens\u00e9s sur un total de 1,83 million de participants.<\/p>\n<p data-start=\"1040\" data-end=\"1308\">Si le Hadj demeure un moment spirituel majeur pour les musulmans du monde entier, les conditions climatiques extr\u00eames et la forte affluence rendent ce rituel particuli\u00e8rement \u00e9prouvant, notamment pour les personnes \u00e2g\u00e9es et celles souffrant de pathologies chroniques.<\/p>\n<p data-start=\"1310\" data-end=\"1679\">Le S\u00e9n\u00e9gal, qui a consenti ces derni\u00e8res ann\u00e9es des efforts notables pour am\u00e9liorer l\u2019encadrement et les conditions de voyage de ses p\u00e8lerins, doit encore relever de nombreux d\u00e9fis. Ces d\u00e9c\u00e8s r\u00e9currents remettent sur la table la question du contr\u00f4le m\u00e9dical rigoureux en amont du d\u00e9part et de la d\u00e9finition de crit\u00e8res plus stricts pour les candidats au p\u00e8lerinage.<\/p>\n<p data-start=\"1755\" data-end=\"2030\">Plusieurs acteurs du secteur religieux et de la soci\u00e9t\u00e9 civile plaident pour un renforcement des contr\u00f4les m\u00e9dicaux obligatoires avant le d\u00e9part et pour une r\u00e9flexion nationale sur l\u2019\u00e2ge limite des p\u00e8lerins ou l\u2019encadrement particulier des personnes \u00e2g\u00e9es et vuln\u00e9rables.<\/p>\n<p data-start=\"2032\" data-end=\"2338\"><em>\u00ab Le Hadj est une \u00e9preuve physique et psychologique intense. Il faut prot\u00e9ger nos p\u00e8lerins. Cela passe par un meilleur suivi m\u00e9dical et des d\u00e9cisions courageuses sur les profils autoris\u00e9s \u00e0 effectuer ce voyage \u00bb<\/em>, souligne un observateur du p\u00e8lerinage, ayant lui-m\u00eame effectu\u00e9 plusieurs s\u00e9jours \u00e0 La Mecque.<\/p>\n<p data-start=\"2396\" data-end=\"2774\">Au-del\u00e0 du cadre national, des voix s\u2019\u00e9l\u00e8vent \u00e9galement pour appeler \u00e0 un plaidoyer international, en vue d\u2019amener les autorit\u00e9s saoudiennes \u00e0 renforcer la concertation avec les pays musulmans et \u00e0 am\u00e9liorer les dispositifs d\u2019accueil et de s\u00e9curit\u00e9 des p\u00e8lerins. Le Hadj, en tant que plus grand rassemblement religieux du monde, reste un d\u00e9fi logistique et sanitaire majeur.<\/p>\n<p data-start=\"2776\" data-end=\"2998\">L\u2019\u00c9tat du S\u00e9n\u00e9gal a multipli\u00e9 les efforts ces derni\u00e8res ann\u00e9es, mais les drames de cette \u00e9dition rappellent que des r\u00e9formes restent n\u00e9cessaires, tant sur le plan national qu\u2019au niveau de la coop\u00e9ration internationale.<\/p>\n<div class='share-to-whatsapp-wrapper'><div class='share-on-whsp'>PARTAGER SUR : <\/div><a data-text='HADJI 2025 : encore des d\u00e9c\u00e8s et des d\u00e9fis pour mieux prot\u00e9ger les p\u00e8lerins' data-link='https:\/\/www.nettali.com\/2025\/06\/13\/hadji-2025-encore-des-deces-et-des-defis-pour-mieux-proteger-les-pelerins\/' class='whatsapp-button whatsapp-share'>WhatsApp<\/a><div class='clear '><\/div><\/div>","protected":false},"excerpt":{"rendered":"<p>NETTALI.COM - Deux nouveaux d\u00e9c\u00e8s ont endeuill\u00e9 le retour du Hadj 2025 pour la d\u00e9l\u00e9gation s\u00e9n\u00e9galaise. Ces deux femmes, \u00e2g\u00e9es de 50 et 71 ans, ont perdu la vie \u00e0 l\u2019a\u00e9roport Blaise Diagne de Diass, peu apr\u00e8s leur arriv\u00e9e de La Mecque. Ces drames s\u2019ajoutent aux nombreux cas de d\u00e9c\u00e8s enregistr\u00e9s cette ann\u00e9e parmi les [&hellip;]<\/p>\n","protected":false},"author":4,"featured_media":14001,"comment_status":"open","ping_status":"open","sticky":false,"template":"","format":"standard","meta":{"_et_pb_use_builder":"","_et_pb_old_content":""},"categories":[3],"tags":[],"yoast_head":"<!-- This site is optimized with the Yoast SEO Premium plugin v17.8 (Yoast SEO v17.8) - https:\/\/yoast.com\/wordpress\/plugins\/seo\/ -->\n<title>HADJI 2025 : encore des d\u00e9c\u00e8s et des d\u00e9fis pour mieux prot\u00e9ger les p\u00e8lerins | Nettali.com<\/title>\n<meta name=\"robots\" content=\"index, follow, max-snippet:-1, max-image-preview:large, max-video-preview:-1\" \/>\n<link rel=\"canonical\" href=\"https:\/\/www.nettali.com\/2025\/06\/13\/hadji-2025-encore-des-deces-et-des-defis-pour-mieux-proteger-les-pelerins\/\" \/>\n<meta property=\"og:locale\" content=\"fr_FR\" \/>\n<meta property=\"og:type\" content=\"article\" \/>\n<meta property=\"og:title\" content=\"HADJI 2025 : encore des d\u00e9c\u00e8s et des d\u00e9fis pour mieux prot\u00e9ger les p\u00e8lerins\" \/>\n<meta property=\"og:description\" content=\"NETTALI.COM - Deux nouveaux d\u00e9c\u00e8s ont endeuill\u00e9 le retour du Hadj 2025 pour la d\u00e9l\u00e9gation s\u00e9n\u00e9galaise. Ces deux femmes, \u00e2g\u00e9es de 50 et 71 ans, ont perdu la vie \u00e0 l\u2019a\u00e9roport Blaise Diagne de Diass, peu apr\u00e8s leur arriv\u00e9e de La Mecque. Ces drames s\u2019ajoutent aux nombreux cas de d\u00e9c\u00e8s enregistr\u00e9s cette ann\u00e9e parmi les [&hellip;]\" \/>\n<meta property=\"og:url\" content=\"https:\/\/www.nettali.com\/2025\/06\/13\/hadji-2025-encore-des-deces-et-des-defis-pour-mieux-proteger-les-pelerins\/\" \/>\n<meta property=\"og:site_name\" content=\"Nettali.com\" \/>\n<meta property=\"article:publisher\" content=\"https:\/\/www.facebook.com\/nettalicom\" \/>\n<meta property=\"article:published_time\" content=\"2025-06-13T19:13:10+00:00\" \/>\n<meta property=\"article:modified_time\" content=\"2025-06-14T07:55:11+00:00\" \/>\n<meta property=\"og:image\" content=\"https:\/\/www.nettali.com\/wp-content\/uploads\/2019\/07\/Pelerinage-a-la-Mecque-1.jpg\" \/>\n\t<meta property=\"og:image:width\" content=\"680\" \/>\n\t<meta property=\"og:image:height\" content=\"430\" \/>\n<meta name=\"twitter:card\" content=\"summary_large_image\" \/>\n<meta name=\"twitter:label1\" content=\"\u00c9crit par\" \/>\n\t<meta name=\"twitter:data1\" content=\"Daouda\" \/>\n\t<meta name=\"twitter:label2\" content=\"Dur\u00e9e de lecture estim\u00e9e\" \/>\n\t<meta name=\"twitter:data2\" content=\"3 minutes\" \/>\n<script type=\"application\/ld+json\" class=\"yoast-schema-graph\">{\"@context\":\"https:\/\/schema.org\",\"@graph\":[{\"@type\":\"WebSite\",\"@id\":\"https:\/\/www.nettali.com\/#website\",\"url\":\"https:\/\/www.nettali.com\/\",\"name\":\"Nettali.com\",\"description\":\"Le rendez-vous critique du Net\",\"potentialAction\":[{\"@type\":\"SearchAction\",\"target\":{\"@type\":\"EntryPoint\",\"urlTemplate\":\"https:\/\/www.nettali.com\/?s={search_term_string}\"},\"query-input\":\"required name=search_term_string\"}],\"inLanguage\":\"fr-FR\"},{\"@type\":\"ImageObject\",\"@id\":\"https:\/\/www.nettali.com\/2025\/06\/13\/hadji-2025-encore-des-deces-et-des-defis-pour-mieux-proteger-les-pelerins\/#primaryimage\",\"inLanguage\":\"fr-FR\",\"url\":\"https:\/\/www.nettali.com\/wp-content\/uploads\/2019\/07\/Pelerinage-a-la-Mecque-1.jpg\",\"contentUrl\":\"https:\/\/www.nettali.com\/wp-content\/uploads\/2019\/07\/Pelerinage-a-la-Mecque-1.jpg\",\"width\":680,\"height\":430},{\"@type\":\"WebPage\",\"@id\":\"https:\/\/www.nettali.com\/2025\/06\/13\/hadji-2025-encore-des-deces-et-des-defis-pour-mieux-proteger-les-pelerins\/#webpage\",\"url\":\"https:\/\/www.nettali.com\/2025\/06\/13\/hadji-2025-encore-des-deces-et-des-defis-pour-mieux-proteger-les-pelerins\/\",\"name\":\"HADJI 2025 : encore des d\\u00e9c\\u00e8s et des d\\u00e9fis pour mieux prot\\u00e9ger les p\\u00e8lerins | Nettali.com\",\"isPartOf\":{\"@id\":\"https:\/\/www.nettali.com\/#website\"},\"primaryImageOfPage\":{\"@id\":\"https:\/\/www.nettali.com\/2025\/06\/13\/hadji-2025-encore-des-deces-et-des-defis-pour-mieux-proteger-les-pelerins\/#primaryimage\"},\"datePublished\":\"2025-06-13T19:13:10+00:00\",\"dateModified\":\"2025-06-14T07:55:11+00:00\",\"author\":{\"@id\":\"https:\/\/www.nettali.com\/#\/schema\/person\/3317e0bb3aa1da309fbf7b2780901bf4\"},\"breadcrumb\":{\"@id\":\"https:\/\/www.nettali.com\/2025\/06\/13\/hadji-2025-encore-des-deces-et-des-defis-pour-mieux-proteger-les-pelerins\/#breadcrumb\"},\"inLanguage\":\"fr-FR\",\"potentialAction\":[{\"@type\":\"ReadAction\",\"target\":[\"https:\/\/www.nettali.com\/2025\/06\/13\/hadji-2025-encore-des-deces-et-des-defis-pour-mieux-proteger-les-pelerins\/\"]}]},{\"@type\":\"BreadcrumbList\",\"@id\":\"https:\/\/www.nettali.com\/2025\/06\/13\/hadji-2025-encore-des-deces-et-des-defis-pour-mieux-proteger-les-pelerins\/#breadcrumb\",\"itemListElement\":[{\"@type\":\"ListItem\",\"position\":1,\"name\":\"Accueil\",\"item\":\"https:\/\/www.nettali.com\/\"},{\"@type\":\"ListItem\",\"position\":2,\"name\":\"HADJI 2025 : encore des d\\u00e9c\\u00e8s et des d\\u00e9fis pour mieux prot\\u00e9ger les p\\u00e8lerins\"}]},{\"@type\":\"Person\",\"@id\":\"https:\/\/www.nettali.com\/#\/schema\/person\/3317e0bb3aa1da309fbf7b2780901bf4\",\"name\":\"Daouda\",\"image\":{\"@type\":\"ImageObject\",\"@id\":\"https:\/\/www.nettali.com\/#personlogo\",\"inLanguage\":\"fr-FR\",\"url\":\"https:\/\/secure.gravatar.com\/avatar\/8d143b5a49345098ddcfee1c49c2f47c?s=96&d=mm&r=g\",\"contentUrl\":\"https:\/\/secure.gravatar.com\/avatar\/8d143b5a49345098ddcfee1c49c2f47c?s=96&d=mm&r=g\",\"caption\":\"Daouda\"},\"sameAs\":[\"https:\/\/www.nettali.com\"]}]}<\/script>\n<!-- \/ Yoast SEO Premium plugin. -->","yoast_head_json":{"title":"HADJI 2025 : encore des d\u00e9c\u00e8s et des d\u00e9fis pour mieux prot\u00e9ger les p\u00e8lerins | Nettali.com","robots":{"index":"index","follow":"follow","max-snippet":"max-snippet:-1","max-image-preview":"max-image-preview:large","max-video-preview":"max-video-preview:-1"},"canonical":"https:\/\/www.nettali.com\/2025\/06\/13\/hadji-2025-encore-des-deces-et-des-defis-pour-mieux-proteger-les-pelerins\/","og_locale":"fr_FR","og_type":"article","og_title":"HADJI 2025 : encore des d\u00e9c\u00e8s et des d\u00e9fis pour mieux prot\u00e9ger les p\u00e8lerins","og_description":"NETTALI.COM - Deux nouveaux d\u00e9c\u00e8s ont endeuill\u00e9 le retour du Hadj 2025 pour la d\u00e9l\u00e9gation s\u00e9n\u00e9galaise. Ces deux femmes, \u00e2g\u00e9es de 50 et 71 ans, ont perdu la vie \u00e0 l\u2019a\u00e9roport Blaise Diagne de Diass, peu apr\u00e8s leur arriv\u00e9e de La Mecque. Ces drames s\u2019ajoutent aux nombreux cas de d\u00e9c\u00e8s enregistr\u00e9s cette ann\u00e9e parmi les [&hellip;]","og_url":"https:\/\/www.nettali.com\/2025\/06\/13\/hadji-2025-encore-des-deces-et-des-defis-pour-mieux-proteger-les-pelerins\/","og_site_name":"Nettali.com","article_publisher":"https:\/\/www.facebook.com\/nettalicom","article_published_time":"2025-06-13T19:13:10+00:00","article_modified_time":"2025-06-14T07:55:11+00:00","og_image":[{"width":680,"height":430,"url":"https:\/\/www.nettali.com\/wp-content\/uploads\/2019\/07\/Pelerinage-a-la-Mecque-1.jpg","type":"image\/jpeg"}],"twitter_card":"summary_large_image","twitter_misc":{"\u00c9crit par":"Daouda","Dur\u00e9e de lecture estim\u00e9e":"3 minutes"},"schema":{"@context":"https:\/\/schema.org","@graph":[{"@type":"WebSite","@id":"https:\/\/www.nettali.com\/#website","url":"https:\/\/www.nettali.com\/","name":"Nettali.com","description":"Le rendez-vous critique du Net","potentialAction":[{"@type":"SearchAction","target":{"@type":"EntryPoint","urlTemplate":"https:\/\/www.nettali.com\/?s={search_term_string}"},"query-input":"required name=search_term_string"}],"inLanguage":"fr-FR"},{"@type":"ImageObject","@id":"https:\/\/www.nettali.com\/2025\/06\/13\/hadji-2025-encore-des-deces-et-des-defis-pour-mieux-proteger-les-pelerins\/#primaryimage","inLanguage":"fr-FR","url":"https:\/\/www.nettali.com\/wp-content\/uploads\/2019\/07\/Pelerinage-a-la-Mecque-1.jpg","contentUrl":"https:\/\/www.nettali.com\/wp-content\/uploads\/2019\/07\/Pelerinage-a-la-Mecque-1.jpg","width":680,"height":430},{"@type":"WebPage","@id":"https:\/\/www.nettali.com\/2025\/06\/13\/hadji-2025-encore-des-deces-et-des-defis-pour-mieux-proteger-les-pelerins\/#webpage","url":"https:\/\/www.nettali.com\/2025\/06\/13\/hadji-2025-encore-des-deces-et-des-defis-pour-mieux-proteger-les-pelerins\/","name":"HADJI 2025 : encore des d\u00e9c\u00e8s et des d\u00e9fis pour mieux prot\u00e9ger les p\u00e8lerins | Nettali.com","isPartOf":{"@id":"https:\/\/www.nettali.com\/#website"},"primaryImageOfPage":{"@id":"https:\/\/www.nettali.com\/2025\/06\/13\/hadji-2025-encore-des-deces-et-des-defis-pour-mieux-proteger-les-pelerins\/#primaryimage"},"datePublished":"2025-06-13T19:13:10+00:00","dateModified":"2025-06-14T07:55:11+00:00","author":{"@id":"https:\/\/www.nettali.com\/#\/schema\/person\/3317e0bb3aa1da309fbf7b2780901bf4"},"breadcrumb":{"@id":"https:\/\/www.nettali.com\/2025\/06\/13\/hadji-2025-encore-des-deces-et-des-defis-pour-mieux-proteger-les-pelerins\/#breadcrumb"},"inLanguage":"fr-FR","potentialAction":[{"@type":"ReadAction","target":["https:\/\/www.nettali.com\/2025\/06\/13\/hadji-2025-encore-des-deces-et-des-defis-pour-mieux-proteger-les-pelerins\/"]}]},{"@type":"BreadcrumbList","@id":"https:\/\/www.nettali.com\/2025\/06\/13\/hadji-2025-encore-des-deces-et-des-defis-pour-mieux-proteger-les-pelerins\/#breadcrumb","itemListElement":[{"@type":"ListItem","position":1,"name":"Accueil","item":"https:\/\/www.nettali.com\/"},{"@type":"ListItem","position":2,"name":"HADJI 2025 : encore des d\u00e9c\u00e8s et des d\u00e9fis pour mieux prot\u00e9ger les p\u00e8lerins"}]},{"@type":"Person","@id":"https:\/\/www.nettali.com\/#\/schema\/person\/3317e0bb3aa1da309fbf7b2780901bf4","name":"Daouda","image":{"@type":"ImageObject","@id":"https:\/\/www.nettali.com\/#personlogo","inLanguage":"fr-FR","url":"https:\/\/secure.gravatar.com\/avatar\/8d143b5a49345098ddcfee1c49c2f47c?s=96&d=mm&r=g","contentUrl":"https:\/\/secure.gravatar.com\/avatar\/8d143b5a49345098ddcfee1c49c2f47c?s=96&d=mm&r=g","caption":"Daouda"},"sameAs":["https:\/\/www.nettali.com"]}]}},"_links":{"self":[{"href":"https:\/\/www.nettali.com\/rest\/wp\/v2\/posts\/155799"}],"collection":[{"href":"https:\/\/www.nettali.com\/rest\/wp\/v2\/posts"}],"about":[{"href":"https:\/\/www.nettali.com\/rest\/wp\/v2\/types\/post"}],"author":[{"embeddable":true,"href":"https:\/\/www.nettali.com\/rest\/wp\/v2\/users\/4"}],"replies":[{"embeddable":true,"href":"https:\/\/www.nettali.com\/rest\/wp\/v2\/comments?post=155799"}],"version-history":[{"count":1,"href":"https:\/\/www.nettali.com\/rest\/wp\/v2\/posts\/155799\/revisions"}],"predecessor-version":[{"id":155800,"href":"https:\/\/www.nettali.com\/rest\/wp\/v2\/posts\/155799\/revisions\/155800"}],"wp:featuredmedia":[{"embeddable":true,"href":"https:\/\/www.nettali.com\/rest\/wp\/v2\/media\/14001"}],"wp:attachment":[{"href":"https:\/\/www.nettali.com\/rest\/wp\/v2\/media?parent=155799"}],"wp:term":[{"taxonomy":"category","embeddable":true,"href":"https:\/\/www.nettali.com\/rest\/wp\/v2\/categories?post=155799"},{"taxonomy":"post_tag","embeddable":true,"href":"https:\/\/www.nettali.com\/rest\/wp\/v2\/tags?post=155799"}],"curies":[{"name":"wp","href":"https:\/\/api.w.org\/{rel}","templated":true}]}}