{"id":155762,"date":"2025-06-13T01:23:18","date_gmt":"2025-06-13T01:23:18","guid":{"rendered":"https:\/\/www.nettali.com\/?p=155762"},"modified":"2025-06-13T01:23:18","modified_gmt":"2025-06-13T01:23:18","slug":"tas-accuse-le-pastef-de-clanisme","status":"publish","type":"post","link":"https:\/\/www.nettali.com\/2025\/06\/13\/tas-accuse-le-pastef-de-clanisme\/","title":{"rendered":"TAS accuse le Pastef de \"clanisme\""},"content":{"rendered":"<p><strong>NETTALI.COM -<\/strong> Le leader du parti la R\u00e9publique des Valeurs (RDV), Thierno Alassane Sall, tire \u00e0 boulets rouges sur le parti au pouvoir, Pastef. Selon lui, les r\u00e9centes nominations de consuls g\u00e9n\u00e9raux adjoints r\u00e9v\u00e8lent une d\u00e9rive clanique et un accaparement de l\u2019appareil diplomatique par le parti du Premier ministre Ousmane Sonko.<\/p>\n<p>Dans une d\u00e9claration partag\u00e9e sur ses r\u00e9seaux sociaux, Thierno Alassane Sall d\u00e9nonce ce qu\u2019il qualifie d\u201d\u2019OPA du Pastef\u201d sur la diplomatie s\u00e9n\u00e9galaise, \u00e9voquant un mode de gouvernance marqu\u00e9 par un \u201c<em>app\u00e9tit clanique insatiable<\/em>\u201d. L\u2019ancien ministre de l\u2019\u00c9nergie sous Macky Sall s\u2019alarme du profil de certains diplomates r\u00e9cemment nomm\u00e9s, notamment \u00e0 Djeddah, o\u00f9 il estime que le choix op\u00e9r\u00e9 est \u201cscabreux\u201d.<\/p>\n<p>Il n\u2019a pas donn\u00e9 de nom, mais pointe du doigt des crit\u00e8res de s\u00e9lection qu\u2019il juge politiques plut\u00f4t que professionnels.<\/p>\n<p>\u201c<em>Le Syst\u00e8me a juste chang\u00e9 de couleur politique<\/em>\u201d, affirme-t-il, sugg\u00e9rant que les pratiques que Pastef d\u00e9non\u00e7ait hier sont d\u00e9sormais les siennes. L\u2019opposant accuse ainsi le nouveau r\u00e9gime de reproduire les m\u00e9thodes client\u00e9listes de l\u2019ancien pouvoir, malgr\u00e9 ses promesses de rupture et de transparence.<\/p>\n<div class='share-to-whatsapp-wrapper'><div class='share-on-whsp'>PARTAGER SUR : <\/div><a data-text='TAS accuse le Pastef de \"clanisme\"' data-link='https:\/\/www.nettali.com\/2025\/06\/13\/tas-accuse-le-pastef-de-clanisme\/' class='whatsapp-button whatsapp-share'>WhatsApp<\/a><div class='clear '><\/div><\/div>","protected":false},"excerpt":{"rendered":"<p>NETTALI.COM - Le leader du parti la R\u00e9publique des Valeurs (RDV), Thierno Alassane Sall, tire \u00e0 boulets rouges sur le parti au pouvoir, Pastef. Selon lui, les r\u00e9centes nominations de consuls g\u00e9n\u00e9raux adjoints r\u00e9v\u00e8lent une d\u00e9rive clanique et un accaparement de l\u2019appareil diplomatique par le parti du Premier ministre Ousmane Sonko. Dans une d\u00e9claration partag\u00e9e [&hellip;]<\/p>\n","protected":false},"author":2,"featured_media":155705,"comment_status":"open","ping_status":"open","sticky":false,"template":"","format":"standard","meta":{"_et_pb_use_builder":"","_et_pb_old_content":""},"categories":[2],"tags":[],"yoast_head":"<!-- This site is optimized with the Yoast SEO Premium plugin v17.8 (Yoast SEO v17.8) - https:\/\/yoast.com\/wordpress\/plugins\/seo\/ -->\n<title>TAS accuse le Pastef de &quot;clanisme&quot; | Nettali.com<\/title>\n<meta name=\"robots\" content=\"index, follow, max-snippet:-1, max-image-preview:large, max-video-preview:-1\" \/>\n<link rel=\"canonical\" href=\"https:\/\/www.nettali.com\/2025\/06\/13\/tas-accuse-le-pastef-de-clanisme\/\" \/>\n<meta property=\"og:locale\" content=\"fr_FR\" \/>\n<meta property=\"og:type\" content=\"article\" \/>\n<meta property=\"og:title\" content=\"TAS accuse le Pastef de &quot;clanisme&quot;\" \/>\n<meta property=\"og:description\" content=\"NETTALI.COM - Le leader du parti la R\u00e9publique des Valeurs (RDV), Thierno Alassane Sall, tire \u00e0 boulets rouges sur le parti au pouvoir, Pastef. Selon lui, les r\u00e9centes nominations de consuls g\u00e9n\u00e9raux adjoints r\u00e9v\u00e8lent une d\u00e9rive clanique et un accaparement de l\u2019appareil diplomatique par le parti du Premier ministre Ousmane Sonko. Dans une d\u00e9claration partag\u00e9e [&hellip;]\" \/>\n<meta property=\"og:url\" content=\"https:\/\/www.nettali.com\/2025\/06\/13\/tas-accuse-le-pastef-de-clanisme\/\" \/>\n<meta property=\"og:site_name\" content=\"Nettali.com\" \/>\n<meta property=\"article:publisher\" content=\"https:\/\/www.facebook.com\/nettalicom\" \/>\n<meta property=\"article:published_time\" content=\"2025-06-13T01:23:18+00:00\" \/>\n<meta property=\"og:image\" content=\"https:\/\/www.nettali.com\/wp-content\/uploads\/2025\/06\/Thierno-Alassane-Sall.jpg\" \/>\n\t<meta property=\"og:image:width\" content=\"1066\" \/>\n\t<meta property=\"og:image:height\" content=\"693\" \/>\n<meta name=\"twitter:card\" content=\"summary_large_image\" \/>\n<meta name=\"twitter:label1\" content=\"\u00c9crit par\" \/>\n\t<meta name=\"twitter:data1\" content=\"CK\" \/>\n\t<meta name=\"twitter:label2\" content=\"Dur\u00e9e de lecture estim\u00e9e\" \/>\n\t<meta name=\"twitter:data2\" content=\"1 minute\" \/>\n<script type=\"application\/ld+json\" class=\"yoast-schema-graph\">{\"@context\":\"https:\/\/schema.org\",\"@graph\":[{\"@type\":\"WebSite\",\"@id\":\"https:\/\/www.nettali.com\/#website\",\"url\":\"https:\/\/www.nettali.com\/\",\"name\":\"Nettali.com\",\"description\":\"Le rendez-vous critique du Net\",\"potentialAction\":[{\"@type\":\"SearchAction\",\"target\":{\"@type\":\"EntryPoint\",\"urlTemplate\":\"https:\/\/www.nettali.com\/?s={search_term_string}\"},\"query-input\":\"required name=search_term_string\"}],\"inLanguage\":\"fr-FR\"},{\"@type\":\"ImageObject\",\"@id\":\"https:\/\/www.nettali.com\/2025\/06\/13\/tas-accuse-le-pastef-de-clanisme\/#primaryimage\",\"inLanguage\":\"fr-FR\",\"url\":\"https:\/\/www.nettali.com\/wp-content\/uploads\/2025\/06\/Thierno-Alassane-Sall.jpg\",\"contentUrl\":\"https:\/\/www.nettali.com\/wp-content\/uploads\/2025\/06\/Thierno-Alassane-Sall.jpg\",\"width\":1066,\"height\":693},{\"@type\":\"WebPage\",\"@id\":\"https:\/\/www.nettali.com\/2025\/06\/13\/tas-accuse-le-pastef-de-clanisme\/#webpage\",\"url\":\"https:\/\/www.nettali.com\/2025\/06\/13\/tas-accuse-le-pastef-de-clanisme\/\",\"name\":\"TAS accuse le Pastef de \\\"clanisme\\\" | Nettali.com\",\"isPartOf\":{\"@id\":\"https:\/\/www.nettali.com\/#website\"},\"primaryImageOfPage\":{\"@id\":\"https:\/\/www.nettali.com\/2025\/06\/13\/tas-accuse-le-pastef-de-clanisme\/#primaryimage\"},\"datePublished\":\"2025-06-13T01:23:18+00:00\",\"dateModified\":\"2025-06-13T01:23:18+00:00\",\"author\":{\"@id\":\"https:\/\/www.nettali.com\/#\/schema\/person\/d8ac7b7e27ddad43f1c0d2ef090d7f71\"},\"breadcrumb\":{\"@id\":\"https:\/\/www.nettali.com\/2025\/06\/13\/tas-accuse-le-pastef-de-clanisme\/#breadcrumb\"},\"inLanguage\":\"fr-FR\",\"potentialAction\":[{\"@type\":\"ReadAction\",\"target\":[\"https:\/\/www.nettali.com\/2025\/06\/13\/tas-accuse-le-pastef-de-clanisme\/\"]}]},{\"@type\":\"BreadcrumbList\",\"@id\":\"https:\/\/www.nettali.com\/2025\/06\/13\/tas-accuse-le-pastef-de-clanisme\/#breadcrumb\",\"itemListElement\":[{\"@type\":\"ListItem\",\"position\":1,\"name\":\"Accueil\",\"item\":\"https:\/\/www.nettali.com\/\"},{\"@type\":\"ListItem\",\"position\":2,\"name\":\"TAS accuse le Pastef de \\\"clanisme\\\"\"}]},{\"@type\":\"Person\",\"@id\":\"https:\/\/www.nettali.com\/#\/schema\/person\/d8ac7b7e27ddad43f1c0d2ef090d7f71\",\"name\":\"CK\",\"image\":{\"@type\":\"ImageObject\",\"@id\":\"https:\/\/www.nettali.com\/#personlogo\",\"inLanguage\":\"fr-FR\",\"url\":\"https:\/\/secure.gravatar.com\/avatar\/1d8d5118b9327d94da7cd4ce7f17fec2?s=96&d=mm&r=g\",\"contentUrl\":\"https:\/\/secure.gravatar.com\/avatar\/1d8d5118b9327d94da7cd4ce7f17fec2?s=96&d=mm&r=g\",\"caption\":\"CK\"},\"sameAs\":[\"https:\/\/www.nettali.com\"]}]}<\/script>\n<!-- \/ Yoast SEO Premium plugin. -->","yoast_head_json":{"title":"TAS accuse le Pastef de \"clanisme\" | Nettali.com","robots":{"index":"index","follow":"follow","max-snippet":"max-snippet:-1","max-image-preview":"max-image-preview:large","max-video-preview":"max-video-preview:-1"},"canonical":"https:\/\/www.nettali.com\/2025\/06\/13\/tas-accuse-le-pastef-de-clanisme\/","og_locale":"fr_FR","og_type":"article","og_title":"TAS accuse le Pastef de \"clanisme\"","og_description":"NETTALI.COM - Le leader du parti la R\u00e9publique des Valeurs (RDV), Thierno Alassane Sall, tire \u00e0 boulets rouges sur le parti au pouvoir, Pastef. Selon lui, les r\u00e9centes nominations de consuls g\u00e9n\u00e9raux adjoints r\u00e9v\u00e8lent une d\u00e9rive clanique et un accaparement de l\u2019appareil diplomatique par le parti du Premier ministre Ousmane Sonko. Dans une d\u00e9claration partag\u00e9e [&hellip;]","og_url":"https:\/\/www.nettali.com\/2025\/06\/13\/tas-accuse-le-pastef-de-clanisme\/","og_site_name":"Nettali.com","article_publisher":"https:\/\/www.facebook.com\/nettalicom","article_published_time":"2025-06-13T01:23:18+00:00","og_image":[{"width":1066,"height":693,"url":"https:\/\/www.nettali.com\/wp-content\/uploads\/2025\/06\/Thierno-Alassane-Sall.jpg","type":"image\/jpeg"}],"twitter_card":"summary_large_image","twitter_misc":{"\u00c9crit par":"CK","Dur\u00e9e de lecture estim\u00e9e":"1 minute"},"schema":{"@context":"https:\/\/schema.org","@graph":[{"@type":"WebSite","@id":"https:\/\/www.nettali.com\/#website","url":"https:\/\/www.nettali.com\/","name":"Nettali.com","description":"Le rendez-vous critique du Net","potentialAction":[{"@type":"SearchAction","target":{"@type":"EntryPoint","urlTemplate":"https:\/\/www.nettali.com\/?s={search_term_string}"},"query-input":"required name=search_term_string"}],"inLanguage":"fr-FR"},{"@type":"ImageObject","@id":"https:\/\/www.nettali.com\/2025\/06\/13\/tas-accuse-le-pastef-de-clanisme\/#primaryimage","inLanguage":"fr-FR","url":"https:\/\/www.nettali.com\/wp-content\/uploads\/2025\/06\/Thierno-Alassane-Sall.jpg","contentUrl":"https:\/\/www.nettali.com\/wp-content\/uploads\/2025\/06\/Thierno-Alassane-Sall.jpg","width":1066,"height":693},{"@type":"WebPage","@id":"https:\/\/www.nettali.com\/2025\/06\/13\/tas-accuse-le-pastef-de-clanisme\/#webpage","url":"https:\/\/www.nettali.com\/2025\/06\/13\/tas-accuse-le-pastef-de-clanisme\/","name":"TAS accuse le Pastef de \"clanisme\" | Nettali.com","isPartOf":{"@id":"https:\/\/www.nettali.com\/#website"},"primaryImageOfPage":{"@id":"https:\/\/www.nettali.com\/2025\/06\/13\/tas-accuse-le-pastef-de-clanisme\/#primaryimage"},"datePublished":"2025-06-13T01:23:18+00:00","dateModified":"2025-06-13T01:23:18+00:00","author":{"@id":"https:\/\/www.nettali.com\/#\/schema\/person\/d8ac7b7e27ddad43f1c0d2ef090d7f71"},"breadcrumb":{"@id":"https:\/\/www.nettali.com\/2025\/06\/13\/tas-accuse-le-pastef-de-clanisme\/#breadcrumb"},"inLanguage":"fr-FR","potentialAction":[{"@type":"ReadAction","target":["https:\/\/www.nettali.com\/2025\/06\/13\/tas-accuse-le-pastef-de-clanisme\/"]}]},{"@type":"BreadcrumbList","@id":"https:\/\/www.nettali.com\/2025\/06\/13\/tas-accuse-le-pastef-de-clanisme\/#breadcrumb","itemListElement":[{"@type":"ListItem","position":1,"name":"Accueil","item":"https:\/\/www.nettali.com\/"},{"@type":"ListItem","position":2,"name":"TAS accuse le Pastef de \"clanisme\""}]},{"@type":"Person","@id":"https:\/\/www.nettali.com\/#\/schema\/person\/d8ac7b7e27ddad43f1c0d2ef090d7f71","name":"CK","image":{"@type":"ImageObject","@id":"https:\/\/www.nettali.com\/#personlogo","inLanguage":"fr-FR","url":"https:\/\/secure.gravatar.com\/avatar\/1d8d5118b9327d94da7cd4ce7f17fec2?s=96&d=mm&r=g","contentUrl":"https:\/\/secure.gravatar.com\/avatar\/1d8d5118b9327d94da7cd4ce7f17fec2?s=96&d=mm&r=g","caption":"CK"},"sameAs":["https:\/\/www.nettali.com"]}]}},"_links":{"self":[{"href":"https:\/\/www.nettali.com\/rest\/wp\/v2\/posts\/155762"}],"collection":[{"href":"https:\/\/www.nettali.com\/rest\/wp\/v2\/posts"}],"about":[{"href":"https:\/\/www.nettali.com\/rest\/wp\/v2\/types\/post"}],"author":[{"embeddable":true,"href":"https:\/\/www.nettali.com\/rest\/wp\/v2\/users\/2"}],"replies":[{"embeddable":true,"href":"https:\/\/www.nettali.com\/rest\/wp\/v2\/comments?post=155762"}],"version-history":[{"count":1,"href":"https:\/\/www.nettali.com\/rest\/wp\/v2\/posts\/155762\/revisions"}],"predecessor-version":[{"id":155763,"href":"https:\/\/www.nettali.com\/rest\/wp\/v2\/posts\/155762\/revisions\/155763"}],"wp:featuredmedia":[{"embeddable":true,"href":"https:\/\/www.nettali.com\/rest\/wp\/v2\/media\/155705"}],"wp:attachment":[{"href":"https:\/\/www.nettali.com\/rest\/wp\/v2\/media?parent=155762"}],"wp:term":[{"taxonomy":"category","embeddable":true,"href":"https:\/\/www.nettali.com\/rest\/wp\/v2\/categories?post=155762"},{"taxonomy":"post_tag","embeddable":true,"href":"https:\/\/www.nettali.com\/rest\/wp\/v2\/tags?post=155762"}],"curies":[{"name":"wp","href":"https:\/\/api.w.org\/{rel}","templated":true}]}}