{"id":155759,"date":"2025-06-13T01:20:25","date_gmt":"2025-06-13T01:20:25","guid":{"rendered":"https:\/\/www.nettali.com\/?p=155759"},"modified":"2025-06-14T10:19:59","modified_gmt":"2025-06-14T10:19:59","slug":"suspension-public-sn-la-cour-supreme-desavoue-le-ministre-de-la-communication","status":"publish","type":"post","link":"https:\/\/www.nettali.com\/2025\/06\/13\/suspension-public-sn-la-cour-supreme-desavoue-le-ministre-de-la-communication\/","title":{"rendered":"SUSPENSION PUBLIC SN - La Cour supr\u00eame d\u00e9savoue le ministre de la Communication"},"content":{"rendered":"<p><strong>NETTALI.COM -<\/strong> La Cour supr\u00eame a suspendu, ce jeudi 12 juin, la notification de cessation de parution visant Public SN, le m\u00e9dium dirig\u00e9 par la journaliste A\u00efssatou Diop Fall. L\u2019annonce a \u00e9t\u00e9 faite par Me Abdou Dialy Kane, avocat de la journaliste, \u00e0 l\u2019issue du d\u00e9lib\u00e9r\u00e9 du tribunal, selon le pr\u00e9sident du Conseil des diffuseurs et \u00e9diteurs de presse au S\u00e9n\u00e9gal (Cdeps). La d\u00e9cision \u00e9crite est attendue en d\u00e9but de semaine prochaine, selon Mamoudou Ibra Kane.<\/p>\n<p>Cette suspension constitue un tournant majeur dans le bras de fer opposant plusieurs organes de presse au minist\u00e8re de la Communication, des T\u00e9l\u00e9communications et du Num\u00e9rique (MCTN). En effet, un arr\u00eat\u00e9 minist\u00e9riel controvers\u00e9 avait ordonn\u00e9 la cessation de parution et de diffusion de plusieurs m\u00e9dias jug\u00e9s \u201cnon conformes\u201d, dont Public SN.<\/p>\n<p>Qualifi\u00e9 d\u2019ill\u00e9gal par plusieurs voix dans le secteur des m\u00e9dias, cet arr\u00eat\u00e9 avait \u00e9t\u00e9 notifi\u00e9 \u00e0 une dizaine d\u2019organes de presse, entra\u00eenant la fermeture forc\u00e9e de certains d\u2019entre eux et le licenciement de dizaines de travailleurs. Un premier recours en r\u00e9f\u00e9r\u00e9 d\u00e9pos\u00e9 contre cette d\u00e9cision n\u2019avait pas prosp\u00e9r\u00e9, en raison d\u2019un vice de forme. Mais avec cette d\u00e9cision de la plus haute juridiction du pays, le droit a \u00e9t\u00e9 dit, selon Mamoudou Ibra Kane, pr\u00e9sident du Conseil des diffuseurs et \u00e9diteurs de presse du S\u00e9n\u00e9gal, qui se f\u00e9licite d\u2019une victoire incontestable pour la libert\u00e9 de la presse.<\/p>\n<p>\u201cTous les actes pos\u00e9s par le ministre, y compris les fameuses listes \u2018officielles\u2019 de m\u00e9dias reconnus par l\u2019\u00c9tat, tombent d\u00e9sormais en caducit\u00e9\u201d, a-t-il d\u00e9clar\u00e9.<\/p>\n<p>En attendant la publication officielle du jugement, cette d\u00e9cision de justice fragilise consid\u00e9rablement la l\u00e9gitimit\u00e9 de l'arr\u00eat\u00e9 minist\u00e9riel et pourrait ouvrir la voie \u00e0 d\u2019autres recours en justice de la part des m\u00e9dias touch\u00e9s.<\/p>\n<div class='share-to-whatsapp-wrapper'><div class='share-on-whsp'>PARTAGER SUR : <\/div><a data-text='SUSPENSION PUBLIC SN - La Cour supr\u00eame d\u00e9savoue le ministre de la Communication' data-link='https:\/\/www.nettali.com\/2025\/06\/13\/suspension-public-sn-la-cour-supreme-desavoue-le-ministre-de-la-communication\/' class='whatsapp-button whatsapp-share'>WhatsApp<\/a><div class='clear '><\/div><\/div>","protected":false},"excerpt":{"rendered":"<p>NETTALI.COM - La Cour supr\u00eame a suspendu, ce jeudi 12 juin, la notification de cessation de parution visant Public SN, le m\u00e9dium dirig\u00e9 par la journaliste A\u00efssatou Diop Fall. L\u2019annonce a \u00e9t\u00e9 faite par Me Abdou Dialy Kane, avocat de la journaliste, \u00e0 l\u2019issue du d\u00e9lib\u00e9r\u00e9 du tribunal, selon le pr\u00e9sident du Conseil des diffuseurs [&hellip;]<\/p>\n","protected":false},"author":2,"featured_media":155760,"comment_status":"open","ping_status":"open","sticky":false,"template":"","format":"standard","meta":{"_et_pb_use_builder":"","_et_pb_old_content":""},"categories":[34945],"tags":[],"yoast_head":"<!-- This site is optimized with the Yoast SEO Premium plugin v17.8 (Yoast SEO v17.8) - https:\/\/yoast.com\/wordpress\/plugins\/seo\/ -->\n<title>SUSPENSION PUBLIC SN - La Cour supr\u00eame d\u00e9savoue le ministre de la Communication | Nettali.com<\/title>\n<meta name=\"robots\" content=\"index, follow, max-snippet:-1, max-image-preview:large, max-video-preview:-1\" \/>\n<link rel=\"canonical\" href=\"https:\/\/www.nettali.com\/2025\/06\/13\/suspension-public-sn-la-cour-supreme-desavoue-le-ministre-de-la-communication\/\" \/>\n<meta property=\"og:locale\" content=\"fr_FR\" \/>\n<meta property=\"og:type\" content=\"article\" \/>\n<meta property=\"og:title\" content=\"SUSPENSION PUBLIC SN - La Cour supr\u00eame d\u00e9savoue le ministre de la Communication\" \/>\n<meta property=\"og:description\" content=\"NETTALI.COM - La Cour supr\u00eame a suspendu, ce jeudi 12 juin, la notification de cessation de parution visant Public SN, le m\u00e9dium dirig\u00e9 par la journaliste A\u00efssatou Diop Fall. L\u2019annonce a \u00e9t\u00e9 faite par Me Abdou Dialy Kane, avocat de la journaliste, \u00e0 l\u2019issue du d\u00e9lib\u00e9r\u00e9 du tribunal, selon le pr\u00e9sident du Conseil des diffuseurs [&hellip;]\" \/>\n<meta property=\"og:url\" content=\"https:\/\/www.nettali.com\/2025\/06\/13\/suspension-public-sn-la-cour-supreme-desavoue-le-ministre-de-la-communication\/\" \/>\n<meta property=\"og:site_name\" content=\"Nettali.com\" \/>\n<meta property=\"article:publisher\" content=\"https:\/\/www.facebook.com\/nettalicom\" \/>\n<meta property=\"article:published_time\" content=\"2025-06-13T01:20:25+00:00\" \/>\n<meta property=\"article:modified_time\" content=\"2025-06-14T10:19:59+00:00\" \/>\n<meta property=\"og:image\" content=\"https:\/\/www.nettali.com\/wp-content\/uploads\/2025\/06\/alioune-sall.jpg\" \/>\n\t<meta property=\"og:image:width\" content=\"600\" \/>\n\t<meta property=\"og:image:height\" content=\"406\" \/>\n<meta name=\"twitter:card\" content=\"summary_large_image\" \/>\n<meta name=\"twitter:label1\" content=\"\u00c9crit par\" \/>\n\t<meta name=\"twitter:data1\" content=\"CK\" \/>\n\t<meta name=\"twitter:label2\" content=\"Dur\u00e9e de lecture estim\u00e9e\" \/>\n\t<meta name=\"twitter:data2\" content=\"2 minutes\" \/>\n<script type=\"application\/ld+json\" class=\"yoast-schema-graph\">{\"@context\":\"https:\/\/schema.org\",\"@graph\":[{\"@type\":\"WebSite\",\"@id\":\"https:\/\/www.nettali.com\/#website\",\"url\":\"https:\/\/www.nettali.com\/\",\"name\":\"Nettali.com\",\"description\":\"Le rendez-vous critique du Net\",\"potentialAction\":[{\"@type\":\"SearchAction\",\"target\":{\"@type\":\"EntryPoint\",\"urlTemplate\":\"https:\/\/www.nettali.com\/?s={search_term_string}\"},\"query-input\":\"required name=search_term_string\"}],\"inLanguage\":\"fr-FR\"},{\"@type\":\"ImageObject\",\"@id\":\"https:\/\/www.nettali.com\/2025\/06\/13\/suspension-public-sn-la-cour-supreme-desavoue-le-ministre-de-la-communication\/#primaryimage\",\"inLanguage\":\"fr-FR\",\"url\":\"https:\/\/www.nettali.com\/wp-content\/uploads\/2025\/06\/alioune-sall.jpg\",\"contentUrl\":\"https:\/\/www.nettali.com\/wp-content\/uploads\/2025\/06\/alioune-sall.jpg\",\"width\":600,\"height\":406},{\"@type\":\"WebPage\",\"@id\":\"https:\/\/www.nettali.com\/2025\/06\/13\/suspension-public-sn-la-cour-supreme-desavoue-le-ministre-de-la-communication\/#webpage\",\"url\":\"https:\/\/www.nettali.com\/2025\/06\/13\/suspension-public-sn-la-cour-supreme-desavoue-le-ministre-de-la-communication\/\",\"name\":\"SUSPENSION PUBLIC SN - La Cour supr\\u00eame d\\u00e9savoue le ministre de la Communication | Nettali.com\",\"isPartOf\":{\"@id\":\"https:\/\/www.nettali.com\/#website\"},\"primaryImageOfPage\":{\"@id\":\"https:\/\/www.nettali.com\/2025\/06\/13\/suspension-public-sn-la-cour-supreme-desavoue-le-ministre-de-la-communication\/#primaryimage\"},\"datePublished\":\"2025-06-13T01:20:25+00:00\",\"dateModified\":\"2025-06-14T10:19:59+00:00\",\"author\":{\"@id\":\"https:\/\/www.nettali.com\/#\/schema\/person\/d8ac7b7e27ddad43f1c0d2ef090d7f71\"},\"breadcrumb\":{\"@id\":\"https:\/\/www.nettali.com\/2025\/06\/13\/suspension-public-sn-la-cour-supreme-desavoue-le-ministre-de-la-communication\/#breadcrumb\"},\"inLanguage\":\"fr-FR\",\"potentialAction\":[{\"@type\":\"ReadAction\",\"target\":[\"https:\/\/www.nettali.com\/2025\/06\/13\/suspension-public-sn-la-cour-supreme-desavoue-le-ministre-de-la-communication\/\"]}]},{\"@type\":\"BreadcrumbList\",\"@id\":\"https:\/\/www.nettali.com\/2025\/06\/13\/suspension-public-sn-la-cour-supreme-desavoue-le-ministre-de-la-communication\/#breadcrumb\",\"itemListElement\":[{\"@type\":\"ListItem\",\"position\":1,\"name\":\"Accueil\",\"item\":\"https:\/\/www.nettali.com\/\"},{\"@type\":\"ListItem\",\"position\":2,\"name\":\"SUSPENSION PUBLIC SN - La Cour supr\\u00eame d\\u00e9savoue le ministre de la Communication\"}]},{\"@type\":\"Person\",\"@id\":\"https:\/\/www.nettali.com\/#\/schema\/person\/d8ac7b7e27ddad43f1c0d2ef090d7f71\",\"name\":\"CK\",\"image\":{\"@type\":\"ImageObject\",\"@id\":\"https:\/\/www.nettali.com\/#personlogo\",\"inLanguage\":\"fr-FR\",\"url\":\"https:\/\/secure.gravatar.com\/avatar\/1d8d5118b9327d94da7cd4ce7f17fec2?s=96&d=mm&r=g\",\"contentUrl\":\"https:\/\/secure.gravatar.com\/avatar\/1d8d5118b9327d94da7cd4ce7f17fec2?s=96&d=mm&r=g\",\"caption\":\"CK\"},\"sameAs\":[\"https:\/\/www.nettali.com\"]}]}<\/script>\n<!-- \/ Yoast SEO Premium plugin. -->","yoast_head_json":{"title":"SUSPENSION PUBLIC SN - La Cour supr\u00eame d\u00e9savoue le ministre de la Communication | Nettali.com","robots":{"index":"index","follow":"follow","max-snippet":"max-snippet:-1","max-image-preview":"max-image-preview:large","max-video-preview":"max-video-preview:-1"},"canonical":"https:\/\/www.nettali.com\/2025\/06\/13\/suspension-public-sn-la-cour-supreme-desavoue-le-ministre-de-la-communication\/","og_locale":"fr_FR","og_type":"article","og_title":"SUSPENSION PUBLIC SN - La Cour supr\u00eame d\u00e9savoue le ministre de la Communication","og_description":"NETTALI.COM - La Cour supr\u00eame a suspendu, ce jeudi 12 juin, la notification de cessation de parution visant Public SN, le m\u00e9dium dirig\u00e9 par la journaliste A\u00efssatou Diop Fall. L\u2019annonce a \u00e9t\u00e9 faite par Me Abdou Dialy Kane, avocat de la journaliste, \u00e0 l\u2019issue du d\u00e9lib\u00e9r\u00e9 du tribunal, selon le pr\u00e9sident du Conseil des diffuseurs [&hellip;]","og_url":"https:\/\/www.nettali.com\/2025\/06\/13\/suspension-public-sn-la-cour-supreme-desavoue-le-ministre-de-la-communication\/","og_site_name":"Nettali.com","article_publisher":"https:\/\/www.facebook.com\/nettalicom","article_published_time":"2025-06-13T01:20:25+00:00","article_modified_time":"2025-06-14T10:19:59+00:00","og_image":[{"width":600,"height":406,"url":"https:\/\/www.nettali.com\/wp-content\/uploads\/2025\/06\/alioune-sall.jpg","type":"image\/jpeg"}],"twitter_card":"summary_large_image","twitter_misc":{"\u00c9crit par":"CK","Dur\u00e9e de lecture estim\u00e9e":"2 minutes"},"schema":{"@context":"https:\/\/schema.org","@graph":[{"@type":"WebSite","@id":"https:\/\/www.nettali.com\/#website","url":"https:\/\/www.nettali.com\/","name":"Nettali.com","description":"Le rendez-vous critique du Net","potentialAction":[{"@type":"SearchAction","target":{"@type":"EntryPoint","urlTemplate":"https:\/\/www.nettali.com\/?s={search_term_string}"},"query-input":"required name=search_term_string"}],"inLanguage":"fr-FR"},{"@type":"ImageObject","@id":"https:\/\/www.nettali.com\/2025\/06\/13\/suspension-public-sn-la-cour-supreme-desavoue-le-ministre-de-la-communication\/#primaryimage","inLanguage":"fr-FR","url":"https:\/\/www.nettali.com\/wp-content\/uploads\/2025\/06\/alioune-sall.jpg","contentUrl":"https:\/\/www.nettali.com\/wp-content\/uploads\/2025\/06\/alioune-sall.jpg","width":600,"height":406},{"@type":"WebPage","@id":"https:\/\/www.nettali.com\/2025\/06\/13\/suspension-public-sn-la-cour-supreme-desavoue-le-ministre-de-la-communication\/#webpage","url":"https:\/\/www.nettali.com\/2025\/06\/13\/suspension-public-sn-la-cour-supreme-desavoue-le-ministre-de-la-communication\/","name":"SUSPENSION PUBLIC SN - La Cour supr\u00eame d\u00e9savoue le ministre de la Communication | Nettali.com","isPartOf":{"@id":"https:\/\/www.nettali.com\/#website"},"primaryImageOfPage":{"@id":"https:\/\/www.nettali.com\/2025\/06\/13\/suspension-public-sn-la-cour-supreme-desavoue-le-ministre-de-la-communication\/#primaryimage"},"datePublished":"2025-06-13T01:20:25+00:00","dateModified":"2025-06-14T10:19:59+00:00","author":{"@id":"https:\/\/www.nettali.com\/#\/schema\/person\/d8ac7b7e27ddad43f1c0d2ef090d7f71"},"breadcrumb":{"@id":"https:\/\/www.nettali.com\/2025\/06\/13\/suspension-public-sn-la-cour-supreme-desavoue-le-ministre-de-la-communication\/#breadcrumb"},"inLanguage":"fr-FR","potentialAction":[{"@type":"ReadAction","target":["https:\/\/www.nettali.com\/2025\/06\/13\/suspension-public-sn-la-cour-supreme-desavoue-le-ministre-de-la-communication\/"]}]},{"@type":"BreadcrumbList","@id":"https:\/\/www.nettali.com\/2025\/06\/13\/suspension-public-sn-la-cour-supreme-desavoue-le-ministre-de-la-communication\/#breadcrumb","itemListElement":[{"@type":"ListItem","position":1,"name":"Accueil","item":"https:\/\/www.nettali.com\/"},{"@type":"ListItem","position":2,"name":"SUSPENSION PUBLIC SN - La Cour supr\u00eame d\u00e9savoue le ministre de la Communication"}]},{"@type":"Person","@id":"https:\/\/www.nettali.com\/#\/schema\/person\/d8ac7b7e27ddad43f1c0d2ef090d7f71","name":"CK","image":{"@type":"ImageObject","@id":"https:\/\/www.nettali.com\/#personlogo","inLanguage":"fr-FR","url":"https:\/\/secure.gravatar.com\/avatar\/1d8d5118b9327d94da7cd4ce7f17fec2?s=96&d=mm&r=g","contentUrl":"https:\/\/secure.gravatar.com\/avatar\/1d8d5118b9327d94da7cd4ce7f17fec2?s=96&d=mm&r=g","caption":"CK"},"sameAs":["https:\/\/www.nettali.com"]}]}},"_links":{"self":[{"href":"https:\/\/www.nettali.com\/rest\/wp\/v2\/posts\/155759"}],"collection":[{"href":"https:\/\/www.nettali.com\/rest\/wp\/v2\/posts"}],"about":[{"href":"https:\/\/www.nettali.com\/rest\/wp\/v2\/types\/post"}],"author":[{"embeddable":true,"href":"https:\/\/www.nettali.com\/rest\/wp\/v2\/users\/2"}],"replies":[{"embeddable":true,"href":"https:\/\/www.nettali.com\/rest\/wp\/v2\/comments?post=155759"}],"version-history":[{"count":1,"href":"https:\/\/www.nettali.com\/rest\/wp\/v2\/posts\/155759\/revisions"}],"predecessor-version":[{"id":155761,"href":"https:\/\/www.nettali.com\/rest\/wp\/v2\/posts\/155759\/revisions\/155761"}],"wp:featuredmedia":[{"embeddable":true,"href":"https:\/\/www.nettali.com\/rest\/wp\/v2\/media\/155760"}],"wp:attachment":[{"href":"https:\/\/www.nettali.com\/rest\/wp\/v2\/media?parent=155759"}],"wp:term":[{"taxonomy":"category","embeddable":true,"href":"https:\/\/www.nettali.com\/rest\/wp\/v2\/categories?post=155759"},{"taxonomy":"post_tag","embeddable":true,"href":"https:\/\/www.nettali.com\/rest\/wp\/v2\/tags?post=155759"}],"curies":[{"name":"wp","href":"https:\/\/api.w.org\/{rel}","templated":true}]}}