{"id":155754,"date":"2025-06-13T00:06:10","date_gmt":"2025-06-13T00:06:10","guid":{"rendered":"https:\/\/www.nettali.com\/?p=155754"},"modified":"2025-06-13T00:06:10","modified_gmt":"2025-06-13T00:06:10","slug":"real-madrid-trent-alexander-arnold-prend-le-12-de-marcelo","status":"publish","type":"post","link":"https:\/\/www.nettali.com\/2025\/06\/13\/real-madrid-trent-alexander-arnold-prend-le-12-de-marcelo\/","title":{"rendered":"REAL MADRID - Trent Alexander-Arnold prend le 12 de Marcelo"},"content":{"rendered":"<p><strong>NETTALI.COM - A quelques jours de la Coupe du monde des clubs (14 juin-13 juillet), le Real Madrid continue d'empiler les recrues. Apr\u00e8s Dean Huijsen et l'arriv\u00e9e prochaine de Franco Mastantuono, la Casa Blanca a officialis\u00e9 l'arriv\u00e9e de Trent Alexander-Arnold (26 ans) en provenance de Liverpool, son club formateur avec lequel il avait d\u00e9but\u00e9 \u00e0 seulement 18 ans.<\/strong><\/p>\n<p>Apr\u00e8s vingt ans pass\u00e9s au bord de la Mersey, Trent Alexander-Arnold a officiellement \u00e9t\u00e9 pr\u00e9sent\u00e9 par le Real Madrid ce mercredi. Le lat\u00e9ral droit s'est engag\u00e9 avec le club madril\u00e8ne \u00e0 la fin du mois de mai pour six ans. Le Real aurait d\u00e9bours\u00e9 pr\u00e8s de 10 millions d'euros pour le recruter avant la fin de son contrat avec Liverpool.<\/p>\n<p>Au cours de sa pr\u00e9sentation, le lat\u00e9ral international anglais (34 s\u00e9lections) a fait part de son amour pour le multiple vainqueur de la Ligue des champions. \"<em>Si je devais quitter Liverpool un jour, c'\u00e9tait seulement pour jouer au Real Madrid<\/em>\", a-t-il d\u00e9clar\u00e9. \"<em>C'\u00e9tait le seul club pour moi. C'\u00e9tait une d\u00e9cision tr\u00e8s difficile, mais je pense que c'est la bonne<\/em>\", a t-il ajout\u00e9.<\/p>\n<p>Le Britannique a assur\u00e9 que signer au Real \u00e9tait \"<em>un r\u00eave devenu r\u00e9alit\u00e9<\/em>\" mais qu'il \u00e9tait \"<em>conscient<\/em>\" que jouer pour le club espagnol et ses quinze Ligue des champions \u00e9tait \"<em>une grande responsabilit\u00e9<\/em>\" \"<em>L'une des raisons pour lesquelles j'ai rejoint le club, c'est pour faire partie de cette incroyable histoire<\/em>\", a poursuivi Alexander-Arnold, qui avait pos\u00e9 plus t\u00f4t aux c\u00f4t\u00e9s du pr\u00e9sident merengue Florentino P\u00e9rez avec son nouveau maillot floqu\u00e9 de son pr\u00e9nom Trent, et du num\u00e9ro 12, le num\u00e9ro du l\u00e9gendaire Marcelo Vieira.<\/p>\n<div class='share-to-whatsapp-wrapper'><div class='share-on-whsp'>PARTAGER SUR : <\/div><a data-text='REAL MADRID - Trent Alexander-Arnold prend le 12 de Marcelo' data-link='https:\/\/www.nettali.com\/2025\/06\/13\/real-madrid-trent-alexander-arnold-prend-le-12-de-marcelo\/' class='whatsapp-button whatsapp-share'>WhatsApp<\/a><div class='clear '><\/div><\/div>","protected":false},"excerpt":{"rendered":"<p>NETTALI.COM - A quelques jours de la Coupe du monde des clubs (14 juin-13 juillet), le Real Madrid continue d'empiler les recrues. Apr\u00e8s Dean Huijsen et l'arriv\u00e9e prochaine de Franco Mastantuono, la Casa Blanca a officialis\u00e9 l'arriv\u00e9e de Trent Alexander-Arnold (26 ans) en provenance de Liverpool, son club formateur avec lequel il avait d\u00e9but\u00e9 \u00e0 [&hellip;]<\/p>\n","protected":false},"author":5,"featured_media":155755,"comment_status":"open","ping_status":"open","sticky":false,"template":"","format":"standard","meta":{"_et_pb_use_builder":"","_et_pb_old_content":""},"categories":[6],"tags":[],"yoast_head":"<!-- This site is optimized with the Yoast SEO Premium plugin v17.8 (Yoast SEO v17.8) - https:\/\/yoast.com\/wordpress\/plugins\/seo\/ -->\n<title>REAL MADRID - Trent Alexander-Arnold prend le 12 de Marcelo | Nettali.com<\/title>\n<meta name=\"robots\" content=\"index, follow, max-snippet:-1, max-image-preview:large, max-video-preview:-1\" \/>\n<link rel=\"canonical\" href=\"https:\/\/www.nettali.com\/2025\/06\/13\/real-madrid-trent-alexander-arnold-prend-le-12-de-marcelo\/\" \/>\n<meta property=\"og:locale\" content=\"fr_FR\" \/>\n<meta property=\"og:type\" content=\"article\" \/>\n<meta property=\"og:title\" content=\"REAL MADRID - Trent Alexander-Arnold prend le 12 de Marcelo\" \/>\n<meta property=\"og:description\" content=\"NETTALI.COM - A quelques jours de la Coupe du monde des clubs (14 juin-13 juillet), le Real Madrid continue d&#039;empiler les recrues. Apr\u00e8s Dean Huijsen et l&#039;arriv\u00e9e prochaine de Franco Mastantuono, la Casa Blanca a officialis\u00e9 l&#039;arriv\u00e9e de Trent Alexander-Arnold (26 ans) en provenance de Liverpool, son club formateur avec lequel il avait d\u00e9but\u00e9 \u00e0 [&hellip;]\" \/>\n<meta property=\"og:url\" content=\"https:\/\/www.nettali.com\/2025\/06\/13\/real-madrid-trent-alexander-arnold-prend-le-12-de-marcelo\/\" \/>\n<meta property=\"og:site_name\" content=\"Nettali.com\" \/>\n<meta property=\"article:publisher\" content=\"https:\/\/www.facebook.com\/nettalicom\" \/>\n<meta property=\"article:published_time\" content=\"2025-06-13T00:06:10+00:00\" \/>\n<meta property=\"og:image\" content=\"https:\/\/www.nettali.com\/wp-content\/uploads\/2025\/06\/GettyImages-2219776743.jpg-scaled.jpg\" \/>\n\t<meta property=\"og:image:width\" content=\"2560\" \/>\n\t<meta property=\"og:image:height\" content=\"1440\" \/>\n<meta name=\"twitter:card\" content=\"summary_large_image\" \/>\n<meta name=\"twitter:label1\" content=\"\u00c9crit par\" \/>\n\t<meta name=\"twitter:data1\" content=\"Ibrahima\" \/>\n\t<meta name=\"twitter:label2\" content=\"Dur\u00e9e de lecture estim\u00e9e\" \/>\n\t<meta name=\"twitter:data2\" content=\"2 minutes\" \/>\n<script type=\"application\/ld+json\" class=\"yoast-schema-graph\">{\"@context\":\"https:\/\/schema.org\",\"@graph\":[{\"@type\":\"WebSite\",\"@id\":\"https:\/\/www.nettali.com\/#website\",\"url\":\"https:\/\/www.nettali.com\/\",\"name\":\"Nettali.com\",\"description\":\"Le rendez-vous critique du Net\",\"potentialAction\":[{\"@type\":\"SearchAction\",\"target\":{\"@type\":\"EntryPoint\",\"urlTemplate\":\"https:\/\/www.nettali.com\/?s={search_term_string}\"},\"query-input\":\"required name=search_term_string\"}],\"inLanguage\":\"fr-FR\"},{\"@type\":\"ImageObject\",\"@id\":\"https:\/\/www.nettali.com\/2025\/06\/13\/real-madrid-trent-alexander-arnold-prend-le-12-de-marcelo\/#primaryimage\",\"inLanguage\":\"fr-FR\",\"url\":\"https:\/\/www.nettali.com\/wp-content\/uploads\/2025\/06\/GettyImages-2219776743.jpg-scaled.jpg\",\"contentUrl\":\"https:\/\/www.nettali.com\/wp-content\/uploads\/2025\/06\/GettyImages-2219776743.jpg-scaled.jpg\",\"width\":2560,\"height\":1440},{\"@type\":\"WebPage\",\"@id\":\"https:\/\/www.nettali.com\/2025\/06\/13\/real-madrid-trent-alexander-arnold-prend-le-12-de-marcelo\/#webpage\",\"url\":\"https:\/\/www.nettali.com\/2025\/06\/13\/real-madrid-trent-alexander-arnold-prend-le-12-de-marcelo\/\",\"name\":\"REAL MADRID - Trent Alexander-Arnold prend le 12 de Marcelo | Nettali.com\",\"isPartOf\":{\"@id\":\"https:\/\/www.nettali.com\/#website\"},\"primaryImageOfPage\":{\"@id\":\"https:\/\/www.nettali.com\/2025\/06\/13\/real-madrid-trent-alexander-arnold-prend-le-12-de-marcelo\/#primaryimage\"},\"datePublished\":\"2025-06-13T00:06:10+00:00\",\"dateModified\":\"2025-06-13T00:06:10+00:00\",\"author\":{\"@id\":\"https:\/\/www.nettali.com\/#\/schema\/person\/bb147657c2986240405a608162b9bb23\"},\"breadcrumb\":{\"@id\":\"https:\/\/www.nettali.com\/2025\/06\/13\/real-madrid-trent-alexander-arnold-prend-le-12-de-marcelo\/#breadcrumb\"},\"inLanguage\":\"fr-FR\",\"potentialAction\":[{\"@type\":\"ReadAction\",\"target\":[\"https:\/\/www.nettali.com\/2025\/06\/13\/real-madrid-trent-alexander-arnold-prend-le-12-de-marcelo\/\"]}]},{\"@type\":\"BreadcrumbList\",\"@id\":\"https:\/\/www.nettali.com\/2025\/06\/13\/real-madrid-trent-alexander-arnold-prend-le-12-de-marcelo\/#breadcrumb\",\"itemListElement\":[{\"@type\":\"ListItem\",\"position\":1,\"name\":\"Accueil\",\"item\":\"https:\/\/www.nettali.com\/\"},{\"@type\":\"ListItem\",\"position\":2,\"name\":\"REAL MADRID - Trent Alexander-Arnold prend le 12 de Marcelo\"}]},{\"@type\":\"Person\",\"@id\":\"https:\/\/www.nettali.com\/#\/schema\/person\/bb147657c2986240405a608162b9bb23\",\"name\":\"Ibrahima\",\"image\":{\"@type\":\"ImageObject\",\"@id\":\"https:\/\/www.nettali.com\/#personlogo\",\"inLanguage\":\"fr-FR\",\"url\":\"https:\/\/secure.gravatar.com\/avatar\/26a8a81f09f0dd7624c9d5c36c9ba3a2?s=96&d=mm&r=g\",\"contentUrl\":\"https:\/\/secure.gravatar.com\/avatar\/26a8a81f09f0dd7624c9d5c36c9ba3a2?s=96&d=mm&r=g\",\"caption\":\"Ibrahima\"},\"sameAs\":[\"https:\/\/www.nettali.com\"]}]}<\/script>\n<!-- \/ Yoast SEO Premium plugin. -->","yoast_head_json":{"title":"REAL MADRID - Trent Alexander-Arnold prend le 12 de Marcelo | Nettali.com","robots":{"index":"index","follow":"follow","max-snippet":"max-snippet:-1","max-image-preview":"max-image-preview:large","max-video-preview":"max-video-preview:-1"},"canonical":"https:\/\/www.nettali.com\/2025\/06\/13\/real-madrid-trent-alexander-arnold-prend-le-12-de-marcelo\/","og_locale":"fr_FR","og_type":"article","og_title":"REAL MADRID - Trent Alexander-Arnold prend le 12 de Marcelo","og_description":"NETTALI.COM - A quelques jours de la Coupe du monde des clubs (14 juin-13 juillet), le Real Madrid continue d'empiler les recrues. Apr\u00e8s Dean Huijsen et l'arriv\u00e9e prochaine de Franco Mastantuono, la Casa Blanca a officialis\u00e9 l'arriv\u00e9e de Trent Alexander-Arnold (26 ans) en provenance de Liverpool, son club formateur avec lequel il avait d\u00e9but\u00e9 \u00e0 [&hellip;]","og_url":"https:\/\/www.nettali.com\/2025\/06\/13\/real-madrid-trent-alexander-arnold-prend-le-12-de-marcelo\/","og_site_name":"Nettali.com","article_publisher":"https:\/\/www.facebook.com\/nettalicom","article_published_time":"2025-06-13T00:06:10+00:00","og_image":[{"width":2560,"height":1440,"url":"https:\/\/www.nettali.com\/wp-content\/uploads\/2025\/06\/GettyImages-2219776743.jpg-scaled.jpg","type":"image\/jpeg"}],"twitter_card":"summary_large_image","twitter_misc":{"\u00c9crit par":"Ibrahima","Dur\u00e9e de lecture estim\u00e9e":"2 minutes"},"schema":{"@context":"https:\/\/schema.org","@graph":[{"@type":"WebSite","@id":"https:\/\/www.nettali.com\/#website","url":"https:\/\/www.nettali.com\/","name":"Nettali.com","description":"Le rendez-vous critique du Net","potentialAction":[{"@type":"SearchAction","target":{"@type":"EntryPoint","urlTemplate":"https:\/\/www.nettali.com\/?s={search_term_string}"},"query-input":"required name=search_term_string"}],"inLanguage":"fr-FR"},{"@type":"ImageObject","@id":"https:\/\/www.nettali.com\/2025\/06\/13\/real-madrid-trent-alexander-arnold-prend-le-12-de-marcelo\/#primaryimage","inLanguage":"fr-FR","url":"https:\/\/www.nettali.com\/wp-content\/uploads\/2025\/06\/GettyImages-2219776743.jpg-scaled.jpg","contentUrl":"https:\/\/www.nettali.com\/wp-content\/uploads\/2025\/06\/GettyImages-2219776743.jpg-scaled.jpg","width":2560,"height":1440},{"@type":"WebPage","@id":"https:\/\/www.nettali.com\/2025\/06\/13\/real-madrid-trent-alexander-arnold-prend-le-12-de-marcelo\/#webpage","url":"https:\/\/www.nettali.com\/2025\/06\/13\/real-madrid-trent-alexander-arnold-prend-le-12-de-marcelo\/","name":"REAL MADRID - Trent Alexander-Arnold prend le 12 de Marcelo | Nettali.com","isPartOf":{"@id":"https:\/\/www.nettali.com\/#website"},"primaryImageOfPage":{"@id":"https:\/\/www.nettali.com\/2025\/06\/13\/real-madrid-trent-alexander-arnold-prend-le-12-de-marcelo\/#primaryimage"},"datePublished":"2025-06-13T00:06:10+00:00","dateModified":"2025-06-13T00:06:10+00:00","author":{"@id":"https:\/\/www.nettali.com\/#\/schema\/person\/bb147657c2986240405a608162b9bb23"},"breadcrumb":{"@id":"https:\/\/www.nettali.com\/2025\/06\/13\/real-madrid-trent-alexander-arnold-prend-le-12-de-marcelo\/#breadcrumb"},"inLanguage":"fr-FR","potentialAction":[{"@type":"ReadAction","target":["https:\/\/www.nettali.com\/2025\/06\/13\/real-madrid-trent-alexander-arnold-prend-le-12-de-marcelo\/"]}]},{"@type":"BreadcrumbList","@id":"https:\/\/www.nettali.com\/2025\/06\/13\/real-madrid-trent-alexander-arnold-prend-le-12-de-marcelo\/#breadcrumb","itemListElement":[{"@type":"ListItem","position":1,"name":"Accueil","item":"https:\/\/www.nettali.com\/"},{"@type":"ListItem","position":2,"name":"REAL MADRID - Trent Alexander-Arnold prend le 12 de Marcelo"}]},{"@type":"Person","@id":"https:\/\/www.nettali.com\/#\/schema\/person\/bb147657c2986240405a608162b9bb23","name":"Ibrahima","image":{"@type":"ImageObject","@id":"https:\/\/www.nettali.com\/#personlogo","inLanguage":"fr-FR","url":"https:\/\/secure.gravatar.com\/avatar\/26a8a81f09f0dd7624c9d5c36c9ba3a2?s=96&d=mm&r=g","contentUrl":"https:\/\/secure.gravatar.com\/avatar\/26a8a81f09f0dd7624c9d5c36c9ba3a2?s=96&d=mm&r=g","caption":"Ibrahima"},"sameAs":["https:\/\/www.nettali.com"]}]}},"_links":{"self":[{"href":"https:\/\/www.nettali.com\/rest\/wp\/v2\/posts\/155754"}],"collection":[{"href":"https:\/\/www.nettali.com\/rest\/wp\/v2\/posts"}],"about":[{"href":"https:\/\/www.nettali.com\/rest\/wp\/v2\/types\/post"}],"author":[{"embeddable":true,"href":"https:\/\/www.nettali.com\/rest\/wp\/v2\/users\/5"}],"replies":[{"embeddable":true,"href":"https:\/\/www.nettali.com\/rest\/wp\/v2\/comments?post=155754"}],"version-history":[{"count":3,"href":"https:\/\/www.nettali.com\/rest\/wp\/v2\/posts\/155754\/revisions"}],"predecessor-version":[{"id":155758,"href":"https:\/\/www.nettali.com\/rest\/wp\/v2\/posts\/155754\/revisions\/155758"}],"wp:featuredmedia":[{"embeddable":true,"href":"https:\/\/www.nettali.com\/rest\/wp\/v2\/media\/155755"}],"wp:attachment":[{"href":"https:\/\/www.nettali.com\/rest\/wp\/v2\/media?parent=155754"}],"wp:term":[{"taxonomy":"category","embeddable":true,"href":"https:\/\/www.nettali.com\/rest\/wp\/v2\/categories?post=155754"},{"taxonomy":"post_tag","embeddable":true,"href":"https:\/\/www.nettali.com\/rest\/wp\/v2\/tags?post=155754"}],"curies":[{"name":"wp","href":"https:\/\/api.w.org\/{rel}","templated":true}]}}