{"id":155744,"date":"2025-06-12T21:09:47","date_gmt":"2025-06-12T21:09:47","guid":{"rendered":"https:\/\/www.nettali.com\/?p=155744"},"modified":"2025-06-12T21:09:47","modified_gmt":"2025-06-12T21:09:47","slug":"mercato-kevin-de-bruyne-est-napolitain","status":"publish","type":"post","link":"https:\/\/www.nettali.com\/2025\/06\/12\/mercato-kevin-de-bruyne-est-napolitain\/","title":{"rendered":"MERCATO - K\u00e9vin de Bruyne est Napolitain"},"content":{"rendered":"<p><strong>NETTALI.COM - Libre comme l'air depuis que son contrat avec Manchester City est arriv\u00e9 \u00e0 \u00e9ch\u00e9ance, K\u00e9vin de Bruyne d\u00e9barque \u00e0 Naples. \u00c2g\u00e9 de 33 ans, le milieu de terrain double laur\u00e9at du joueur de l'ann\u00e9e en Premier League, a sign\u00e9 ce jeudi 12 juin, un contrat de deux ans avec Naples, champion de la S\u00e9rie A d'Italie.<\/strong><\/p>\n<p>\"<em>Le roi Kevin est l\u00e0<\/em>\", a \u00e9crit le Napoli sur son compte X en plus d\u2019une photo o\u00f9 le Belge tr\u00f4ne tout sourire et balle au pied avec le maillot du club.<\/p>\n<p>De Bruyne, 33 ans, a sign\u00e9 un contrat de deux ans, assorti d\u2019une option pour une troisi\u00e8me ann\u00e9e, selon des m\u00e9dias italiens. Les champions d\u2019Italie en titre s\u2019offrent l\u2019un des meilleurs meneurs offensifs des dix derni\u00e8res ann\u00e9es.<\/p>\n<p>Environ 150 partisans ont accueilli De Bruyne \u00e0 son arriv\u00e9e dans une clinique de Rome pour sa visite m\u00e9dicale. Ils ont scand\u00e9 son nom avant de chanter \u00e0 propos du titre de champion de Naples.<\/p>\n<p>\u00c0 Naples, De Bruyne retrouvera son co\u00e9quipier belge Romelu Lukaku et suivra les traces de l'ancienne vedette napolitaine Dries Mertens, ancien international belge.<\/p>\n<p>Au milieu de terrain, De Bruyne pourrait faire \u00e9quipe avec Scott McTominay, joueur de l'ann\u00e9e en S\u00e9rie A, qui est issu d'un transfert en provenance de Manchester United.<\/p>\n<p>Reconnu comme l'un des milieux de terrain les plus complets du sport, De Bruyne a \u00e9t\u00e9 \u00e9lu meilleur joueur de la Premier League lors des saisons 2019-2020 et 2021-22.<\/p>\n<p>En 10 saisons \u00e0 Manchester City, il a aid\u00e9 le club anglais \u00e0 remporter six titres de la Premier League, deux coupes d'Angleterre et un titre de la Ligue des Champions de l'UEFA.<\/p>\n<p>L'arriv\u00e9e de De Bruyne a peut-\u00eatre \u00e9t\u00e9 l'une des raisons qui ont convaincu l'entra\u00eeneur de Naples, Antonio Conte, de rester une saison suppl\u00e9mentaire apr\u00e8s avoir envisag\u00e9 de rejoindre la Juventus.<\/p>\n<div class='share-to-whatsapp-wrapper'><div class='share-on-whsp'>PARTAGER SUR : <\/div><a data-text='MERCATO - K\u00e9vin de Bruyne est Napolitain' data-link='https:\/\/www.nettali.com\/2025\/06\/12\/mercato-kevin-de-bruyne-est-napolitain\/' class='whatsapp-button whatsapp-share'>WhatsApp<\/a><div class='clear '><\/div><\/div>","protected":false},"excerpt":{"rendered":"<p>NETTALI.COM - Libre comme l'air depuis que son contrat avec Manchester City est arriv\u00e9 \u00e0 \u00e9ch\u00e9ance, K\u00e9vin de Bruyne d\u00e9barque \u00e0 Naples. \u00c2g\u00e9 de 33 ans, le milieu de terrain double laur\u00e9at du joueur de l'ann\u00e9e en Premier League, a sign\u00e9 ce jeudi 12 juin, un contrat de deux ans avec Naples, champion de la [&hellip;]<\/p>\n","protected":false},"author":5,"featured_media":155747,"comment_status":"open","ping_status":"open","sticky":false,"template":"","format":"standard","meta":{"_et_pb_use_builder":"","_et_pb_old_content":""},"categories":[6],"tags":[],"yoast_head":"<!-- This site is optimized with the Yoast SEO Premium plugin v17.8 (Yoast SEO v17.8) - https:\/\/yoast.com\/wordpress\/plugins\/seo\/ -->\n<title>MERCATO - K\u00e9vin de Bruyne est Napolitain | Nettali.com<\/title>\n<meta name=\"robots\" content=\"index, follow, max-snippet:-1, max-image-preview:large, max-video-preview:-1\" \/>\n<link rel=\"canonical\" href=\"https:\/\/www.nettali.com\/2025\/06\/12\/mercato-kevin-de-bruyne-est-napolitain\/\" \/>\n<meta property=\"og:locale\" content=\"fr_FR\" \/>\n<meta property=\"og:type\" content=\"article\" \/>\n<meta property=\"og:title\" content=\"MERCATO - K\u00e9vin de Bruyne est Napolitain\" \/>\n<meta property=\"og:description\" content=\"NETTALI.COM - Libre comme l&#039;air depuis que son contrat avec Manchester City est arriv\u00e9 \u00e0 \u00e9ch\u00e9ance, K\u00e9vin de Bruyne d\u00e9barque \u00e0 Naples. \u00c2g\u00e9 de 33 ans, le milieu de terrain double laur\u00e9at du joueur de l&#039;ann\u00e9e en Premier League, a sign\u00e9 ce jeudi 12 juin, un contrat de deux ans avec Naples, champion de la [&hellip;]\" \/>\n<meta property=\"og:url\" content=\"https:\/\/www.nettali.com\/2025\/06\/12\/mercato-kevin-de-bruyne-est-napolitain\/\" \/>\n<meta property=\"og:site_name\" content=\"Nettali.com\" \/>\n<meta property=\"article:publisher\" content=\"https:\/\/www.facebook.com\/nettalicom\" \/>\n<meta property=\"article:published_time\" content=\"2025-06-12T21:09:47+00:00\" \/>\n<meta property=\"og:image\" content=\"https:\/\/www.nettali.com\/wp-content\/uploads\/2025\/06\/QJ5AUXCAHBCT7GKYF6CTFAFZUI-1.jpg\" \/>\n\t<meta property=\"og:image:width\" content=\"1199\" \/>\n\t<meta property=\"og:image:height\" content=\"719\" \/>\n<meta name=\"twitter:card\" content=\"summary_large_image\" \/>\n<meta name=\"twitter:label1\" content=\"\u00c9crit par\" \/>\n\t<meta name=\"twitter:data1\" content=\"Ibrahima\" \/>\n\t<meta name=\"twitter:label2\" content=\"Dur\u00e9e de lecture estim\u00e9e\" \/>\n\t<meta name=\"twitter:data2\" content=\"2 minutes\" \/>\n<script type=\"application\/ld+json\" class=\"yoast-schema-graph\">{\"@context\":\"https:\/\/schema.org\",\"@graph\":[{\"@type\":\"WebSite\",\"@id\":\"https:\/\/www.nettali.com\/#website\",\"url\":\"https:\/\/www.nettali.com\/\",\"name\":\"Nettali.com\",\"description\":\"Le rendez-vous critique du Net\",\"potentialAction\":[{\"@type\":\"SearchAction\",\"target\":{\"@type\":\"EntryPoint\",\"urlTemplate\":\"https:\/\/www.nettali.com\/?s={search_term_string}\"},\"query-input\":\"required name=search_term_string\"}],\"inLanguage\":\"fr-FR\"},{\"@type\":\"ImageObject\",\"@id\":\"https:\/\/www.nettali.com\/2025\/06\/12\/mercato-kevin-de-bruyne-est-napolitain\/#primaryimage\",\"inLanguage\":\"fr-FR\",\"url\":\"https:\/\/www.nettali.com\/wp-content\/uploads\/2025\/06\/QJ5AUXCAHBCT7GKYF6CTFAFZUI-1.jpg\",\"contentUrl\":\"https:\/\/www.nettali.com\/wp-content\/uploads\/2025\/06\/QJ5AUXCAHBCT7GKYF6CTFAFZUI-1.jpg\",\"width\":1199,\"height\":719},{\"@type\":\"WebPage\",\"@id\":\"https:\/\/www.nettali.com\/2025\/06\/12\/mercato-kevin-de-bruyne-est-napolitain\/#webpage\",\"url\":\"https:\/\/www.nettali.com\/2025\/06\/12\/mercato-kevin-de-bruyne-est-napolitain\/\",\"name\":\"MERCATO - K\\u00e9vin de Bruyne est Napolitain | Nettali.com\",\"isPartOf\":{\"@id\":\"https:\/\/www.nettali.com\/#website\"},\"primaryImageOfPage\":{\"@id\":\"https:\/\/www.nettali.com\/2025\/06\/12\/mercato-kevin-de-bruyne-est-napolitain\/#primaryimage\"},\"datePublished\":\"2025-06-12T21:09:47+00:00\",\"dateModified\":\"2025-06-12T21:09:47+00:00\",\"author\":{\"@id\":\"https:\/\/www.nettali.com\/#\/schema\/person\/bb147657c2986240405a608162b9bb23\"},\"breadcrumb\":{\"@id\":\"https:\/\/www.nettali.com\/2025\/06\/12\/mercato-kevin-de-bruyne-est-napolitain\/#breadcrumb\"},\"inLanguage\":\"fr-FR\",\"potentialAction\":[{\"@type\":\"ReadAction\",\"target\":[\"https:\/\/www.nettali.com\/2025\/06\/12\/mercato-kevin-de-bruyne-est-napolitain\/\"]}]},{\"@type\":\"BreadcrumbList\",\"@id\":\"https:\/\/www.nettali.com\/2025\/06\/12\/mercato-kevin-de-bruyne-est-napolitain\/#breadcrumb\",\"itemListElement\":[{\"@type\":\"ListItem\",\"position\":1,\"name\":\"Accueil\",\"item\":\"https:\/\/www.nettali.com\/\"},{\"@type\":\"ListItem\",\"position\":2,\"name\":\"MERCATO - K\\u00e9vin de Bruyne est Napolitain\"}]},{\"@type\":\"Person\",\"@id\":\"https:\/\/www.nettali.com\/#\/schema\/person\/bb147657c2986240405a608162b9bb23\",\"name\":\"Ibrahima\",\"image\":{\"@type\":\"ImageObject\",\"@id\":\"https:\/\/www.nettali.com\/#personlogo\",\"inLanguage\":\"fr-FR\",\"url\":\"https:\/\/secure.gravatar.com\/avatar\/26a8a81f09f0dd7624c9d5c36c9ba3a2?s=96&d=mm&r=g\",\"contentUrl\":\"https:\/\/secure.gravatar.com\/avatar\/26a8a81f09f0dd7624c9d5c36c9ba3a2?s=96&d=mm&r=g\",\"caption\":\"Ibrahima\"},\"sameAs\":[\"https:\/\/www.nettali.com\"]}]}<\/script>\n<!-- \/ Yoast SEO Premium plugin. -->","yoast_head_json":{"title":"MERCATO - K\u00e9vin de Bruyne est Napolitain | Nettali.com","robots":{"index":"index","follow":"follow","max-snippet":"max-snippet:-1","max-image-preview":"max-image-preview:large","max-video-preview":"max-video-preview:-1"},"canonical":"https:\/\/www.nettali.com\/2025\/06\/12\/mercato-kevin-de-bruyne-est-napolitain\/","og_locale":"fr_FR","og_type":"article","og_title":"MERCATO - K\u00e9vin de Bruyne est Napolitain","og_description":"NETTALI.COM - Libre comme l'air depuis que son contrat avec Manchester City est arriv\u00e9 \u00e0 \u00e9ch\u00e9ance, K\u00e9vin de Bruyne d\u00e9barque \u00e0 Naples. \u00c2g\u00e9 de 33 ans, le milieu de terrain double laur\u00e9at du joueur de l'ann\u00e9e en Premier League, a sign\u00e9 ce jeudi 12 juin, un contrat de deux ans avec Naples, champion de la [&hellip;]","og_url":"https:\/\/www.nettali.com\/2025\/06\/12\/mercato-kevin-de-bruyne-est-napolitain\/","og_site_name":"Nettali.com","article_publisher":"https:\/\/www.facebook.com\/nettalicom","article_published_time":"2025-06-12T21:09:47+00:00","og_image":[{"width":1199,"height":719,"url":"https:\/\/www.nettali.com\/wp-content\/uploads\/2025\/06\/QJ5AUXCAHBCT7GKYF6CTFAFZUI-1.jpg","type":"image\/jpeg"}],"twitter_card":"summary_large_image","twitter_misc":{"\u00c9crit par":"Ibrahima","Dur\u00e9e de lecture estim\u00e9e":"2 minutes"},"schema":{"@context":"https:\/\/schema.org","@graph":[{"@type":"WebSite","@id":"https:\/\/www.nettali.com\/#website","url":"https:\/\/www.nettali.com\/","name":"Nettali.com","description":"Le rendez-vous critique du Net","potentialAction":[{"@type":"SearchAction","target":{"@type":"EntryPoint","urlTemplate":"https:\/\/www.nettali.com\/?s={search_term_string}"},"query-input":"required name=search_term_string"}],"inLanguage":"fr-FR"},{"@type":"ImageObject","@id":"https:\/\/www.nettali.com\/2025\/06\/12\/mercato-kevin-de-bruyne-est-napolitain\/#primaryimage","inLanguage":"fr-FR","url":"https:\/\/www.nettali.com\/wp-content\/uploads\/2025\/06\/QJ5AUXCAHBCT7GKYF6CTFAFZUI-1.jpg","contentUrl":"https:\/\/www.nettali.com\/wp-content\/uploads\/2025\/06\/QJ5AUXCAHBCT7GKYF6CTFAFZUI-1.jpg","width":1199,"height":719},{"@type":"WebPage","@id":"https:\/\/www.nettali.com\/2025\/06\/12\/mercato-kevin-de-bruyne-est-napolitain\/#webpage","url":"https:\/\/www.nettali.com\/2025\/06\/12\/mercato-kevin-de-bruyne-est-napolitain\/","name":"MERCATO - K\u00e9vin de Bruyne est Napolitain | Nettali.com","isPartOf":{"@id":"https:\/\/www.nettali.com\/#website"},"primaryImageOfPage":{"@id":"https:\/\/www.nettali.com\/2025\/06\/12\/mercato-kevin-de-bruyne-est-napolitain\/#primaryimage"},"datePublished":"2025-06-12T21:09:47+00:00","dateModified":"2025-06-12T21:09:47+00:00","author":{"@id":"https:\/\/www.nettali.com\/#\/schema\/person\/bb147657c2986240405a608162b9bb23"},"breadcrumb":{"@id":"https:\/\/www.nettali.com\/2025\/06\/12\/mercato-kevin-de-bruyne-est-napolitain\/#breadcrumb"},"inLanguage":"fr-FR","potentialAction":[{"@type":"ReadAction","target":["https:\/\/www.nettali.com\/2025\/06\/12\/mercato-kevin-de-bruyne-est-napolitain\/"]}]},{"@type":"BreadcrumbList","@id":"https:\/\/www.nettali.com\/2025\/06\/12\/mercato-kevin-de-bruyne-est-napolitain\/#breadcrumb","itemListElement":[{"@type":"ListItem","position":1,"name":"Accueil","item":"https:\/\/www.nettali.com\/"},{"@type":"ListItem","position":2,"name":"MERCATO - K\u00e9vin de Bruyne est Napolitain"}]},{"@type":"Person","@id":"https:\/\/www.nettali.com\/#\/schema\/person\/bb147657c2986240405a608162b9bb23","name":"Ibrahima","image":{"@type":"ImageObject","@id":"https:\/\/www.nettali.com\/#personlogo","inLanguage":"fr-FR","url":"https:\/\/secure.gravatar.com\/avatar\/26a8a81f09f0dd7624c9d5c36c9ba3a2?s=96&d=mm&r=g","contentUrl":"https:\/\/secure.gravatar.com\/avatar\/26a8a81f09f0dd7624c9d5c36c9ba3a2?s=96&d=mm&r=g","caption":"Ibrahima"},"sameAs":["https:\/\/www.nettali.com"]}]}},"_links":{"self":[{"href":"https:\/\/www.nettali.com\/rest\/wp\/v2\/posts\/155744"}],"collection":[{"href":"https:\/\/www.nettali.com\/rest\/wp\/v2\/posts"}],"about":[{"href":"https:\/\/www.nettali.com\/rest\/wp\/v2\/types\/post"}],"author":[{"embeddable":true,"href":"https:\/\/www.nettali.com\/rest\/wp\/v2\/users\/5"}],"replies":[{"embeddable":true,"href":"https:\/\/www.nettali.com\/rest\/wp\/v2\/comments?post=155744"}],"version-history":[{"count":1,"href":"https:\/\/www.nettali.com\/rest\/wp\/v2\/posts\/155744\/revisions"}],"predecessor-version":[{"id":155746,"href":"https:\/\/www.nettali.com\/rest\/wp\/v2\/posts\/155744\/revisions\/155746"}],"wp:featuredmedia":[{"embeddable":true,"href":"https:\/\/www.nettali.com\/rest\/wp\/v2\/media\/155747"}],"wp:attachment":[{"href":"https:\/\/www.nettali.com\/rest\/wp\/v2\/media?parent=155744"}],"wp:term":[{"taxonomy":"category","embeddable":true,"href":"https:\/\/www.nettali.com\/rest\/wp\/v2\/categories?post=155744"},{"taxonomy":"post_tag","embeddable":true,"href":"https:\/\/www.nettali.com\/rest\/wp\/v2\/tags?post=155744"}],"curies":[{"name":"wp","href":"https:\/\/api.w.org\/{rel}","templated":true}]}}