{"id":155737,"date":"2025-06-12T18:27:40","date_gmt":"2025-06-12T18:27:40","guid":{"rendered":"https:\/\/www.nettali.com\/?p=155737"},"modified":"2025-06-12T14:33:20","modified_gmt":"2025-06-12T14:33:20","slug":"mali-un-projet-de-loi-pour-offrir-un-mandat-presidentiel-de-cinq-ans-a-assimi-goita-sans-election","status":"publish","type":"post","link":"https:\/\/www.nettali.com\/2025\/06\/12\/mali-un-projet-de-loi-pour-offrir-un-mandat-presidentiel-de-cinq-ans-a-assimi-goita-sans-election\/","title":{"rendered":"MALI - Un projet de loi pour offrir un mandat pr\u00e9sidentiel de cinq ans \u00e0 Assimi Go\u00efta, sans \u00e9lection"},"content":{"rendered":"<p data-start=\"226\" data-end=\"551\"><strong>NETTALI.COM - Le Mali s\u2019enfonce un peu plus dans l\u2019exceptionnalit\u00e9 politique. R\u00e9uni ce mercredi en Conseil des ministres, le gouvernement de transition a adopt\u00e9 un projet de loi controvers\u00e9 qui conf\u00e8re au g\u00e9n\u00e9ral Assimi Go\u00efta un mandat pr\u00e9sidentiel de cinq ans, renouvelable, sans passer par la voie des urnes.<\/strong><\/p>\n<p data-start=\"553\" data-end=\"679\">Selon le communiqu\u00e9 officiel, ce texte sera <strong data-start=\"597\" data-end=\"661\">transmis dans les prochains jours au Parlement de transition<\/strong> pour approbation.<\/p>\n<p data-start=\"709\" data-end=\"1101\">L\u2019initiative est justifi\u00e9e, d\u2019apr\u00e8s les autorit\u00e9s maliennes, par la n\u00e9cessit\u00e9 de <strong data-start=\"790\" data-end=\"843\">\u00ab parachever le travail entam\u00e9 depuis ao\u00fbt 2021 \u00bb<\/strong>, date \u00e0 laquelle le colonel (devenu g\u00e9n\u00e9ral) Go\u00efta avait pris le pouvoir \u00e0 la faveur d\u2019un second coup d\u2019\u00c9tat en moins d\u2019un an. Depuis, le pays est dirig\u00e9 par un gouvernement militaire ayant suspendu, \u00e0 plusieurs reprises, les \u00e9ch\u00e9ances \u00e9lectorales promises.<\/p>\n<p data-start=\"1103\" data-end=\"1142\"><strong data-start=\"1103\" data-end=\"1142\">Une transition \u00e0 dur\u00e9e ind\u00e9termin\u00e9e<\/strong><\/p>\n<p data-start=\"1144\" data-end=\"1356\">En r\u00e9alit\u00e9, ce projet de loi officialise ce que nombre d\u2019observateurs maliens et internationaux redoutaient : la transformation de la transition militaire en un pouvoir personnel consolid\u00e9 autour d\u2019Assimi Go\u00efta.<\/p>\n<p data-start=\"1358\" data-end=\"1638\">Alors que les engagements initiaux pr\u00e9voyaient un retour \u00e0 l\u2019ordre constitutionnel d\u00e8s 2022, plusieurs reports successifs ont entretenu un climat de flottement institutionnel. Avec cette nouvelle disposition, la perspective d\u2019\u00e9lections libres et pluralistes s\u2019\u00e9loigne un peu plus.<\/p>\n<p data-start=\"1640\" data-end=\"1667\">Si les autorit\u00e9s justifient leur d\u00e9marche par des imp\u00e9ratifs s\u00e9curitaires et de souverainet\u00e9, dans un pays toujours en proie aux groupes arm\u00e9s et aux tensions communautaires, les critiques s\u2019annoncent vives au sein de l\u2019opposition politique, de la soci\u00e9t\u00e9 civile et des partenaires internationaux.<\/p>\n<p data-start=\"2008\" data-end=\"2315\">Le Parlement de transition, compos\u00e9 en grande majorit\u00e9 de figures proches de la junte ou de ses alli\u00e9s, devrait sans surprise valider le texte. Une adoption qui consacrera officiellement Assimi Go\u00efta pr\u00e9sident du Mali pour cinq ann\u00e9es suppl\u00e9mentaires, renouvelables, sans passer par la l\u00e9gitimit\u00e9 des urnes.<\/p>\n<p data-start=\"2008\" data-end=\"2315\">Ce virage marque un tournant d\u00e9cisif pour le Mali, qui s\u2019installe durablement dans un r\u00e9gime militaire assum\u00e9, \u00e0 rebours des dynamiques d\u00e9mocratiques r\u00e9clam\u00e9es dans la sous-r\u00e9gion ouest-africaine. Apr\u00e8s le Burkina Faso et le Niger, c\u2019est un nouveau signe du recul d\u00e9mocratique qui frappe la r\u00e9gion sah\u00e9lienne.<\/p>\n<hr data-start=\"2660\" data-end=\"2663\" \/>\n<p data-start=\"2665\" data-end=\"2856\" data-is-last-node=\"\" data-is-only-node=\"\">\n<div class='share-to-whatsapp-wrapper'><div class='share-on-whsp'>PARTAGER SUR : <\/div><a data-text='MALI - Un projet de loi pour offrir un mandat pr\u00e9sidentiel de cinq ans \u00e0 Assimi Go\u00efta, sans \u00e9lection' data-link='https:\/\/www.nettali.com\/2025\/06\/12\/mali-un-projet-de-loi-pour-offrir-un-mandat-presidentiel-de-cinq-ans-a-assimi-goita-sans-election\/' class='whatsapp-button whatsapp-share'>WhatsApp<\/a><div class='clear '><\/div><\/div>","protected":false},"excerpt":{"rendered":"<p>NETTALI.COM - Le Mali s\u2019enfonce un peu plus dans l\u2019exceptionnalit\u00e9 politique. R\u00e9uni ce mercredi en Conseil des ministres, le gouvernement de transition a adopt\u00e9 un projet de loi controvers\u00e9 qui conf\u00e8re au g\u00e9n\u00e9ral Assimi Go\u00efta un mandat pr\u00e9sidentiel de cinq ans, renouvelable, sans passer par la voie des urnes. Selon le communiqu\u00e9 officiel, ce texte [&hellip;]<\/p>\n","protected":false},"author":4,"featured_media":74412,"comment_status":"open","ping_status":"open","sticky":false,"template":"","format":"standard","meta":{"_et_pb_use_builder":"","_et_pb_old_content":""},"categories":[2],"tags":[],"yoast_head":"<!-- This site is optimized with the Yoast SEO Premium plugin v17.8 (Yoast SEO v17.8) - https:\/\/yoast.com\/wordpress\/plugins\/seo\/ -->\n<title>MALI - Un projet de loi pour offrir un mandat pr\u00e9sidentiel de cinq ans \u00e0 Assimi Go\u00efta, sans \u00e9lection | Nettali.com<\/title>\n<meta name=\"robots\" content=\"index, follow, max-snippet:-1, max-image-preview:large, max-video-preview:-1\" \/>\n<link rel=\"canonical\" href=\"https:\/\/www.nettali.com\/2025\/06\/12\/mali-un-projet-de-loi-pour-offrir-un-mandat-presidentiel-de-cinq-ans-a-assimi-goita-sans-election\/\" \/>\n<meta property=\"og:locale\" content=\"fr_FR\" \/>\n<meta property=\"og:type\" content=\"article\" \/>\n<meta property=\"og:title\" content=\"MALI - Un projet de loi pour offrir un mandat pr\u00e9sidentiel de cinq ans \u00e0 Assimi Go\u00efta, sans \u00e9lection\" \/>\n<meta property=\"og:description\" content=\"NETTALI.COM - Le Mali s\u2019enfonce un peu plus dans l\u2019exceptionnalit\u00e9 politique. R\u00e9uni ce mercredi en Conseil des ministres, le gouvernement de transition a adopt\u00e9 un projet de loi controvers\u00e9 qui conf\u00e8re au g\u00e9n\u00e9ral Assimi Go\u00efta un mandat pr\u00e9sidentiel de cinq ans, renouvelable, sans passer par la voie des urnes. Selon le communiqu\u00e9 officiel, ce texte [&hellip;]\" \/>\n<meta property=\"og:url\" content=\"https:\/\/www.nettali.com\/2025\/06\/12\/mali-un-projet-de-loi-pour-offrir-un-mandat-presidentiel-de-cinq-ans-a-assimi-goita-sans-election\/\" \/>\n<meta property=\"og:site_name\" content=\"Nettali.com\" \/>\n<meta property=\"article:publisher\" content=\"https:\/\/www.facebook.com\/nettalicom\" \/>\n<meta property=\"article:published_time\" content=\"2025-06-12T18:27:40+00:00\" \/>\n<meta property=\"article:modified_time\" content=\"2025-06-12T14:33:20+00:00\" \/>\n<meta property=\"og:image\" content=\"https:\/\/www.nettali.com\/wp-content\/uploads\/2021\/10\/13b960f_55964a0c258e45dda53193b06aa489d2-55964a0c258e45dda53193b06aa489d2-0.jpg\" \/>\n\t<meta property=\"og:image:width\" content=\"664\" \/>\n\t<meta property=\"og:image:height\" content=\"443\" \/>\n<meta name=\"twitter:card\" content=\"summary_large_image\" \/>\n<meta name=\"twitter:label1\" content=\"\u00c9crit par\" \/>\n\t<meta name=\"twitter:data1\" content=\"Daouda\" \/>\n\t<meta name=\"twitter:label2\" content=\"Dur\u00e9e de lecture estim\u00e9e\" \/>\n\t<meta name=\"twitter:data2\" content=\"2 minutes\" \/>\n<script type=\"application\/ld+json\" class=\"yoast-schema-graph\">{\"@context\":\"https:\/\/schema.org\",\"@graph\":[{\"@type\":\"WebSite\",\"@id\":\"https:\/\/www.nettali.com\/#website\",\"url\":\"https:\/\/www.nettali.com\/\",\"name\":\"Nettali.com\",\"description\":\"Le rendez-vous critique du Net\",\"potentialAction\":[{\"@type\":\"SearchAction\",\"target\":{\"@type\":\"EntryPoint\",\"urlTemplate\":\"https:\/\/www.nettali.com\/?s={search_term_string}\"},\"query-input\":\"required name=search_term_string\"}],\"inLanguage\":\"fr-FR\"},{\"@type\":\"ImageObject\",\"@id\":\"https:\/\/www.nettali.com\/2025\/06\/12\/mali-un-projet-de-loi-pour-offrir-un-mandat-presidentiel-de-cinq-ans-a-assimi-goita-sans-election\/#primaryimage\",\"inLanguage\":\"fr-FR\",\"url\":\"https:\/\/www.nettali.com\/wp-content\/uploads\/2021\/10\/13b960f_55964a0c258e45dda53193b06aa489d2-55964a0c258e45dda53193b06aa489d2-0.jpg\",\"contentUrl\":\"https:\/\/www.nettali.com\/wp-content\/uploads\/2021\/10\/13b960f_55964a0c258e45dda53193b06aa489d2-55964a0c258e45dda53193b06aa489d2-0.jpg\",\"width\":664,\"height\":443,\"caption\":\"FILE - In this Saturday, Aug. 22, 2020 file photo, Col. Assimi Goita meets with a high-level delegation from the West African regional bloc known as ECOWAS, at the Ministry of Defense in Bamako, Mali. Goita, has regained control of the West African country on Tuesday May 25, 2021, by deposing the president and prime minister of the transitional government in an unprecedented move. But Goita, who has served as vice president, is promising to still hold new elections next year. (AP Photo\/File)\"},{\"@type\":\"WebPage\",\"@id\":\"https:\/\/www.nettali.com\/2025\/06\/12\/mali-un-projet-de-loi-pour-offrir-un-mandat-presidentiel-de-cinq-ans-a-assimi-goita-sans-election\/#webpage\",\"url\":\"https:\/\/www.nettali.com\/2025\/06\/12\/mali-un-projet-de-loi-pour-offrir-un-mandat-presidentiel-de-cinq-ans-a-assimi-goita-sans-election\/\",\"name\":\"MALI - Un projet de loi pour offrir un mandat pr\\u00e9sidentiel de cinq ans \\u00e0 Assimi Go\\u00efta, sans \\u00e9lection | Nettali.com\",\"isPartOf\":{\"@id\":\"https:\/\/www.nettali.com\/#website\"},\"primaryImageOfPage\":{\"@id\":\"https:\/\/www.nettali.com\/2025\/06\/12\/mali-un-projet-de-loi-pour-offrir-un-mandat-presidentiel-de-cinq-ans-a-assimi-goita-sans-election\/#primaryimage\"},\"datePublished\":\"2025-06-12T18:27:40+00:00\",\"dateModified\":\"2025-06-12T14:33:20+00:00\",\"author\":{\"@id\":\"https:\/\/www.nettali.com\/#\/schema\/person\/3317e0bb3aa1da309fbf7b2780901bf4\"},\"breadcrumb\":{\"@id\":\"https:\/\/www.nettali.com\/2025\/06\/12\/mali-un-projet-de-loi-pour-offrir-un-mandat-presidentiel-de-cinq-ans-a-assimi-goita-sans-election\/#breadcrumb\"},\"inLanguage\":\"fr-FR\",\"potentialAction\":[{\"@type\":\"ReadAction\",\"target\":[\"https:\/\/www.nettali.com\/2025\/06\/12\/mali-un-projet-de-loi-pour-offrir-un-mandat-presidentiel-de-cinq-ans-a-assimi-goita-sans-election\/\"]}]},{\"@type\":\"BreadcrumbList\",\"@id\":\"https:\/\/www.nettali.com\/2025\/06\/12\/mali-un-projet-de-loi-pour-offrir-un-mandat-presidentiel-de-cinq-ans-a-assimi-goita-sans-election\/#breadcrumb\",\"itemListElement\":[{\"@type\":\"ListItem\",\"position\":1,\"name\":\"Accueil\",\"item\":\"https:\/\/www.nettali.com\/\"},{\"@type\":\"ListItem\",\"position\":2,\"name\":\"MALI - Un projet de loi pour offrir un mandat pr\\u00e9sidentiel de cinq ans \\u00e0 Assimi Go\\u00efta, sans \\u00e9lection\"}]},{\"@type\":\"Person\",\"@id\":\"https:\/\/www.nettali.com\/#\/schema\/person\/3317e0bb3aa1da309fbf7b2780901bf4\",\"name\":\"Daouda\",\"image\":{\"@type\":\"ImageObject\",\"@id\":\"https:\/\/www.nettali.com\/#personlogo\",\"inLanguage\":\"fr-FR\",\"url\":\"https:\/\/secure.gravatar.com\/avatar\/8d143b5a49345098ddcfee1c49c2f47c?s=96&d=mm&r=g\",\"contentUrl\":\"https:\/\/secure.gravatar.com\/avatar\/8d143b5a49345098ddcfee1c49c2f47c?s=96&d=mm&r=g\",\"caption\":\"Daouda\"},\"sameAs\":[\"https:\/\/www.nettali.com\"]}]}<\/script>\n<!-- \/ Yoast SEO Premium plugin. -->","yoast_head_json":{"title":"MALI - Un projet de loi pour offrir un mandat pr\u00e9sidentiel de cinq ans \u00e0 Assimi Go\u00efta, sans \u00e9lection | Nettali.com","robots":{"index":"index","follow":"follow","max-snippet":"max-snippet:-1","max-image-preview":"max-image-preview:large","max-video-preview":"max-video-preview:-1"},"canonical":"https:\/\/www.nettali.com\/2025\/06\/12\/mali-un-projet-de-loi-pour-offrir-un-mandat-presidentiel-de-cinq-ans-a-assimi-goita-sans-election\/","og_locale":"fr_FR","og_type":"article","og_title":"MALI - Un projet de loi pour offrir un mandat pr\u00e9sidentiel de cinq ans \u00e0 Assimi Go\u00efta, sans \u00e9lection","og_description":"NETTALI.COM - Le Mali s\u2019enfonce un peu plus dans l\u2019exceptionnalit\u00e9 politique. R\u00e9uni ce mercredi en Conseil des ministres, le gouvernement de transition a adopt\u00e9 un projet de loi controvers\u00e9 qui conf\u00e8re au g\u00e9n\u00e9ral Assimi Go\u00efta un mandat pr\u00e9sidentiel de cinq ans, renouvelable, sans passer par la voie des urnes. Selon le communiqu\u00e9 officiel, ce texte [&hellip;]","og_url":"https:\/\/www.nettali.com\/2025\/06\/12\/mali-un-projet-de-loi-pour-offrir-un-mandat-presidentiel-de-cinq-ans-a-assimi-goita-sans-election\/","og_site_name":"Nettali.com","article_publisher":"https:\/\/www.facebook.com\/nettalicom","article_published_time":"2025-06-12T18:27:40+00:00","article_modified_time":"2025-06-12T14:33:20+00:00","og_image":[{"width":664,"height":443,"url":"https:\/\/www.nettali.com\/wp-content\/uploads\/2021\/10\/13b960f_55964a0c258e45dda53193b06aa489d2-55964a0c258e45dda53193b06aa489d2-0.jpg","type":"image\/jpeg"}],"twitter_card":"summary_large_image","twitter_misc":{"\u00c9crit par":"Daouda","Dur\u00e9e de lecture estim\u00e9e":"2 minutes"},"schema":{"@context":"https:\/\/schema.org","@graph":[{"@type":"WebSite","@id":"https:\/\/www.nettali.com\/#website","url":"https:\/\/www.nettali.com\/","name":"Nettali.com","description":"Le rendez-vous critique du Net","potentialAction":[{"@type":"SearchAction","target":{"@type":"EntryPoint","urlTemplate":"https:\/\/www.nettali.com\/?s={search_term_string}"},"query-input":"required name=search_term_string"}],"inLanguage":"fr-FR"},{"@type":"ImageObject","@id":"https:\/\/www.nettali.com\/2025\/06\/12\/mali-un-projet-de-loi-pour-offrir-un-mandat-presidentiel-de-cinq-ans-a-assimi-goita-sans-election\/#primaryimage","inLanguage":"fr-FR","url":"https:\/\/www.nettali.com\/wp-content\/uploads\/2021\/10\/13b960f_55964a0c258e45dda53193b06aa489d2-55964a0c258e45dda53193b06aa489d2-0.jpg","contentUrl":"https:\/\/www.nettali.com\/wp-content\/uploads\/2021\/10\/13b960f_55964a0c258e45dda53193b06aa489d2-55964a0c258e45dda53193b06aa489d2-0.jpg","width":664,"height":443,"caption":"FILE - In this Saturday, Aug. 22, 2020 file photo, Col. Assimi Goita meets with a high-level delegation from the West African regional bloc known as ECOWAS, at the Ministry of Defense in Bamako, Mali. Goita, has regained control of the West African country on Tuesday May 25, 2021, by deposing the president and prime minister of the transitional government in an unprecedented move. But Goita, who has served as vice president, is promising to still hold new elections next year. (AP Photo\/File)"},{"@type":"WebPage","@id":"https:\/\/www.nettali.com\/2025\/06\/12\/mali-un-projet-de-loi-pour-offrir-un-mandat-presidentiel-de-cinq-ans-a-assimi-goita-sans-election\/#webpage","url":"https:\/\/www.nettali.com\/2025\/06\/12\/mali-un-projet-de-loi-pour-offrir-un-mandat-presidentiel-de-cinq-ans-a-assimi-goita-sans-election\/","name":"MALI - Un projet de loi pour offrir un mandat pr\u00e9sidentiel de cinq ans \u00e0 Assimi Go\u00efta, sans \u00e9lection | Nettali.com","isPartOf":{"@id":"https:\/\/www.nettali.com\/#website"},"primaryImageOfPage":{"@id":"https:\/\/www.nettali.com\/2025\/06\/12\/mali-un-projet-de-loi-pour-offrir-un-mandat-presidentiel-de-cinq-ans-a-assimi-goita-sans-election\/#primaryimage"},"datePublished":"2025-06-12T18:27:40+00:00","dateModified":"2025-06-12T14:33:20+00:00","author":{"@id":"https:\/\/www.nettali.com\/#\/schema\/person\/3317e0bb3aa1da309fbf7b2780901bf4"},"breadcrumb":{"@id":"https:\/\/www.nettali.com\/2025\/06\/12\/mali-un-projet-de-loi-pour-offrir-un-mandat-presidentiel-de-cinq-ans-a-assimi-goita-sans-election\/#breadcrumb"},"inLanguage":"fr-FR","potentialAction":[{"@type":"ReadAction","target":["https:\/\/www.nettali.com\/2025\/06\/12\/mali-un-projet-de-loi-pour-offrir-un-mandat-presidentiel-de-cinq-ans-a-assimi-goita-sans-election\/"]}]},{"@type":"BreadcrumbList","@id":"https:\/\/www.nettali.com\/2025\/06\/12\/mali-un-projet-de-loi-pour-offrir-un-mandat-presidentiel-de-cinq-ans-a-assimi-goita-sans-election\/#breadcrumb","itemListElement":[{"@type":"ListItem","position":1,"name":"Accueil","item":"https:\/\/www.nettali.com\/"},{"@type":"ListItem","position":2,"name":"MALI - Un projet de loi pour offrir un mandat pr\u00e9sidentiel de cinq ans \u00e0 Assimi Go\u00efta, sans \u00e9lection"}]},{"@type":"Person","@id":"https:\/\/www.nettali.com\/#\/schema\/person\/3317e0bb3aa1da309fbf7b2780901bf4","name":"Daouda","image":{"@type":"ImageObject","@id":"https:\/\/www.nettali.com\/#personlogo","inLanguage":"fr-FR","url":"https:\/\/secure.gravatar.com\/avatar\/8d143b5a49345098ddcfee1c49c2f47c?s=96&d=mm&r=g","contentUrl":"https:\/\/secure.gravatar.com\/avatar\/8d143b5a49345098ddcfee1c49c2f47c?s=96&d=mm&r=g","caption":"Daouda"},"sameAs":["https:\/\/www.nettali.com"]}]}},"_links":{"self":[{"href":"https:\/\/www.nettali.com\/rest\/wp\/v2\/posts\/155737"}],"collection":[{"href":"https:\/\/www.nettali.com\/rest\/wp\/v2\/posts"}],"about":[{"href":"https:\/\/www.nettali.com\/rest\/wp\/v2\/types\/post"}],"author":[{"embeddable":true,"href":"https:\/\/www.nettali.com\/rest\/wp\/v2\/users\/4"}],"replies":[{"embeddable":true,"href":"https:\/\/www.nettali.com\/rest\/wp\/v2\/comments?post=155737"}],"version-history":[{"count":1,"href":"https:\/\/www.nettali.com\/rest\/wp\/v2\/posts\/155737\/revisions"}],"predecessor-version":[{"id":155738,"href":"https:\/\/www.nettali.com\/rest\/wp\/v2\/posts\/155737\/revisions\/155738"}],"wp:featuredmedia":[{"embeddable":true,"href":"https:\/\/www.nettali.com\/rest\/wp\/v2\/media\/74412"}],"wp:attachment":[{"href":"https:\/\/www.nettali.com\/rest\/wp\/v2\/media?parent=155737"}],"wp:term":[{"taxonomy":"category","embeddable":true,"href":"https:\/\/www.nettali.com\/rest\/wp\/v2\/categories?post=155737"},{"taxonomy":"post_tag","embeddable":true,"href":"https:\/\/www.nettali.com\/rest\/wp\/v2\/tags?post=155737"}],"curies":[{"name":"wp","href":"https:\/\/api.w.org\/{rel}","templated":true}]}}