{"id":155697,"date":"2025-06-12T07:53:18","date_gmt":"2025-06-12T07:53:18","guid":{"rendered":"https:\/\/www.nettali.com\/?p=155697"},"modified":"2025-06-12T07:53:18","modified_gmt":"2025-06-12T07:53:18","slug":"prix-de-lessence-et-du-gasoil-question-ecrite-de-tas-au-gouvernement","status":"publish","type":"post","link":"https:\/\/www.nettali.com\/2025\/06\/12\/prix-de-lessence-et-du-gasoil-question-ecrite-de-tas-au-gouvernement\/","title":{"rendered":"PRIX DE L'ESSENCE ET DU GASOIL - Question \u00e9crite de TAS au gouvernement"},"content":{"rendered":"<p><strong>NETTALI.COM -<\/strong> Alors que le prix du baril de Brent a chut\u00e9 de 18 % en un an, passant de 81,96 \u00e0 67,13 dollars, et que le dollar s\u2019est d\u00e9pr\u00e9ci\u00e9 de plus de 5 % face au franc CFA, les consommateurs s\u00e9n\u00e9galais continuent de payer l\u2019un des carburants les plus chers de la sous-r\u00e9gion, constate le d\u00e9put\u00e9 Thierno Alassane Sall. Une situation de plus en plus difficile \u00e0 justifier, d\u2019autant plus que le pays est d\u00e9sormais producteur de p\u00e9trole et de gaz. C\u2019est pour cela qu\u2019il a adress\u00e9 une question \u00e9crite au ministre des \u00c9nergies, du P\u00e9trole et des Mines.<\/p>\n<p>Entre juin 2024 et juin 2025, la tendance aurait d\u00fb conduire \u00e0 une baisse du co\u00fbt des produits p\u00e9troliers import\u00e9s. C\u2019est d\u2019ailleurs ce qui s\u2019est produit dans plusieurs pays voisins. Mais au S\u00e9n\u00e9gal, les prix \u00e0 la pompe n\u2019ont pas boug\u00e9, se d\u00e9sole TAS. L\u2019essence et le gasoil restent plus chers qu\u2019au Mali, pourtant enclav\u00e9, et m\u00eame que dans des pays producteurs comme le Niger. \u00c0 titre d\u2019exemple, le prix du litre d\u2019essence au S\u00e9n\u00e9gal d\u00e9passe de plus de 45 % celui pratiqu\u00e9 au Niger, o\u00f9 les d\u00e9fis logistiques et s\u00e9curitaires sont pourtant bien plus marqu\u00e9s.<\/p>\n<p>Ce paradoxe alimente les interrogations sur la politique de fixation des prix dans un contexte de tension \u00e9conomique. Ce maintien de prix \u00e9lev\u00e9s p\u00e8se lourdement sur les m\u00e9nages, mais aussi sur l\u2019ensemble du tissu productif : transporteurs, agriculteurs, boulangers, p\u00eacheurs, mara\u00eechers... Tous subissent l\u2019effet domino de cette chert\u00e9 du carburant, qui augmente les co\u00fbts de production, r\u00e9duit la comp\u00e9titivit\u00e9 et freine la croissance.<\/p>\n<p>Face \u00e0 cette situation, Thierno Alassane Sall demande des explications claires au gouvernement.<\/p>\n<div class='share-to-whatsapp-wrapper'><div class='share-on-whsp'>PARTAGER SUR : <\/div><a data-text='PRIX DE L'ESSENCE ET DU GASOIL - Question \u00e9crite de TAS au gouvernement' data-link='https:\/\/www.nettali.com\/2025\/06\/12\/prix-de-lessence-et-du-gasoil-question-ecrite-de-tas-au-gouvernement\/' class='whatsapp-button whatsapp-share'>WhatsApp<\/a><div class='clear '><\/div><\/div>","protected":false},"excerpt":{"rendered":"<p>NETTALI.COM - Alors que le prix du baril de Brent a chut\u00e9 de 18 % en un an, passant de 81,96 \u00e0 67,13 dollars, et que le dollar s\u2019est d\u00e9pr\u00e9ci\u00e9 de plus de 5 % face au franc CFA, les consommateurs s\u00e9n\u00e9galais continuent de payer l\u2019un des carburants les plus chers de la sous-r\u00e9gion, constate [&hellip;]<\/p>\n","protected":false},"author":2,"featured_media":151672,"comment_status":"open","ping_status":"open","sticky":false,"template":"","format":"standard","meta":{"_et_pb_use_builder":"","_et_pb_old_content":""},"categories":[2],"tags":[],"yoast_head":"<!-- This site is optimized with the Yoast SEO Premium plugin v17.8 (Yoast SEO v17.8) - https:\/\/yoast.com\/wordpress\/plugins\/seo\/ -->\n<title>PRIX DE L&#039;ESSENCE ET DU GASOIL - Question \u00e9crite de TAS au gouvernement | Nettali.com<\/title>\n<meta name=\"robots\" content=\"index, follow, max-snippet:-1, max-image-preview:large, max-video-preview:-1\" \/>\n<link rel=\"canonical\" href=\"https:\/\/www.nettali.com\/2025\/06\/12\/prix-de-lessence-et-du-gasoil-question-ecrite-de-tas-au-gouvernement\/\" \/>\n<meta property=\"og:locale\" content=\"fr_FR\" \/>\n<meta property=\"og:type\" content=\"article\" \/>\n<meta property=\"og:title\" content=\"PRIX DE L&#039;ESSENCE ET DU GASOIL - Question \u00e9crite de TAS au gouvernement\" \/>\n<meta property=\"og:description\" content=\"NETTALI.COM - Alors que le prix du baril de Brent a chut\u00e9 de 18 % en un an, passant de 81,96 \u00e0 67,13 dollars, et que le dollar s\u2019est d\u00e9pr\u00e9ci\u00e9 de plus de 5 % face au franc CFA, les consommateurs s\u00e9n\u00e9galais continuent de payer l\u2019un des carburants les plus chers de la sous-r\u00e9gion, constate [&hellip;]\" \/>\n<meta property=\"og:url\" content=\"https:\/\/www.nettali.com\/2025\/06\/12\/prix-de-lessence-et-du-gasoil-question-ecrite-de-tas-au-gouvernement\/\" \/>\n<meta property=\"og:site_name\" content=\"Nettali.com\" \/>\n<meta property=\"article:publisher\" content=\"https:\/\/www.facebook.com\/nettalicom\" \/>\n<meta property=\"article:published_time\" content=\"2025-06-12T07:53:18+00:00\" \/>\n<meta property=\"og:image\" content=\"https:\/\/www.nettali.com\/wp-content\/uploads\/2025\/04\/FB_IMG_1739826263273.jpg\" \/>\n\t<meta property=\"og:image:width\" content=\"720\" \/>\n\t<meta property=\"og:image:height\" content=\"405\" \/>\n<meta name=\"twitter:card\" content=\"summary_large_image\" \/>\n<meta name=\"twitter:label1\" content=\"\u00c9crit par\" \/>\n\t<meta name=\"twitter:data1\" content=\"CK\" \/>\n\t<meta name=\"twitter:label2\" content=\"Dur\u00e9e de lecture estim\u00e9e\" \/>\n\t<meta name=\"twitter:data2\" content=\"2 minutes\" \/>\n<script type=\"application\/ld+json\" class=\"yoast-schema-graph\">{\"@context\":\"https:\/\/schema.org\",\"@graph\":[{\"@type\":\"WebSite\",\"@id\":\"https:\/\/www.nettali.com\/#website\",\"url\":\"https:\/\/www.nettali.com\/\",\"name\":\"Nettali.com\",\"description\":\"Le rendez-vous critique du Net\",\"potentialAction\":[{\"@type\":\"SearchAction\",\"target\":{\"@type\":\"EntryPoint\",\"urlTemplate\":\"https:\/\/www.nettali.com\/?s={search_term_string}\"},\"query-input\":\"required name=search_term_string\"}],\"inLanguage\":\"fr-FR\"},{\"@type\":\"ImageObject\",\"@id\":\"https:\/\/www.nettali.com\/2025\/06\/12\/prix-de-lessence-et-du-gasoil-question-ecrite-de-tas-au-gouvernement\/#primaryimage\",\"inLanguage\":\"fr-FR\",\"url\":\"https:\/\/www.nettali.com\/wp-content\/uploads\/2025\/04\/FB_IMG_1739826263273.jpg\",\"contentUrl\":\"https:\/\/www.nettali.com\/wp-content\/uploads\/2025\/04\/FB_IMG_1739826263273.jpg\",\"width\":720,\"height\":405},{\"@type\":\"WebPage\",\"@id\":\"https:\/\/www.nettali.com\/2025\/06\/12\/prix-de-lessence-et-du-gasoil-question-ecrite-de-tas-au-gouvernement\/#webpage\",\"url\":\"https:\/\/www.nettali.com\/2025\/06\/12\/prix-de-lessence-et-du-gasoil-question-ecrite-de-tas-au-gouvernement\/\",\"name\":\"PRIX DE L'ESSENCE ET DU GASOIL - Question \\u00e9crite de TAS au gouvernement | Nettali.com\",\"isPartOf\":{\"@id\":\"https:\/\/www.nettali.com\/#website\"},\"primaryImageOfPage\":{\"@id\":\"https:\/\/www.nettali.com\/2025\/06\/12\/prix-de-lessence-et-du-gasoil-question-ecrite-de-tas-au-gouvernement\/#primaryimage\"},\"datePublished\":\"2025-06-12T07:53:18+00:00\",\"dateModified\":\"2025-06-12T07:53:18+00:00\",\"author\":{\"@id\":\"https:\/\/www.nettali.com\/#\/schema\/person\/d8ac7b7e27ddad43f1c0d2ef090d7f71\"},\"breadcrumb\":{\"@id\":\"https:\/\/www.nettali.com\/2025\/06\/12\/prix-de-lessence-et-du-gasoil-question-ecrite-de-tas-au-gouvernement\/#breadcrumb\"},\"inLanguage\":\"fr-FR\",\"potentialAction\":[{\"@type\":\"ReadAction\",\"target\":[\"https:\/\/www.nettali.com\/2025\/06\/12\/prix-de-lessence-et-du-gasoil-question-ecrite-de-tas-au-gouvernement\/\"]}]},{\"@type\":\"BreadcrumbList\",\"@id\":\"https:\/\/www.nettali.com\/2025\/06\/12\/prix-de-lessence-et-du-gasoil-question-ecrite-de-tas-au-gouvernement\/#breadcrumb\",\"itemListElement\":[{\"@type\":\"ListItem\",\"position\":1,\"name\":\"Accueil\",\"item\":\"https:\/\/www.nettali.com\/\"},{\"@type\":\"ListItem\",\"position\":2,\"name\":\"PRIX DE L'ESSENCE ET DU GASOIL - Question \\u00e9crite de TAS au gouvernement\"}]},{\"@type\":\"Person\",\"@id\":\"https:\/\/www.nettali.com\/#\/schema\/person\/d8ac7b7e27ddad43f1c0d2ef090d7f71\",\"name\":\"CK\",\"image\":{\"@type\":\"ImageObject\",\"@id\":\"https:\/\/www.nettali.com\/#personlogo\",\"inLanguage\":\"fr-FR\",\"url\":\"https:\/\/secure.gravatar.com\/avatar\/1d8d5118b9327d94da7cd4ce7f17fec2?s=96&d=mm&r=g\",\"contentUrl\":\"https:\/\/secure.gravatar.com\/avatar\/1d8d5118b9327d94da7cd4ce7f17fec2?s=96&d=mm&r=g\",\"caption\":\"CK\"},\"sameAs\":[\"https:\/\/www.nettali.com\"]}]}<\/script>\n<!-- \/ Yoast SEO Premium plugin. -->","yoast_head_json":{"title":"PRIX DE L'ESSENCE ET DU GASOIL - Question \u00e9crite de TAS au gouvernement | Nettali.com","robots":{"index":"index","follow":"follow","max-snippet":"max-snippet:-1","max-image-preview":"max-image-preview:large","max-video-preview":"max-video-preview:-1"},"canonical":"https:\/\/www.nettali.com\/2025\/06\/12\/prix-de-lessence-et-du-gasoil-question-ecrite-de-tas-au-gouvernement\/","og_locale":"fr_FR","og_type":"article","og_title":"PRIX DE L'ESSENCE ET DU GASOIL - Question \u00e9crite de TAS au gouvernement","og_description":"NETTALI.COM - Alors que le prix du baril de Brent a chut\u00e9 de 18 % en un an, passant de 81,96 \u00e0 67,13 dollars, et que le dollar s\u2019est d\u00e9pr\u00e9ci\u00e9 de plus de 5 % face au franc CFA, les consommateurs s\u00e9n\u00e9galais continuent de payer l\u2019un des carburants les plus chers de la sous-r\u00e9gion, constate [&hellip;]","og_url":"https:\/\/www.nettali.com\/2025\/06\/12\/prix-de-lessence-et-du-gasoil-question-ecrite-de-tas-au-gouvernement\/","og_site_name":"Nettali.com","article_publisher":"https:\/\/www.facebook.com\/nettalicom","article_published_time":"2025-06-12T07:53:18+00:00","og_image":[{"width":720,"height":405,"url":"https:\/\/www.nettali.com\/wp-content\/uploads\/2025\/04\/FB_IMG_1739826263273.jpg","type":"image\/jpeg"}],"twitter_card":"summary_large_image","twitter_misc":{"\u00c9crit par":"CK","Dur\u00e9e de lecture estim\u00e9e":"2 minutes"},"schema":{"@context":"https:\/\/schema.org","@graph":[{"@type":"WebSite","@id":"https:\/\/www.nettali.com\/#website","url":"https:\/\/www.nettali.com\/","name":"Nettali.com","description":"Le rendez-vous critique du Net","potentialAction":[{"@type":"SearchAction","target":{"@type":"EntryPoint","urlTemplate":"https:\/\/www.nettali.com\/?s={search_term_string}"},"query-input":"required name=search_term_string"}],"inLanguage":"fr-FR"},{"@type":"ImageObject","@id":"https:\/\/www.nettali.com\/2025\/06\/12\/prix-de-lessence-et-du-gasoil-question-ecrite-de-tas-au-gouvernement\/#primaryimage","inLanguage":"fr-FR","url":"https:\/\/www.nettali.com\/wp-content\/uploads\/2025\/04\/FB_IMG_1739826263273.jpg","contentUrl":"https:\/\/www.nettali.com\/wp-content\/uploads\/2025\/04\/FB_IMG_1739826263273.jpg","width":720,"height":405},{"@type":"WebPage","@id":"https:\/\/www.nettali.com\/2025\/06\/12\/prix-de-lessence-et-du-gasoil-question-ecrite-de-tas-au-gouvernement\/#webpage","url":"https:\/\/www.nettali.com\/2025\/06\/12\/prix-de-lessence-et-du-gasoil-question-ecrite-de-tas-au-gouvernement\/","name":"PRIX DE L'ESSENCE ET DU GASOIL - Question \u00e9crite de TAS au gouvernement | Nettali.com","isPartOf":{"@id":"https:\/\/www.nettali.com\/#website"},"primaryImageOfPage":{"@id":"https:\/\/www.nettali.com\/2025\/06\/12\/prix-de-lessence-et-du-gasoil-question-ecrite-de-tas-au-gouvernement\/#primaryimage"},"datePublished":"2025-06-12T07:53:18+00:00","dateModified":"2025-06-12T07:53:18+00:00","author":{"@id":"https:\/\/www.nettali.com\/#\/schema\/person\/d8ac7b7e27ddad43f1c0d2ef090d7f71"},"breadcrumb":{"@id":"https:\/\/www.nettali.com\/2025\/06\/12\/prix-de-lessence-et-du-gasoil-question-ecrite-de-tas-au-gouvernement\/#breadcrumb"},"inLanguage":"fr-FR","potentialAction":[{"@type":"ReadAction","target":["https:\/\/www.nettali.com\/2025\/06\/12\/prix-de-lessence-et-du-gasoil-question-ecrite-de-tas-au-gouvernement\/"]}]},{"@type":"BreadcrumbList","@id":"https:\/\/www.nettali.com\/2025\/06\/12\/prix-de-lessence-et-du-gasoil-question-ecrite-de-tas-au-gouvernement\/#breadcrumb","itemListElement":[{"@type":"ListItem","position":1,"name":"Accueil","item":"https:\/\/www.nettali.com\/"},{"@type":"ListItem","position":2,"name":"PRIX DE L'ESSENCE ET DU GASOIL - Question \u00e9crite de TAS au gouvernement"}]},{"@type":"Person","@id":"https:\/\/www.nettali.com\/#\/schema\/person\/d8ac7b7e27ddad43f1c0d2ef090d7f71","name":"CK","image":{"@type":"ImageObject","@id":"https:\/\/www.nettali.com\/#personlogo","inLanguage":"fr-FR","url":"https:\/\/secure.gravatar.com\/avatar\/1d8d5118b9327d94da7cd4ce7f17fec2?s=96&d=mm&r=g","contentUrl":"https:\/\/secure.gravatar.com\/avatar\/1d8d5118b9327d94da7cd4ce7f17fec2?s=96&d=mm&r=g","caption":"CK"},"sameAs":["https:\/\/www.nettali.com"]}]}},"_links":{"self":[{"href":"https:\/\/www.nettali.com\/rest\/wp\/v2\/posts\/155697"}],"collection":[{"href":"https:\/\/www.nettali.com\/rest\/wp\/v2\/posts"}],"about":[{"href":"https:\/\/www.nettali.com\/rest\/wp\/v2\/types\/post"}],"author":[{"embeddable":true,"href":"https:\/\/www.nettali.com\/rest\/wp\/v2\/users\/2"}],"replies":[{"embeddable":true,"href":"https:\/\/www.nettali.com\/rest\/wp\/v2\/comments?post=155697"}],"version-history":[{"count":1,"href":"https:\/\/www.nettali.com\/rest\/wp\/v2\/posts\/155697\/revisions"}],"predecessor-version":[{"id":155698,"href":"https:\/\/www.nettali.com\/rest\/wp\/v2\/posts\/155697\/revisions\/155698"}],"wp:featuredmedia":[{"embeddable":true,"href":"https:\/\/www.nettali.com\/rest\/wp\/v2\/media\/151672"}],"wp:attachment":[{"href":"https:\/\/www.nettali.com\/rest\/wp\/v2\/media?parent=155697"}],"wp:term":[{"taxonomy":"category","embeddable":true,"href":"https:\/\/www.nettali.com\/rest\/wp\/v2\/categories?post=155697"},{"taxonomy":"post_tag","embeddable":true,"href":"https:\/\/www.nettali.com\/rest\/wp\/v2\/tags?post=155697"}],"curies":[{"name":"wp","href":"https:\/\/api.w.org\/{rel}","templated":true}]}}