{"id":155694,"date":"2025-06-12T07:48:40","date_gmt":"2025-06-12T07:48:40","guid":{"rendered":"https:\/\/www.nettali.com\/?p=155694"},"modified":"2025-06-12T07:48:40","modified_gmt":"2025-06-12T07:48:40","slug":"seydi-gassama-damnesty-le-delit-doffense-au-chef-de-letat-doit-etre-supprime","status":"publish","type":"post","link":"https:\/\/www.nettali.com\/2025\/06\/12\/seydi-gassama-damnesty-le-delit-doffense-au-chef-de-letat-doit-etre-supprime\/","title":{"rendered":"SEYDI GASSAMA D'AMNESTY - \"Le d\u00e9lit d\u2019offense au chef de l\u2019\u00c9tat doit \u00eatre supprim\u00e9...\""},"content":{"rendered":"<p><strong>NETTALI.COM -<\/strong> Sur sa page X, le patron d\u2019Amnesty International S\u00e9n\u00e9gal s\u2019est prononc\u00e9 sur le placement sous mandat de d\u00e9p\u00f4t de Moustapha Diakhat\u00e9.<\/p>\n<p>\u201c<em>Le d\u00e9lit d\u2019offense au chef de l\u2019\u00c9tat doit \u00eatre supprim\u00e9. Le pr\u00e9sident de la R\u00e9publique pourra porter plainte, s\u2019il estime \u00eatre diffam\u00e9, injuri\u00e9 ou outrag\u00e9. Les peines de prison, pour ces infractions, sont disproportionn\u00e9es et doivent \u00eatre abandonn\u00e9es. Les amendes ou les poursuites au civil, avec paiement des dommages et int\u00e9r\u00eats, doivent \u00eatre privil\u00e9gi\u00e9es<\/em>\u201d, pr\u00f4ne Seydi Gassama.<\/p>\n<div class='share-to-whatsapp-wrapper'><div class='share-on-whsp'>PARTAGER SUR : <\/div><a data-text='SEYDI GASSAMA D'AMNESTY - \"Le d\u00e9lit d\u2019offense au chef de l\u2019\u00c9tat doit \u00eatre supprim\u00e9...\"' data-link='https:\/\/www.nettali.com\/2025\/06\/12\/seydi-gassama-damnesty-le-delit-doffense-au-chef-de-letat-doit-etre-supprime\/' class='whatsapp-button whatsapp-share'>WhatsApp<\/a><div class='clear '><\/div><\/div>","protected":false},"excerpt":{"rendered":"<p>NETTALI.COM - Sur sa page X, le patron d\u2019Amnesty International S\u00e9n\u00e9gal s\u2019est prononc\u00e9 sur le placement sous mandat de d\u00e9p\u00f4t de Moustapha Diakhat\u00e9. \u201cLe d\u00e9lit d\u2019offense au chef de l\u2019\u00c9tat doit \u00eatre supprim\u00e9. Le pr\u00e9sident de la R\u00e9publique pourra porter plainte, s\u2019il estime \u00eatre diffam\u00e9, injuri\u00e9 ou outrag\u00e9. Les peines de prison, pour ces infractions, [&hellip;]<\/p>\n","protected":false},"author":2,"featured_media":155695,"comment_status":"open","ping_status":"open","sticky":false,"template":"","format":"standard","meta":{"_et_pb_use_builder":"","_et_pb_old_content":""},"categories":[34945],"tags":[],"yoast_head":"<!-- This site is optimized with the Yoast SEO Premium plugin v17.8 (Yoast SEO v17.8) - https:\/\/yoast.com\/wordpress\/plugins\/seo\/ -->\n<title>SEYDI GASSAMA D&#039;AMNESTY - &quot;Le d\u00e9lit d\u2019offense au chef de l\u2019\u00c9tat doit \u00eatre supprim\u00e9...&quot; | Nettali.com<\/title>\n<meta name=\"robots\" content=\"index, follow, max-snippet:-1, max-image-preview:large, max-video-preview:-1\" \/>\n<link rel=\"canonical\" href=\"https:\/\/www.nettali.com\/2025\/06\/12\/seydi-gassama-damnesty-le-delit-doffense-au-chef-de-letat-doit-etre-supprime\/\" \/>\n<meta property=\"og:locale\" content=\"fr_FR\" \/>\n<meta property=\"og:type\" content=\"article\" \/>\n<meta property=\"og:title\" content=\"SEYDI GASSAMA D&#039;AMNESTY - &quot;Le d\u00e9lit d\u2019offense au chef de l\u2019\u00c9tat doit \u00eatre supprim\u00e9...&quot;\" \/>\n<meta property=\"og:description\" content=\"NETTALI.COM - Sur sa page X, le patron d\u2019Amnesty International S\u00e9n\u00e9gal s\u2019est prononc\u00e9 sur le placement sous mandat de d\u00e9p\u00f4t de Moustapha Diakhat\u00e9. \u201cLe d\u00e9lit d\u2019offense au chef de l\u2019\u00c9tat doit \u00eatre supprim\u00e9. Le pr\u00e9sident de la R\u00e9publique pourra porter plainte, s\u2019il estime \u00eatre diffam\u00e9, injuri\u00e9 ou outrag\u00e9. Les peines de prison, pour ces infractions, [&hellip;]\" \/>\n<meta property=\"og:url\" content=\"https:\/\/www.nettali.com\/2025\/06\/12\/seydi-gassama-damnesty-le-delit-doffense-au-chef-de-letat-doit-etre-supprime\/\" \/>\n<meta property=\"og:site_name\" content=\"Nettali.com\" \/>\n<meta property=\"article:publisher\" content=\"https:\/\/www.facebook.com\/nettalicom\" \/>\n<meta property=\"article:published_time\" content=\"2025-06-12T07:48:40+00:00\" \/>\n<meta property=\"og:image\" content=\"https:\/\/www.nettali.com\/wp-content\/uploads\/2025\/06\/seydi-gassama.jpg\" \/>\n\t<meta property=\"og:image:width\" content=\"600\" \/>\n\t<meta property=\"og:image:height\" content=\"330\" \/>\n<meta name=\"twitter:card\" content=\"summary_large_image\" \/>\n<meta name=\"twitter:label1\" content=\"\u00c9crit par\" \/>\n\t<meta name=\"twitter:data1\" content=\"CK\" \/>\n\t<meta name=\"twitter:label2\" content=\"Dur\u00e9e de lecture estim\u00e9e\" \/>\n\t<meta name=\"twitter:data2\" content=\"1 minute\" \/>\n<script type=\"application\/ld+json\" class=\"yoast-schema-graph\">{\"@context\":\"https:\/\/schema.org\",\"@graph\":[{\"@type\":\"WebSite\",\"@id\":\"https:\/\/www.nettali.com\/#website\",\"url\":\"https:\/\/www.nettali.com\/\",\"name\":\"Nettali.com\",\"description\":\"Le rendez-vous critique du Net\",\"potentialAction\":[{\"@type\":\"SearchAction\",\"target\":{\"@type\":\"EntryPoint\",\"urlTemplate\":\"https:\/\/www.nettali.com\/?s={search_term_string}\"},\"query-input\":\"required name=search_term_string\"}],\"inLanguage\":\"fr-FR\"},{\"@type\":\"ImageObject\",\"@id\":\"https:\/\/www.nettali.com\/2025\/06\/12\/seydi-gassama-damnesty-le-delit-doffense-au-chef-de-letat-doit-etre-supprime\/#primaryimage\",\"inLanguage\":\"fr-FR\",\"url\":\"https:\/\/www.nettali.com\/wp-content\/uploads\/2025\/06\/seydi-gassama.jpg\",\"contentUrl\":\"https:\/\/www.nettali.com\/wp-content\/uploads\/2025\/06\/seydi-gassama.jpg\",\"width\":600,\"height\":330},{\"@type\":\"WebPage\",\"@id\":\"https:\/\/www.nettali.com\/2025\/06\/12\/seydi-gassama-damnesty-le-delit-doffense-au-chef-de-letat-doit-etre-supprime\/#webpage\",\"url\":\"https:\/\/www.nettali.com\/2025\/06\/12\/seydi-gassama-damnesty-le-delit-doffense-au-chef-de-letat-doit-etre-supprime\/\",\"name\":\"SEYDI GASSAMA D'AMNESTY - \\\"Le d\\u00e9lit d\\u2019offense au chef de l\\u2019\\u00c9tat doit \\u00eatre supprim\\u00e9...\\\" | Nettali.com\",\"isPartOf\":{\"@id\":\"https:\/\/www.nettali.com\/#website\"},\"primaryImageOfPage\":{\"@id\":\"https:\/\/www.nettali.com\/2025\/06\/12\/seydi-gassama-damnesty-le-delit-doffense-au-chef-de-letat-doit-etre-supprime\/#primaryimage\"},\"datePublished\":\"2025-06-12T07:48:40+00:00\",\"dateModified\":\"2025-06-12T07:48:40+00:00\",\"author\":{\"@id\":\"https:\/\/www.nettali.com\/#\/schema\/person\/d8ac7b7e27ddad43f1c0d2ef090d7f71\"},\"breadcrumb\":{\"@id\":\"https:\/\/www.nettali.com\/2025\/06\/12\/seydi-gassama-damnesty-le-delit-doffense-au-chef-de-letat-doit-etre-supprime\/#breadcrumb\"},\"inLanguage\":\"fr-FR\",\"potentialAction\":[{\"@type\":\"ReadAction\",\"target\":[\"https:\/\/www.nettali.com\/2025\/06\/12\/seydi-gassama-damnesty-le-delit-doffense-au-chef-de-letat-doit-etre-supprime\/\"]}]},{\"@type\":\"BreadcrumbList\",\"@id\":\"https:\/\/www.nettali.com\/2025\/06\/12\/seydi-gassama-damnesty-le-delit-doffense-au-chef-de-letat-doit-etre-supprime\/#breadcrumb\",\"itemListElement\":[{\"@type\":\"ListItem\",\"position\":1,\"name\":\"Accueil\",\"item\":\"https:\/\/www.nettali.com\/\"},{\"@type\":\"ListItem\",\"position\":2,\"name\":\"SEYDI GASSAMA D'AMNESTY - \\\"Le d\\u00e9lit d\\u2019offense au chef de l\\u2019\\u00c9tat doit \\u00eatre supprim\\u00e9...\\\"\"}]},{\"@type\":\"Person\",\"@id\":\"https:\/\/www.nettali.com\/#\/schema\/person\/d8ac7b7e27ddad43f1c0d2ef090d7f71\",\"name\":\"CK\",\"image\":{\"@type\":\"ImageObject\",\"@id\":\"https:\/\/www.nettali.com\/#personlogo\",\"inLanguage\":\"fr-FR\",\"url\":\"https:\/\/secure.gravatar.com\/avatar\/1d8d5118b9327d94da7cd4ce7f17fec2?s=96&d=mm&r=g\",\"contentUrl\":\"https:\/\/secure.gravatar.com\/avatar\/1d8d5118b9327d94da7cd4ce7f17fec2?s=96&d=mm&r=g\",\"caption\":\"CK\"},\"sameAs\":[\"https:\/\/www.nettali.com\"]}]}<\/script>\n<!-- \/ Yoast SEO Premium plugin. -->","yoast_head_json":{"title":"SEYDI GASSAMA D'AMNESTY - \"Le d\u00e9lit d\u2019offense au chef de l\u2019\u00c9tat doit \u00eatre supprim\u00e9...\" | Nettali.com","robots":{"index":"index","follow":"follow","max-snippet":"max-snippet:-1","max-image-preview":"max-image-preview:large","max-video-preview":"max-video-preview:-1"},"canonical":"https:\/\/www.nettali.com\/2025\/06\/12\/seydi-gassama-damnesty-le-delit-doffense-au-chef-de-letat-doit-etre-supprime\/","og_locale":"fr_FR","og_type":"article","og_title":"SEYDI GASSAMA D'AMNESTY - \"Le d\u00e9lit d\u2019offense au chef de l\u2019\u00c9tat doit \u00eatre supprim\u00e9...\"","og_description":"NETTALI.COM - Sur sa page X, le patron d\u2019Amnesty International S\u00e9n\u00e9gal s\u2019est prononc\u00e9 sur le placement sous mandat de d\u00e9p\u00f4t de Moustapha Diakhat\u00e9. \u201cLe d\u00e9lit d\u2019offense au chef de l\u2019\u00c9tat doit \u00eatre supprim\u00e9. Le pr\u00e9sident de la R\u00e9publique pourra porter plainte, s\u2019il estime \u00eatre diffam\u00e9, injuri\u00e9 ou outrag\u00e9. Les peines de prison, pour ces infractions, [&hellip;]","og_url":"https:\/\/www.nettali.com\/2025\/06\/12\/seydi-gassama-damnesty-le-delit-doffense-au-chef-de-letat-doit-etre-supprime\/","og_site_name":"Nettali.com","article_publisher":"https:\/\/www.facebook.com\/nettalicom","article_published_time":"2025-06-12T07:48:40+00:00","og_image":[{"width":600,"height":330,"url":"https:\/\/www.nettali.com\/wp-content\/uploads\/2025\/06\/seydi-gassama.jpg","type":"image\/jpeg"}],"twitter_card":"summary_large_image","twitter_misc":{"\u00c9crit par":"CK","Dur\u00e9e de lecture estim\u00e9e":"1 minute"},"schema":{"@context":"https:\/\/schema.org","@graph":[{"@type":"WebSite","@id":"https:\/\/www.nettali.com\/#website","url":"https:\/\/www.nettali.com\/","name":"Nettali.com","description":"Le rendez-vous critique du Net","potentialAction":[{"@type":"SearchAction","target":{"@type":"EntryPoint","urlTemplate":"https:\/\/www.nettali.com\/?s={search_term_string}"},"query-input":"required name=search_term_string"}],"inLanguage":"fr-FR"},{"@type":"ImageObject","@id":"https:\/\/www.nettali.com\/2025\/06\/12\/seydi-gassama-damnesty-le-delit-doffense-au-chef-de-letat-doit-etre-supprime\/#primaryimage","inLanguage":"fr-FR","url":"https:\/\/www.nettali.com\/wp-content\/uploads\/2025\/06\/seydi-gassama.jpg","contentUrl":"https:\/\/www.nettali.com\/wp-content\/uploads\/2025\/06\/seydi-gassama.jpg","width":600,"height":330},{"@type":"WebPage","@id":"https:\/\/www.nettali.com\/2025\/06\/12\/seydi-gassama-damnesty-le-delit-doffense-au-chef-de-letat-doit-etre-supprime\/#webpage","url":"https:\/\/www.nettali.com\/2025\/06\/12\/seydi-gassama-damnesty-le-delit-doffense-au-chef-de-letat-doit-etre-supprime\/","name":"SEYDI GASSAMA D'AMNESTY - \"Le d\u00e9lit d\u2019offense au chef de l\u2019\u00c9tat doit \u00eatre supprim\u00e9...\" | Nettali.com","isPartOf":{"@id":"https:\/\/www.nettali.com\/#website"},"primaryImageOfPage":{"@id":"https:\/\/www.nettali.com\/2025\/06\/12\/seydi-gassama-damnesty-le-delit-doffense-au-chef-de-letat-doit-etre-supprime\/#primaryimage"},"datePublished":"2025-06-12T07:48:40+00:00","dateModified":"2025-06-12T07:48:40+00:00","author":{"@id":"https:\/\/www.nettali.com\/#\/schema\/person\/d8ac7b7e27ddad43f1c0d2ef090d7f71"},"breadcrumb":{"@id":"https:\/\/www.nettali.com\/2025\/06\/12\/seydi-gassama-damnesty-le-delit-doffense-au-chef-de-letat-doit-etre-supprime\/#breadcrumb"},"inLanguage":"fr-FR","potentialAction":[{"@type":"ReadAction","target":["https:\/\/www.nettali.com\/2025\/06\/12\/seydi-gassama-damnesty-le-delit-doffense-au-chef-de-letat-doit-etre-supprime\/"]}]},{"@type":"BreadcrumbList","@id":"https:\/\/www.nettali.com\/2025\/06\/12\/seydi-gassama-damnesty-le-delit-doffense-au-chef-de-letat-doit-etre-supprime\/#breadcrumb","itemListElement":[{"@type":"ListItem","position":1,"name":"Accueil","item":"https:\/\/www.nettali.com\/"},{"@type":"ListItem","position":2,"name":"SEYDI GASSAMA D'AMNESTY - \"Le d\u00e9lit d\u2019offense au chef de l\u2019\u00c9tat doit \u00eatre supprim\u00e9...\""}]},{"@type":"Person","@id":"https:\/\/www.nettali.com\/#\/schema\/person\/d8ac7b7e27ddad43f1c0d2ef090d7f71","name":"CK","image":{"@type":"ImageObject","@id":"https:\/\/www.nettali.com\/#personlogo","inLanguage":"fr-FR","url":"https:\/\/secure.gravatar.com\/avatar\/1d8d5118b9327d94da7cd4ce7f17fec2?s=96&d=mm&r=g","contentUrl":"https:\/\/secure.gravatar.com\/avatar\/1d8d5118b9327d94da7cd4ce7f17fec2?s=96&d=mm&r=g","caption":"CK"},"sameAs":["https:\/\/www.nettali.com"]}]}},"_links":{"self":[{"href":"https:\/\/www.nettali.com\/rest\/wp\/v2\/posts\/155694"}],"collection":[{"href":"https:\/\/www.nettali.com\/rest\/wp\/v2\/posts"}],"about":[{"href":"https:\/\/www.nettali.com\/rest\/wp\/v2\/types\/post"}],"author":[{"embeddable":true,"href":"https:\/\/www.nettali.com\/rest\/wp\/v2\/users\/2"}],"replies":[{"embeddable":true,"href":"https:\/\/www.nettali.com\/rest\/wp\/v2\/comments?post=155694"}],"version-history":[{"count":1,"href":"https:\/\/www.nettali.com\/rest\/wp\/v2\/posts\/155694\/revisions"}],"predecessor-version":[{"id":155696,"href":"https:\/\/www.nettali.com\/rest\/wp\/v2\/posts\/155694\/revisions\/155696"}],"wp:featuredmedia":[{"embeddable":true,"href":"https:\/\/www.nettali.com\/rest\/wp\/v2\/media\/155695"}],"wp:attachment":[{"href":"https:\/\/www.nettali.com\/rest\/wp\/v2\/media?parent=155694"}],"wp:term":[{"taxonomy":"category","embeddable":true,"href":"https:\/\/www.nettali.com\/rest\/wp\/v2\/categories?post=155694"},{"taxonomy":"post_tag","embeddable":true,"href":"https:\/\/www.nettali.com\/rest\/wp\/v2\/tags?post=155694"}],"curies":[{"name":"wp","href":"https:\/\/api.w.org\/{rel}","templated":true}]}}