{"id":155486,"date":"2025-06-07T21:22:21","date_gmt":"2025-06-07T21:22:21","guid":{"rendered":"https:\/\/www.nettali.com\/?p=155486"},"modified":"2025-06-07T21:22:21","modified_gmt":"2025-06-07T21:22:21","slug":"tabaski-la-proposition-de-moustapha-guirassy-pour-une-regulation-des-depenses-festives","status":"publish","type":"post","link":"https:\/\/www.nettali.com\/2025\/06\/07\/tabaski-la-proposition-de-moustapha-guirassy-pour-une-regulation-des-depenses-festives\/","title":{"rendered":"TABASKI - La proposition de Moustapha Guirassy pour une r\u00e9gulation des d\u00e9penses festives"},"content":{"rendered":"<p data-start=\"212\" data-end=\"665\"><strong>NETTALI.COM - \u00c0 l\u2019occasion de la c\u00e9l\u00e9bration de l\u2019A\u00efd-el-K\u00e9bir, ce samedi 7 juin 2025, le ministre de l\u2019\u00c9ducation nationale, Moustapha Guirassy, a particip\u00e9 \u00e0 la pri\u00e8re des deux rakaas dans sa ville natale de K\u00e9dougou. Entour\u00e9 de fid\u00e8les, de notables et de personnalit\u00e9s locales, le ministre a saisi l\u2019occasion pour livrer un message fort sur la n\u00e9cessit\u00e9 d\u2019encadrer les exc\u00e8s financiers souvent constat\u00e9s lors des f\u00eates religieuses et des grandes c\u00e9r\u00e9monies.<\/strong><\/p>\n<p data-start=\"722\" data-end=\"967\">Dans son adresse \u00e0 la presse locale et aux fid\u00e8les r\u00e9unis, Moustapha Guirassy a d\u00e9plor\u00e9 la tendance aux d\u00e9penses ostentatoires et aux gaspillages alimentaires qui accompagnent trop souvent les c\u00e9l\u00e9brations religieuses, notamment la Tabaski.<\/p>\n<p data-start=\"969\" data-end=\"1197\"><em>\u00ab Les f\u00eates religieuses sont des moments de partage et de solidarit\u00e9 qui traduisent notre identit\u00e9 culturelle profonde. Les encadrer de mani\u00e8re responsable et p\u00e9dagogique serait b\u00e9n\u00e9fique \u00e0 toute la soci\u00e9t\u00e9 \u00bb<\/em>, a-t-il estim\u00e9.<\/p>\n<p data-start=\"1199\" data-end=\"1587\">Le ministre a appel\u00e9 l\u2019\u00c9tat \u00e0 r\u00e9viser et actualiser les anciens d\u00e9crets qui, sous la pr\u00e9sidence d\u2019Abdou Diouf, avaient tent\u00e9 de r\u00e9guler les d\u00e9penses excessives \u00e0 l\u2019occasion des c\u00e9r\u00e9monies familiales et religieuses. Selon lui, au-del\u00e0 des textes, il faudrait surtout privil\u00e9gier une approche \u00e9ducative et participative, fond\u00e9e sur la sensibilisation et l\u2019implication communautaire.<\/p>\n<p data-start=\"1660\" data-end=\"1944\">Profitant de la mobilisation des fid\u00e8les, Moustapha Guirassy a \u00e9galement lanc\u00e9 un vibrant appel \u00e0 la solidarit\u00e9 pour l\u2019ach\u00e8vement des travaux de la grande mosqu\u00e9e de K\u00e9dougou. Ce chantier, en cours depuis plusieurs ann\u00e9es, peine \u00e0 se concr\u00e9tiser faute de financements suffisants.<\/p>\n<p data-start=\"1946\" data-end=\"2135\"><em>\u00ab La Tabaski est l\u2019occasion id\u00e9ale pour que les fils et filles de la r\u00e9gion, o\u00f9 qu\u2019ils soient, se mobilisent pour offrir \u00e0 K\u00e9dougou un lieu de culte digne de son rang \u00bb<\/em>, a-t-il insist\u00e9.<\/p>\n<p data-start=\"2200\" data-end=\"2395\">Enfin, le ministre a formul\u00e9 des v\u0153ux de paix, de solidarit\u00e9 et de renouveau pour le S\u00e9n\u00e9gal, appelant les S\u00e9n\u00e9galais \u00e0 pr\u00e9server l\u2019unit\u00e9 nationale et \u00e0 \u0153uvrer pour un d\u00e9veloppement inclusif.<\/p>\n<p data-start=\"2397\" data-end=\"2574\"><em>\u00ab Nous devons b\u00e2tir un pays moderne, fid\u00e8le \u00e0 ses racines et uni dans la diversit\u00e9, \u00e0 l\u2019image de l\u2019esprit de partage que symbolise la Tabaski \u00bb<\/em>, a conclu Moustapha Guirassy.<\/p>\n<div class='share-to-whatsapp-wrapper'><div class='share-on-whsp'>PARTAGER SUR : <\/div><a data-text='TABASKI - La proposition de Moustapha Guirassy pour une r\u00e9gulation des d\u00e9penses festives' data-link='https:\/\/www.nettali.com\/2025\/06\/07\/tabaski-la-proposition-de-moustapha-guirassy-pour-une-regulation-des-depenses-festives\/' class='whatsapp-button whatsapp-share'>WhatsApp<\/a><div class='clear '><\/div><\/div>","protected":false},"excerpt":{"rendered":"<p>NETTALI.COM - \u00c0 l\u2019occasion de la c\u00e9l\u00e9bration de l\u2019A\u00efd-el-K\u00e9bir, ce samedi 7 juin 2025, le ministre de l\u2019\u00c9ducation nationale, Moustapha Guirassy, a particip\u00e9 \u00e0 la pri\u00e8re des deux rakaas dans sa ville natale de K\u00e9dougou. Entour\u00e9 de fid\u00e8les, de notables et de personnalit\u00e9s locales, le ministre a saisi l\u2019occasion pour livrer un message fort sur [&hellip;]<\/p>\n","protected":false},"author":4,"featured_media":153658,"comment_status":"open","ping_status":"open","sticky":false,"template":"","format":"standard","meta":{"_et_pb_use_builder":"","_et_pb_old_content":""},"categories":[3],"tags":[],"yoast_head":"<!-- This site is optimized with the Yoast SEO Premium plugin v17.8 (Yoast SEO v17.8) - https:\/\/yoast.com\/wordpress\/plugins\/seo\/ -->\n<title>TABASKI - La proposition de Moustapha Guirassy pour une r\u00e9gulation des d\u00e9penses festives | Nettali.com<\/title>\n<meta name=\"robots\" content=\"index, follow, max-snippet:-1, max-image-preview:large, max-video-preview:-1\" \/>\n<link rel=\"canonical\" href=\"https:\/\/www.nettali.com\/2025\/06\/07\/tabaski-la-proposition-de-moustapha-guirassy-pour-une-regulation-des-depenses-festives\/\" \/>\n<meta property=\"og:locale\" content=\"fr_FR\" \/>\n<meta property=\"og:type\" content=\"article\" \/>\n<meta property=\"og:title\" content=\"TABASKI - La proposition de Moustapha Guirassy pour une r\u00e9gulation des d\u00e9penses festives\" \/>\n<meta property=\"og:description\" content=\"NETTALI.COM - \u00c0 l\u2019occasion de la c\u00e9l\u00e9bration de l\u2019A\u00efd-el-K\u00e9bir, ce samedi 7 juin 2025, le ministre de l\u2019\u00c9ducation nationale, Moustapha Guirassy, a particip\u00e9 \u00e0 la pri\u00e8re des deux rakaas dans sa ville natale de K\u00e9dougou. Entour\u00e9 de fid\u00e8les, de notables et de personnalit\u00e9s locales, le ministre a saisi l\u2019occasion pour livrer un message fort sur [&hellip;]\" \/>\n<meta property=\"og:url\" content=\"https:\/\/www.nettali.com\/2025\/06\/07\/tabaski-la-proposition-de-moustapha-guirassy-pour-une-regulation-des-depenses-festives\/\" \/>\n<meta property=\"og:site_name\" content=\"Nettali.com\" \/>\n<meta property=\"article:publisher\" content=\"https:\/\/www.facebook.com\/nettalicom\" \/>\n<meta property=\"article:published_time\" content=\"2025-06-07T21:22:21+00:00\" \/>\n<meta property=\"og:image\" content=\"https:\/\/www.nettali.com\/wp-content\/uploads\/2025\/05\/Moustapha-Mamba-Guirassy.jpg\" \/>\n\t<meta property=\"og:image:width\" content=\"600\" \/>\n\t<meta property=\"og:image:height\" content=\"392\" \/>\n<meta name=\"twitter:card\" content=\"summary_large_image\" \/>\n<meta name=\"twitter:label1\" content=\"\u00c9crit par\" \/>\n\t<meta name=\"twitter:data1\" content=\"Daouda\" \/>\n\t<meta name=\"twitter:label2\" content=\"Dur\u00e9e de lecture estim\u00e9e\" \/>\n\t<meta name=\"twitter:data2\" content=\"2 minutes\" \/>\n<script type=\"application\/ld+json\" class=\"yoast-schema-graph\">{\"@context\":\"https:\/\/schema.org\",\"@graph\":[{\"@type\":\"WebSite\",\"@id\":\"https:\/\/www.nettali.com\/#website\",\"url\":\"https:\/\/www.nettali.com\/\",\"name\":\"Nettali.com\",\"description\":\"Le rendez-vous critique du Net\",\"potentialAction\":[{\"@type\":\"SearchAction\",\"target\":{\"@type\":\"EntryPoint\",\"urlTemplate\":\"https:\/\/www.nettali.com\/?s={search_term_string}\"},\"query-input\":\"required name=search_term_string\"}],\"inLanguage\":\"fr-FR\"},{\"@type\":\"ImageObject\",\"@id\":\"https:\/\/www.nettali.com\/2025\/06\/07\/tabaski-la-proposition-de-moustapha-guirassy-pour-une-regulation-des-depenses-festives\/#primaryimage\",\"inLanguage\":\"fr-FR\",\"url\":\"https:\/\/www.nettali.com\/wp-content\/uploads\/2025\/05\/Moustapha-Mamba-Guirassy.jpg\",\"contentUrl\":\"https:\/\/www.nettali.com\/wp-content\/uploads\/2025\/05\/Moustapha-Mamba-Guirassy.jpg\",\"width\":600,\"height\":392},{\"@type\":\"WebPage\",\"@id\":\"https:\/\/www.nettali.com\/2025\/06\/07\/tabaski-la-proposition-de-moustapha-guirassy-pour-une-regulation-des-depenses-festives\/#webpage\",\"url\":\"https:\/\/www.nettali.com\/2025\/06\/07\/tabaski-la-proposition-de-moustapha-guirassy-pour-une-regulation-des-depenses-festives\/\",\"name\":\"TABASKI - La proposition de Moustapha Guirassy pour une r\\u00e9gulation des d\\u00e9penses festives | Nettali.com\",\"isPartOf\":{\"@id\":\"https:\/\/www.nettali.com\/#website\"},\"primaryImageOfPage\":{\"@id\":\"https:\/\/www.nettali.com\/2025\/06\/07\/tabaski-la-proposition-de-moustapha-guirassy-pour-une-regulation-des-depenses-festives\/#primaryimage\"},\"datePublished\":\"2025-06-07T21:22:21+00:00\",\"dateModified\":\"2025-06-07T21:22:21+00:00\",\"author\":{\"@id\":\"https:\/\/www.nettali.com\/#\/schema\/person\/3317e0bb3aa1da309fbf7b2780901bf4\"},\"breadcrumb\":{\"@id\":\"https:\/\/www.nettali.com\/2025\/06\/07\/tabaski-la-proposition-de-moustapha-guirassy-pour-une-regulation-des-depenses-festives\/#breadcrumb\"},\"inLanguage\":\"fr-FR\",\"potentialAction\":[{\"@type\":\"ReadAction\",\"target\":[\"https:\/\/www.nettali.com\/2025\/06\/07\/tabaski-la-proposition-de-moustapha-guirassy-pour-une-regulation-des-depenses-festives\/\"]}]},{\"@type\":\"BreadcrumbList\",\"@id\":\"https:\/\/www.nettali.com\/2025\/06\/07\/tabaski-la-proposition-de-moustapha-guirassy-pour-une-regulation-des-depenses-festives\/#breadcrumb\",\"itemListElement\":[{\"@type\":\"ListItem\",\"position\":1,\"name\":\"Accueil\",\"item\":\"https:\/\/www.nettali.com\/\"},{\"@type\":\"ListItem\",\"position\":2,\"name\":\"TABASKI - La proposition de Moustapha Guirassy pour une r\\u00e9gulation des d\\u00e9penses festives\"}]},{\"@type\":\"Person\",\"@id\":\"https:\/\/www.nettali.com\/#\/schema\/person\/3317e0bb3aa1da309fbf7b2780901bf4\",\"name\":\"Daouda\",\"image\":{\"@type\":\"ImageObject\",\"@id\":\"https:\/\/www.nettali.com\/#personlogo\",\"inLanguage\":\"fr-FR\",\"url\":\"https:\/\/secure.gravatar.com\/avatar\/8d143b5a49345098ddcfee1c49c2f47c?s=96&d=mm&r=g\",\"contentUrl\":\"https:\/\/secure.gravatar.com\/avatar\/8d143b5a49345098ddcfee1c49c2f47c?s=96&d=mm&r=g\",\"caption\":\"Daouda\"},\"sameAs\":[\"https:\/\/www.nettali.com\"]}]}<\/script>\n<!-- \/ Yoast SEO Premium plugin. -->","yoast_head_json":{"title":"TABASKI - La proposition de Moustapha Guirassy pour une r\u00e9gulation des d\u00e9penses festives | Nettali.com","robots":{"index":"index","follow":"follow","max-snippet":"max-snippet:-1","max-image-preview":"max-image-preview:large","max-video-preview":"max-video-preview:-1"},"canonical":"https:\/\/www.nettali.com\/2025\/06\/07\/tabaski-la-proposition-de-moustapha-guirassy-pour-une-regulation-des-depenses-festives\/","og_locale":"fr_FR","og_type":"article","og_title":"TABASKI - La proposition de Moustapha Guirassy pour une r\u00e9gulation des d\u00e9penses festives","og_description":"NETTALI.COM - \u00c0 l\u2019occasion de la c\u00e9l\u00e9bration de l\u2019A\u00efd-el-K\u00e9bir, ce samedi 7 juin 2025, le ministre de l\u2019\u00c9ducation nationale, Moustapha Guirassy, a particip\u00e9 \u00e0 la pri\u00e8re des deux rakaas dans sa ville natale de K\u00e9dougou. Entour\u00e9 de fid\u00e8les, de notables et de personnalit\u00e9s locales, le ministre a saisi l\u2019occasion pour livrer un message fort sur [&hellip;]","og_url":"https:\/\/www.nettali.com\/2025\/06\/07\/tabaski-la-proposition-de-moustapha-guirassy-pour-une-regulation-des-depenses-festives\/","og_site_name":"Nettali.com","article_publisher":"https:\/\/www.facebook.com\/nettalicom","article_published_time":"2025-06-07T21:22:21+00:00","og_image":[{"width":600,"height":392,"url":"https:\/\/www.nettali.com\/wp-content\/uploads\/2025\/05\/Moustapha-Mamba-Guirassy.jpg","type":"image\/jpeg"}],"twitter_card":"summary_large_image","twitter_misc":{"\u00c9crit par":"Daouda","Dur\u00e9e de lecture estim\u00e9e":"2 minutes"},"schema":{"@context":"https:\/\/schema.org","@graph":[{"@type":"WebSite","@id":"https:\/\/www.nettali.com\/#website","url":"https:\/\/www.nettali.com\/","name":"Nettali.com","description":"Le rendez-vous critique du Net","potentialAction":[{"@type":"SearchAction","target":{"@type":"EntryPoint","urlTemplate":"https:\/\/www.nettali.com\/?s={search_term_string}"},"query-input":"required name=search_term_string"}],"inLanguage":"fr-FR"},{"@type":"ImageObject","@id":"https:\/\/www.nettali.com\/2025\/06\/07\/tabaski-la-proposition-de-moustapha-guirassy-pour-une-regulation-des-depenses-festives\/#primaryimage","inLanguage":"fr-FR","url":"https:\/\/www.nettali.com\/wp-content\/uploads\/2025\/05\/Moustapha-Mamba-Guirassy.jpg","contentUrl":"https:\/\/www.nettali.com\/wp-content\/uploads\/2025\/05\/Moustapha-Mamba-Guirassy.jpg","width":600,"height":392},{"@type":"WebPage","@id":"https:\/\/www.nettali.com\/2025\/06\/07\/tabaski-la-proposition-de-moustapha-guirassy-pour-une-regulation-des-depenses-festives\/#webpage","url":"https:\/\/www.nettali.com\/2025\/06\/07\/tabaski-la-proposition-de-moustapha-guirassy-pour-une-regulation-des-depenses-festives\/","name":"TABASKI - La proposition de Moustapha Guirassy pour une r\u00e9gulation des d\u00e9penses festives | Nettali.com","isPartOf":{"@id":"https:\/\/www.nettali.com\/#website"},"primaryImageOfPage":{"@id":"https:\/\/www.nettali.com\/2025\/06\/07\/tabaski-la-proposition-de-moustapha-guirassy-pour-une-regulation-des-depenses-festives\/#primaryimage"},"datePublished":"2025-06-07T21:22:21+00:00","dateModified":"2025-06-07T21:22:21+00:00","author":{"@id":"https:\/\/www.nettali.com\/#\/schema\/person\/3317e0bb3aa1da309fbf7b2780901bf4"},"breadcrumb":{"@id":"https:\/\/www.nettali.com\/2025\/06\/07\/tabaski-la-proposition-de-moustapha-guirassy-pour-une-regulation-des-depenses-festives\/#breadcrumb"},"inLanguage":"fr-FR","potentialAction":[{"@type":"ReadAction","target":["https:\/\/www.nettali.com\/2025\/06\/07\/tabaski-la-proposition-de-moustapha-guirassy-pour-une-regulation-des-depenses-festives\/"]}]},{"@type":"BreadcrumbList","@id":"https:\/\/www.nettali.com\/2025\/06\/07\/tabaski-la-proposition-de-moustapha-guirassy-pour-une-regulation-des-depenses-festives\/#breadcrumb","itemListElement":[{"@type":"ListItem","position":1,"name":"Accueil","item":"https:\/\/www.nettali.com\/"},{"@type":"ListItem","position":2,"name":"TABASKI - La proposition de Moustapha Guirassy pour une r\u00e9gulation des d\u00e9penses festives"}]},{"@type":"Person","@id":"https:\/\/www.nettali.com\/#\/schema\/person\/3317e0bb3aa1da309fbf7b2780901bf4","name":"Daouda","image":{"@type":"ImageObject","@id":"https:\/\/www.nettali.com\/#personlogo","inLanguage":"fr-FR","url":"https:\/\/secure.gravatar.com\/avatar\/8d143b5a49345098ddcfee1c49c2f47c?s=96&d=mm&r=g","contentUrl":"https:\/\/secure.gravatar.com\/avatar\/8d143b5a49345098ddcfee1c49c2f47c?s=96&d=mm&r=g","caption":"Daouda"},"sameAs":["https:\/\/www.nettali.com"]}]}},"_links":{"self":[{"href":"https:\/\/www.nettali.com\/rest\/wp\/v2\/posts\/155486"}],"collection":[{"href":"https:\/\/www.nettali.com\/rest\/wp\/v2\/posts"}],"about":[{"href":"https:\/\/www.nettali.com\/rest\/wp\/v2\/types\/post"}],"author":[{"embeddable":true,"href":"https:\/\/www.nettali.com\/rest\/wp\/v2\/users\/4"}],"replies":[{"embeddable":true,"href":"https:\/\/www.nettali.com\/rest\/wp\/v2\/comments?post=155486"}],"version-history":[{"count":1,"href":"https:\/\/www.nettali.com\/rest\/wp\/v2\/posts\/155486\/revisions"}],"predecessor-version":[{"id":155487,"href":"https:\/\/www.nettali.com\/rest\/wp\/v2\/posts\/155486\/revisions\/155487"}],"wp:featuredmedia":[{"embeddable":true,"href":"https:\/\/www.nettali.com\/rest\/wp\/v2\/media\/153658"}],"wp:attachment":[{"href":"https:\/\/www.nettali.com\/rest\/wp\/v2\/media?parent=155486"}],"wp:term":[{"taxonomy":"category","embeddable":true,"href":"https:\/\/www.nettali.com\/rest\/wp\/v2\/categories?post=155486"},{"taxonomy":"post_tag","embeddable":true,"href":"https:\/\/www.nettali.com\/rest\/wp\/v2\/tags?post=155486"}],"curies":[{"name":"wp","href":"https:\/\/api.w.org\/{rel}","templated":true}]}}