{"id":155483,"date":"2025-06-07T17:51:29","date_gmt":"2025-06-07T17:51:29","guid":{"rendered":"https:\/\/www.nettali.com\/?p=155483"},"modified":"2025-06-07T17:51:29","modified_gmt":"2025-06-07T17:51:29","slug":"incendie-au-marche-central-de-linguere-des-cantines-ravagees-en-pleine-tabaski","status":"publish","type":"post","link":"https:\/\/www.nettali.com\/2025\/06\/07\/incendie-au-marche-central-de-linguere-des-cantines-ravagees-en-pleine-tabaski\/","title":{"rendered":"INCENDIE AU MARCH\u00c9 CENTRAL DE LINGUERE - Des cantines ravag\u00e9es en pleine Tabaski"},"content":{"rendered":"<p data-start=\"221\" data-end=\"533\"><strong>NETTALI.COM - Un incendie d\u2019une rare violence s\u2019est d\u00e9clar\u00e9 dans l\u2019apr\u00e8s-midi du samedi 22 juin 2025, jour de la Tabaski, au march\u00e9 central de Lingu\u00e8re. Le sinistre a ravag\u00e9 quatre cantines commerciales, provoquant d\u2019importants d\u00e9g\u00e2ts mat\u00e9riels et plongeant les commer\u00e7ants dans la consternation en pleine p\u00e9riode festive.<\/strong><\/p>\n<p data-start=\"600\" data-end=\"964\">Selon les premi\u00e8res constatations sur place, le feu a emport\u00e9 plusieurs \u00e9quipements professionnels, notamment des machines \u00e0 coudre et un important stock de tissus, destin\u00e9s \u00e0 r\u00e9pondre \u00e0 la forte demande vestimentaire de la f\u00eate. Les commer\u00e7ants, pr\u00e9sents au moment du drame, n\u2019ont rien pu sauver face \u00e0 la rapidit\u00e9 avec laquelle les flammes se sont propag\u00e9es.<\/p>\n<p data-start=\"966\" data-end=\"1146\"><em>\u00ab C\u2019est un coup tr\u00e8s dur pour nous, en ce jour si particulier. Nous venions \u00e0 peine de finir les ventes pour la Tabaski \u00bb<\/em>, a confi\u00e9 un commer\u00e7ant sinistr\u00e9, les larmes aux yeux.<\/p>\n<p data-start=\"1203\" data-end=\"1572\">Alert\u00e9e par les commer\u00e7ants et riverains, la brigade des sapeurs-pompiers de Lingu\u00e8re est intervenue rapidement pour ma\u00eetriser l\u2019incendie et emp\u00eacher qu\u2019il ne se propage aux autres cantines et \u00e9tals du march\u00e9. Gr\u00e2ce \u00e0 leur efficacit\u00e9 et leur professionnalisme, le sinistre a pu \u00eatre circonscrit, limitant ainsi des d\u00e9g\u00e2ts qui auraient pu \u00eatre bien plus \u00e9tendus.<\/p>\n<p data-start=\"1574\" data-end=\"1827\">L\u2019adjoint au commandant de la brigade, pr\u00e9sent sur les lieux, a salu\u00e9 la r\u00e9activit\u00e9 des \u00e9quipes. <em>\u00ab Nous avons r\u00e9ussi \u00e0 contenir l\u2019incendie \u00e0 quatre cantines. Les causes exactes du d\u00e9part de feu restent, pour l\u2019heure, ind\u00e9termin\u00e9es \u00bb<\/em>, a-t-il pr\u00e9cis\u00e9.<\/p>\n<h3 data-start=\"1834\" data-end=\"1862\"><strong data-start=\"1838\" data-end=\"1862\">Une enqu\u00eate annonc\u00e9e<\/strong><\/h3>\n<p data-start=\"1864\" data-end=\"2117\">Face \u00e0 ce drame, les autorit\u00e9s locales ont annonc\u00e9 l\u2019ouverture prochaine d\u2019une enqu\u00eate pour d\u00e9terminer l\u2019origine du sinistre. Les commer\u00e7ants sinistr\u00e9s, tr\u00e8s affect\u00e9s, ont r\u00e9clam\u00e9 des explications et esp\u00e8rent des mesures de soutien et de pr\u00e9vention.<\/p>\n<p data-start=\"2119\" data-end=\"2361\">Ce nouvel incendie relance par ailleurs le d\u00e9bat sur les normes de s\u00e9curit\u00e9 dans les march\u00e9s s\u00e9n\u00e9galais, souvent confront\u00e9s \u00e0 des infrastructures v\u00e9tustes, des branchements \u00e9lectriques anarchiques et un manque d\u2019\u00e9quipements anti-incendie.<\/p>\n<div class='share-to-whatsapp-wrapper'><div class='share-on-whsp'>PARTAGER SUR : <\/div><a data-text='INCENDIE AU MARCH\u00c9 CENTRAL DE LINGUERE - Des cantines ravag\u00e9es en pleine Tabaski' data-link='https:\/\/www.nettali.com\/2025\/06\/07\/incendie-au-marche-central-de-linguere-des-cantines-ravagees-en-pleine-tabaski\/' class='whatsapp-button whatsapp-share'>WhatsApp<\/a><div class='clear '><\/div><\/div>","protected":false},"excerpt":{"rendered":"<p>NETTALI.COM - Un incendie d\u2019une rare violence s\u2019est d\u00e9clar\u00e9 dans l\u2019apr\u00e8s-midi du samedi 22 juin 2025, jour de la Tabaski, au march\u00e9 central de Lingu\u00e8re. Le sinistre a ravag\u00e9 quatre cantines commerciales, provoquant d\u2019importants d\u00e9g\u00e2ts mat\u00e9riels et plongeant les commer\u00e7ants dans la consternation en pleine p\u00e9riode festive. Selon les premi\u00e8res constatations sur place, le feu [&hellip;]<\/p>\n","protected":false},"author":4,"featured_media":155484,"comment_status":"open","ping_status":"open","sticky":false,"template":"","format":"standard","meta":{"_et_pb_use_builder":"","_et_pb_old_content":""},"categories":[3],"tags":[],"yoast_head":"<!-- This site is optimized with the Yoast SEO Premium plugin v17.8 (Yoast SEO v17.8) - https:\/\/yoast.com\/wordpress\/plugins\/seo\/ -->\n<title>INCENDIE AU MARCH\u00c9 CENTRAL DE LINGUERE - Des cantines ravag\u00e9es en pleine Tabaski | Nettali.com<\/title>\n<meta name=\"robots\" content=\"index, follow, max-snippet:-1, max-image-preview:large, max-video-preview:-1\" \/>\n<link rel=\"canonical\" href=\"https:\/\/www.nettali.com\/2025\/06\/07\/incendie-au-marche-central-de-linguere-des-cantines-ravagees-en-pleine-tabaski\/\" \/>\n<meta property=\"og:locale\" content=\"fr_FR\" \/>\n<meta property=\"og:type\" content=\"article\" \/>\n<meta property=\"og:title\" content=\"INCENDIE AU MARCH\u00c9 CENTRAL DE LINGUERE - Des cantines ravag\u00e9es en pleine Tabaski\" \/>\n<meta property=\"og:description\" content=\"NETTALI.COM - Un incendie d\u2019une rare violence s\u2019est d\u00e9clar\u00e9 dans l\u2019apr\u00e8s-midi du samedi 22 juin 2025, jour de la Tabaski, au march\u00e9 central de Lingu\u00e8re. Le sinistre a ravag\u00e9 quatre cantines commerciales, provoquant d\u2019importants d\u00e9g\u00e2ts mat\u00e9riels et plongeant les commer\u00e7ants dans la consternation en pleine p\u00e9riode festive. Selon les premi\u00e8res constatations sur place, le feu [&hellip;]\" \/>\n<meta property=\"og:url\" content=\"https:\/\/www.nettali.com\/2025\/06\/07\/incendie-au-marche-central-de-linguere-des-cantines-ravagees-en-pleine-tabaski\/\" \/>\n<meta property=\"og:site_name\" content=\"Nettali.com\" \/>\n<meta property=\"article:publisher\" content=\"https:\/\/www.facebook.com\/nettalicom\" \/>\n<meta property=\"article:published_time\" content=\"2025-06-07T17:51:29+00:00\" \/>\n<meta property=\"og:image\" content=\"https:\/\/www.nettali.com\/wp-content\/uploads\/2025\/06\/incendie_4624-e1749318679902.jpg\" \/>\n\t<meta property=\"og:image:width\" content=\"633\" \/>\n\t<meta property=\"og:image:height\" content=\"364\" \/>\n<meta name=\"twitter:card\" content=\"summary_large_image\" \/>\n<meta name=\"twitter:label1\" content=\"\u00c9crit par\" \/>\n\t<meta name=\"twitter:data1\" content=\"Daouda\" \/>\n\t<meta name=\"twitter:label2\" content=\"Dur\u00e9e de lecture estim\u00e9e\" \/>\n\t<meta name=\"twitter:data2\" content=\"2 minutes\" \/>\n<script type=\"application\/ld+json\" class=\"yoast-schema-graph\">{\"@context\":\"https:\/\/schema.org\",\"@graph\":[{\"@type\":\"WebSite\",\"@id\":\"https:\/\/www.nettali.com\/#website\",\"url\":\"https:\/\/www.nettali.com\/\",\"name\":\"Nettali.com\",\"description\":\"Le rendez-vous critique du Net\",\"potentialAction\":[{\"@type\":\"SearchAction\",\"target\":{\"@type\":\"EntryPoint\",\"urlTemplate\":\"https:\/\/www.nettali.com\/?s={search_term_string}\"},\"query-input\":\"required name=search_term_string\"}],\"inLanguage\":\"fr-FR\"},{\"@type\":\"ImageObject\",\"@id\":\"https:\/\/www.nettali.com\/2025\/06\/07\/incendie-au-marche-central-de-linguere-des-cantines-ravagees-en-pleine-tabaski\/#primaryimage\",\"inLanguage\":\"fr-FR\",\"url\":\"https:\/\/www.nettali.com\/wp-content\/uploads\/2025\/06\/incendie_4624-e1749318679902.jpg\",\"contentUrl\":\"https:\/\/www.nettali.com\/wp-content\/uploads\/2025\/06\/incendie_4624-e1749318679902.jpg\",\"width\":633,\"height\":364},{\"@type\":\"WebPage\",\"@id\":\"https:\/\/www.nettali.com\/2025\/06\/07\/incendie-au-marche-central-de-linguere-des-cantines-ravagees-en-pleine-tabaski\/#webpage\",\"url\":\"https:\/\/www.nettali.com\/2025\/06\/07\/incendie-au-marche-central-de-linguere-des-cantines-ravagees-en-pleine-tabaski\/\",\"name\":\"INCENDIE AU MARCH\\u00c9 CENTRAL DE LINGUERE - Des cantines ravag\\u00e9es en pleine Tabaski | Nettali.com\",\"isPartOf\":{\"@id\":\"https:\/\/www.nettali.com\/#website\"},\"primaryImageOfPage\":{\"@id\":\"https:\/\/www.nettali.com\/2025\/06\/07\/incendie-au-marche-central-de-linguere-des-cantines-ravagees-en-pleine-tabaski\/#primaryimage\"},\"datePublished\":\"2025-06-07T17:51:29+00:00\",\"dateModified\":\"2025-06-07T17:51:29+00:00\",\"author\":{\"@id\":\"https:\/\/www.nettali.com\/#\/schema\/person\/3317e0bb3aa1da309fbf7b2780901bf4\"},\"breadcrumb\":{\"@id\":\"https:\/\/www.nettali.com\/2025\/06\/07\/incendie-au-marche-central-de-linguere-des-cantines-ravagees-en-pleine-tabaski\/#breadcrumb\"},\"inLanguage\":\"fr-FR\",\"potentialAction\":[{\"@type\":\"ReadAction\",\"target\":[\"https:\/\/www.nettali.com\/2025\/06\/07\/incendie-au-marche-central-de-linguere-des-cantines-ravagees-en-pleine-tabaski\/\"]}]},{\"@type\":\"BreadcrumbList\",\"@id\":\"https:\/\/www.nettali.com\/2025\/06\/07\/incendie-au-marche-central-de-linguere-des-cantines-ravagees-en-pleine-tabaski\/#breadcrumb\",\"itemListElement\":[{\"@type\":\"ListItem\",\"position\":1,\"name\":\"Accueil\",\"item\":\"https:\/\/www.nettali.com\/\"},{\"@type\":\"ListItem\",\"position\":2,\"name\":\"INCENDIE AU MARCH\\u00c9 CENTRAL DE LINGUERE - Des cantines ravag\\u00e9es en pleine Tabaski\"}]},{\"@type\":\"Person\",\"@id\":\"https:\/\/www.nettali.com\/#\/schema\/person\/3317e0bb3aa1da309fbf7b2780901bf4\",\"name\":\"Daouda\",\"image\":{\"@type\":\"ImageObject\",\"@id\":\"https:\/\/www.nettali.com\/#personlogo\",\"inLanguage\":\"fr-FR\",\"url\":\"https:\/\/secure.gravatar.com\/avatar\/8d143b5a49345098ddcfee1c49c2f47c?s=96&d=mm&r=g\",\"contentUrl\":\"https:\/\/secure.gravatar.com\/avatar\/8d143b5a49345098ddcfee1c49c2f47c?s=96&d=mm&r=g\",\"caption\":\"Daouda\"},\"sameAs\":[\"https:\/\/www.nettali.com\"]}]}<\/script>\n<!-- \/ Yoast SEO Premium plugin. -->","yoast_head_json":{"title":"INCENDIE AU MARCH\u00c9 CENTRAL DE LINGUERE - Des cantines ravag\u00e9es en pleine Tabaski | Nettali.com","robots":{"index":"index","follow":"follow","max-snippet":"max-snippet:-1","max-image-preview":"max-image-preview:large","max-video-preview":"max-video-preview:-1"},"canonical":"https:\/\/www.nettali.com\/2025\/06\/07\/incendie-au-marche-central-de-linguere-des-cantines-ravagees-en-pleine-tabaski\/","og_locale":"fr_FR","og_type":"article","og_title":"INCENDIE AU MARCH\u00c9 CENTRAL DE LINGUERE - Des cantines ravag\u00e9es en pleine Tabaski","og_description":"NETTALI.COM - Un incendie d\u2019une rare violence s\u2019est d\u00e9clar\u00e9 dans l\u2019apr\u00e8s-midi du samedi 22 juin 2025, jour de la Tabaski, au march\u00e9 central de Lingu\u00e8re. Le sinistre a ravag\u00e9 quatre cantines commerciales, provoquant d\u2019importants d\u00e9g\u00e2ts mat\u00e9riels et plongeant les commer\u00e7ants dans la consternation en pleine p\u00e9riode festive. Selon les premi\u00e8res constatations sur place, le feu [&hellip;]","og_url":"https:\/\/www.nettali.com\/2025\/06\/07\/incendie-au-marche-central-de-linguere-des-cantines-ravagees-en-pleine-tabaski\/","og_site_name":"Nettali.com","article_publisher":"https:\/\/www.facebook.com\/nettalicom","article_published_time":"2025-06-07T17:51:29+00:00","og_image":[{"width":633,"height":364,"url":"https:\/\/www.nettali.com\/wp-content\/uploads\/2025\/06\/incendie_4624-e1749318679902.jpg","type":"image\/jpeg"}],"twitter_card":"summary_large_image","twitter_misc":{"\u00c9crit par":"Daouda","Dur\u00e9e de lecture estim\u00e9e":"2 minutes"},"schema":{"@context":"https:\/\/schema.org","@graph":[{"@type":"WebSite","@id":"https:\/\/www.nettali.com\/#website","url":"https:\/\/www.nettali.com\/","name":"Nettali.com","description":"Le rendez-vous critique du Net","potentialAction":[{"@type":"SearchAction","target":{"@type":"EntryPoint","urlTemplate":"https:\/\/www.nettali.com\/?s={search_term_string}"},"query-input":"required name=search_term_string"}],"inLanguage":"fr-FR"},{"@type":"ImageObject","@id":"https:\/\/www.nettali.com\/2025\/06\/07\/incendie-au-marche-central-de-linguere-des-cantines-ravagees-en-pleine-tabaski\/#primaryimage","inLanguage":"fr-FR","url":"https:\/\/www.nettali.com\/wp-content\/uploads\/2025\/06\/incendie_4624-e1749318679902.jpg","contentUrl":"https:\/\/www.nettali.com\/wp-content\/uploads\/2025\/06\/incendie_4624-e1749318679902.jpg","width":633,"height":364},{"@type":"WebPage","@id":"https:\/\/www.nettali.com\/2025\/06\/07\/incendie-au-marche-central-de-linguere-des-cantines-ravagees-en-pleine-tabaski\/#webpage","url":"https:\/\/www.nettali.com\/2025\/06\/07\/incendie-au-marche-central-de-linguere-des-cantines-ravagees-en-pleine-tabaski\/","name":"INCENDIE AU MARCH\u00c9 CENTRAL DE LINGUERE - Des cantines ravag\u00e9es en pleine Tabaski | Nettali.com","isPartOf":{"@id":"https:\/\/www.nettali.com\/#website"},"primaryImageOfPage":{"@id":"https:\/\/www.nettali.com\/2025\/06\/07\/incendie-au-marche-central-de-linguere-des-cantines-ravagees-en-pleine-tabaski\/#primaryimage"},"datePublished":"2025-06-07T17:51:29+00:00","dateModified":"2025-06-07T17:51:29+00:00","author":{"@id":"https:\/\/www.nettali.com\/#\/schema\/person\/3317e0bb3aa1da309fbf7b2780901bf4"},"breadcrumb":{"@id":"https:\/\/www.nettali.com\/2025\/06\/07\/incendie-au-marche-central-de-linguere-des-cantines-ravagees-en-pleine-tabaski\/#breadcrumb"},"inLanguage":"fr-FR","potentialAction":[{"@type":"ReadAction","target":["https:\/\/www.nettali.com\/2025\/06\/07\/incendie-au-marche-central-de-linguere-des-cantines-ravagees-en-pleine-tabaski\/"]}]},{"@type":"BreadcrumbList","@id":"https:\/\/www.nettali.com\/2025\/06\/07\/incendie-au-marche-central-de-linguere-des-cantines-ravagees-en-pleine-tabaski\/#breadcrumb","itemListElement":[{"@type":"ListItem","position":1,"name":"Accueil","item":"https:\/\/www.nettali.com\/"},{"@type":"ListItem","position":2,"name":"INCENDIE AU MARCH\u00c9 CENTRAL DE LINGUERE - Des cantines ravag\u00e9es en pleine Tabaski"}]},{"@type":"Person","@id":"https:\/\/www.nettali.com\/#\/schema\/person\/3317e0bb3aa1da309fbf7b2780901bf4","name":"Daouda","image":{"@type":"ImageObject","@id":"https:\/\/www.nettali.com\/#personlogo","inLanguage":"fr-FR","url":"https:\/\/secure.gravatar.com\/avatar\/8d143b5a49345098ddcfee1c49c2f47c?s=96&d=mm&r=g","contentUrl":"https:\/\/secure.gravatar.com\/avatar\/8d143b5a49345098ddcfee1c49c2f47c?s=96&d=mm&r=g","caption":"Daouda"},"sameAs":["https:\/\/www.nettali.com"]}]}},"_links":{"self":[{"href":"https:\/\/www.nettali.com\/rest\/wp\/v2\/posts\/155483"}],"collection":[{"href":"https:\/\/www.nettali.com\/rest\/wp\/v2\/posts"}],"about":[{"href":"https:\/\/www.nettali.com\/rest\/wp\/v2\/types\/post"}],"author":[{"embeddable":true,"href":"https:\/\/www.nettali.com\/rest\/wp\/v2\/users\/4"}],"replies":[{"embeddable":true,"href":"https:\/\/www.nettali.com\/rest\/wp\/v2\/comments?post=155483"}],"version-history":[{"count":1,"href":"https:\/\/www.nettali.com\/rest\/wp\/v2\/posts\/155483\/revisions"}],"predecessor-version":[{"id":155485,"href":"https:\/\/www.nettali.com\/rest\/wp\/v2\/posts\/155483\/revisions\/155485"}],"wp:featuredmedia":[{"embeddable":true,"href":"https:\/\/www.nettali.com\/rest\/wp\/v2\/media\/155484"}],"wp:attachment":[{"href":"https:\/\/www.nettali.com\/rest\/wp\/v2\/media?parent=155483"}],"wp:term":[{"taxonomy":"category","embeddable":true,"href":"https:\/\/www.nettali.com\/rest\/wp\/v2\/categories?post=155483"},{"taxonomy":"post_tag","embeddable":true,"href":"https:\/\/www.nettali.com\/rest\/wp\/v2\/tags?post=155483"}],"curies":[{"name":"wp","href":"https:\/\/api.w.org\/{rel}","templated":true}]}}