{"id":155480,"date":"2025-06-07T18:45:43","date_gmt":"2025-06-07T18:45:43","guid":{"rendered":"https:\/\/www.nettali.com\/?p=155480"},"modified":"2025-06-07T18:55:31","modified_gmt":"2025-06-07T18:55:31","slug":"mondial-des-clubs-cristiano-ronaldo-ny-participera-pas","status":"publish","type":"post","link":"https:\/\/www.nettali.com\/2025\/06\/07\/mondial-des-clubs-cristiano-ronaldo-ny-participera-pas\/","title":{"rendered":"MONDIAL DES CLUBS - Cristiano Ronaldo n'y participera pas"},"content":{"rendered":"<p><strong>NETTALI.COM - Pas de Mondial des clubs pour Ronaldo Cristiano. L'attaquant de 40 ans ne disputera pas la Coupe du monde des clubs de la FIFA. En fin de contrat avec Al Nassr, le Portugais semble se diriger vers une prolongation au sein du club saoudien.<\/strong><\/p>\n<p>\"<em>Il y a eu beaucoup de contacts, je vois des choses qui ont du sens, d\u2019autres qui n\u2019en ont pas. Il faut penser \u00e0 court, moyen et long terme et c\u2019est une d\u00e9cision qui est pratiquement d\u00e9cid\u00e9e de ma part. Je ne jouerai pas la Coupe du monde des Clubs, mais j\u2019ai eu beaucoup d\u2019invitations et de propositions<\/em>\", a assur\u00e9 le quintuple Ballon d'Or en conf\u00e9rence de presse de veille de la finale de la Ligue des Nations.<\/p>\n<p>Tombeur de l'Allemagne en demi-finale (2-1)\u060c le Portugal va d\u00e9fier l'Espagne de Lamine Yamal qui a sorti la France dans l'autre demi-finale (5-4).<\/p>\n<div class='share-to-whatsapp-wrapper'><div class='share-on-whsp'>PARTAGER SUR : <\/div><a data-text='MONDIAL DES CLUBS - Cristiano Ronaldo n'y participera pas' data-link='https:\/\/www.nettali.com\/2025\/06\/07\/mondial-des-clubs-cristiano-ronaldo-ny-participera-pas\/' class='whatsapp-button whatsapp-share'>WhatsApp<\/a><div class='clear '><\/div><\/div>","protected":false},"excerpt":{"rendered":"<p>NETTALI.COM - Pas de Mondial des clubs pour Ronaldo Cristiano. L'attaquant de 40 ans ne disputera pas la Coupe du monde des clubs de la FIFA. En fin de contrat avec Al Nassr, le Portugais semble se diriger vers une prolongation au sein du club saoudien. \"Il y a eu beaucoup de contacts, je vois [&hellip;]<\/p>\n","protected":false},"author":5,"featured_media":155481,"comment_status":"open","ping_status":"open","sticky":false,"template":"","format":"standard","meta":{"_et_pb_use_builder":"","_et_pb_old_content":""},"categories":[6],"tags":[],"yoast_head":"<!-- This site is optimized with the Yoast SEO Premium plugin v17.8 (Yoast SEO v17.8) - https:\/\/yoast.com\/wordpress\/plugins\/seo\/ -->\n<title>MONDIAL DES CLUBS - Cristiano Ronaldo n&#039;y participera pas | Nettali.com<\/title>\n<meta name=\"robots\" content=\"index, follow, max-snippet:-1, max-image-preview:large, max-video-preview:-1\" \/>\n<link rel=\"canonical\" href=\"https:\/\/www.nettali.com\/2025\/06\/07\/mondial-des-clubs-cristiano-ronaldo-ny-participera-pas\/\" \/>\n<meta property=\"og:locale\" content=\"fr_FR\" \/>\n<meta property=\"og:type\" content=\"article\" \/>\n<meta property=\"og:title\" content=\"MONDIAL DES CLUBS - Cristiano Ronaldo n&#039;y participera pas\" \/>\n<meta property=\"og:description\" content=\"NETTALI.COM - Pas de Mondial des clubs pour Ronaldo Cristiano. L&#039;attaquant de 40 ans ne disputera pas la Coupe du monde des clubs de la FIFA. En fin de contrat avec Al Nassr, le Portugais semble se diriger vers une prolongation au sein du club saoudien. &quot;Il y a eu beaucoup de contacts, je vois [&hellip;]\" \/>\n<meta property=\"og:url\" content=\"https:\/\/www.nettali.com\/2025\/06\/07\/mondial-des-clubs-cristiano-ronaldo-ny-participera-pas\/\" \/>\n<meta property=\"og:site_name\" content=\"Nettali.com\" \/>\n<meta property=\"article:publisher\" content=\"https:\/\/www.facebook.com\/nettalicom\" \/>\n<meta property=\"article:published_time\" content=\"2025-06-07T18:45:43+00:00\" \/>\n<meta property=\"article:modified_time\" content=\"2025-06-07T18:55:31+00:00\" \/>\n<meta property=\"og:image\" content=\"https:\/\/www.nettali.com\/wp-content\/uploads\/2025\/06\/69a01e50-3add-11f0-a379-ddaa80eac7b4.jpg\" \/>\n\t<meta property=\"og:image:width\" content=\"1024\" \/>\n\t<meta property=\"og:image:height\" content=\"576\" \/>\n<meta name=\"twitter:card\" content=\"summary_large_image\" \/>\n<meta name=\"twitter:label1\" content=\"\u00c9crit par\" \/>\n\t<meta name=\"twitter:data1\" content=\"Ibrahima\" \/>\n\t<meta name=\"twitter:label2\" content=\"Dur\u00e9e de lecture estim\u00e9e\" \/>\n\t<meta name=\"twitter:data2\" content=\"1 minute\" \/>\n<script type=\"application\/ld+json\" class=\"yoast-schema-graph\">{\"@context\":\"https:\/\/schema.org\",\"@graph\":[{\"@type\":\"WebSite\",\"@id\":\"https:\/\/www.nettali.com\/#website\",\"url\":\"https:\/\/www.nettali.com\/\",\"name\":\"Nettali.com\",\"description\":\"Le rendez-vous critique du Net\",\"potentialAction\":[{\"@type\":\"SearchAction\",\"target\":{\"@type\":\"EntryPoint\",\"urlTemplate\":\"https:\/\/www.nettali.com\/?s={search_term_string}\"},\"query-input\":\"required name=search_term_string\"}],\"inLanguage\":\"fr-FR\"},{\"@type\":\"ImageObject\",\"@id\":\"https:\/\/www.nettali.com\/2025\/06\/07\/mondial-des-clubs-cristiano-ronaldo-ny-participera-pas\/#primaryimage\",\"inLanguage\":\"fr-FR\",\"url\":\"https:\/\/www.nettali.com\/wp-content\/uploads\/2025\/06\/69a01e50-3add-11f0-a379-ddaa80eac7b4.jpg\",\"contentUrl\":\"https:\/\/www.nettali.com\/wp-content\/uploads\/2025\/06\/69a01e50-3add-11f0-a379-ddaa80eac7b4.jpg\",\"width\":1024,\"height\":576},{\"@type\":\"WebPage\",\"@id\":\"https:\/\/www.nettali.com\/2025\/06\/07\/mondial-des-clubs-cristiano-ronaldo-ny-participera-pas\/#webpage\",\"url\":\"https:\/\/www.nettali.com\/2025\/06\/07\/mondial-des-clubs-cristiano-ronaldo-ny-participera-pas\/\",\"name\":\"MONDIAL DES CLUBS - Cristiano Ronaldo n'y participera pas | Nettali.com\",\"isPartOf\":{\"@id\":\"https:\/\/www.nettali.com\/#website\"},\"primaryImageOfPage\":{\"@id\":\"https:\/\/www.nettali.com\/2025\/06\/07\/mondial-des-clubs-cristiano-ronaldo-ny-participera-pas\/#primaryimage\"},\"datePublished\":\"2025-06-07T18:45:43+00:00\",\"dateModified\":\"2025-06-07T18:55:31+00:00\",\"author\":{\"@id\":\"https:\/\/www.nettali.com\/#\/schema\/person\/bb147657c2986240405a608162b9bb23\"},\"breadcrumb\":{\"@id\":\"https:\/\/www.nettali.com\/2025\/06\/07\/mondial-des-clubs-cristiano-ronaldo-ny-participera-pas\/#breadcrumb\"},\"inLanguage\":\"fr-FR\",\"potentialAction\":[{\"@type\":\"ReadAction\",\"target\":[\"https:\/\/www.nettali.com\/2025\/06\/07\/mondial-des-clubs-cristiano-ronaldo-ny-participera-pas\/\"]}]},{\"@type\":\"BreadcrumbList\",\"@id\":\"https:\/\/www.nettali.com\/2025\/06\/07\/mondial-des-clubs-cristiano-ronaldo-ny-participera-pas\/#breadcrumb\",\"itemListElement\":[{\"@type\":\"ListItem\",\"position\":1,\"name\":\"Accueil\",\"item\":\"https:\/\/www.nettali.com\/\"},{\"@type\":\"ListItem\",\"position\":2,\"name\":\"MONDIAL DES CLUBS - Cristiano Ronaldo n'y participera pas\"}]},{\"@type\":\"Person\",\"@id\":\"https:\/\/www.nettali.com\/#\/schema\/person\/bb147657c2986240405a608162b9bb23\",\"name\":\"Ibrahima\",\"image\":{\"@type\":\"ImageObject\",\"@id\":\"https:\/\/www.nettali.com\/#personlogo\",\"inLanguage\":\"fr-FR\",\"url\":\"https:\/\/secure.gravatar.com\/avatar\/26a8a81f09f0dd7624c9d5c36c9ba3a2?s=96&d=mm&r=g\",\"contentUrl\":\"https:\/\/secure.gravatar.com\/avatar\/26a8a81f09f0dd7624c9d5c36c9ba3a2?s=96&d=mm&r=g\",\"caption\":\"Ibrahima\"},\"sameAs\":[\"https:\/\/www.nettali.com\"]}]}<\/script>\n<!-- \/ Yoast SEO Premium plugin. -->","yoast_head_json":{"title":"MONDIAL DES CLUBS - Cristiano Ronaldo n'y participera pas | Nettali.com","robots":{"index":"index","follow":"follow","max-snippet":"max-snippet:-1","max-image-preview":"max-image-preview:large","max-video-preview":"max-video-preview:-1"},"canonical":"https:\/\/www.nettali.com\/2025\/06\/07\/mondial-des-clubs-cristiano-ronaldo-ny-participera-pas\/","og_locale":"fr_FR","og_type":"article","og_title":"MONDIAL DES CLUBS - Cristiano Ronaldo n'y participera pas","og_description":"NETTALI.COM - Pas de Mondial des clubs pour Ronaldo Cristiano. L'attaquant de 40 ans ne disputera pas la Coupe du monde des clubs de la FIFA. En fin de contrat avec Al Nassr, le Portugais semble se diriger vers une prolongation au sein du club saoudien. \"Il y a eu beaucoup de contacts, je vois [&hellip;]","og_url":"https:\/\/www.nettali.com\/2025\/06\/07\/mondial-des-clubs-cristiano-ronaldo-ny-participera-pas\/","og_site_name":"Nettali.com","article_publisher":"https:\/\/www.facebook.com\/nettalicom","article_published_time":"2025-06-07T18:45:43+00:00","article_modified_time":"2025-06-07T18:55:31+00:00","og_image":[{"width":1024,"height":576,"url":"https:\/\/www.nettali.com\/wp-content\/uploads\/2025\/06\/69a01e50-3add-11f0-a379-ddaa80eac7b4.jpg","type":"image\/jpeg"}],"twitter_card":"summary_large_image","twitter_misc":{"\u00c9crit par":"Ibrahima","Dur\u00e9e de lecture estim\u00e9e":"1 minute"},"schema":{"@context":"https:\/\/schema.org","@graph":[{"@type":"WebSite","@id":"https:\/\/www.nettali.com\/#website","url":"https:\/\/www.nettali.com\/","name":"Nettali.com","description":"Le rendez-vous critique du Net","potentialAction":[{"@type":"SearchAction","target":{"@type":"EntryPoint","urlTemplate":"https:\/\/www.nettali.com\/?s={search_term_string}"},"query-input":"required name=search_term_string"}],"inLanguage":"fr-FR"},{"@type":"ImageObject","@id":"https:\/\/www.nettali.com\/2025\/06\/07\/mondial-des-clubs-cristiano-ronaldo-ny-participera-pas\/#primaryimage","inLanguage":"fr-FR","url":"https:\/\/www.nettali.com\/wp-content\/uploads\/2025\/06\/69a01e50-3add-11f0-a379-ddaa80eac7b4.jpg","contentUrl":"https:\/\/www.nettali.com\/wp-content\/uploads\/2025\/06\/69a01e50-3add-11f0-a379-ddaa80eac7b4.jpg","width":1024,"height":576},{"@type":"WebPage","@id":"https:\/\/www.nettali.com\/2025\/06\/07\/mondial-des-clubs-cristiano-ronaldo-ny-participera-pas\/#webpage","url":"https:\/\/www.nettali.com\/2025\/06\/07\/mondial-des-clubs-cristiano-ronaldo-ny-participera-pas\/","name":"MONDIAL DES CLUBS - Cristiano Ronaldo n'y participera pas | Nettali.com","isPartOf":{"@id":"https:\/\/www.nettali.com\/#website"},"primaryImageOfPage":{"@id":"https:\/\/www.nettali.com\/2025\/06\/07\/mondial-des-clubs-cristiano-ronaldo-ny-participera-pas\/#primaryimage"},"datePublished":"2025-06-07T18:45:43+00:00","dateModified":"2025-06-07T18:55:31+00:00","author":{"@id":"https:\/\/www.nettali.com\/#\/schema\/person\/bb147657c2986240405a608162b9bb23"},"breadcrumb":{"@id":"https:\/\/www.nettali.com\/2025\/06\/07\/mondial-des-clubs-cristiano-ronaldo-ny-participera-pas\/#breadcrumb"},"inLanguage":"fr-FR","potentialAction":[{"@type":"ReadAction","target":["https:\/\/www.nettali.com\/2025\/06\/07\/mondial-des-clubs-cristiano-ronaldo-ny-participera-pas\/"]}]},{"@type":"BreadcrumbList","@id":"https:\/\/www.nettali.com\/2025\/06\/07\/mondial-des-clubs-cristiano-ronaldo-ny-participera-pas\/#breadcrumb","itemListElement":[{"@type":"ListItem","position":1,"name":"Accueil","item":"https:\/\/www.nettali.com\/"},{"@type":"ListItem","position":2,"name":"MONDIAL DES CLUBS - Cristiano Ronaldo n'y participera pas"}]},{"@type":"Person","@id":"https:\/\/www.nettali.com\/#\/schema\/person\/bb147657c2986240405a608162b9bb23","name":"Ibrahima","image":{"@type":"ImageObject","@id":"https:\/\/www.nettali.com\/#personlogo","inLanguage":"fr-FR","url":"https:\/\/secure.gravatar.com\/avatar\/26a8a81f09f0dd7624c9d5c36c9ba3a2?s=96&d=mm&r=g","contentUrl":"https:\/\/secure.gravatar.com\/avatar\/26a8a81f09f0dd7624c9d5c36c9ba3a2?s=96&d=mm&r=g","caption":"Ibrahima"},"sameAs":["https:\/\/www.nettali.com"]}]}},"_links":{"self":[{"href":"https:\/\/www.nettali.com\/rest\/wp\/v2\/posts\/155480"}],"collection":[{"href":"https:\/\/www.nettali.com\/rest\/wp\/v2\/posts"}],"about":[{"href":"https:\/\/www.nettali.com\/rest\/wp\/v2\/types\/post"}],"author":[{"embeddable":true,"href":"https:\/\/www.nettali.com\/rest\/wp\/v2\/users\/5"}],"replies":[{"embeddable":true,"href":"https:\/\/www.nettali.com\/rest\/wp\/v2\/comments?post=155480"}],"version-history":[{"count":1,"href":"https:\/\/www.nettali.com\/rest\/wp\/v2\/posts\/155480\/revisions"}],"predecessor-version":[{"id":155482,"href":"https:\/\/www.nettali.com\/rest\/wp\/v2\/posts\/155480\/revisions\/155482"}],"wp:featuredmedia":[{"embeddable":true,"href":"https:\/\/www.nettali.com\/rest\/wp\/v2\/media\/155481"}],"wp:attachment":[{"href":"https:\/\/www.nettali.com\/rest\/wp\/v2\/media?parent=155480"}],"wp:term":[{"taxonomy":"category","embeddable":true,"href":"https:\/\/www.nettali.com\/rest\/wp\/v2\/categories?post=155480"},{"taxonomy":"post_tag","embeddable":true,"href":"https:\/\/www.nettali.com\/rest\/wp\/v2\/tags?post=155480"}],"curies":[{"name":"wp","href":"https:\/\/api.w.org\/{rel}","templated":true}]}}