{"id":155457,"date":"2025-06-07T08:09:52","date_gmt":"2025-06-07T08:09:52","guid":{"rendered":"https:\/\/www.nettali.com\/?p=155457"},"modified":"2025-06-07T08:09:52","modified_gmt":"2025-06-07T08:09:52","slug":"et-si-macky-sall-devenait-secretaire-general-de-lonu-sans-le-senegal","status":"publish","type":"post","link":"https:\/\/www.nettali.com\/2025\/06\/07\/et-si-macky-sall-devenait-secretaire-general-de-lonu-sans-le-senegal\/","title":{"rendered":"Et si Macky Sall devenait Secr\u00e9taire G\u00e9n\u00e9ral de l\u2019ONU\u2026 sans le S\u00e9n\u00e9gal ?"},"content":{"rendered":"<p><strong>CONTRIBUTION -<\/strong> Et si\u2026 ? La question peut para\u00eetre saugrenue. Et pourtant, elle m\u00e9rite d\u2019\u00eatre pos\u00e9e. Et si l\u2019ancien pr\u00e9sident du S\u00e9n\u00e9gal, Macky Sall, devenait le prochain Secr\u00e9taire g\u00e9n\u00e9ral des Nations Unies\u2026 sans le soutien officiel de son pays, le S\u00e9n\u00e9gal ? Un sc\u00e9nario d\u00e9routant mais pas impossible. Un dilemme corn\u00e9lien que la diplomatie s\u00e9n\u00e9galaise devra t\u00f4t ou tard affronter.<\/p>\n<p>L\u2019ambition est d\u00e9sormais connue, sinon publique, du moins susurr\u00e9e dans les cercles diplomatiques et politiques : *Macky Sall caresse le r\u00eave de diriger l\u2019ONU.* Et il faut l\u2019admettre, il ne part pas de z\u00e9ro. L\u2019ancien pr\u00e9sident b\u00e9n\u00e9ficie d\u2019un solide carnet d\u2019adresses, d\u2019une exp\u00e9rience internationale affirm\u00e9e (de la pr\u00e9sidence de l\u2019Union Africaine \u00e0 son r\u00f4le de m\u00e9diateur dans plusieurs crises r\u00e9gionales) et d\u2019une image plut\u00f4t favorable aupr\u00e8s des partenaires internationaux.<\/p>\n<p>Mais l\u00e0 o\u00f9 le b\u00e2t blesse, c\u2019est *le silence, voire la g\u00eane perceptible des autorit\u00e9s s\u00e9n\u00e9galaises actuelles.* Officiellement, rien n\u2019a \u00e9t\u00e9 dit. Pas un mot d\u2019encouragement, pas m\u00eame une allusion. *Un mutisme assourdissant* qui en dit long sur la complexit\u00e9 de la relation entre l\u2019actuelle administration et son pr\u00e9d\u00e9cesseur.<\/p>\n<p>En coulisse, certains proches du pouvoir iraient jusqu\u2019\u00e0 manifester une hostilit\u00e9 discr\u00e8te, au nom de divergences politiques pass\u00e9es. Or, dans la course \u00e0 la direction des Nations Unies, *le soutien du pays d\u2019origine est un crit\u00e8re crucial, sinon indispensable*. Le poste de Secr\u00e9taire g\u00e9n\u00e9ral n\u2019est pas seulement une cons\u00e9cration personnelle, c\u2019est un symbole fort, une fiert\u00e9 nationale. Ne pas appuyer une telle candidature, c\u2019est refuser \u00e0 la diplomatie s\u00e9n\u00e9galaise une opportunit\u00e9 historique de rayonner \u00e0 l\u2019\u00e9chelle plan\u00e9taire.<\/p>\n<p>Mais alors, que faire ? Le S\u00e9n\u00e9gal doit-il mettre de c\u00f4t\u00e9 ses diff\u00e9rends politiques internes pour soutenir \u201c *un fils du pays\u201d* \u00e0 l\u2019ambition universelle ? Ou bien doit-il s\u2019abstenir, quitte \u00e0 laisser passer sa chance d\u2019inscrire durablement son nom dans les annales diplomatiques du XXIe si\u00e8cle ?<\/p>\n<p>Et si Macky Sall r\u00e9ussissait sans le S\u00e9n\u00e9gal ? Si d\u2019autres pays africains, voire des puissances internationales, faisaient le pari de son leadership mondial ? *Ce serait un uppercut diplomatique,* un v\u00e9ritable camouflet pour les autorit\u00e9s s\u00e9n\u00e9galaises, dont le silence appara\u00eetrait, avec le recul, comme un manque de vision ou de patriotisme.<\/p>\n<p>Au-del\u00e0 des querelles politiques, la question m\u00e9rite d\u2019\u00eatre m\u00e9dit\u00e9e. Le S\u00e9n\u00e9gal veut-il \u00eatre acteur ou spectateur de l\u2019histoire ? Telle est la vraie question. \u00c0 m\u00e9diter !<\/p>\n<div class='share-to-whatsapp-wrapper'><div class='share-on-whsp'>PARTAGER SUR : <\/div><a data-text='Et si Macky Sall devenait Secr\u00e9taire G\u00e9n\u00e9ral de l\u2019ONU\u2026 sans le S\u00e9n\u00e9gal ?' data-link='https:\/\/www.nettali.com\/2025\/06\/07\/et-si-macky-sall-devenait-secretaire-general-de-lonu-sans-le-senegal\/' class='whatsapp-button whatsapp-share'>WhatsApp<\/a><div class='clear '><\/div><\/div>","protected":false},"excerpt":{"rendered":"<p>CONTRIBUTION - Et si\u2026 ? La question peut para\u00eetre saugrenue. Et pourtant, elle m\u00e9rite d\u2019\u00eatre pos\u00e9e. Et si l\u2019ancien pr\u00e9sident du S\u00e9n\u00e9gal, Macky Sall, devenait le prochain Secr\u00e9taire g\u00e9n\u00e9ral des Nations Unies\u2026 sans le soutien officiel de son pays, le S\u00e9n\u00e9gal ? Un sc\u00e9nario d\u00e9routant mais pas impossible. Un dilemme corn\u00e9lien que la diplomatie s\u00e9n\u00e9galaise [&hellip;]<\/p>\n","protected":false},"author":2,"featured_media":155458,"comment_status":"open","ping_status":"open","sticky":false,"template":"","format":"standard","meta":{"_et_pb_use_builder":"","_et_pb_old_content":""},"categories":[34933,2],"tags":[],"yoast_head":"<!-- This site is optimized with the Yoast SEO Premium plugin v17.8 (Yoast SEO v17.8) - https:\/\/yoast.com\/wordpress\/plugins\/seo\/ -->\n<title>Et si Macky Sall devenait Secr\u00e9taire G\u00e9n\u00e9ral de l\u2019ONU\u2026 sans le S\u00e9n\u00e9gal ? | Nettali.com<\/title>\n<meta name=\"robots\" content=\"index, follow, max-snippet:-1, max-image-preview:large, max-video-preview:-1\" \/>\n<link rel=\"canonical\" href=\"https:\/\/www.nettali.com\/2025\/06\/07\/et-si-macky-sall-devenait-secretaire-general-de-lonu-sans-le-senegal\/\" \/>\n<meta property=\"og:locale\" content=\"fr_FR\" \/>\n<meta property=\"og:type\" content=\"article\" \/>\n<meta property=\"og:title\" content=\"Et si Macky Sall devenait Secr\u00e9taire G\u00e9n\u00e9ral de l\u2019ONU\u2026 sans le S\u00e9n\u00e9gal ?\" \/>\n<meta property=\"og:description\" content=\"CONTRIBUTION - Et si\u2026 ? La question peut para\u00eetre saugrenue. Et pourtant, elle m\u00e9rite d\u2019\u00eatre pos\u00e9e. Et si l\u2019ancien pr\u00e9sident du S\u00e9n\u00e9gal, Macky Sall, devenait le prochain Secr\u00e9taire g\u00e9n\u00e9ral des Nations Unies\u2026 sans le soutien officiel de son pays, le S\u00e9n\u00e9gal ? Un sc\u00e9nario d\u00e9routant mais pas impossible. Un dilemme corn\u00e9lien que la diplomatie s\u00e9n\u00e9galaise [&hellip;]\" \/>\n<meta property=\"og:url\" content=\"https:\/\/www.nettali.com\/2025\/06\/07\/et-si-macky-sall-devenait-secretaire-general-de-lonu-sans-le-senegal\/\" \/>\n<meta property=\"og:site_name\" content=\"Nettali.com\" \/>\n<meta property=\"article:publisher\" content=\"https:\/\/www.facebook.com\/nettalicom\" \/>\n<meta property=\"article:published_time\" content=\"2025-06-07T08:09:52+00:00\" \/>\n<meta property=\"og:image\" content=\"https:\/\/www.nettali.com\/wp-content\/uploads\/2025\/06\/130274794_344804831_1639508119827167_4844762126423259577_n.jpg\" \/>\n\t<meta property=\"og:image:width\" content=\"2048\" \/>\n\t<meta property=\"og:image:height\" content=\"1548\" \/>\n<meta name=\"twitter:card\" content=\"summary_large_image\" \/>\n<meta name=\"twitter:label1\" content=\"\u00c9crit par\" \/>\n\t<meta name=\"twitter:data1\" content=\"CK\" \/>\n\t<meta name=\"twitter:label2\" content=\"Dur\u00e9e de lecture estim\u00e9e\" \/>\n\t<meta name=\"twitter:data2\" content=\"2 minutes\" \/>\n<script type=\"application\/ld+json\" class=\"yoast-schema-graph\">{\"@context\":\"https:\/\/schema.org\",\"@graph\":[{\"@type\":\"WebSite\",\"@id\":\"https:\/\/www.nettali.com\/#website\",\"url\":\"https:\/\/www.nettali.com\/\",\"name\":\"Nettali.com\",\"description\":\"Le rendez-vous critique du Net\",\"potentialAction\":[{\"@type\":\"SearchAction\",\"target\":{\"@type\":\"EntryPoint\",\"urlTemplate\":\"https:\/\/www.nettali.com\/?s={search_term_string}\"},\"query-input\":\"required name=search_term_string\"}],\"inLanguage\":\"fr-FR\"},{\"@type\":\"ImageObject\",\"@id\":\"https:\/\/www.nettali.com\/2025\/06\/07\/et-si-macky-sall-devenait-secretaire-general-de-lonu-sans-le-senegal\/#primaryimage\",\"inLanguage\":\"fr-FR\",\"url\":\"https:\/\/www.nettali.com\/wp-content\/uploads\/2025\/06\/130274794_344804831_1639508119827167_4844762126423259577_n.jpg\",\"contentUrl\":\"https:\/\/www.nettali.com\/wp-content\/uploads\/2025\/06\/130274794_344804831_1639508119827167_4844762126423259577_n.jpg\",\"width\":2048,\"height\":1548},{\"@type\":\"WebPage\",\"@id\":\"https:\/\/www.nettali.com\/2025\/06\/07\/et-si-macky-sall-devenait-secretaire-general-de-lonu-sans-le-senegal\/#webpage\",\"url\":\"https:\/\/www.nettali.com\/2025\/06\/07\/et-si-macky-sall-devenait-secretaire-general-de-lonu-sans-le-senegal\/\",\"name\":\"Et si Macky Sall devenait Secr\\u00e9taire G\\u00e9n\\u00e9ral de l\\u2019ONU\\u2026 sans le S\\u00e9n\\u00e9gal ? | Nettali.com\",\"isPartOf\":{\"@id\":\"https:\/\/www.nettali.com\/#website\"},\"primaryImageOfPage\":{\"@id\":\"https:\/\/www.nettali.com\/2025\/06\/07\/et-si-macky-sall-devenait-secretaire-general-de-lonu-sans-le-senegal\/#primaryimage\"},\"datePublished\":\"2025-06-07T08:09:52+00:00\",\"dateModified\":\"2025-06-07T08:09:52+00:00\",\"author\":{\"@id\":\"https:\/\/www.nettali.com\/#\/schema\/person\/d8ac7b7e27ddad43f1c0d2ef090d7f71\"},\"breadcrumb\":{\"@id\":\"https:\/\/www.nettali.com\/2025\/06\/07\/et-si-macky-sall-devenait-secretaire-general-de-lonu-sans-le-senegal\/#breadcrumb\"},\"inLanguage\":\"fr-FR\",\"potentialAction\":[{\"@type\":\"ReadAction\",\"target\":[\"https:\/\/www.nettali.com\/2025\/06\/07\/et-si-macky-sall-devenait-secretaire-general-de-lonu-sans-le-senegal\/\"]}]},{\"@type\":\"BreadcrumbList\",\"@id\":\"https:\/\/www.nettali.com\/2025\/06\/07\/et-si-macky-sall-devenait-secretaire-general-de-lonu-sans-le-senegal\/#breadcrumb\",\"itemListElement\":[{\"@type\":\"ListItem\",\"position\":1,\"name\":\"Accueil\",\"item\":\"https:\/\/www.nettali.com\/\"},{\"@type\":\"ListItem\",\"position\":2,\"name\":\"Et si Macky Sall devenait Secr\\u00e9taire G\\u00e9n\\u00e9ral de l\\u2019ONU\\u2026 sans le S\\u00e9n\\u00e9gal ?\"}]},{\"@type\":\"Person\",\"@id\":\"https:\/\/www.nettali.com\/#\/schema\/person\/d8ac7b7e27ddad43f1c0d2ef090d7f71\",\"name\":\"CK\",\"image\":{\"@type\":\"ImageObject\",\"@id\":\"https:\/\/www.nettali.com\/#personlogo\",\"inLanguage\":\"fr-FR\",\"url\":\"https:\/\/secure.gravatar.com\/avatar\/1d8d5118b9327d94da7cd4ce7f17fec2?s=96&d=mm&r=g\",\"contentUrl\":\"https:\/\/secure.gravatar.com\/avatar\/1d8d5118b9327d94da7cd4ce7f17fec2?s=96&d=mm&r=g\",\"caption\":\"CK\"},\"sameAs\":[\"https:\/\/www.nettali.com\"]}]}<\/script>\n<!-- \/ Yoast SEO Premium plugin. -->","yoast_head_json":{"title":"Et si Macky Sall devenait Secr\u00e9taire G\u00e9n\u00e9ral de l\u2019ONU\u2026 sans le S\u00e9n\u00e9gal ? | Nettali.com","robots":{"index":"index","follow":"follow","max-snippet":"max-snippet:-1","max-image-preview":"max-image-preview:large","max-video-preview":"max-video-preview:-1"},"canonical":"https:\/\/www.nettali.com\/2025\/06\/07\/et-si-macky-sall-devenait-secretaire-general-de-lonu-sans-le-senegal\/","og_locale":"fr_FR","og_type":"article","og_title":"Et si Macky Sall devenait Secr\u00e9taire G\u00e9n\u00e9ral de l\u2019ONU\u2026 sans le S\u00e9n\u00e9gal ?","og_description":"CONTRIBUTION - Et si\u2026 ? La question peut para\u00eetre saugrenue. Et pourtant, elle m\u00e9rite d\u2019\u00eatre pos\u00e9e. Et si l\u2019ancien pr\u00e9sident du S\u00e9n\u00e9gal, Macky Sall, devenait le prochain Secr\u00e9taire g\u00e9n\u00e9ral des Nations Unies\u2026 sans le soutien officiel de son pays, le S\u00e9n\u00e9gal ? Un sc\u00e9nario d\u00e9routant mais pas impossible. Un dilemme corn\u00e9lien que la diplomatie s\u00e9n\u00e9galaise [&hellip;]","og_url":"https:\/\/www.nettali.com\/2025\/06\/07\/et-si-macky-sall-devenait-secretaire-general-de-lonu-sans-le-senegal\/","og_site_name":"Nettali.com","article_publisher":"https:\/\/www.facebook.com\/nettalicom","article_published_time":"2025-06-07T08:09:52+00:00","og_image":[{"width":2048,"height":1548,"url":"https:\/\/www.nettali.com\/wp-content\/uploads\/2025\/06\/130274794_344804831_1639508119827167_4844762126423259577_n.jpg","type":"image\/jpeg"}],"twitter_card":"summary_large_image","twitter_misc":{"\u00c9crit par":"CK","Dur\u00e9e de lecture estim\u00e9e":"2 minutes"},"schema":{"@context":"https:\/\/schema.org","@graph":[{"@type":"WebSite","@id":"https:\/\/www.nettali.com\/#website","url":"https:\/\/www.nettali.com\/","name":"Nettali.com","description":"Le rendez-vous critique du Net","potentialAction":[{"@type":"SearchAction","target":{"@type":"EntryPoint","urlTemplate":"https:\/\/www.nettali.com\/?s={search_term_string}"},"query-input":"required name=search_term_string"}],"inLanguage":"fr-FR"},{"@type":"ImageObject","@id":"https:\/\/www.nettali.com\/2025\/06\/07\/et-si-macky-sall-devenait-secretaire-general-de-lonu-sans-le-senegal\/#primaryimage","inLanguage":"fr-FR","url":"https:\/\/www.nettali.com\/wp-content\/uploads\/2025\/06\/130274794_344804831_1639508119827167_4844762126423259577_n.jpg","contentUrl":"https:\/\/www.nettali.com\/wp-content\/uploads\/2025\/06\/130274794_344804831_1639508119827167_4844762126423259577_n.jpg","width":2048,"height":1548},{"@type":"WebPage","@id":"https:\/\/www.nettali.com\/2025\/06\/07\/et-si-macky-sall-devenait-secretaire-general-de-lonu-sans-le-senegal\/#webpage","url":"https:\/\/www.nettali.com\/2025\/06\/07\/et-si-macky-sall-devenait-secretaire-general-de-lonu-sans-le-senegal\/","name":"Et si Macky Sall devenait Secr\u00e9taire G\u00e9n\u00e9ral de l\u2019ONU\u2026 sans le S\u00e9n\u00e9gal ? | Nettali.com","isPartOf":{"@id":"https:\/\/www.nettali.com\/#website"},"primaryImageOfPage":{"@id":"https:\/\/www.nettali.com\/2025\/06\/07\/et-si-macky-sall-devenait-secretaire-general-de-lonu-sans-le-senegal\/#primaryimage"},"datePublished":"2025-06-07T08:09:52+00:00","dateModified":"2025-06-07T08:09:52+00:00","author":{"@id":"https:\/\/www.nettali.com\/#\/schema\/person\/d8ac7b7e27ddad43f1c0d2ef090d7f71"},"breadcrumb":{"@id":"https:\/\/www.nettali.com\/2025\/06\/07\/et-si-macky-sall-devenait-secretaire-general-de-lonu-sans-le-senegal\/#breadcrumb"},"inLanguage":"fr-FR","potentialAction":[{"@type":"ReadAction","target":["https:\/\/www.nettali.com\/2025\/06\/07\/et-si-macky-sall-devenait-secretaire-general-de-lonu-sans-le-senegal\/"]}]},{"@type":"BreadcrumbList","@id":"https:\/\/www.nettali.com\/2025\/06\/07\/et-si-macky-sall-devenait-secretaire-general-de-lonu-sans-le-senegal\/#breadcrumb","itemListElement":[{"@type":"ListItem","position":1,"name":"Accueil","item":"https:\/\/www.nettali.com\/"},{"@type":"ListItem","position":2,"name":"Et si Macky Sall devenait Secr\u00e9taire G\u00e9n\u00e9ral de l\u2019ONU\u2026 sans le S\u00e9n\u00e9gal ?"}]},{"@type":"Person","@id":"https:\/\/www.nettali.com\/#\/schema\/person\/d8ac7b7e27ddad43f1c0d2ef090d7f71","name":"CK","image":{"@type":"ImageObject","@id":"https:\/\/www.nettali.com\/#personlogo","inLanguage":"fr-FR","url":"https:\/\/secure.gravatar.com\/avatar\/1d8d5118b9327d94da7cd4ce7f17fec2?s=96&d=mm&r=g","contentUrl":"https:\/\/secure.gravatar.com\/avatar\/1d8d5118b9327d94da7cd4ce7f17fec2?s=96&d=mm&r=g","caption":"CK"},"sameAs":["https:\/\/www.nettali.com"]}]}},"_links":{"self":[{"href":"https:\/\/www.nettali.com\/rest\/wp\/v2\/posts\/155457"}],"collection":[{"href":"https:\/\/www.nettali.com\/rest\/wp\/v2\/posts"}],"about":[{"href":"https:\/\/www.nettali.com\/rest\/wp\/v2\/types\/post"}],"author":[{"embeddable":true,"href":"https:\/\/www.nettali.com\/rest\/wp\/v2\/users\/2"}],"replies":[{"embeddable":true,"href":"https:\/\/www.nettali.com\/rest\/wp\/v2\/comments?post=155457"}],"version-history":[{"count":1,"href":"https:\/\/www.nettali.com\/rest\/wp\/v2\/posts\/155457\/revisions"}],"predecessor-version":[{"id":155459,"href":"https:\/\/www.nettali.com\/rest\/wp\/v2\/posts\/155457\/revisions\/155459"}],"wp:featuredmedia":[{"embeddable":true,"href":"https:\/\/www.nettali.com\/rest\/wp\/v2\/media\/155458"}],"wp:attachment":[{"href":"https:\/\/www.nettali.com\/rest\/wp\/v2\/media?parent=155457"}],"wp:term":[{"taxonomy":"category","embeddable":true,"href":"https:\/\/www.nettali.com\/rest\/wp\/v2\/categories?post=155457"},{"taxonomy":"post_tag","embeddable":true,"href":"https:\/\/www.nettali.com\/rest\/wp\/v2\/tags?post=155457"}],"curies":[{"name":"wp","href":"https:\/\/api.w.org\/{rel}","templated":true}]}}