{"id":155361,"date":"2025-06-05T09:02:23","date_gmt":"2025-06-05T09:02:23","guid":{"rendered":"https:\/\/www.nettali.com\/?p=155361"},"modified":"2025-06-07T07:53:11","modified_gmt":"2025-06-07T07:53:11","slug":"changements-au-cetud-et-dans-3-ministeres-les-17-nouvelles-nominations-de-diomaye","status":"publish","type":"post","link":"https:\/\/www.nettali.com\/2025\/06\/05\/changements-au-cetud-et-dans-3-ministeres-les-17-nouvelles-nominations-de-diomaye\/","title":{"rendered":"CHANGEMENTS AU CETUD ET DANS 3 MINIST\u00c8RES : Les 17 nouvelles nominations de Diomaye"},"content":{"rendered":"<p data-start=\"253\" data-end=\"366\"><strong data-start=\"253\" data-end=\"366\">NETTALI.COM - En Conseil des ministres de ce mercredi, plusieurs nominations ont \u00e9t\u00e9 act\u00e9es par le Pr\u00e9sident de la R\u00e9publique, Bassirou Diomaye Faye. Ci-dessous la liste compl\u00e8te :<\/strong><\/p>\n<h3 data-start=\"368\" data-end=\"449\">Au titre du Minist\u00e8re de l\u2019Int\u00e9gration africaine et des Affaires \u00e9trang\u00e8res :<\/h3>\n<ul data-start=\"451\" data-end=\"1133\">\n<li data-start=\"451\" data-end=\"652\">\n<p data-start=\"453\" data-end=\"652\">Le G\u00e9n\u00e9ral de brigade (2S) <strong data-start=\"480\" data-end=\"495\">Amadou KANE<\/strong>, matricule de solde n\u00b0 398 392\/F, est nomm\u00e9 Haut fonctionnaire de D\u00e9fense et de S\u00e9curit\u00e9 au Minist\u00e8re de l\u2019Int\u00e9gration africaine et des Affaires \u00e9trang\u00e8res.<\/p>\n<\/li>\n<li data-start=\"654\" data-end=\"1133\">\n<p data-start=\"656\" data-end=\"1133\"><strong data-start=\"656\" data-end=\"681\">Monsieur Ameth DIALLO<\/strong>, titulaire d\u2019un doctorat en \u00c9tudes africaines et sp\u00e9cialiste en Gestion des programmes et projets, est nomm\u00e9 Directeur du Bureau de coordination du Comit\u00e9 permanent pour l\u2019Information et les Affaires culturelles (COMIAC) de l\u2019Organisation de la Coop\u00e9ration islamique (OCI), au Minist\u00e8re de l\u2019Int\u00e9gration africaine et des Affaires \u00e9trang\u00e8res, en remplacement de Monsieur <strong data-start=\"1052\" data-end=\"1073\">Cheikh Oumar SECK<\/strong>, admis \u00e0 faire valoir ses droits \u00e0 une pension de retraite.<\/p>\n<\/li>\n<\/ul>\n<h3 data-start=\"1135\" data-end=\"1204\">Au titre du Minist\u00e8re de l\u2019Int\u00e9rieur et de la S\u00e9curit\u00e9 publique :<\/h3>\n<ul data-start=\"1206\" data-end=\"1936\">\n<li data-start=\"1206\" data-end=\"1407\">\n<p data-start=\"1208\" data-end=\"1407\"><strong data-start=\"1208\" data-end=\"1249\">Monsieur Mouhamadou Moustapha THIOUNE<\/strong>, Administrateur civil principal, matricule de solde n\u00b0 608 875\/H, est nomm\u00e9 Inspecteur technique \u00e0 l\u2019Inspection de l\u2019Administration centrale et territoriale.<\/p>\n<\/li>\n<li data-start=\"1409\" data-end=\"1675\">\n<p data-start=\"1411\" data-end=\"1675\"><strong data-start=\"1411\" data-end=\"1437\">Monsieur Idrissa CISSE<\/strong>, Commissaire de police divisionnaire de classe exceptionnelle, CCAP 519 322\/J, est nomm\u00e9 Secr\u00e9taire permanent du Comit\u00e9 interminist\u00e9riel de lutte contre la drogue, en remplacement de Monsieur <strong data-start=\"1630\" data-end=\"1644\">Matar DIOP<\/strong>, Contr\u00f4leur g\u00e9n\u00e9ral de police.<\/p>\n<\/li>\n<li data-start=\"1677\" data-end=\"1936\">\n<p data-start=\"1679\" data-end=\"1936\"><strong data-start=\"1679\" data-end=\"1704\">Monsieur Hamady BALDE<\/strong>, Commissaire de police divisionnaire, CCAP 614 499\/G, pr\u00e9c\u00e9demment adjoint au Secr\u00e9taire permanent du Comit\u00e9 interminist\u00e9riel de lutte contre la drogue, est nomm\u00e9 Inspecteur principal de l\u2019Inspection interne de la Police nationale.<\/p>\n<\/li>\n<\/ul>\n<h3 data-start=\"1938\" data-end=\"2003\">Au titre du Minist\u00e8re de l\u2019\u00c9nergie, du P\u00e9trole et des Mines :<\/h3>\n<ul data-start=\"2005\" data-end=\"2510\">\n<li data-start=\"2005\" data-end=\"2222\">\n<p data-start=\"2007\" data-end=\"2222\"><strong data-start=\"2007\" data-end=\"2033\">Monsieur Aliou DASYLVA<\/strong>, Professeur d\u2019Histoire et de G\u00e9ographie, est nomm\u00e9 Pr\u00e9sident du Conseil d\u2019administration du Service g\u00e9ologique national du S\u00e9n\u00e9gal (SGNS), en remplacement de Monsieur <strong data-start=\"2201\" data-end=\"2221\">Malang Seni FATY<\/strong>.<\/p>\n<\/li>\n<li data-start=\"2224\" data-end=\"2383\">\n<p data-start=\"2226\" data-end=\"2383\"><strong data-start=\"2226\" data-end=\"2250\">Monsieur Saliou SAMB<\/strong>, Ing\u00e9nieur g\u00e9ologue, matricule de solde n\u00b0 670 434\/F, est nomm\u00e9 Secr\u00e9taire g\u00e9n\u00e9ral du Service g\u00e9ologique national du S\u00e9n\u00e9gal (SGNS).<\/p>\n<\/li>\n<li data-start=\"2385\" data-end=\"2510\">\n<p data-start=\"2387\" data-end=\"2510\"><strong data-start=\"2387\" data-end=\"2418\">Monsieur Saliou Mbaye NIANG<\/strong>, Ing\u00e9nieur p\u00e9trolier, est nomm\u00e9 Directeur du Contr\u00f4le et de la Surveillance des Op\u00e9rations.<\/p>\n<\/li>\n<\/ul>\n<h3 data-start=\"2512\" data-end=\"2599\">Au titre du Minist\u00e8re des Infrastructures et des Transports terrestres et a\u00e9riens :<\/h3>\n<ul data-start=\"2601\" data-end=\"4951\">\n<li data-start=\"2601\" data-end=\"2903\">\n<p data-start=\"2603\" data-end=\"2903\"><strong data-start=\"2603\" data-end=\"2629\">Monsieur Ababacar FALL<\/strong>, Ing\u00e9nieur en G\u00e9nie informatique et sp\u00e9cialiste des transports urbains, pr\u00e9c\u00e9demment Directeur des op\u00e9rations du Conseil ex\u00e9cutif des transports urbains de Dakar (CETUD), est nomm\u00e9 Directeur g\u00e9n\u00e9ral des Transports routiers, en remplacement de Monsieur <strong data-start=\"2882\" data-end=\"2902\">Valdiodio NDIAYE<\/strong>.<\/p>\n<\/li>\n<li data-start=\"2905\" data-end=\"3259\">\n<p data-start=\"2907\" data-end=\"3259\"><strong data-start=\"2907\" data-end=\"2932\">Monsieur Lamine BADJI<\/strong>, Ing\u00e9nieur en D\u00e9veloppement territorial et coop\u00e9ration d\u00e9centralis\u00e9e, titulaire d\u2019un master en Transport logistique et mobilit\u00e9, pr\u00e9c\u00e9demment Secr\u00e9taire g\u00e9n\u00e9ral du Conseil d\u00e9partemental de Bignona, est nomm\u00e9 Secr\u00e9taire g\u00e9n\u00e9ral de l\u2019Agence nationale de S\u00e9curit\u00e9 routi\u00e8re (ANASER), en remplacement de Monsieur <strong data-start=\"3241\" data-end=\"3258\">Boubacar DIOP<\/strong>.<\/p>\n<\/li>\n<li data-start=\"3261\" data-end=\"3633\">\n<p data-start=\"3263\" data-end=\"3633\"><strong data-start=\"3263\" data-end=\"3300\">Monsieur El Hadji Abdoulaye GUEYE<\/strong>, Administrateur civil, matricule de solde 624 581\/J, titulaire d\u2019un MBA en Administration des entreprises, pr\u00e9c\u00e9demment Conseiller technique du Ministre des Finances et du Budget, est nomm\u00e9 Secr\u00e9taire g\u00e9n\u00e9ral du Minist\u00e8re des Infrastructures et des Transports terrestres et a\u00e9riens, en remplacement de Monsieur <strong data-start=\"3612\" data-end=\"3632\">Ahmadou Bamba SY<\/strong>.<\/p>\n<\/li>\n<li data-start=\"3635\" data-end=\"3853\">\n<p data-start=\"3637\" data-end=\"3853\"><strong data-start=\"3637\" data-end=\"3659\">Monsieur Gora SARR<\/strong>, Consultant, Ing\u00e9nieur de conception en G\u00e9nie civil, est nomm\u00e9 Directeur g\u00e9n\u00e9ral du Conseil ex\u00e9cutif des transports urbains de Dakar (CETUD), en remplacement de Monsieur <strong data-start=\"3830\" data-end=\"3852\">Thierno Birahim AW<\/strong>.<\/p>\n<\/li>\n<li data-start=\"3855\" data-end=\"4035\">\n<p data-start=\"3857\" data-end=\"4035\"><strong data-start=\"3857\" data-end=\"3883\">Monsieur Diaoula SADIO<\/strong>, Ing\u00e9nieur statisticien \u00e9conomiste, est nomm\u00e9 Directeur g\u00e9n\u00e9ral de la Planification, des Statistiques, des Syst\u00e8mes d\u2019information et de la Prospective.<\/p>\n<\/li>\n<li data-start=\"4037\" data-end=\"4391\">\n<p data-start=\"4039\" data-end=\"4391\"><strong data-start=\"4039\" data-end=\"4062\">Monsieur Jean BIAYE<\/strong>, Professeur de l\u2019Enseignement secondaire, matricule de solde 628 868\/B, titulaire d\u2019un master 2 en Philosophie, pr\u00e9c\u00e9demment Conseiller technique du Ministre des Infrastructures et des Transports terrestres et a\u00e9riens, est nomm\u00e9 Directeur du Centre de formation aux m\u00e9tiers du BTP, en remplacement de Monsieur <strong data-start=\"4373\" data-end=\"4390\">Djibril THIAW<\/strong>.<\/p>\n<\/li>\n<li data-start=\"4393\" data-end=\"4568\">\n<p data-start=\"4395\" data-end=\"4568\"><strong data-start=\"4395\" data-end=\"4419\">Madame Khady BADIANE<\/strong>, titulaire d\u2019un master en Management international des PME et territoires, est nomm\u00e9e Directrice Qualit\u00e9, Hygi\u00e8ne, S\u00e9curit\u00e9 et Environnement (QHSE).<\/p>\n<\/li>\n<li data-start=\"4570\" data-end=\"4951\">\n<p data-start=\"4572\" data-end=\"4951\"><strong data-start=\"4572\" data-end=\"4599\">Monsieur Abdoulaye DIOP<\/strong>, Planificateur, matricule de solde 618 402\/G, titulaire d\u2019un master 2 en Sciences de gestion, pr\u00e9c\u00e9demment Chef de la division gestion \u00e0 la Direction de l\u2019Administration g\u00e9n\u00e9rale et de l\u2019\u00c9quipement du Minist\u00e8re des Finances et du Budget, est nomm\u00e9 Directeur de l\u2019Administration g\u00e9n\u00e9rale et de l\u2019\u00c9quipement, en remplacement de Madame <strong data-start=\"4933\" data-end=\"4950\">Mari\u00e8me GUEYE<\/strong>.<\/p>\n<\/li>\n<\/ul>\n<h3 data-start=\"4953\" data-end=\"5013\">Au titre du Minist\u00e8re de la Famille et des Solidarit\u00e9s :<\/h3>\n<ul data-start=\"5015\" data-end=\"5238\">\n<li data-start=\"5015\" data-end=\"5238\">\n<p data-start=\"5017\" data-end=\"5238\"><strong data-start=\"5017\" data-end=\"5041\">Monsieur Mountaga B\u00c2<\/strong>, Expert en Analyse et politique \u00e9conomique, matricule 602 649\/C, est nomm\u00e9 Secr\u00e9taire g\u00e9n\u00e9ral du Minist\u00e8re de la Famille et des Solidarit\u00e9s, en remplacement de Monsieur <strong data-start=\"5211\" data-end=\"5237\">El Hadji Ndiogou DIOUF<\/strong>.<\/p>\n<\/li>\n<\/ul>\n<div class='share-to-whatsapp-wrapper'><div class='share-on-whsp'>PARTAGER SUR : <\/div><a data-text='CHANGEMENTS AU CETUD ET DANS 3 MINIST\u00c8RES : Les 17 nouvelles nominations de Diomaye' data-link='https:\/\/www.nettali.com\/2025\/06\/05\/changements-au-cetud-et-dans-3-ministeres-les-17-nouvelles-nominations-de-diomaye\/' class='whatsapp-button whatsapp-share'>WhatsApp<\/a><div class='clear '><\/div><\/div>","protected":false},"excerpt":{"rendered":"<p>NETTALI.COM - En Conseil des ministres de ce mercredi, plusieurs nominations ont \u00e9t\u00e9 act\u00e9es par le Pr\u00e9sident de la R\u00e9publique, Bassirou Diomaye Faye. Ci-dessous la liste compl\u00e8te : Au titre du Minist\u00e8re de l\u2019Int\u00e9gration africaine et des Affaires \u00e9trang\u00e8res : Le G\u00e9n\u00e9ral de brigade (2S) Amadou KANE, matricule de solde n\u00b0 398 392\/F, est nomm\u00e9 [&hellip;]<\/p>\n","protected":false},"author":4,"featured_media":153019,"comment_status":"open","ping_status":"open","sticky":false,"template":"","format":"standard","meta":{"_et_pb_use_builder":"","_et_pb_old_content":""},"categories":[2],"tags":[],"yoast_head":"<!-- This site is optimized with the Yoast SEO Premium plugin v17.8 (Yoast SEO v17.8) - https:\/\/yoast.com\/wordpress\/plugins\/seo\/ -->\n<title>CHANGEMENTS AU CETUD ET DANS 3 MINIST\u00c8RES : Les 17 nouvelles nominations de Diomaye | Nettali.com<\/title>\n<meta name=\"robots\" content=\"index, follow, max-snippet:-1, max-image-preview:large, max-video-preview:-1\" \/>\n<link rel=\"canonical\" href=\"https:\/\/www.nettali.com\/2025\/06\/05\/changements-au-cetud-et-dans-3-ministeres-les-17-nouvelles-nominations-de-diomaye\/\" \/>\n<meta property=\"og:locale\" content=\"fr_FR\" \/>\n<meta property=\"og:type\" content=\"article\" \/>\n<meta property=\"og:title\" content=\"CHANGEMENTS AU CETUD ET DANS 3 MINIST\u00c8RES : Les 17 nouvelles nominations de Diomaye\" \/>\n<meta property=\"og:description\" content=\"NETTALI.COM - En Conseil des ministres de ce mercredi, plusieurs nominations ont \u00e9t\u00e9 act\u00e9es par le Pr\u00e9sident de la R\u00e9publique, Bassirou Diomaye Faye. Ci-dessous la liste compl\u00e8te : Au titre du Minist\u00e8re de l\u2019Int\u00e9gration africaine et des Affaires \u00e9trang\u00e8res : Le G\u00e9n\u00e9ral de brigade (2S) Amadou KANE, matricule de solde n\u00b0 398 392\/F, est nomm\u00e9 [&hellip;]\" \/>\n<meta property=\"og:url\" content=\"https:\/\/www.nettali.com\/2025\/06\/05\/changements-au-cetud-et-dans-3-ministeres-les-17-nouvelles-nominations-de-diomaye\/\" \/>\n<meta property=\"og:site_name\" content=\"Nettali.com\" \/>\n<meta property=\"article:publisher\" content=\"https:\/\/www.facebook.com\/nettalicom\" \/>\n<meta property=\"article:published_time\" content=\"2025-06-05T09:02:23+00:00\" \/>\n<meta property=\"article:modified_time\" content=\"2025-06-07T07:53:11+00:00\" \/>\n<meta property=\"og:image\" content=\"https:\/\/www.nettali.com\/wp-content\/uploads\/2025\/04\/Diomaye.jpg\" \/>\n\t<meta property=\"og:image:width\" content=\"1280\" \/>\n\t<meta property=\"og:image:height\" content=\"748\" \/>\n<meta name=\"twitter:card\" content=\"summary_large_image\" \/>\n<meta name=\"twitter:label1\" content=\"\u00c9crit par\" \/>\n\t<meta name=\"twitter:data1\" content=\"Daouda\" \/>\n\t<meta name=\"twitter:label2\" content=\"Dur\u00e9e de lecture estim\u00e9e\" \/>\n\t<meta name=\"twitter:data2\" content=\"4 minutes\" \/>\n<script type=\"application\/ld+json\" class=\"yoast-schema-graph\">{\"@context\":\"https:\/\/schema.org\",\"@graph\":[{\"@type\":\"WebSite\",\"@id\":\"https:\/\/www.nettali.com\/#website\",\"url\":\"https:\/\/www.nettali.com\/\",\"name\":\"Nettali.com\",\"description\":\"Le rendez-vous critique du Net\",\"potentialAction\":[{\"@type\":\"SearchAction\",\"target\":{\"@type\":\"EntryPoint\",\"urlTemplate\":\"https:\/\/www.nettali.com\/?s={search_term_string}\"},\"query-input\":\"required name=search_term_string\"}],\"inLanguage\":\"fr-FR\"},{\"@type\":\"ImageObject\",\"@id\":\"https:\/\/www.nettali.com\/2025\/06\/05\/changements-au-cetud-et-dans-3-ministeres-les-17-nouvelles-nominations-de-diomaye\/#primaryimage\",\"inLanguage\":\"fr-FR\",\"url\":\"https:\/\/www.nettali.com\/wp-content\/uploads\/2025\/04\/Diomaye.jpg\",\"contentUrl\":\"https:\/\/www.nettali.com\/wp-content\/uploads\/2025\/04\/Diomaye.jpg\",\"width\":1280,\"height\":748},{\"@type\":\"WebPage\",\"@id\":\"https:\/\/www.nettali.com\/2025\/06\/05\/changements-au-cetud-et-dans-3-ministeres-les-17-nouvelles-nominations-de-diomaye\/#webpage\",\"url\":\"https:\/\/www.nettali.com\/2025\/06\/05\/changements-au-cetud-et-dans-3-ministeres-les-17-nouvelles-nominations-de-diomaye\/\",\"name\":\"CHANGEMENTS AU CETUD ET DANS 3 MINIST\\u00c8RES : Les 17 nouvelles nominations de Diomaye | Nettali.com\",\"isPartOf\":{\"@id\":\"https:\/\/www.nettali.com\/#website\"},\"primaryImageOfPage\":{\"@id\":\"https:\/\/www.nettali.com\/2025\/06\/05\/changements-au-cetud-et-dans-3-ministeres-les-17-nouvelles-nominations-de-diomaye\/#primaryimage\"},\"datePublished\":\"2025-06-05T09:02:23+00:00\",\"dateModified\":\"2025-06-07T07:53:11+00:00\",\"author\":{\"@id\":\"https:\/\/www.nettali.com\/#\/schema\/person\/3317e0bb3aa1da309fbf7b2780901bf4\"},\"breadcrumb\":{\"@id\":\"https:\/\/www.nettali.com\/2025\/06\/05\/changements-au-cetud-et-dans-3-ministeres-les-17-nouvelles-nominations-de-diomaye\/#breadcrumb\"},\"inLanguage\":\"fr-FR\",\"potentialAction\":[{\"@type\":\"ReadAction\",\"target\":[\"https:\/\/www.nettali.com\/2025\/06\/05\/changements-au-cetud-et-dans-3-ministeres-les-17-nouvelles-nominations-de-diomaye\/\"]}]},{\"@type\":\"BreadcrumbList\",\"@id\":\"https:\/\/www.nettali.com\/2025\/06\/05\/changements-au-cetud-et-dans-3-ministeres-les-17-nouvelles-nominations-de-diomaye\/#breadcrumb\",\"itemListElement\":[{\"@type\":\"ListItem\",\"position\":1,\"name\":\"Accueil\",\"item\":\"https:\/\/www.nettali.com\/\"},{\"@type\":\"ListItem\",\"position\":2,\"name\":\"CHANGEMENTS AU CETUD ET DANS 3 MINIST\\u00c8RES : Les 17 nouvelles nominations de Diomaye\"}]},{\"@type\":\"Person\",\"@id\":\"https:\/\/www.nettali.com\/#\/schema\/person\/3317e0bb3aa1da309fbf7b2780901bf4\",\"name\":\"Daouda\",\"image\":{\"@type\":\"ImageObject\",\"@id\":\"https:\/\/www.nettali.com\/#personlogo\",\"inLanguage\":\"fr-FR\",\"url\":\"https:\/\/secure.gravatar.com\/avatar\/8d143b5a49345098ddcfee1c49c2f47c?s=96&d=mm&r=g\",\"contentUrl\":\"https:\/\/secure.gravatar.com\/avatar\/8d143b5a49345098ddcfee1c49c2f47c?s=96&d=mm&r=g\",\"caption\":\"Daouda\"},\"sameAs\":[\"https:\/\/www.nettali.com\"]}]}<\/script>\n<!-- \/ Yoast SEO Premium plugin. -->","yoast_head_json":{"title":"CHANGEMENTS AU CETUD ET DANS 3 MINIST\u00c8RES : Les 17 nouvelles nominations de Diomaye | Nettali.com","robots":{"index":"index","follow":"follow","max-snippet":"max-snippet:-1","max-image-preview":"max-image-preview:large","max-video-preview":"max-video-preview:-1"},"canonical":"https:\/\/www.nettali.com\/2025\/06\/05\/changements-au-cetud-et-dans-3-ministeres-les-17-nouvelles-nominations-de-diomaye\/","og_locale":"fr_FR","og_type":"article","og_title":"CHANGEMENTS AU CETUD ET DANS 3 MINIST\u00c8RES : Les 17 nouvelles nominations de Diomaye","og_description":"NETTALI.COM - En Conseil des ministres de ce mercredi, plusieurs nominations ont \u00e9t\u00e9 act\u00e9es par le Pr\u00e9sident de la R\u00e9publique, Bassirou Diomaye Faye. Ci-dessous la liste compl\u00e8te : Au titre du Minist\u00e8re de l\u2019Int\u00e9gration africaine et des Affaires \u00e9trang\u00e8res : Le G\u00e9n\u00e9ral de brigade (2S) Amadou KANE, matricule de solde n\u00b0 398 392\/F, est nomm\u00e9 [&hellip;]","og_url":"https:\/\/www.nettali.com\/2025\/06\/05\/changements-au-cetud-et-dans-3-ministeres-les-17-nouvelles-nominations-de-diomaye\/","og_site_name":"Nettali.com","article_publisher":"https:\/\/www.facebook.com\/nettalicom","article_published_time":"2025-06-05T09:02:23+00:00","article_modified_time":"2025-06-07T07:53:11+00:00","og_image":[{"width":1280,"height":748,"url":"https:\/\/www.nettali.com\/wp-content\/uploads\/2025\/04\/Diomaye.jpg","type":"image\/jpeg"}],"twitter_card":"summary_large_image","twitter_misc":{"\u00c9crit par":"Daouda","Dur\u00e9e de lecture estim\u00e9e":"4 minutes"},"schema":{"@context":"https:\/\/schema.org","@graph":[{"@type":"WebSite","@id":"https:\/\/www.nettali.com\/#website","url":"https:\/\/www.nettali.com\/","name":"Nettali.com","description":"Le rendez-vous critique du Net","potentialAction":[{"@type":"SearchAction","target":{"@type":"EntryPoint","urlTemplate":"https:\/\/www.nettali.com\/?s={search_term_string}"},"query-input":"required name=search_term_string"}],"inLanguage":"fr-FR"},{"@type":"ImageObject","@id":"https:\/\/www.nettali.com\/2025\/06\/05\/changements-au-cetud-et-dans-3-ministeres-les-17-nouvelles-nominations-de-diomaye\/#primaryimage","inLanguage":"fr-FR","url":"https:\/\/www.nettali.com\/wp-content\/uploads\/2025\/04\/Diomaye.jpg","contentUrl":"https:\/\/www.nettali.com\/wp-content\/uploads\/2025\/04\/Diomaye.jpg","width":1280,"height":748},{"@type":"WebPage","@id":"https:\/\/www.nettali.com\/2025\/06\/05\/changements-au-cetud-et-dans-3-ministeres-les-17-nouvelles-nominations-de-diomaye\/#webpage","url":"https:\/\/www.nettali.com\/2025\/06\/05\/changements-au-cetud-et-dans-3-ministeres-les-17-nouvelles-nominations-de-diomaye\/","name":"CHANGEMENTS AU CETUD ET DANS 3 MINIST\u00c8RES : Les 17 nouvelles nominations de Diomaye | Nettali.com","isPartOf":{"@id":"https:\/\/www.nettali.com\/#website"},"primaryImageOfPage":{"@id":"https:\/\/www.nettali.com\/2025\/06\/05\/changements-au-cetud-et-dans-3-ministeres-les-17-nouvelles-nominations-de-diomaye\/#primaryimage"},"datePublished":"2025-06-05T09:02:23+00:00","dateModified":"2025-06-07T07:53:11+00:00","author":{"@id":"https:\/\/www.nettali.com\/#\/schema\/person\/3317e0bb3aa1da309fbf7b2780901bf4"},"breadcrumb":{"@id":"https:\/\/www.nettali.com\/2025\/06\/05\/changements-au-cetud-et-dans-3-ministeres-les-17-nouvelles-nominations-de-diomaye\/#breadcrumb"},"inLanguage":"fr-FR","potentialAction":[{"@type":"ReadAction","target":["https:\/\/www.nettali.com\/2025\/06\/05\/changements-au-cetud-et-dans-3-ministeres-les-17-nouvelles-nominations-de-diomaye\/"]}]},{"@type":"BreadcrumbList","@id":"https:\/\/www.nettali.com\/2025\/06\/05\/changements-au-cetud-et-dans-3-ministeres-les-17-nouvelles-nominations-de-diomaye\/#breadcrumb","itemListElement":[{"@type":"ListItem","position":1,"name":"Accueil","item":"https:\/\/www.nettali.com\/"},{"@type":"ListItem","position":2,"name":"CHANGEMENTS AU CETUD ET DANS 3 MINIST\u00c8RES : Les 17 nouvelles nominations de Diomaye"}]},{"@type":"Person","@id":"https:\/\/www.nettali.com\/#\/schema\/person\/3317e0bb3aa1da309fbf7b2780901bf4","name":"Daouda","image":{"@type":"ImageObject","@id":"https:\/\/www.nettali.com\/#personlogo","inLanguage":"fr-FR","url":"https:\/\/secure.gravatar.com\/avatar\/8d143b5a49345098ddcfee1c49c2f47c?s=96&d=mm&r=g","contentUrl":"https:\/\/secure.gravatar.com\/avatar\/8d143b5a49345098ddcfee1c49c2f47c?s=96&d=mm&r=g","caption":"Daouda"},"sameAs":["https:\/\/www.nettali.com"]}]}},"_links":{"self":[{"href":"https:\/\/www.nettali.com\/rest\/wp\/v2\/posts\/155361"}],"collection":[{"href":"https:\/\/www.nettali.com\/rest\/wp\/v2\/posts"}],"about":[{"href":"https:\/\/www.nettali.com\/rest\/wp\/v2\/types\/post"}],"author":[{"embeddable":true,"href":"https:\/\/www.nettali.com\/rest\/wp\/v2\/users\/4"}],"replies":[{"embeddable":true,"href":"https:\/\/www.nettali.com\/rest\/wp\/v2\/comments?post=155361"}],"version-history":[{"count":1,"href":"https:\/\/www.nettali.com\/rest\/wp\/v2\/posts\/155361\/revisions"}],"predecessor-version":[{"id":155362,"href":"https:\/\/www.nettali.com\/rest\/wp\/v2\/posts\/155361\/revisions\/155362"}],"wp:featuredmedia":[{"embeddable":true,"href":"https:\/\/www.nettali.com\/rest\/wp\/v2\/media\/153019"}],"wp:attachment":[{"href":"https:\/\/www.nettali.com\/rest\/wp\/v2\/media?parent=155361"}],"wp:term":[{"taxonomy":"category","embeddable":true,"href":"https:\/\/www.nettali.com\/rest\/wp\/v2\/categories?post=155361"},{"taxonomy":"post_tag","embeddable":true,"href":"https:\/\/www.nettali.com\/rest\/wp\/v2\/tags?post=155361"}],"curies":[{"name":"wp","href":"https:\/\/api.w.org\/{rel}","templated":true}]}}