{"id":155350,"date":"2025-06-05T08:34:45","date_gmt":"2025-06-05T08:34:45","guid":{"rendered":"https:\/\/www.nettali.com\/?p=155350"},"modified":"2025-06-05T08:34:45","modified_gmt":"2025-06-05T08:34:45","slug":"voyage-a-abidjan-sonko-et-sa-rencontre-avec-laurent-gbagbo","status":"publish","type":"post","link":"https:\/\/www.nettali.com\/2025\/06\/05\/voyage-a-abidjan-sonko-et-sa-rencontre-avec-laurent-gbagbo\/","title":{"rendered":"VOYAGE A ABIDJAN - Sonko et sa rencontre avec Laurent Gbagbo"},"content":{"rendered":"<p data-start=\"229\" data-end=\"598\"><strong data-start=\"229\" data-end=\"255\">NETTALI.COM - En d\u00e9placement officiel en C\u00f4te d\u2019Ivoire, le pr\u00e9sident du parti Pastef, Ousmane Sonko, a rencontr\u00e9 ce week-end l\u2019ancien chef de l\u2019\u00c9tat ivoirien, Laurent Gbagbo. Une entrevue hautement symbolique entre deux figures politiques africaines qui partagent un parcours sem\u00e9 d\u2019emb\u00fbches et une vision commune du d\u00e9veloppement du continent.<\/strong><\/p>\n<p data-start=\"600\" data-end=\"1007\">Selon des informations rapport\u00e9es par Jeune Afrique, cette rencontre s\u2019est tenue dans une atmosph\u00e8re chaleureuse, marqu\u00e9e par des \u00e9changes sur les d\u00e9fis communs de la souverainet\u00e9 africaine et les rapports avec les puissances \u00e9trang\u00e8res. Les deux hommes ont \u00e9galement \u00e9voqu\u00e9 leur exp\u00e9rience carc\u00e9rale, qu\u2019Ousmane Sonko consid\u00e8re comme un \u00e9l\u00e9ment fort de proximit\u00e9 humaine et politique avec son h\u00f4te.<\/p>\n<p data-start=\"1046\" data-end=\"1403\">Fait notable, avant cette entrevue, Ousmane Sonko aurait pris soin de solliciter l\u2019aval du pr\u00e9sident ivoirien, Alassane Ouattara, qu\u2019il aurait directement contact\u00e9 au t\u00e9l\u00e9phone. Une marque de respect envers le chef de l\u2019\u00c9tat ivoirien, qu\u2019il aurait affectueusement appel\u00e9 \u00ab Papa \u00bb, selon des sources proches de la pr\u00e9sidence cit\u00e9es par Jeune Afrique.<\/p>\n<p data-start=\"1405\" data-end=\"1611\">Cette pr\u00e9caution diplomatique souligne la volont\u00e9 d\u2019Ousmane Sonko de maintenir des rapports cordiaux avec les autorit\u00e9s ivoiriennes, tout en consolidant ses relations avec les personnalit\u00e9s de l\u2019opposition.<\/p>\n<p data-start=\"1654\" data-end=\"2006\">Depuis plusieurs ann\u00e9es, Ousmane Sonko entretient des liens \u00e9troits avec des figures influentes de la sc\u00e8ne politique ivoirienne. Il est notamment proche de St\u00e9phane Kipr\u00e9, premier vice-pr\u00e9sident du Parti des Peuples Africains - C\u00f4te d\u2019Ivoire (PPA-CI) de Laurent Gbagbo, ainsi que d\u2019Adj\u00e9 Silas Metch, ministre d\u00e9l\u00e9gu\u00e9 charg\u00e9 des Sports.<\/p>\n<p data-start=\"2008\" data-end=\"2348\">Si le dossier de Tidjane Thiam, pr\u00e9sident du PDCI, \u00e9galement radi\u00e9 de la liste \u00e9lectorale pour la pr\u00e9sidentielle d\u2019octobre prochain, n\u2019a pas \u00e9t\u00e9 abord\u00e9 officiellement, cette rencontre entre Sonko et Gbagbo pourrait renforcer les passerelles entre les oppositions africaines engag\u00e9es dans un discours souverainiste et panafricaniste.<\/p>\n<p data-start=\"2350\" data-end=\"2525\">Cette visite s\u2019inscrit dans une s\u00e9rie d\u2019activit\u00e9s diplomatiques et politiques qu\u2019Ousmane Sonko m\u00e8ne en Afrique de l\u2019Ouest depuis son retour sur la sc\u00e8ne politique s\u00e9n\u00e9galaise.<\/p>\n<div class='share-to-whatsapp-wrapper'><div class='share-on-whsp'>PARTAGER SUR : <\/div><a data-text='VOYAGE A ABIDJAN - Sonko et sa rencontre avec Laurent Gbagbo' data-link='https:\/\/www.nettali.com\/2025\/06\/05\/voyage-a-abidjan-sonko-et-sa-rencontre-avec-laurent-gbagbo\/' class='whatsapp-button whatsapp-share'>WhatsApp<\/a><div class='clear '><\/div><\/div>","protected":false},"excerpt":{"rendered":"<p>NETTALI.COM - En d\u00e9placement officiel en C\u00f4te d\u2019Ivoire, le pr\u00e9sident du parti Pastef, Ousmane Sonko, a rencontr\u00e9 ce week-end l\u2019ancien chef de l\u2019\u00c9tat ivoirien, Laurent Gbagbo. Une entrevue hautement symbolique entre deux figures politiques africaines qui partagent un parcours sem\u00e9 d\u2019emb\u00fbches et une vision commune du d\u00e9veloppement du continent. Selon des informations rapport\u00e9es par Jeune [&hellip;]<\/p>\n","protected":false},"author":4,"featured_media":155351,"comment_status":"open","ping_status":"open","sticky":false,"template":"","format":"standard","meta":{"_et_pb_use_builder":"","_et_pb_old_content":""},"categories":[2],"tags":[],"yoast_head":"<!-- This site is optimized with the Yoast SEO Premium plugin v17.8 (Yoast SEO v17.8) - https:\/\/yoast.com\/wordpress\/plugins\/seo\/ -->\n<title>VOYAGE A ABIDJAN - Sonko et sa rencontre avec Laurent Gbagbo | Nettali.com<\/title>\n<meta name=\"robots\" content=\"index, follow, max-snippet:-1, max-image-preview:large, max-video-preview:-1\" \/>\n<link rel=\"canonical\" href=\"https:\/\/www.nettali.com\/2025\/06\/05\/voyage-a-abidjan-sonko-et-sa-rencontre-avec-laurent-gbagbo\/\" \/>\n<meta property=\"og:locale\" content=\"fr_FR\" \/>\n<meta property=\"og:type\" content=\"article\" \/>\n<meta property=\"og:title\" content=\"VOYAGE A ABIDJAN - Sonko et sa rencontre avec Laurent Gbagbo\" \/>\n<meta property=\"og:description\" content=\"NETTALI.COM - En d\u00e9placement officiel en C\u00f4te d\u2019Ivoire, le pr\u00e9sident du parti Pastef, Ousmane Sonko, a rencontr\u00e9 ce week-end l\u2019ancien chef de l\u2019\u00c9tat ivoirien, Laurent Gbagbo. Une entrevue hautement symbolique entre deux figures politiques africaines qui partagent un parcours sem\u00e9 d\u2019emb\u00fbches et une vision commune du d\u00e9veloppement du continent. Selon des informations rapport\u00e9es par Jeune [&hellip;]\" \/>\n<meta property=\"og:url\" content=\"https:\/\/www.nettali.com\/2025\/06\/05\/voyage-a-abidjan-sonko-et-sa-rencontre-avec-laurent-gbagbo\/\" \/>\n<meta property=\"og:site_name\" content=\"Nettali.com\" \/>\n<meta property=\"article:publisher\" content=\"https:\/\/www.facebook.com\/nettalicom\" \/>\n<meta property=\"article:published_time\" content=\"2025-06-05T08:34:45+00:00\" \/>\n<meta property=\"og:image\" content=\"https:\/\/www.nettali.com\/wp-content\/uploads\/2025\/06\/SONKO-BAGBO.jpg\" \/>\n\t<meta property=\"og:image:width\" content=\"600\" \/>\n\t<meta property=\"og:image:height\" content=\"530\" \/>\n<meta name=\"twitter:card\" content=\"summary_large_image\" \/>\n<meta name=\"twitter:label1\" content=\"\u00c9crit par\" \/>\n\t<meta name=\"twitter:data1\" content=\"Daouda\" \/>\n\t<meta name=\"twitter:label2\" content=\"Dur\u00e9e de lecture estim\u00e9e\" \/>\n\t<meta name=\"twitter:data2\" content=\"2 minutes\" \/>\n<script type=\"application\/ld+json\" class=\"yoast-schema-graph\">{\"@context\":\"https:\/\/schema.org\",\"@graph\":[{\"@type\":\"WebSite\",\"@id\":\"https:\/\/www.nettali.com\/#website\",\"url\":\"https:\/\/www.nettali.com\/\",\"name\":\"Nettali.com\",\"description\":\"Le rendez-vous critique du Net\",\"potentialAction\":[{\"@type\":\"SearchAction\",\"target\":{\"@type\":\"EntryPoint\",\"urlTemplate\":\"https:\/\/www.nettali.com\/?s={search_term_string}\"},\"query-input\":\"required name=search_term_string\"}],\"inLanguage\":\"fr-FR\"},{\"@type\":\"ImageObject\",\"@id\":\"https:\/\/www.nettali.com\/2025\/06\/05\/voyage-a-abidjan-sonko-et-sa-rencontre-avec-laurent-gbagbo\/#primaryimage\",\"inLanguage\":\"fr-FR\",\"url\":\"https:\/\/www.nettali.com\/wp-content\/uploads\/2025\/06\/SONKO-BAGBO.jpg\",\"contentUrl\":\"https:\/\/www.nettali.com\/wp-content\/uploads\/2025\/06\/SONKO-BAGBO.jpg\",\"width\":600,\"height\":530},{\"@type\":\"WebPage\",\"@id\":\"https:\/\/www.nettali.com\/2025\/06\/05\/voyage-a-abidjan-sonko-et-sa-rencontre-avec-laurent-gbagbo\/#webpage\",\"url\":\"https:\/\/www.nettali.com\/2025\/06\/05\/voyage-a-abidjan-sonko-et-sa-rencontre-avec-laurent-gbagbo\/\",\"name\":\"VOYAGE A ABIDJAN - Sonko et sa rencontre avec Laurent Gbagbo | Nettali.com\",\"isPartOf\":{\"@id\":\"https:\/\/www.nettali.com\/#website\"},\"primaryImageOfPage\":{\"@id\":\"https:\/\/www.nettali.com\/2025\/06\/05\/voyage-a-abidjan-sonko-et-sa-rencontre-avec-laurent-gbagbo\/#primaryimage\"},\"datePublished\":\"2025-06-05T08:34:45+00:00\",\"dateModified\":\"2025-06-05T08:34:45+00:00\",\"author\":{\"@id\":\"https:\/\/www.nettali.com\/#\/schema\/person\/3317e0bb3aa1da309fbf7b2780901bf4\"},\"breadcrumb\":{\"@id\":\"https:\/\/www.nettali.com\/2025\/06\/05\/voyage-a-abidjan-sonko-et-sa-rencontre-avec-laurent-gbagbo\/#breadcrumb\"},\"inLanguage\":\"fr-FR\",\"potentialAction\":[{\"@type\":\"ReadAction\",\"target\":[\"https:\/\/www.nettali.com\/2025\/06\/05\/voyage-a-abidjan-sonko-et-sa-rencontre-avec-laurent-gbagbo\/\"]}]},{\"@type\":\"BreadcrumbList\",\"@id\":\"https:\/\/www.nettali.com\/2025\/06\/05\/voyage-a-abidjan-sonko-et-sa-rencontre-avec-laurent-gbagbo\/#breadcrumb\",\"itemListElement\":[{\"@type\":\"ListItem\",\"position\":1,\"name\":\"Accueil\",\"item\":\"https:\/\/www.nettali.com\/\"},{\"@type\":\"ListItem\",\"position\":2,\"name\":\"VOYAGE A ABIDJAN - Sonko et sa rencontre avec Laurent Gbagbo\"}]},{\"@type\":\"Person\",\"@id\":\"https:\/\/www.nettali.com\/#\/schema\/person\/3317e0bb3aa1da309fbf7b2780901bf4\",\"name\":\"Daouda\",\"image\":{\"@type\":\"ImageObject\",\"@id\":\"https:\/\/www.nettali.com\/#personlogo\",\"inLanguage\":\"fr-FR\",\"url\":\"https:\/\/secure.gravatar.com\/avatar\/8d143b5a49345098ddcfee1c49c2f47c?s=96&d=mm&r=g\",\"contentUrl\":\"https:\/\/secure.gravatar.com\/avatar\/8d143b5a49345098ddcfee1c49c2f47c?s=96&d=mm&r=g\",\"caption\":\"Daouda\"},\"sameAs\":[\"https:\/\/www.nettali.com\"]}]}<\/script>\n<!-- \/ Yoast SEO Premium plugin. -->","yoast_head_json":{"title":"VOYAGE A ABIDJAN - Sonko et sa rencontre avec Laurent Gbagbo | Nettali.com","robots":{"index":"index","follow":"follow","max-snippet":"max-snippet:-1","max-image-preview":"max-image-preview:large","max-video-preview":"max-video-preview:-1"},"canonical":"https:\/\/www.nettali.com\/2025\/06\/05\/voyage-a-abidjan-sonko-et-sa-rencontre-avec-laurent-gbagbo\/","og_locale":"fr_FR","og_type":"article","og_title":"VOYAGE A ABIDJAN - Sonko et sa rencontre avec Laurent Gbagbo","og_description":"NETTALI.COM - En d\u00e9placement officiel en C\u00f4te d\u2019Ivoire, le pr\u00e9sident du parti Pastef, Ousmane Sonko, a rencontr\u00e9 ce week-end l\u2019ancien chef de l\u2019\u00c9tat ivoirien, Laurent Gbagbo. Une entrevue hautement symbolique entre deux figures politiques africaines qui partagent un parcours sem\u00e9 d\u2019emb\u00fbches et une vision commune du d\u00e9veloppement du continent. Selon des informations rapport\u00e9es par Jeune [&hellip;]","og_url":"https:\/\/www.nettali.com\/2025\/06\/05\/voyage-a-abidjan-sonko-et-sa-rencontre-avec-laurent-gbagbo\/","og_site_name":"Nettali.com","article_publisher":"https:\/\/www.facebook.com\/nettalicom","article_published_time":"2025-06-05T08:34:45+00:00","og_image":[{"width":600,"height":530,"url":"https:\/\/www.nettali.com\/wp-content\/uploads\/2025\/06\/SONKO-BAGBO.jpg","type":"image\/jpeg"}],"twitter_card":"summary_large_image","twitter_misc":{"\u00c9crit par":"Daouda","Dur\u00e9e de lecture estim\u00e9e":"2 minutes"},"schema":{"@context":"https:\/\/schema.org","@graph":[{"@type":"WebSite","@id":"https:\/\/www.nettali.com\/#website","url":"https:\/\/www.nettali.com\/","name":"Nettali.com","description":"Le rendez-vous critique du Net","potentialAction":[{"@type":"SearchAction","target":{"@type":"EntryPoint","urlTemplate":"https:\/\/www.nettali.com\/?s={search_term_string}"},"query-input":"required name=search_term_string"}],"inLanguage":"fr-FR"},{"@type":"ImageObject","@id":"https:\/\/www.nettali.com\/2025\/06\/05\/voyage-a-abidjan-sonko-et-sa-rencontre-avec-laurent-gbagbo\/#primaryimage","inLanguage":"fr-FR","url":"https:\/\/www.nettali.com\/wp-content\/uploads\/2025\/06\/SONKO-BAGBO.jpg","contentUrl":"https:\/\/www.nettali.com\/wp-content\/uploads\/2025\/06\/SONKO-BAGBO.jpg","width":600,"height":530},{"@type":"WebPage","@id":"https:\/\/www.nettali.com\/2025\/06\/05\/voyage-a-abidjan-sonko-et-sa-rencontre-avec-laurent-gbagbo\/#webpage","url":"https:\/\/www.nettali.com\/2025\/06\/05\/voyage-a-abidjan-sonko-et-sa-rencontre-avec-laurent-gbagbo\/","name":"VOYAGE A ABIDJAN - Sonko et sa rencontre avec Laurent Gbagbo | Nettali.com","isPartOf":{"@id":"https:\/\/www.nettali.com\/#website"},"primaryImageOfPage":{"@id":"https:\/\/www.nettali.com\/2025\/06\/05\/voyage-a-abidjan-sonko-et-sa-rencontre-avec-laurent-gbagbo\/#primaryimage"},"datePublished":"2025-06-05T08:34:45+00:00","dateModified":"2025-06-05T08:34:45+00:00","author":{"@id":"https:\/\/www.nettali.com\/#\/schema\/person\/3317e0bb3aa1da309fbf7b2780901bf4"},"breadcrumb":{"@id":"https:\/\/www.nettali.com\/2025\/06\/05\/voyage-a-abidjan-sonko-et-sa-rencontre-avec-laurent-gbagbo\/#breadcrumb"},"inLanguage":"fr-FR","potentialAction":[{"@type":"ReadAction","target":["https:\/\/www.nettali.com\/2025\/06\/05\/voyage-a-abidjan-sonko-et-sa-rencontre-avec-laurent-gbagbo\/"]}]},{"@type":"BreadcrumbList","@id":"https:\/\/www.nettali.com\/2025\/06\/05\/voyage-a-abidjan-sonko-et-sa-rencontre-avec-laurent-gbagbo\/#breadcrumb","itemListElement":[{"@type":"ListItem","position":1,"name":"Accueil","item":"https:\/\/www.nettali.com\/"},{"@type":"ListItem","position":2,"name":"VOYAGE A ABIDJAN - Sonko et sa rencontre avec Laurent Gbagbo"}]},{"@type":"Person","@id":"https:\/\/www.nettali.com\/#\/schema\/person\/3317e0bb3aa1da309fbf7b2780901bf4","name":"Daouda","image":{"@type":"ImageObject","@id":"https:\/\/www.nettali.com\/#personlogo","inLanguage":"fr-FR","url":"https:\/\/secure.gravatar.com\/avatar\/8d143b5a49345098ddcfee1c49c2f47c?s=96&d=mm&r=g","contentUrl":"https:\/\/secure.gravatar.com\/avatar\/8d143b5a49345098ddcfee1c49c2f47c?s=96&d=mm&r=g","caption":"Daouda"},"sameAs":["https:\/\/www.nettali.com"]}]}},"_links":{"self":[{"href":"https:\/\/www.nettali.com\/rest\/wp\/v2\/posts\/155350"}],"collection":[{"href":"https:\/\/www.nettali.com\/rest\/wp\/v2\/posts"}],"about":[{"href":"https:\/\/www.nettali.com\/rest\/wp\/v2\/types\/post"}],"author":[{"embeddable":true,"href":"https:\/\/www.nettali.com\/rest\/wp\/v2\/users\/4"}],"replies":[{"embeddable":true,"href":"https:\/\/www.nettali.com\/rest\/wp\/v2\/comments?post=155350"}],"version-history":[{"count":1,"href":"https:\/\/www.nettali.com\/rest\/wp\/v2\/posts\/155350\/revisions"}],"predecessor-version":[{"id":155352,"href":"https:\/\/www.nettali.com\/rest\/wp\/v2\/posts\/155350\/revisions\/155352"}],"wp:featuredmedia":[{"embeddable":true,"href":"https:\/\/www.nettali.com\/rest\/wp\/v2\/media\/155351"}],"wp:attachment":[{"href":"https:\/\/www.nettali.com\/rest\/wp\/v2\/media?parent=155350"}],"wp:term":[{"taxonomy":"category","embeddable":true,"href":"https:\/\/www.nettali.com\/rest\/wp\/v2\/categories?post=155350"},{"taxonomy":"post_tag","embeddable":true,"href":"https:\/\/www.nettali.com\/rest\/wp\/v2\/tags?post=155350"}],"curies":[{"name":"wp","href":"https:\/\/api.w.org\/{rel}","templated":true}]}}