{"id":155347,"date":"2025-06-05T08:35:39","date_gmt":"2025-06-05T08:35:39","guid":{"rendered":"https:\/\/www.nettali.com\/?p=155347"},"modified":"2025-06-05T08:35:39","modified_gmt":"2025-06-05T08:35:39","slug":"diomaye-faye-le-dialogue-national-sest-acheve-dans-un-esprit-de-depassement-et-de-maturite-democratique","status":"publish","type":"post","link":"https:\/\/www.nettali.com\/2025\/06\/05\/diomaye-faye-le-dialogue-national-sest-acheve-dans-un-esprit-de-depassement-et-de-maturite-democratique\/","title":{"rendered":"DIOMAYE FAYE - \"Le dialogue national s\u2019est achev\u00e9 dans un esprit de d\u00e9passement et de maturit\u00e9 d\u00e9mocratique\""},"content":{"rendered":"<p><strong>NETTALI.COM - Le p\u00e9sident de la R\u00e9publique, Bassirou Diomaye Faye, a salu\u00e9 ce mercredi 4 juin la la cl\u00f4ture du Dialogue national sur le syst\u00e8me politique, qui s\u2019est tenu ces derniers jours. Dans un message publi\u00e9 sur le r\u00e9seau social X, le chef de l\u2019\u00c9tat s\u2019est f\u00e9licit\u00e9 de l\u2019esprit qui a anim\u00e9 les travaux.<\/strong><\/p>\n<p>\"<em>Le Dialogue national sur le syst\u00e8me politique s\u2019est achev\u00e9 aujourd\u2019hui, dans un esprit de d\u00e9passement et de maturit\u00e9 d\u00e9mocratique<\/em>\", a-t-il \u00e9crit les r\u00e9seaux sociaux.<\/p>\n<p>Le pr\u00e9sident Faye a insist\u00e9 sur la n\u00e9cessit\u00e9 pour les institutions nationales de porter les valeurs essentielles de la R\u00e9publique : \"<em>Nos institutions, fondements de notre vivre-ensemble, doivent incarner l\u2019unit\u00e9, la justice et l\u2019esp\u00e9rance<\/em>\", a-t-il affirm\u00e9, en \u00e9cho aux aspirations populaires exprim\u00e9es durant les consultations.<\/p>\n<p>Rendant hommage \u00e0 la diversit\u00e9 des contributions, le chef de l'Etat a salu\u00e9 \"<em>toutes les forces vives qui ont r\u00e9pondu \u00e0 l\u2019appel de la R\u00e9publique, en apportant leurs id\u00e9es, leurs convictions et leur sens de l\u2019int\u00e9r\u00eat g\u00e9n\u00e9ral<\/em>\".<\/p>\n<p>Dans une tonalit\u00e9 rassembleuse, le chef de l\u2019\u00c9tat a conclu par un appel \u00e0 la responsabilit\u00e9 collective : \"<em>Ce moment r\u00e9publicain engage notre responsabilit\u00e9 collective : refonder, ensemble, un S\u00e9n\u00e9gal plus fort, plus juste, plus d\u00e9mocratique<\/em>\".<\/p>\n<div class='share-to-whatsapp-wrapper'><div class='share-on-whsp'>PARTAGER SUR : <\/div><a data-text='DIOMAYE FAYE - \"Le dialogue national s\u2019est achev\u00e9 dans un esprit de d\u00e9passement et de maturit\u00e9 d\u00e9mocratique\"' data-link='https:\/\/www.nettali.com\/2025\/06\/05\/diomaye-faye-le-dialogue-national-sest-acheve-dans-un-esprit-de-depassement-et-de-maturite-democratique\/' class='whatsapp-button whatsapp-share'>WhatsApp<\/a><div class='clear '><\/div><\/div>","protected":false},"excerpt":{"rendered":"<p>NETTALI.COM - Le p\u00e9sident de la R\u00e9publique, Bassirou Diomaye Faye, a salu\u00e9 ce mercredi 4 juin la la cl\u00f4ture du Dialogue national sur le syst\u00e8me politique, qui s\u2019est tenu ces derniers jours. Dans un message publi\u00e9 sur le r\u00e9seau social X, le chef de l\u2019\u00c9tat s\u2019est f\u00e9licit\u00e9 de l\u2019esprit qui a anim\u00e9 les travaux. \"Le [&hellip;]<\/p>\n","protected":false},"author":5,"featured_media":155348,"comment_status":"open","ping_status":"open","sticky":false,"template":"","format":"standard","meta":{"_et_pb_use_builder":"","_et_pb_old_content":""},"categories":[2],"tags":[],"yoast_head":"<!-- This site is optimized with the Yoast SEO Premium plugin v17.8 (Yoast SEO v17.8) - https:\/\/yoast.com\/wordpress\/plugins\/seo\/ -->\n<title>DIOMAYE FAYE - &quot;Le dialogue national s\u2019est achev\u00e9 dans un esprit de d\u00e9passement et de maturit\u00e9 d\u00e9mocratique&quot; | Nettali.com<\/title>\n<meta name=\"robots\" content=\"index, follow, max-snippet:-1, max-image-preview:large, max-video-preview:-1\" \/>\n<link rel=\"canonical\" href=\"https:\/\/www.nettali.com\/2025\/06\/05\/diomaye-faye-le-dialogue-national-sest-acheve-dans-un-esprit-de-depassement-et-de-maturite-democratique\/\" \/>\n<meta property=\"og:locale\" content=\"fr_FR\" \/>\n<meta property=\"og:type\" content=\"article\" \/>\n<meta property=\"og:title\" content=\"DIOMAYE FAYE - &quot;Le dialogue national s\u2019est achev\u00e9 dans un esprit de d\u00e9passement et de maturit\u00e9 d\u00e9mocratique&quot;\" \/>\n<meta property=\"og:description\" content=\"NETTALI.COM - Le p\u00e9sident de la R\u00e9publique, Bassirou Diomaye Faye, a salu\u00e9 ce mercredi 4 juin la la cl\u00f4ture du Dialogue national sur le syst\u00e8me politique, qui s\u2019est tenu ces derniers jours. Dans un message publi\u00e9 sur le r\u00e9seau social X, le chef de l\u2019\u00c9tat s\u2019est f\u00e9licit\u00e9 de l\u2019esprit qui a anim\u00e9 les travaux. &quot;Le [&hellip;]\" \/>\n<meta property=\"og:url\" content=\"https:\/\/www.nettali.com\/2025\/06\/05\/diomaye-faye-le-dialogue-national-sest-acheve-dans-un-esprit-de-depassement-et-de-maturite-democratique\/\" \/>\n<meta property=\"og:site_name\" content=\"Nettali.com\" \/>\n<meta property=\"article:publisher\" content=\"https:\/\/www.facebook.com\/nettalicom\" \/>\n<meta property=\"article:published_time\" content=\"2025-06-05T08:35:39+00:00\" \/>\n<meta property=\"og:image\" content=\"https:\/\/www.nettali.com\/wp-content\/uploads\/2025\/06\/6655fdeb41f9d.jpeg\" \/>\n\t<meta property=\"og:image:width\" content=\"1024\" \/>\n\t<meta property=\"og:image:height\" content=\"682\" \/>\n<meta name=\"twitter:card\" content=\"summary_large_image\" \/>\n<meta name=\"twitter:label1\" content=\"\u00c9crit par\" \/>\n\t<meta name=\"twitter:data1\" content=\"Ibrahima\" \/>\n\t<meta name=\"twitter:label2\" content=\"Dur\u00e9e de lecture estim\u00e9e\" \/>\n\t<meta name=\"twitter:data2\" content=\"1 minute\" \/>\n<script type=\"application\/ld+json\" class=\"yoast-schema-graph\">{\"@context\":\"https:\/\/schema.org\",\"@graph\":[{\"@type\":\"WebSite\",\"@id\":\"https:\/\/www.nettali.com\/#website\",\"url\":\"https:\/\/www.nettali.com\/\",\"name\":\"Nettali.com\",\"description\":\"Le rendez-vous critique du Net\",\"potentialAction\":[{\"@type\":\"SearchAction\",\"target\":{\"@type\":\"EntryPoint\",\"urlTemplate\":\"https:\/\/www.nettali.com\/?s={search_term_string}\"},\"query-input\":\"required name=search_term_string\"}],\"inLanguage\":\"fr-FR\"},{\"@type\":\"ImageObject\",\"@id\":\"https:\/\/www.nettali.com\/2025\/06\/05\/diomaye-faye-le-dialogue-national-sest-acheve-dans-un-esprit-de-depassement-et-de-maturite-democratique\/#primaryimage\",\"inLanguage\":\"fr-FR\",\"url\":\"https:\/\/www.nettali.com\/wp-content\/uploads\/2025\/06\/6655fdeb41f9d.jpeg\",\"contentUrl\":\"https:\/\/www.nettali.com\/wp-content\/uploads\/2025\/06\/6655fdeb41f9d.jpeg\",\"width\":1024,\"height\":682},{\"@type\":\"WebPage\",\"@id\":\"https:\/\/www.nettali.com\/2025\/06\/05\/diomaye-faye-le-dialogue-national-sest-acheve-dans-un-esprit-de-depassement-et-de-maturite-democratique\/#webpage\",\"url\":\"https:\/\/www.nettali.com\/2025\/06\/05\/diomaye-faye-le-dialogue-national-sest-acheve-dans-un-esprit-de-depassement-et-de-maturite-democratique\/\",\"name\":\"DIOMAYE FAYE - \\\"Le dialogue national s\\u2019est achev\\u00e9 dans un esprit de d\\u00e9passement et de maturit\\u00e9 d\\u00e9mocratique\\\" | Nettali.com\",\"isPartOf\":{\"@id\":\"https:\/\/www.nettali.com\/#website\"},\"primaryImageOfPage\":{\"@id\":\"https:\/\/www.nettali.com\/2025\/06\/05\/diomaye-faye-le-dialogue-national-sest-acheve-dans-un-esprit-de-depassement-et-de-maturite-democratique\/#primaryimage\"},\"datePublished\":\"2025-06-05T08:35:39+00:00\",\"dateModified\":\"2025-06-05T08:35:39+00:00\",\"author\":{\"@id\":\"https:\/\/www.nettali.com\/#\/schema\/person\/bb147657c2986240405a608162b9bb23\"},\"breadcrumb\":{\"@id\":\"https:\/\/www.nettali.com\/2025\/06\/05\/diomaye-faye-le-dialogue-national-sest-acheve-dans-un-esprit-de-depassement-et-de-maturite-democratique\/#breadcrumb\"},\"inLanguage\":\"fr-FR\",\"potentialAction\":[{\"@type\":\"ReadAction\",\"target\":[\"https:\/\/www.nettali.com\/2025\/06\/05\/diomaye-faye-le-dialogue-national-sest-acheve-dans-un-esprit-de-depassement-et-de-maturite-democratique\/\"]}]},{\"@type\":\"BreadcrumbList\",\"@id\":\"https:\/\/www.nettali.com\/2025\/06\/05\/diomaye-faye-le-dialogue-national-sest-acheve-dans-un-esprit-de-depassement-et-de-maturite-democratique\/#breadcrumb\",\"itemListElement\":[{\"@type\":\"ListItem\",\"position\":1,\"name\":\"Accueil\",\"item\":\"https:\/\/www.nettali.com\/\"},{\"@type\":\"ListItem\",\"position\":2,\"name\":\"DIOMAYE FAYE - \\\"Le dialogue national s\\u2019est achev\\u00e9 dans un esprit de d\\u00e9passement et de maturit\\u00e9 d\\u00e9mocratique\\\"\"}]},{\"@type\":\"Person\",\"@id\":\"https:\/\/www.nettali.com\/#\/schema\/person\/bb147657c2986240405a608162b9bb23\",\"name\":\"Ibrahima\",\"image\":{\"@type\":\"ImageObject\",\"@id\":\"https:\/\/www.nettali.com\/#personlogo\",\"inLanguage\":\"fr-FR\",\"url\":\"https:\/\/secure.gravatar.com\/avatar\/26a8a81f09f0dd7624c9d5c36c9ba3a2?s=96&d=mm&r=g\",\"contentUrl\":\"https:\/\/secure.gravatar.com\/avatar\/26a8a81f09f0dd7624c9d5c36c9ba3a2?s=96&d=mm&r=g\",\"caption\":\"Ibrahima\"},\"sameAs\":[\"https:\/\/www.nettali.com\"]}]}<\/script>\n<!-- \/ Yoast SEO Premium plugin. -->","yoast_head_json":{"title":"DIOMAYE FAYE - \"Le dialogue national s\u2019est achev\u00e9 dans un esprit de d\u00e9passement et de maturit\u00e9 d\u00e9mocratique\" | Nettali.com","robots":{"index":"index","follow":"follow","max-snippet":"max-snippet:-1","max-image-preview":"max-image-preview:large","max-video-preview":"max-video-preview:-1"},"canonical":"https:\/\/www.nettali.com\/2025\/06\/05\/diomaye-faye-le-dialogue-national-sest-acheve-dans-un-esprit-de-depassement-et-de-maturite-democratique\/","og_locale":"fr_FR","og_type":"article","og_title":"DIOMAYE FAYE - \"Le dialogue national s\u2019est achev\u00e9 dans un esprit de d\u00e9passement et de maturit\u00e9 d\u00e9mocratique\"","og_description":"NETTALI.COM - Le p\u00e9sident de la R\u00e9publique, Bassirou Diomaye Faye, a salu\u00e9 ce mercredi 4 juin la la cl\u00f4ture du Dialogue national sur le syst\u00e8me politique, qui s\u2019est tenu ces derniers jours. Dans un message publi\u00e9 sur le r\u00e9seau social X, le chef de l\u2019\u00c9tat s\u2019est f\u00e9licit\u00e9 de l\u2019esprit qui a anim\u00e9 les travaux. \"Le [&hellip;]","og_url":"https:\/\/www.nettali.com\/2025\/06\/05\/diomaye-faye-le-dialogue-national-sest-acheve-dans-un-esprit-de-depassement-et-de-maturite-democratique\/","og_site_name":"Nettali.com","article_publisher":"https:\/\/www.facebook.com\/nettalicom","article_published_time":"2025-06-05T08:35:39+00:00","og_image":[{"width":1024,"height":682,"url":"https:\/\/www.nettali.com\/wp-content\/uploads\/2025\/06\/6655fdeb41f9d.jpeg","type":"image\/jpeg"}],"twitter_card":"summary_large_image","twitter_misc":{"\u00c9crit par":"Ibrahima","Dur\u00e9e de lecture estim\u00e9e":"1 minute"},"schema":{"@context":"https:\/\/schema.org","@graph":[{"@type":"WebSite","@id":"https:\/\/www.nettali.com\/#website","url":"https:\/\/www.nettali.com\/","name":"Nettali.com","description":"Le rendez-vous critique du Net","potentialAction":[{"@type":"SearchAction","target":{"@type":"EntryPoint","urlTemplate":"https:\/\/www.nettali.com\/?s={search_term_string}"},"query-input":"required name=search_term_string"}],"inLanguage":"fr-FR"},{"@type":"ImageObject","@id":"https:\/\/www.nettali.com\/2025\/06\/05\/diomaye-faye-le-dialogue-national-sest-acheve-dans-un-esprit-de-depassement-et-de-maturite-democratique\/#primaryimage","inLanguage":"fr-FR","url":"https:\/\/www.nettali.com\/wp-content\/uploads\/2025\/06\/6655fdeb41f9d.jpeg","contentUrl":"https:\/\/www.nettali.com\/wp-content\/uploads\/2025\/06\/6655fdeb41f9d.jpeg","width":1024,"height":682},{"@type":"WebPage","@id":"https:\/\/www.nettali.com\/2025\/06\/05\/diomaye-faye-le-dialogue-national-sest-acheve-dans-un-esprit-de-depassement-et-de-maturite-democratique\/#webpage","url":"https:\/\/www.nettali.com\/2025\/06\/05\/diomaye-faye-le-dialogue-national-sest-acheve-dans-un-esprit-de-depassement-et-de-maturite-democratique\/","name":"DIOMAYE FAYE - \"Le dialogue national s\u2019est achev\u00e9 dans un esprit de d\u00e9passement et de maturit\u00e9 d\u00e9mocratique\" | Nettali.com","isPartOf":{"@id":"https:\/\/www.nettali.com\/#website"},"primaryImageOfPage":{"@id":"https:\/\/www.nettali.com\/2025\/06\/05\/diomaye-faye-le-dialogue-national-sest-acheve-dans-un-esprit-de-depassement-et-de-maturite-democratique\/#primaryimage"},"datePublished":"2025-06-05T08:35:39+00:00","dateModified":"2025-06-05T08:35:39+00:00","author":{"@id":"https:\/\/www.nettali.com\/#\/schema\/person\/bb147657c2986240405a608162b9bb23"},"breadcrumb":{"@id":"https:\/\/www.nettali.com\/2025\/06\/05\/diomaye-faye-le-dialogue-national-sest-acheve-dans-un-esprit-de-depassement-et-de-maturite-democratique\/#breadcrumb"},"inLanguage":"fr-FR","potentialAction":[{"@type":"ReadAction","target":["https:\/\/www.nettali.com\/2025\/06\/05\/diomaye-faye-le-dialogue-national-sest-acheve-dans-un-esprit-de-depassement-et-de-maturite-democratique\/"]}]},{"@type":"BreadcrumbList","@id":"https:\/\/www.nettali.com\/2025\/06\/05\/diomaye-faye-le-dialogue-national-sest-acheve-dans-un-esprit-de-depassement-et-de-maturite-democratique\/#breadcrumb","itemListElement":[{"@type":"ListItem","position":1,"name":"Accueil","item":"https:\/\/www.nettali.com\/"},{"@type":"ListItem","position":2,"name":"DIOMAYE FAYE - \"Le dialogue national s\u2019est achev\u00e9 dans un esprit de d\u00e9passement et de maturit\u00e9 d\u00e9mocratique\""}]},{"@type":"Person","@id":"https:\/\/www.nettali.com\/#\/schema\/person\/bb147657c2986240405a608162b9bb23","name":"Ibrahima","image":{"@type":"ImageObject","@id":"https:\/\/www.nettali.com\/#personlogo","inLanguage":"fr-FR","url":"https:\/\/secure.gravatar.com\/avatar\/26a8a81f09f0dd7624c9d5c36c9ba3a2?s=96&d=mm&r=g","contentUrl":"https:\/\/secure.gravatar.com\/avatar\/26a8a81f09f0dd7624c9d5c36c9ba3a2?s=96&d=mm&r=g","caption":"Ibrahima"},"sameAs":["https:\/\/www.nettali.com"]}]}},"_links":{"self":[{"href":"https:\/\/www.nettali.com\/rest\/wp\/v2\/posts\/155347"}],"collection":[{"href":"https:\/\/www.nettali.com\/rest\/wp\/v2\/posts"}],"about":[{"href":"https:\/\/www.nettali.com\/rest\/wp\/v2\/types\/post"}],"author":[{"embeddable":true,"href":"https:\/\/www.nettali.com\/rest\/wp\/v2\/users\/5"}],"replies":[{"embeddable":true,"href":"https:\/\/www.nettali.com\/rest\/wp\/v2\/comments?post=155347"}],"version-history":[{"count":1,"href":"https:\/\/www.nettali.com\/rest\/wp\/v2\/posts\/155347\/revisions"}],"predecessor-version":[{"id":155349,"href":"https:\/\/www.nettali.com\/rest\/wp\/v2\/posts\/155347\/revisions\/155349"}],"wp:featuredmedia":[{"embeddable":true,"href":"https:\/\/www.nettali.com\/rest\/wp\/v2\/media\/155348"}],"wp:attachment":[{"href":"https:\/\/www.nettali.com\/rest\/wp\/v2\/media?parent=155347"}],"wp:term":[{"taxonomy":"category","embeddable":true,"href":"https:\/\/www.nettali.com\/rest\/wp\/v2\/categories?post=155347"},{"taxonomy":"post_tag","embeddable":true,"href":"https:\/\/www.nettali.com\/rest\/wp\/v2\/tags?post=155347"}],"curies":[{"name":"wp","href":"https:\/\/api.w.org\/{rel}","templated":true}]}}