{"id":155343,"date":"2025-06-05T01:47:35","date_gmt":"2025-06-05T01:47:35","guid":{"rendered":"https:\/\/www.nettali.com\/?p=155343"},"modified":"2025-06-05T01:47:35","modified_gmt":"2025-06-05T01:47:35","slug":"matchs-amicaux-des-lions-pape-matar-sarr-forfait-et-remplace-par-cheikh-niass","status":"publish","type":"post","link":"https:\/\/www.nettali.com\/2025\/06\/05\/matchs-amicaux-des-lions-pape-matar-sarr-forfait-et-remplace-par-cheikh-niass\/","title":{"rendered":"MATCHS AMICAUX DES LIONS - Pape Matar Sarr forfait et remplac\u00e9 par Cheikh Niass"},"content":{"rendered":"<p><strong>NETTALI.COM - Pape Matar Sarr est forfait pour les deux prochaines rencontres amicales des Lions face \u00e0 l\u2019Irlande (6 juin) et \u00e0 l\u2019Angleterre (10 juin). C'est une information de la F\u00e9d\u00e9ration s\u00e9n\u00e9galaise de football (FSF).<\/strong><\/p>\n<p>D\u2019 apr\u00e8s un communiqu\u00e9 officiel de la FSF, le milieu de terrain de Tottenham ne sera finalement pas de la partie pour les joutes internationales de l'\u00e9quipe nationale ce mois-ci. Pape Matar Sarr, nous r\u00e9v\u00e8le-t-on, \u00e0 la suite d'examens \u201ccliniques et radiologiques\u201d, souffre \u201cde douleurs et oed\u00e8mes au niveau des muscles fessiers gauches ainsi que d\u2019une l\u00e9sion musculaire du fascia lata gauche\u201d.<\/p>\n<p>Ainsi, sur avis du staff m\u00e9dical, le joueur a \u00e9t\u00e9 d\u00e9clar\u00e9 inapte pour cette fen\u00eatre internationale.<\/p>\n<p>Une d\u00e9cision prise par pr\u00e9caution pour pr\u00e9server l\u2019\u00e9tat physique du jeune international s\u00e9n\u00e9galais, pilier du milieu des Spurs et de la Tani\u00e8re.<\/p>\n<p>Mais pas de panique pour l'effectif de Pape Thiaw, la f\u00e9d\u00e9ration renseigne que le joueur de Tottenham sera remplac\u00e9 par Cheikh Niass de Hellas V\u00e9rone. Le club italien avait d\u2019ailleurs annonc\u00e9 la convocation du milieu d\u00e9fensif quelques heures plus t\u00f4t.<\/p>\n<div class='share-to-whatsapp-wrapper'><div class='share-on-whsp'>PARTAGER SUR : <\/div><a data-text='MATCHS AMICAUX DES LIONS - Pape Matar Sarr forfait et remplac\u00e9 par Cheikh Niass' data-link='https:\/\/www.nettali.com\/2025\/06\/05\/matchs-amicaux-des-lions-pape-matar-sarr-forfait-et-remplace-par-cheikh-niass\/' class='whatsapp-button whatsapp-share'>WhatsApp<\/a><div class='clear '><\/div><\/div>","protected":false},"excerpt":{"rendered":"<p>NETTALI.COM - Pape Matar Sarr est forfait pour les deux prochaines rencontres amicales des Lions face \u00e0 l\u2019Irlande (6 juin) et \u00e0 l\u2019Angleterre (10 juin). C'est une information de la F\u00e9d\u00e9ration s\u00e9n\u00e9galaise de football (FSF). D\u2019 apr\u00e8s un communiqu\u00e9 officiel de la FSF, le milieu de terrain de Tottenham ne sera finalement pas de la [&hellip;]<\/p>\n","protected":false},"author":2,"featured_media":155344,"comment_status":"open","ping_status":"open","sticky":false,"template":"","format":"standard","meta":{"_et_pb_use_builder":"","_et_pb_old_content":""},"categories":[6],"tags":[],"yoast_head":"<!-- This site is optimized with the Yoast SEO Premium plugin v17.8 (Yoast SEO v17.8) - https:\/\/yoast.com\/wordpress\/plugins\/seo\/ -->\n<title>MATCHS AMICAUX DES LIONS - Pape Matar Sarr forfait et remplac\u00e9 par Cheikh Niass | Nettali.com<\/title>\n<meta name=\"robots\" content=\"index, follow, max-snippet:-1, max-image-preview:large, max-video-preview:-1\" \/>\n<link rel=\"canonical\" href=\"https:\/\/www.nettali.com\/2025\/06\/05\/matchs-amicaux-des-lions-pape-matar-sarr-forfait-et-remplace-par-cheikh-niass\/\" \/>\n<meta property=\"og:locale\" content=\"fr_FR\" \/>\n<meta property=\"og:type\" content=\"article\" \/>\n<meta property=\"og:title\" content=\"MATCHS AMICAUX DES LIONS - Pape Matar Sarr forfait et remplac\u00e9 par Cheikh Niass\" \/>\n<meta property=\"og:description\" content=\"NETTALI.COM - Pape Matar Sarr est forfait pour les deux prochaines rencontres amicales des Lions face \u00e0 l\u2019Irlande (6 juin) et \u00e0 l\u2019Angleterre (10 juin). C&#039;est une information de la F\u00e9d\u00e9ration s\u00e9n\u00e9galaise de football (FSF). D\u2019 apr\u00e8s un communiqu\u00e9 officiel de la FSF, le milieu de terrain de Tottenham ne sera finalement pas de la [&hellip;]\" \/>\n<meta property=\"og:url\" content=\"https:\/\/www.nettali.com\/2025\/06\/05\/matchs-amicaux-des-lions-pape-matar-sarr-forfait-et-remplace-par-cheikh-niass\/\" \/>\n<meta property=\"og:site_name\" content=\"Nettali.com\" \/>\n<meta property=\"article:publisher\" content=\"https:\/\/www.facebook.com\/nettalicom\" \/>\n<meta property=\"article:published_time\" content=\"2025-06-05T01:47:35+00:00\" \/>\n<meta property=\"og:image\" content=\"https:\/\/www.nettali.com\/wp-content\/uploads\/2025\/06\/Pape-Matar-Sarr-e1700335156332-810x580-1.jpeg\" \/>\n\t<meta property=\"og:image:width\" content=\"810\" \/>\n\t<meta property=\"og:image:height\" content=\"580\" \/>\n<meta name=\"twitter:card\" content=\"summary_large_image\" \/>\n<meta name=\"twitter:label1\" content=\"\u00c9crit par\" \/>\n\t<meta name=\"twitter:data1\" content=\"CK\" \/>\n\t<meta name=\"twitter:label2\" content=\"Dur\u00e9e de lecture estim\u00e9e\" \/>\n\t<meta name=\"twitter:data2\" content=\"1 minute\" \/>\n<script type=\"application\/ld+json\" class=\"yoast-schema-graph\">{\"@context\":\"https:\/\/schema.org\",\"@graph\":[{\"@type\":\"WebSite\",\"@id\":\"https:\/\/www.nettali.com\/#website\",\"url\":\"https:\/\/www.nettali.com\/\",\"name\":\"Nettali.com\",\"description\":\"Le rendez-vous critique du Net\",\"potentialAction\":[{\"@type\":\"SearchAction\",\"target\":{\"@type\":\"EntryPoint\",\"urlTemplate\":\"https:\/\/www.nettali.com\/?s={search_term_string}\"},\"query-input\":\"required name=search_term_string\"}],\"inLanguage\":\"fr-FR\"},{\"@type\":\"ImageObject\",\"@id\":\"https:\/\/www.nettali.com\/2025\/06\/05\/matchs-amicaux-des-lions-pape-matar-sarr-forfait-et-remplace-par-cheikh-niass\/#primaryimage\",\"inLanguage\":\"fr-FR\",\"url\":\"https:\/\/www.nettali.com\/wp-content\/uploads\/2025\/06\/Pape-Matar-Sarr-e1700335156332-810x580-1.jpeg\",\"contentUrl\":\"https:\/\/www.nettali.com\/wp-content\/uploads\/2025\/06\/Pape-Matar-Sarr-e1700335156332-810x580-1.jpeg\",\"width\":810,\"height\":580},{\"@type\":\"WebPage\",\"@id\":\"https:\/\/www.nettali.com\/2025\/06\/05\/matchs-amicaux-des-lions-pape-matar-sarr-forfait-et-remplace-par-cheikh-niass\/#webpage\",\"url\":\"https:\/\/www.nettali.com\/2025\/06\/05\/matchs-amicaux-des-lions-pape-matar-sarr-forfait-et-remplace-par-cheikh-niass\/\",\"name\":\"MATCHS AMICAUX DES LIONS - Pape Matar Sarr forfait et remplac\\u00e9 par Cheikh Niass | Nettali.com\",\"isPartOf\":{\"@id\":\"https:\/\/www.nettali.com\/#website\"},\"primaryImageOfPage\":{\"@id\":\"https:\/\/www.nettali.com\/2025\/06\/05\/matchs-amicaux-des-lions-pape-matar-sarr-forfait-et-remplace-par-cheikh-niass\/#primaryimage\"},\"datePublished\":\"2025-06-05T01:47:35+00:00\",\"dateModified\":\"2025-06-05T01:47:35+00:00\",\"author\":{\"@id\":\"https:\/\/www.nettali.com\/#\/schema\/person\/d8ac7b7e27ddad43f1c0d2ef090d7f71\"},\"breadcrumb\":{\"@id\":\"https:\/\/www.nettali.com\/2025\/06\/05\/matchs-amicaux-des-lions-pape-matar-sarr-forfait-et-remplace-par-cheikh-niass\/#breadcrumb\"},\"inLanguage\":\"fr-FR\",\"potentialAction\":[{\"@type\":\"ReadAction\",\"target\":[\"https:\/\/www.nettali.com\/2025\/06\/05\/matchs-amicaux-des-lions-pape-matar-sarr-forfait-et-remplace-par-cheikh-niass\/\"]}]},{\"@type\":\"BreadcrumbList\",\"@id\":\"https:\/\/www.nettali.com\/2025\/06\/05\/matchs-amicaux-des-lions-pape-matar-sarr-forfait-et-remplace-par-cheikh-niass\/#breadcrumb\",\"itemListElement\":[{\"@type\":\"ListItem\",\"position\":1,\"name\":\"Accueil\",\"item\":\"https:\/\/www.nettali.com\/\"},{\"@type\":\"ListItem\",\"position\":2,\"name\":\"MATCHS AMICAUX DES LIONS - Pape Matar Sarr forfait et remplac\\u00e9 par Cheikh Niass\"}]},{\"@type\":\"Person\",\"@id\":\"https:\/\/www.nettali.com\/#\/schema\/person\/d8ac7b7e27ddad43f1c0d2ef090d7f71\",\"name\":\"CK\",\"image\":{\"@type\":\"ImageObject\",\"@id\":\"https:\/\/www.nettali.com\/#personlogo\",\"inLanguage\":\"fr-FR\",\"url\":\"https:\/\/secure.gravatar.com\/avatar\/1d8d5118b9327d94da7cd4ce7f17fec2?s=96&d=mm&r=g\",\"contentUrl\":\"https:\/\/secure.gravatar.com\/avatar\/1d8d5118b9327d94da7cd4ce7f17fec2?s=96&d=mm&r=g\",\"caption\":\"CK\"},\"sameAs\":[\"https:\/\/www.nettali.com\"]}]}<\/script>\n<!-- \/ Yoast SEO Premium plugin. -->","yoast_head_json":{"title":"MATCHS AMICAUX DES LIONS - Pape Matar Sarr forfait et remplac\u00e9 par Cheikh Niass | Nettali.com","robots":{"index":"index","follow":"follow","max-snippet":"max-snippet:-1","max-image-preview":"max-image-preview:large","max-video-preview":"max-video-preview:-1"},"canonical":"https:\/\/www.nettali.com\/2025\/06\/05\/matchs-amicaux-des-lions-pape-matar-sarr-forfait-et-remplace-par-cheikh-niass\/","og_locale":"fr_FR","og_type":"article","og_title":"MATCHS AMICAUX DES LIONS - Pape Matar Sarr forfait et remplac\u00e9 par Cheikh Niass","og_description":"NETTALI.COM - Pape Matar Sarr est forfait pour les deux prochaines rencontres amicales des Lions face \u00e0 l\u2019Irlande (6 juin) et \u00e0 l\u2019Angleterre (10 juin). C'est une information de la F\u00e9d\u00e9ration s\u00e9n\u00e9galaise de football (FSF). D\u2019 apr\u00e8s un communiqu\u00e9 officiel de la FSF, le milieu de terrain de Tottenham ne sera finalement pas de la [&hellip;]","og_url":"https:\/\/www.nettali.com\/2025\/06\/05\/matchs-amicaux-des-lions-pape-matar-sarr-forfait-et-remplace-par-cheikh-niass\/","og_site_name":"Nettali.com","article_publisher":"https:\/\/www.facebook.com\/nettalicom","article_published_time":"2025-06-05T01:47:35+00:00","og_image":[{"width":810,"height":580,"url":"https:\/\/www.nettali.com\/wp-content\/uploads\/2025\/06\/Pape-Matar-Sarr-e1700335156332-810x580-1.jpeg","type":"image\/jpeg"}],"twitter_card":"summary_large_image","twitter_misc":{"\u00c9crit par":"CK","Dur\u00e9e de lecture estim\u00e9e":"1 minute"},"schema":{"@context":"https:\/\/schema.org","@graph":[{"@type":"WebSite","@id":"https:\/\/www.nettali.com\/#website","url":"https:\/\/www.nettali.com\/","name":"Nettali.com","description":"Le rendez-vous critique du Net","potentialAction":[{"@type":"SearchAction","target":{"@type":"EntryPoint","urlTemplate":"https:\/\/www.nettali.com\/?s={search_term_string}"},"query-input":"required name=search_term_string"}],"inLanguage":"fr-FR"},{"@type":"ImageObject","@id":"https:\/\/www.nettali.com\/2025\/06\/05\/matchs-amicaux-des-lions-pape-matar-sarr-forfait-et-remplace-par-cheikh-niass\/#primaryimage","inLanguage":"fr-FR","url":"https:\/\/www.nettali.com\/wp-content\/uploads\/2025\/06\/Pape-Matar-Sarr-e1700335156332-810x580-1.jpeg","contentUrl":"https:\/\/www.nettali.com\/wp-content\/uploads\/2025\/06\/Pape-Matar-Sarr-e1700335156332-810x580-1.jpeg","width":810,"height":580},{"@type":"WebPage","@id":"https:\/\/www.nettali.com\/2025\/06\/05\/matchs-amicaux-des-lions-pape-matar-sarr-forfait-et-remplace-par-cheikh-niass\/#webpage","url":"https:\/\/www.nettali.com\/2025\/06\/05\/matchs-amicaux-des-lions-pape-matar-sarr-forfait-et-remplace-par-cheikh-niass\/","name":"MATCHS AMICAUX DES LIONS - Pape Matar Sarr forfait et remplac\u00e9 par Cheikh Niass | Nettali.com","isPartOf":{"@id":"https:\/\/www.nettali.com\/#website"},"primaryImageOfPage":{"@id":"https:\/\/www.nettali.com\/2025\/06\/05\/matchs-amicaux-des-lions-pape-matar-sarr-forfait-et-remplace-par-cheikh-niass\/#primaryimage"},"datePublished":"2025-06-05T01:47:35+00:00","dateModified":"2025-06-05T01:47:35+00:00","author":{"@id":"https:\/\/www.nettali.com\/#\/schema\/person\/d8ac7b7e27ddad43f1c0d2ef090d7f71"},"breadcrumb":{"@id":"https:\/\/www.nettali.com\/2025\/06\/05\/matchs-amicaux-des-lions-pape-matar-sarr-forfait-et-remplace-par-cheikh-niass\/#breadcrumb"},"inLanguage":"fr-FR","potentialAction":[{"@type":"ReadAction","target":["https:\/\/www.nettali.com\/2025\/06\/05\/matchs-amicaux-des-lions-pape-matar-sarr-forfait-et-remplace-par-cheikh-niass\/"]}]},{"@type":"BreadcrumbList","@id":"https:\/\/www.nettali.com\/2025\/06\/05\/matchs-amicaux-des-lions-pape-matar-sarr-forfait-et-remplace-par-cheikh-niass\/#breadcrumb","itemListElement":[{"@type":"ListItem","position":1,"name":"Accueil","item":"https:\/\/www.nettali.com\/"},{"@type":"ListItem","position":2,"name":"MATCHS AMICAUX DES LIONS - Pape Matar Sarr forfait et remplac\u00e9 par Cheikh Niass"}]},{"@type":"Person","@id":"https:\/\/www.nettali.com\/#\/schema\/person\/d8ac7b7e27ddad43f1c0d2ef090d7f71","name":"CK","image":{"@type":"ImageObject","@id":"https:\/\/www.nettali.com\/#personlogo","inLanguage":"fr-FR","url":"https:\/\/secure.gravatar.com\/avatar\/1d8d5118b9327d94da7cd4ce7f17fec2?s=96&d=mm&r=g","contentUrl":"https:\/\/secure.gravatar.com\/avatar\/1d8d5118b9327d94da7cd4ce7f17fec2?s=96&d=mm&r=g","caption":"CK"},"sameAs":["https:\/\/www.nettali.com"]}]}},"_links":{"self":[{"href":"https:\/\/www.nettali.com\/rest\/wp\/v2\/posts\/155343"}],"collection":[{"href":"https:\/\/www.nettali.com\/rest\/wp\/v2\/posts"}],"about":[{"href":"https:\/\/www.nettali.com\/rest\/wp\/v2\/types\/post"}],"author":[{"embeddable":true,"href":"https:\/\/www.nettali.com\/rest\/wp\/v2\/users\/2"}],"replies":[{"embeddable":true,"href":"https:\/\/www.nettali.com\/rest\/wp\/v2\/comments?post=155343"}],"version-history":[{"count":1,"href":"https:\/\/www.nettali.com\/rest\/wp\/v2\/posts\/155343\/revisions"}],"predecessor-version":[{"id":155345,"href":"https:\/\/www.nettali.com\/rest\/wp\/v2\/posts\/155343\/revisions\/155345"}],"wp:featuredmedia":[{"embeddable":true,"href":"https:\/\/www.nettali.com\/rest\/wp\/v2\/media\/155344"}],"wp:attachment":[{"href":"https:\/\/www.nettali.com\/rest\/wp\/v2\/media?parent=155343"}],"wp:term":[{"taxonomy":"category","embeddable":true,"href":"https:\/\/www.nettali.com\/rest\/wp\/v2\/categories?post=155343"},{"taxonomy":"post_tag","embeddable":true,"href":"https:\/\/www.nettali.com\/rest\/wp\/v2\/tags?post=155343"}],"curies":[{"name":"wp","href":"https:\/\/api.w.org\/{rel}","templated":true}]}}