{"id":155333,"date":"2025-06-05T01:15:30","date_gmt":"2025-06-05T01:15:30","guid":{"rendered":"https:\/\/www.nettali.com\/?p=155333"},"modified":"2025-06-05T01:15:30","modified_gmt":"2025-06-05T01:15:30","slug":"situation-parti-socialiste-les-responsables-de-dakar-appellent-a-la-reunification","status":"publish","type":"post","link":"https:\/\/www.nettali.com\/2025\/06\/05\/situation-parti-socialiste-les-responsables-de-dakar-appellent-a-la-reunification\/","title":{"rendered":"SITUATION PARTI SOCIALISTE - Les responsables de Dakar appellent \u00e0 la r\u00e9unification"},"content":{"rendered":"<p><strong>NETTALI.COM -<\/strong> Dans un communiqu\u00e9 re\u00e7u hier \u00e0 \u201cNettali.com\u201d, les responsables socialistes du d\u00e9partement de Dakar ont lanc\u00e9 un appel solennel en faveur de la r\u00e9unification du Parti socialiste (PS). Ainsi, ils ont exhort\u00e9 les diff\u00e9rentes sensibilit\u00e9s \u00e0 se rassembler sous une m\u00eame banni\u00e8re pour restaurer la force historique de leur formation politique.<\/p>\n<p>Il est temps de r\u00e9unifier notre Parti socialiste, \u00e9crivent-ils en pr\u00e9ambule. Pour ces responsables, le PS ne saurait \u00eatre r\u00e9duit \u00e0 une simple structure partisane. Il est, rappellent- ils, de \"<em>l'un des socles historiques de la nation, l\u2019architecte de la R\u00e9publique post-ind\u00e9pendance, le creuset d\u2019une pens\u00e9e progressiste et d\u2019un humanisme politique enracin\u00e9 dans nos r\u00e9alit\u00e9s sociales<\/em>\".<\/p>\n<p>Revenant sur les grandes conqu\u00eates sociales et institutionnelles port\u00e9es par leur parti (dans les domaines de l\u2019\u00e9ducation, de la sant\u00e9, de la justice sociale ou encore de la diplomatie) ils regrettent la perte d\u2019influence provoqu\u00e9e par les scissions et les d\u00e9parts successifs. \"<em>Cet effritement n\u2019a profit\u00e9 \u00e0 personne, si ce n\u2019est \u00e0 nos adversaires. La dispersion a \u00e9t\u00e9 synonyme d\u2019effacement\"<\/em>, d\u00e9plorent-ils.<\/p>\n<p>Dans cet esprit de responsabilit\u00e9 militante, les signataires appellent nomm\u00e9ment certains camarades de longue date \u00e0 s\u2019engager dans ce processus de r\u00e9conciliation politique : Mame Bounama Sall, Gorgui Ciss, Cheikh Abdoul Khadre Cissokho et Kadiali Gassama. Ils plaident en faveur d\u2019un rapprochement \u201clucide et sinc\u00e8re\u201d avec les composantes issues du PS aujourd\u2019hui engag\u00e9es dans Taxawu Senegaal, aux c\u00f4t\u00e9s de Khalifa Ababacar Sall et Aminata Mbengue Ndiaye.<\/p>\n<p>Pour eux, il ne s\u2019agit pas d\u2019un retour nostalgique vers un pass\u00e9 r\u00e9volu, mais d\u2019une \u201c<em>refondation lucide<\/em>\u201d et d\u2019une \u201cr\u00e9invention fid\u00e8le aux id\u00e9aux socialistes\u201d. Un projet ambitieux, tourn\u00e9 vers l\u2019avenir, qui vise \u00e0 redonner au Parti socialiste sa place au coeur du jeu politique national. \u201c<em>L\u2019unit\u00e9 est notre seule promesse de renaissance. La r\u00e9unification est notre unique gage de triomphe futur<\/em>\u201d, concluent-ils.<\/p>\n<div class='share-to-whatsapp-wrapper'><div class='share-on-whsp'>PARTAGER SUR : <\/div><a data-text='SITUATION PARTI SOCIALISTE - Les responsables de Dakar appellent \u00e0 la r\u00e9unification' data-link='https:\/\/www.nettali.com\/2025\/06\/05\/situation-parti-socialiste-les-responsables-de-dakar-appellent-a-la-reunification\/' class='whatsapp-button whatsapp-share'>WhatsApp<\/a><div class='clear '><\/div><\/div>","protected":false},"excerpt":{"rendered":"<p>NETTALI.COM - Dans un communiqu\u00e9 re\u00e7u hier \u00e0 \u201cNettali.com\u201d, les responsables socialistes du d\u00e9partement de Dakar ont lanc\u00e9 un appel solennel en faveur de la r\u00e9unification du Parti socialiste (PS). Ainsi, ils ont exhort\u00e9 les diff\u00e9rentes sensibilit\u00e9s \u00e0 se rassembler sous une m\u00eame banni\u00e8re pour restaurer la force historique de leur formation politique. Il est [&hellip;]<\/p>\n","protected":false},"author":2,"featured_media":155334,"comment_status":"open","ping_status":"open","sticky":false,"template":"","format":"standard","meta":{"_et_pb_use_builder":"","_et_pb_old_content":""},"categories":[2],"tags":[],"yoast_head":"<!-- This site is optimized with the Yoast SEO Premium plugin v17.8 (Yoast SEO v17.8) - https:\/\/yoast.com\/wordpress\/plugins\/seo\/ -->\n<title>SITUATION PARTI SOCIALISTE - Les responsables de Dakar appellent \u00e0 la r\u00e9unification | Nettali.com<\/title>\n<meta name=\"robots\" content=\"index, follow, max-snippet:-1, max-image-preview:large, max-video-preview:-1\" \/>\n<link rel=\"canonical\" href=\"https:\/\/www.nettali.com\/2025\/06\/05\/situation-parti-socialiste-les-responsables-de-dakar-appellent-a-la-reunification\/\" \/>\n<meta property=\"og:locale\" content=\"fr_FR\" \/>\n<meta property=\"og:type\" content=\"article\" \/>\n<meta property=\"og:title\" content=\"SITUATION PARTI SOCIALISTE - Les responsables de Dakar appellent \u00e0 la r\u00e9unification\" \/>\n<meta property=\"og:description\" content=\"NETTALI.COM - Dans un communiqu\u00e9 re\u00e7u hier \u00e0 \u201cNettali.com\u201d, les responsables socialistes du d\u00e9partement de Dakar ont lanc\u00e9 un appel solennel en faveur de la r\u00e9unification du Parti socialiste (PS). Ainsi, ils ont exhort\u00e9 les diff\u00e9rentes sensibilit\u00e9s \u00e0 se rassembler sous une m\u00eame banni\u00e8re pour restaurer la force historique de leur formation politique. Il est [&hellip;]\" \/>\n<meta property=\"og:url\" content=\"https:\/\/www.nettali.com\/2025\/06\/05\/situation-parti-socialiste-les-responsables-de-dakar-appellent-a-la-reunification\/\" \/>\n<meta property=\"og:site_name\" content=\"Nettali.com\" \/>\n<meta property=\"article:publisher\" content=\"https:\/\/www.facebook.com\/nettalicom\" \/>\n<meta property=\"article:published_time\" content=\"2025-06-05T01:15:30+00:00\" \/>\n<meta property=\"og:image\" content=\"https:\/\/www.nettali.com\/wp-content\/uploads\/2025\/06\/images.jpeg\" \/>\n\t<meta property=\"og:image:width\" content=\"284\" \/>\n\t<meta property=\"og:image:height\" content=\"177\" \/>\n<meta name=\"twitter:card\" content=\"summary_large_image\" \/>\n<meta name=\"twitter:label1\" content=\"\u00c9crit par\" \/>\n\t<meta name=\"twitter:data1\" content=\"CK\" \/>\n\t<meta name=\"twitter:label2\" content=\"Dur\u00e9e de lecture estim\u00e9e\" \/>\n\t<meta name=\"twitter:data2\" content=\"2 minutes\" \/>\n<script type=\"application\/ld+json\" class=\"yoast-schema-graph\">{\"@context\":\"https:\/\/schema.org\",\"@graph\":[{\"@type\":\"WebSite\",\"@id\":\"https:\/\/www.nettali.com\/#website\",\"url\":\"https:\/\/www.nettali.com\/\",\"name\":\"Nettali.com\",\"description\":\"Le rendez-vous critique du Net\",\"potentialAction\":[{\"@type\":\"SearchAction\",\"target\":{\"@type\":\"EntryPoint\",\"urlTemplate\":\"https:\/\/www.nettali.com\/?s={search_term_string}\"},\"query-input\":\"required name=search_term_string\"}],\"inLanguage\":\"fr-FR\"},{\"@type\":\"ImageObject\",\"@id\":\"https:\/\/www.nettali.com\/2025\/06\/05\/situation-parti-socialiste-les-responsables-de-dakar-appellent-a-la-reunification\/#primaryimage\",\"inLanguage\":\"fr-FR\",\"url\":\"https:\/\/www.nettali.com\/wp-content\/uploads\/2025\/06\/images.jpeg\",\"contentUrl\":\"https:\/\/www.nettali.com\/wp-content\/uploads\/2025\/06\/images.jpeg\",\"width\":284,\"height\":177},{\"@type\":\"WebPage\",\"@id\":\"https:\/\/www.nettali.com\/2025\/06\/05\/situation-parti-socialiste-les-responsables-de-dakar-appellent-a-la-reunification\/#webpage\",\"url\":\"https:\/\/www.nettali.com\/2025\/06\/05\/situation-parti-socialiste-les-responsables-de-dakar-appellent-a-la-reunification\/\",\"name\":\"SITUATION PARTI SOCIALISTE - Les responsables de Dakar appellent \\u00e0 la r\\u00e9unification | Nettali.com\",\"isPartOf\":{\"@id\":\"https:\/\/www.nettali.com\/#website\"},\"primaryImageOfPage\":{\"@id\":\"https:\/\/www.nettali.com\/2025\/06\/05\/situation-parti-socialiste-les-responsables-de-dakar-appellent-a-la-reunification\/#primaryimage\"},\"datePublished\":\"2025-06-05T01:15:30+00:00\",\"dateModified\":\"2025-06-05T01:15:30+00:00\",\"author\":{\"@id\":\"https:\/\/www.nettali.com\/#\/schema\/person\/d8ac7b7e27ddad43f1c0d2ef090d7f71\"},\"breadcrumb\":{\"@id\":\"https:\/\/www.nettali.com\/2025\/06\/05\/situation-parti-socialiste-les-responsables-de-dakar-appellent-a-la-reunification\/#breadcrumb\"},\"inLanguage\":\"fr-FR\",\"potentialAction\":[{\"@type\":\"ReadAction\",\"target\":[\"https:\/\/www.nettali.com\/2025\/06\/05\/situation-parti-socialiste-les-responsables-de-dakar-appellent-a-la-reunification\/\"]}]},{\"@type\":\"BreadcrumbList\",\"@id\":\"https:\/\/www.nettali.com\/2025\/06\/05\/situation-parti-socialiste-les-responsables-de-dakar-appellent-a-la-reunification\/#breadcrumb\",\"itemListElement\":[{\"@type\":\"ListItem\",\"position\":1,\"name\":\"Accueil\",\"item\":\"https:\/\/www.nettali.com\/\"},{\"@type\":\"ListItem\",\"position\":2,\"name\":\"SITUATION PARTI SOCIALISTE - Les responsables de Dakar appellent \\u00e0 la r\\u00e9unification\"}]},{\"@type\":\"Person\",\"@id\":\"https:\/\/www.nettali.com\/#\/schema\/person\/d8ac7b7e27ddad43f1c0d2ef090d7f71\",\"name\":\"CK\",\"image\":{\"@type\":\"ImageObject\",\"@id\":\"https:\/\/www.nettali.com\/#personlogo\",\"inLanguage\":\"fr-FR\",\"url\":\"https:\/\/secure.gravatar.com\/avatar\/1d8d5118b9327d94da7cd4ce7f17fec2?s=96&d=mm&r=g\",\"contentUrl\":\"https:\/\/secure.gravatar.com\/avatar\/1d8d5118b9327d94da7cd4ce7f17fec2?s=96&d=mm&r=g\",\"caption\":\"CK\"},\"sameAs\":[\"https:\/\/www.nettali.com\"]}]}<\/script>\n<!-- \/ Yoast SEO Premium plugin. -->","yoast_head_json":{"title":"SITUATION PARTI SOCIALISTE - Les responsables de Dakar appellent \u00e0 la r\u00e9unification | Nettali.com","robots":{"index":"index","follow":"follow","max-snippet":"max-snippet:-1","max-image-preview":"max-image-preview:large","max-video-preview":"max-video-preview:-1"},"canonical":"https:\/\/www.nettali.com\/2025\/06\/05\/situation-parti-socialiste-les-responsables-de-dakar-appellent-a-la-reunification\/","og_locale":"fr_FR","og_type":"article","og_title":"SITUATION PARTI SOCIALISTE - Les responsables de Dakar appellent \u00e0 la r\u00e9unification","og_description":"NETTALI.COM - Dans un communiqu\u00e9 re\u00e7u hier \u00e0 \u201cNettali.com\u201d, les responsables socialistes du d\u00e9partement de Dakar ont lanc\u00e9 un appel solennel en faveur de la r\u00e9unification du Parti socialiste (PS). Ainsi, ils ont exhort\u00e9 les diff\u00e9rentes sensibilit\u00e9s \u00e0 se rassembler sous une m\u00eame banni\u00e8re pour restaurer la force historique de leur formation politique. Il est [&hellip;]","og_url":"https:\/\/www.nettali.com\/2025\/06\/05\/situation-parti-socialiste-les-responsables-de-dakar-appellent-a-la-reunification\/","og_site_name":"Nettali.com","article_publisher":"https:\/\/www.facebook.com\/nettalicom","article_published_time":"2025-06-05T01:15:30+00:00","og_image":[{"width":284,"height":177,"url":"https:\/\/www.nettali.com\/wp-content\/uploads\/2025\/06\/images.jpeg","type":"image\/jpeg"}],"twitter_card":"summary_large_image","twitter_misc":{"\u00c9crit par":"CK","Dur\u00e9e de lecture estim\u00e9e":"2 minutes"},"schema":{"@context":"https:\/\/schema.org","@graph":[{"@type":"WebSite","@id":"https:\/\/www.nettali.com\/#website","url":"https:\/\/www.nettali.com\/","name":"Nettali.com","description":"Le rendez-vous critique du Net","potentialAction":[{"@type":"SearchAction","target":{"@type":"EntryPoint","urlTemplate":"https:\/\/www.nettali.com\/?s={search_term_string}"},"query-input":"required name=search_term_string"}],"inLanguage":"fr-FR"},{"@type":"ImageObject","@id":"https:\/\/www.nettali.com\/2025\/06\/05\/situation-parti-socialiste-les-responsables-de-dakar-appellent-a-la-reunification\/#primaryimage","inLanguage":"fr-FR","url":"https:\/\/www.nettali.com\/wp-content\/uploads\/2025\/06\/images.jpeg","contentUrl":"https:\/\/www.nettali.com\/wp-content\/uploads\/2025\/06\/images.jpeg","width":284,"height":177},{"@type":"WebPage","@id":"https:\/\/www.nettali.com\/2025\/06\/05\/situation-parti-socialiste-les-responsables-de-dakar-appellent-a-la-reunification\/#webpage","url":"https:\/\/www.nettali.com\/2025\/06\/05\/situation-parti-socialiste-les-responsables-de-dakar-appellent-a-la-reunification\/","name":"SITUATION PARTI SOCIALISTE - Les responsables de Dakar appellent \u00e0 la r\u00e9unification | Nettali.com","isPartOf":{"@id":"https:\/\/www.nettali.com\/#website"},"primaryImageOfPage":{"@id":"https:\/\/www.nettali.com\/2025\/06\/05\/situation-parti-socialiste-les-responsables-de-dakar-appellent-a-la-reunification\/#primaryimage"},"datePublished":"2025-06-05T01:15:30+00:00","dateModified":"2025-06-05T01:15:30+00:00","author":{"@id":"https:\/\/www.nettali.com\/#\/schema\/person\/d8ac7b7e27ddad43f1c0d2ef090d7f71"},"breadcrumb":{"@id":"https:\/\/www.nettali.com\/2025\/06\/05\/situation-parti-socialiste-les-responsables-de-dakar-appellent-a-la-reunification\/#breadcrumb"},"inLanguage":"fr-FR","potentialAction":[{"@type":"ReadAction","target":["https:\/\/www.nettali.com\/2025\/06\/05\/situation-parti-socialiste-les-responsables-de-dakar-appellent-a-la-reunification\/"]}]},{"@type":"BreadcrumbList","@id":"https:\/\/www.nettali.com\/2025\/06\/05\/situation-parti-socialiste-les-responsables-de-dakar-appellent-a-la-reunification\/#breadcrumb","itemListElement":[{"@type":"ListItem","position":1,"name":"Accueil","item":"https:\/\/www.nettali.com\/"},{"@type":"ListItem","position":2,"name":"SITUATION PARTI SOCIALISTE - Les responsables de Dakar appellent \u00e0 la r\u00e9unification"}]},{"@type":"Person","@id":"https:\/\/www.nettali.com\/#\/schema\/person\/d8ac7b7e27ddad43f1c0d2ef090d7f71","name":"CK","image":{"@type":"ImageObject","@id":"https:\/\/www.nettali.com\/#personlogo","inLanguage":"fr-FR","url":"https:\/\/secure.gravatar.com\/avatar\/1d8d5118b9327d94da7cd4ce7f17fec2?s=96&d=mm&r=g","contentUrl":"https:\/\/secure.gravatar.com\/avatar\/1d8d5118b9327d94da7cd4ce7f17fec2?s=96&d=mm&r=g","caption":"CK"},"sameAs":["https:\/\/www.nettali.com"]}]}},"_links":{"self":[{"href":"https:\/\/www.nettali.com\/rest\/wp\/v2\/posts\/155333"}],"collection":[{"href":"https:\/\/www.nettali.com\/rest\/wp\/v2\/posts"}],"about":[{"href":"https:\/\/www.nettali.com\/rest\/wp\/v2\/types\/post"}],"author":[{"embeddable":true,"href":"https:\/\/www.nettali.com\/rest\/wp\/v2\/users\/2"}],"replies":[{"embeddable":true,"href":"https:\/\/www.nettali.com\/rest\/wp\/v2\/comments?post=155333"}],"version-history":[{"count":1,"href":"https:\/\/www.nettali.com\/rest\/wp\/v2\/posts\/155333\/revisions"}],"predecessor-version":[{"id":155335,"href":"https:\/\/www.nettali.com\/rest\/wp\/v2\/posts\/155333\/revisions\/155335"}],"wp:featuredmedia":[{"embeddable":true,"href":"https:\/\/www.nettali.com\/rest\/wp\/v2\/media\/155334"}],"wp:attachment":[{"href":"https:\/\/www.nettali.com\/rest\/wp\/v2\/media?parent=155333"}],"wp:term":[{"taxonomy":"category","embeddable":true,"href":"https:\/\/www.nettali.com\/rest\/wp\/v2\/categories?post=155333"},{"taxonomy":"post_tag","embeddable":true,"href":"https:\/\/www.nettali.com\/rest\/wp\/v2\/tags?post=155333"}],"curies":[{"name":"wp","href":"https:\/\/api.w.org\/{rel}","templated":true}]}}