{"id":155329,"date":"2025-06-04T23:14:12","date_gmt":"2025-06-04T23:14:12","guid":{"rendered":"https:\/\/www.nettali.com\/?p=155329"},"modified":"2025-06-04T23:14:54","modified_gmt":"2025-06-04T23:14:54","slug":"fass-mbao-un-motard-meurt-dans-un-accident","status":"publish","type":"post","link":"https:\/\/www.nettali.com\/2025\/06\/04\/fass-mbao-un-motard-meurt-dans-un-accident\/","title":{"rendered":"FASS MBAO - Un motard meurt dans un accident"},"content":{"rendered":"<p><strong>NETTALI.COM - Un grave accident de la route s\u2019est produit ce mercredi 4 juin sur la route nationale n\u00b01, \u00e0 hauteur de Fass-Mbao. Selon les premiers \u00e9l\u00e9ments recueillis sur place, un mini-camion transportant du b\u00e9ton a \u00e9t\u00e9 victime de l\u2019\u00e9clatement d\u2019un pneu alors qu\u2019il circulait normalement.<\/strong><\/p>\n<p>Dans sa trajectoire incontr\u00f4l\u00e9e, le v\u00e9hicule est entr\u00e9 en collision avec une moto dont le conducteur roulait \u00e0 contresens. Le motard, projet\u00e9 au sol, a succomb\u00e9 sur le coup \u00e0 ses blessures, notamment\u00a0 apr\u00e8s une double fracture du bassin et de la jambe gauche, d\u2019apr\u00e8s les secours arriv\u00e9s rapidement sur les lieux.<\/p>\n<p>Une enqu\u00eate a \u00e9t\u00e9 ouverte pour d\u00e9terminer les circonstances exactes de l\u2019accident et \u00e9tablir les responsabilit\u00e9s.<\/p>\n<div class='share-to-whatsapp-wrapper'><div class='share-on-whsp'>PARTAGER SUR : <\/div><a data-text='FASS MBAO - Un motard meurt dans un accident' data-link='https:\/\/www.nettali.com\/2025\/06\/04\/fass-mbao-un-motard-meurt-dans-un-accident\/' class='whatsapp-button whatsapp-share'>WhatsApp<\/a><div class='clear '><\/div><\/div>","protected":false},"excerpt":{"rendered":"<p>NETTALI.COM - Un grave accident de la route s\u2019est produit ce mercredi 4 juin sur la route nationale n\u00b01, \u00e0 hauteur de Fass-Mbao. Selon les premiers \u00e9l\u00e9ments recueillis sur place, un mini-camion transportant du b\u00e9ton a \u00e9t\u00e9 victime de l\u2019\u00e9clatement d\u2019un pneu alors qu\u2019il circulait normalement. Dans sa trajectoire incontr\u00f4l\u00e9e, le v\u00e9hicule est entr\u00e9 en [&hellip;]<\/p>\n","protected":false},"author":5,"featured_media":29012,"comment_status":"open","ping_status":"open","sticky":false,"template":"","format":"standard","meta":{"_et_pb_use_builder":"","_et_pb_old_content":""},"categories":[3],"tags":[],"yoast_head":"<!-- This site is optimized with the Yoast SEO Premium plugin v17.8 (Yoast SEO v17.8) - https:\/\/yoast.com\/wordpress\/plugins\/seo\/ -->\n<title>FASS MBAO - Un motard meurt dans un accident | Nettali.com<\/title>\n<meta name=\"robots\" content=\"index, follow, max-snippet:-1, max-image-preview:large, max-video-preview:-1\" \/>\n<link rel=\"canonical\" href=\"https:\/\/www.nettali.com\/2025\/06\/04\/fass-mbao-un-motard-meurt-dans-un-accident\/\" \/>\n<meta property=\"og:locale\" content=\"fr_FR\" \/>\n<meta property=\"og:type\" content=\"article\" \/>\n<meta property=\"og:title\" content=\"FASS MBAO - Un motard meurt dans un accident\" \/>\n<meta property=\"og:description\" content=\"NETTALI.COM - Un grave accident de la route s\u2019est produit ce mercredi 4 juin sur la route nationale n\u00b01, \u00e0 hauteur de Fass-Mbao. Selon les premiers \u00e9l\u00e9ments recueillis sur place, un mini-camion transportant du b\u00e9ton a \u00e9t\u00e9 victime de l\u2019\u00e9clatement d\u2019un pneu alors qu\u2019il circulait normalement. Dans sa trajectoire incontr\u00f4l\u00e9e, le v\u00e9hicule est entr\u00e9 en [&hellip;]\" \/>\n<meta property=\"og:url\" content=\"https:\/\/www.nettali.com\/2025\/06\/04\/fass-mbao-un-motard-meurt-dans-un-accident\/\" \/>\n<meta property=\"og:site_name\" content=\"Nettali.com\" \/>\n<meta property=\"article:publisher\" content=\"https:\/\/www.facebook.com\/nettalicom\" \/>\n<meta property=\"article:published_time\" content=\"2025-06-04T23:14:12+00:00\" \/>\n<meta property=\"article:modified_time\" content=\"2025-06-04T23:14:54+00:00\" \/>\n<meta property=\"og:image\" content=\"https:\/\/www.nettali.com\/wp-content\/uploads\/2020\/02\/moto-jakarta-696x398-1.jpg\" \/>\n\t<meta property=\"og:image:width\" content=\"696\" \/>\n\t<meta property=\"og:image:height\" content=\"398\" \/>\n<meta name=\"twitter:card\" content=\"summary_large_image\" \/>\n<meta name=\"twitter:label1\" content=\"\u00c9crit par\" \/>\n\t<meta name=\"twitter:data1\" content=\"Ibrahima\" \/>\n\t<meta name=\"twitter:label2\" content=\"Dur\u00e9e de lecture estim\u00e9e\" \/>\n\t<meta name=\"twitter:data2\" content=\"1 minute\" \/>\n<script type=\"application\/ld+json\" class=\"yoast-schema-graph\">{\"@context\":\"https:\/\/schema.org\",\"@graph\":[{\"@type\":\"WebSite\",\"@id\":\"https:\/\/www.nettali.com\/#website\",\"url\":\"https:\/\/www.nettali.com\/\",\"name\":\"Nettali.com\",\"description\":\"Le rendez-vous critique du Net\",\"potentialAction\":[{\"@type\":\"SearchAction\",\"target\":{\"@type\":\"EntryPoint\",\"urlTemplate\":\"https:\/\/www.nettali.com\/?s={search_term_string}\"},\"query-input\":\"required name=search_term_string\"}],\"inLanguage\":\"fr-FR\"},{\"@type\":\"ImageObject\",\"@id\":\"https:\/\/www.nettali.com\/2025\/06\/04\/fass-mbao-un-motard-meurt-dans-un-accident\/#primaryimage\",\"inLanguage\":\"fr-FR\",\"url\":\"https:\/\/www.nettali.com\/wp-content\/uploads\/2020\/02\/moto-jakarta-696x398-1.jpg\",\"contentUrl\":\"https:\/\/www.nettali.com\/wp-content\/uploads\/2020\/02\/moto-jakarta-696x398-1.jpg\",\"width\":696,\"height\":398},{\"@type\":\"WebPage\",\"@id\":\"https:\/\/www.nettali.com\/2025\/06\/04\/fass-mbao-un-motard-meurt-dans-un-accident\/#webpage\",\"url\":\"https:\/\/www.nettali.com\/2025\/06\/04\/fass-mbao-un-motard-meurt-dans-un-accident\/\",\"name\":\"FASS MBAO - Un motard meurt dans un accident | Nettali.com\",\"isPartOf\":{\"@id\":\"https:\/\/www.nettali.com\/#website\"},\"primaryImageOfPage\":{\"@id\":\"https:\/\/www.nettali.com\/2025\/06\/04\/fass-mbao-un-motard-meurt-dans-un-accident\/#primaryimage\"},\"datePublished\":\"2025-06-04T23:14:12+00:00\",\"dateModified\":\"2025-06-04T23:14:54+00:00\",\"author\":{\"@id\":\"https:\/\/www.nettali.com\/#\/schema\/person\/bb147657c2986240405a608162b9bb23\"},\"breadcrumb\":{\"@id\":\"https:\/\/www.nettali.com\/2025\/06\/04\/fass-mbao-un-motard-meurt-dans-un-accident\/#breadcrumb\"},\"inLanguage\":\"fr-FR\",\"potentialAction\":[{\"@type\":\"ReadAction\",\"target\":[\"https:\/\/www.nettali.com\/2025\/06\/04\/fass-mbao-un-motard-meurt-dans-un-accident\/\"]}]},{\"@type\":\"BreadcrumbList\",\"@id\":\"https:\/\/www.nettali.com\/2025\/06\/04\/fass-mbao-un-motard-meurt-dans-un-accident\/#breadcrumb\",\"itemListElement\":[{\"@type\":\"ListItem\",\"position\":1,\"name\":\"Accueil\",\"item\":\"https:\/\/www.nettali.com\/\"},{\"@type\":\"ListItem\",\"position\":2,\"name\":\"FASS MBAO - Un motard meurt dans un accident\"}]},{\"@type\":\"Person\",\"@id\":\"https:\/\/www.nettali.com\/#\/schema\/person\/bb147657c2986240405a608162b9bb23\",\"name\":\"Ibrahima\",\"image\":{\"@type\":\"ImageObject\",\"@id\":\"https:\/\/www.nettali.com\/#personlogo\",\"inLanguage\":\"fr-FR\",\"url\":\"https:\/\/secure.gravatar.com\/avatar\/26a8a81f09f0dd7624c9d5c36c9ba3a2?s=96&d=mm&r=g\",\"contentUrl\":\"https:\/\/secure.gravatar.com\/avatar\/26a8a81f09f0dd7624c9d5c36c9ba3a2?s=96&d=mm&r=g\",\"caption\":\"Ibrahima\"},\"sameAs\":[\"https:\/\/www.nettali.com\"]}]}<\/script>\n<!-- \/ Yoast SEO Premium plugin. -->","yoast_head_json":{"title":"FASS MBAO - Un motard meurt dans un accident | Nettali.com","robots":{"index":"index","follow":"follow","max-snippet":"max-snippet:-1","max-image-preview":"max-image-preview:large","max-video-preview":"max-video-preview:-1"},"canonical":"https:\/\/www.nettali.com\/2025\/06\/04\/fass-mbao-un-motard-meurt-dans-un-accident\/","og_locale":"fr_FR","og_type":"article","og_title":"FASS MBAO - Un motard meurt dans un accident","og_description":"NETTALI.COM - Un grave accident de la route s\u2019est produit ce mercredi 4 juin sur la route nationale n\u00b01, \u00e0 hauteur de Fass-Mbao. Selon les premiers \u00e9l\u00e9ments recueillis sur place, un mini-camion transportant du b\u00e9ton a \u00e9t\u00e9 victime de l\u2019\u00e9clatement d\u2019un pneu alors qu\u2019il circulait normalement. Dans sa trajectoire incontr\u00f4l\u00e9e, le v\u00e9hicule est entr\u00e9 en [&hellip;]","og_url":"https:\/\/www.nettali.com\/2025\/06\/04\/fass-mbao-un-motard-meurt-dans-un-accident\/","og_site_name":"Nettali.com","article_publisher":"https:\/\/www.facebook.com\/nettalicom","article_published_time":"2025-06-04T23:14:12+00:00","article_modified_time":"2025-06-04T23:14:54+00:00","og_image":[{"width":696,"height":398,"url":"https:\/\/www.nettali.com\/wp-content\/uploads\/2020\/02\/moto-jakarta-696x398-1.jpg","type":"image\/jpeg"}],"twitter_card":"summary_large_image","twitter_misc":{"\u00c9crit par":"Ibrahima","Dur\u00e9e de lecture estim\u00e9e":"1 minute"},"schema":{"@context":"https:\/\/schema.org","@graph":[{"@type":"WebSite","@id":"https:\/\/www.nettali.com\/#website","url":"https:\/\/www.nettali.com\/","name":"Nettali.com","description":"Le rendez-vous critique du Net","potentialAction":[{"@type":"SearchAction","target":{"@type":"EntryPoint","urlTemplate":"https:\/\/www.nettali.com\/?s={search_term_string}"},"query-input":"required name=search_term_string"}],"inLanguage":"fr-FR"},{"@type":"ImageObject","@id":"https:\/\/www.nettali.com\/2025\/06\/04\/fass-mbao-un-motard-meurt-dans-un-accident\/#primaryimage","inLanguage":"fr-FR","url":"https:\/\/www.nettali.com\/wp-content\/uploads\/2020\/02\/moto-jakarta-696x398-1.jpg","contentUrl":"https:\/\/www.nettali.com\/wp-content\/uploads\/2020\/02\/moto-jakarta-696x398-1.jpg","width":696,"height":398},{"@type":"WebPage","@id":"https:\/\/www.nettali.com\/2025\/06\/04\/fass-mbao-un-motard-meurt-dans-un-accident\/#webpage","url":"https:\/\/www.nettali.com\/2025\/06\/04\/fass-mbao-un-motard-meurt-dans-un-accident\/","name":"FASS MBAO - Un motard meurt dans un accident | Nettali.com","isPartOf":{"@id":"https:\/\/www.nettali.com\/#website"},"primaryImageOfPage":{"@id":"https:\/\/www.nettali.com\/2025\/06\/04\/fass-mbao-un-motard-meurt-dans-un-accident\/#primaryimage"},"datePublished":"2025-06-04T23:14:12+00:00","dateModified":"2025-06-04T23:14:54+00:00","author":{"@id":"https:\/\/www.nettali.com\/#\/schema\/person\/bb147657c2986240405a608162b9bb23"},"breadcrumb":{"@id":"https:\/\/www.nettali.com\/2025\/06\/04\/fass-mbao-un-motard-meurt-dans-un-accident\/#breadcrumb"},"inLanguage":"fr-FR","potentialAction":[{"@type":"ReadAction","target":["https:\/\/www.nettali.com\/2025\/06\/04\/fass-mbao-un-motard-meurt-dans-un-accident\/"]}]},{"@type":"BreadcrumbList","@id":"https:\/\/www.nettali.com\/2025\/06\/04\/fass-mbao-un-motard-meurt-dans-un-accident\/#breadcrumb","itemListElement":[{"@type":"ListItem","position":1,"name":"Accueil","item":"https:\/\/www.nettali.com\/"},{"@type":"ListItem","position":2,"name":"FASS MBAO - Un motard meurt dans un accident"}]},{"@type":"Person","@id":"https:\/\/www.nettali.com\/#\/schema\/person\/bb147657c2986240405a608162b9bb23","name":"Ibrahima","image":{"@type":"ImageObject","@id":"https:\/\/www.nettali.com\/#personlogo","inLanguage":"fr-FR","url":"https:\/\/secure.gravatar.com\/avatar\/26a8a81f09f0dd7624c9d5c36c9ba3a2?s=96&d=mm&r=g","contentUrl":"https:\/\/secure.gravatar.com\/avatar\/26a8a81f09f0dd7624c9d5c36c9ba3a2?s=96&d=mm&r=g","caption":"Ibrahima"},"sameAs":["https:\/\/www.nettali.com"]}]}},"_links":{"self":[{"href":"https:\/\/www.nettali.com\/rest\/wp\/v2\/posts\/155329"}],"collection":[{"href":"https:\/\/www.nettali.com\/rest\/wp\/v2\/posts"}],"about":[{"href":"https:\/\/www.nettali.com\/rest\/wp\/v2\/types\/post"}],"author":[{"embeddable":true,"href":"https:\/\/www.nettali.com\/rest\/wp\/v2\/users\/5"}],"replies":[{"embeddable":true,"href":"https:\/\/www.nettali.com\/rest\/wp\/v2\/comments?post=155329"}],"version-history":[{"count":2,"href":"https:\/\/www.nettali.com\/rest\/wp\/v2\/posts\/155329\/revisions"}],"predecessor-version":[{"id":155332,"href":"https:\/\/www.nettali.com\/rest\/wp\/v2\/posts\/155329\/revisions\/155332"}],"wp:featuredmedia":[{"embeddable":true,"href":"https:\/\/www.nettali.com\/rest\/wp\/v2\/media\/29012"}],"wp:attachment":[{"href":"https:\/\/www.nettali.com\/rest\/wp\/v2\/media?parent=155329"}],"wp:term":[{"taxonomy":"category","embeddable":true,"href":"https:\/\/www.nettali.com\/rest\/wp\/v2\/categories?post=155329"},{"taxonomy":"post_tag","embeddable":true,"href":"https:\/\/www.nettali.com\/rest\/wp\/v2\/tags?post=155329"}],"curies":[{"name":"wp","href":"https:\/\/api.w.org\/{rel}","templated":true}]}}