{"id":155324,"date":"2025-06-04T21:11:45","date_gmt":"2025-06-04T21:11:45","guid":{"rendered":"https:\/\/www.nettali.com\/?p=155324"},"modified":"2025-06-04T23:12:16","modified_gmt":"2025-06-04T23:12:16","slug":"thies-sadou-diallo-un-ressortissant-guineen-poignarde-son-compatriote-mamadou-moussa-ba","status":"publish","type":"post","link":"https:\/\/www.nettali.com\/2025\/06\/04\/thies-sadou-diallo-un-ressortissant-guineen-poignarde-son-compatriote-mamadou-moussa-ba\/","title":{"rendered":"THI\u00c8S \u2013 Sadou Diallo, un ressortissant guin\u00e9en poignarde son compatriote Mamadou Moussa Ba"},"content":{"rendered":"<p><strong>NETTALI.COM-\u00a0Un fait in\u00e9dit s\u2019est produit le dimanche 1er juin 2025 \u00e0 Thi\u00e8s o\u00f9 une bagarre a vir\u00e9 au drame entre deux ressortissants guin\u00e9ens. Le nomm\u00e9 Sadou Diallo a froidement poignard\u00e9 son compatriote Mamadou MoussaBAa. Il a \u00e9t\u00e9 d\u00e9f\u00e9r\u00e9 ce mercredi au tribunal de grande instance de Thi\u00e8s.<\/strong><\/p>\n<p>Les faits se sont produits le dimanche 1er juin 2025, aux environs de 18 heures.<br \/>\nLe nomm\u00e9 Sadou Diallo, n\u00e9 en 1981 \u00e0 Lar\u00e9wel, dans la r\u00e9gion de Mali, en r\u00e9publique de Guin\u00e9e, fils d\u2019El Hadji Amadou Oury et de Diariatou Diallo, commer\u00e7ant de profession, a poignard\u00e9 au cou son protagoniste. Il a \u00e9t\u00e9 ensuite plac\u00e9 en garde \u00e0 vue dans les locaux du commissariat.<\/p>\n<p>Apr\u00e8s constants, les sapeurs-pompiers ont achemin\u00e9 le corps de la victime \u00e0 la morgue de l\u2019h\u00f4pital r\u00e9gional de Thi\u00e8s suivant r\u00e9quisition.<\/p>\n<p>Le Procureur de la R\u00e9publique pr\u00e8s le Tribunal de grande instance a \u00e9t\u00e9 aussit\u00f4t vis\u00e9 et une enqu\u00eate a \u00e9t\u00e9 ouverte.<\/p>\n<p>Ce mercredi, le pr\u00e9sum\u00e9 meurtrier a \u00e9t\u00e9 d\u00e9f\u00e9r\u00e9 au parquet de Thi\u00e8s.<\/p>\n<div class='share-to-whatsapp-wrapper'><div class='share-on-whsp'>PARTAGER SUR : <\/div><a data-text='THI\u00c8S \u2013 Sadou Diallo, un ressortissant guin\u00e9en poignarde son compatriote Mamadou Moussa Ba' data-link='https:\/\/www.nettali.com\/2025\/06\/04\/thies-sadou-diallo-un-ressortissant-guineen-poignarde-son-compatriote-mamadou-moussa-ba\/' class='whatsapp-button whatsapp-share'>WhatsApp<\/a><div class='clear '><\/div><\/div>","protected":false},"excerpt":{"rendered":"<p>NETTALI.COM-\u00a0Un fait in\u00e9dit s\u2019est produit le dimanche 1er juin 2025 \u00e0 Thi\u00e8s o\u00f9 une bagarre a vir\u00e9 au drame entre deux ressortissants guin\u00e9ens. Le nomm\u00e9 Sadou Diallo a froidement poignard\u00e9 son compatriote Mamadou MoussaBAa. Il a \u00e9t\u00e9 d\u00e9f\u00e9r\u00e9 ce mercredi au tribunal de grande instance de Thi\u00e8s. Les faits se sont produits le dimanche 1er [&hellip;]<\/p>\n","protected":false},"author":6,"featured_media":16319,"comment_status":"open","ping_status":"open","sticky":false,"template":"","format":"standard","meta":{"_et_pb_use_builder":"","_et_pb_old_content":""},"categories":[3],"tags":[],"yoast_head":"<!-- This site is optimized with the Yoast SEO Premium plugin v17.8 (Yoast SEO v17.8) - https:\/\/yoast.com\/wordpress\/plugins\/seo\/ -->\n<title>THI\u00c8S \u2013 Sadou Diallo, un ressortissant guin\u00e9en poignarde son compatriote Mamadou Moussa Ba | Nettali.com<\/title>\n<meta name=\"robots\" content=\"index, follow, max-snippet:-1, max-image-preview:large, max-video-preview:-1\" \/>\n<link rel=\"canonical\" href=\"https:\/\/www.nettali.com\/2025\/06\/04\/thies-sadou-diallo-un-ressortissant-guineen-poignarde-son-compatriote-mamadou-moussa-ba\/\" \/>\n<meta property=\"og:locale\" content=\"fr_FR\" \/>\n<meta property=\"og:type\" content=\"article\" \/>\n<meta property=\"og:title\" content=\"THI\u00c8S \u2013 Sadou Diallo, un ressortissant guin\u00e9en poignarde son compatriote Mamadou Moussa Ba\" \/>\n<meta property=\"og:description\" content=\"NETTALI.COM-\u00a0Un fait in\u00e9dit s\u2019est produit le dimanche 1er juin 2025 \u00e0 Thi\u00e8s o\u00f9 une bagarre a vir\u00e9 au drame entre deux ressortissants guin\u00e9ens. Le nomm\u00e9 Sadou Diallo a froidement poignard\u00e9 son compatriote Mamadou MoussaBAa. Il a \u00e9t\u00e9 d\u00e9f\u00e9r\u00e9 ce mercredi au tribunal de grande instance de Thi\u00e8s. Les faits se sont produits le dimanche 1er [&hellip;]\" \/>\n<meta property=\"og:url\" content=\"https:\/\/www.nettali.com\/2025\/06\/04\/thies-sadou-diallo-un-ressortissant-guineen-poignarde-son-compatriote-mamadou-moussa-ba\/\" \/>\n<meta property=\"og:site_name\" content=\"Nettali.com\" \/>\n<meta property=\"article:publisher\" content=\"https:\/\/www.facebook.com\/nettalicom\" \/>\n<meta property=\"article:published_time\" content=\"2025-06-04T21:11:45+00:00\" \/>\n<meta property=\"article:modified_time\" content=\"2025-06-04T23:12:16+00:00\" \/>\n<meta property=\"og:image\" content=\"https:\/\/www.nettali.com\/wp-content\/uploads\/2019\/08\/Meurtre.jpg\" \/>\n\t<meta property=\"og:image:width\" content=\"570\" \/>\n\t<meta property=\"og:image:height\" content=\"238\" \/>\n<meta name=\"twitter:card\" content=\"summary_large_image\" \/>\n<meta name=\"twitter:label1\" content=\"\u00c9crit par\" \/>\n\t<meta name=\"twitter:data1\" content=\"Fatou\" \/>\n\t<meta name=\"twitter:label2\" content=\"Dur\u00e9e de lecture estim\u00e9e\" \/>\n\t<meta name=\"twitter:data2\" content=\"1 minute\" \/>\n<script type=\"application\/ld+json\" class=\"yoast-schema-graph\">{\"@context\":\"https:\/\/schema.org\",\"@graph\":[{\"@type\":\"WebSite\",\"@id\":\"https:\/\/www.nettali.com\/#website\",\"url\":\"https:\/\/www.nettali.com\/\",\"name\":\"Nettali.com\",\"description\":\"Le rendez-vous critique du Net\",\"potentialAction\":[{\"@type\":\"SearchAction\",\"target\":{\"@type\":\"EntryPoint\",\"urlTemplate\":\"https:\/\/www.nettali.com\/?s={search_term_string}\"},\"query-input\":\"required name=search_term_string\"}],\"inLanguage\":\"fr-FR\"},{\"@type\":\"ImageObject\",\"@id\":\"https:\/\/www.nettali.com\/2025\/06\/04\/thies-sadou-diallo-un-ressortissant-guineen-poignarde-son-compatriote-mamadou-moussa-ba\/#primaryimage\",\"inLanguage\":\"fr-FR\",\"url\":\"https:\/\/www.nettali.com\/wp-content\/uploads\/2019\/08\/Meurtre.jpg\",\"contentUrl\":\"https:\/\/www.nettali.com\/wp-content\/uploads\/2019\/08\/Meurtre.jpg\",\"width\":570,\"height\":238,\"caption\":\"Dead Body\"},{\"@type\":\"WebPage\",\"@id\":\"https:\/\/www.nettali.com\/2025\/06\/04\/thies-sadou-diallo-un-ressortissant-guineen-poignarde-son-compatriote-mamadou-moussa-ba\/#webpage\",\"url\":\"https:\/\/www.nettali.com\/2025\/06\/04\/thies-sadou-diallo-un-ressortissant-guineen-poignarde-son-compatriote-mamadou-moussa-ba\/\",\"name\":\"THI\\u00c8S \\u2013 Sadou Diallo, un ressortissant guin\\u00e9en poignarde son compatriote Mamadou Moussa Ba | Nettali.com\",\"isPartOf\":{\"@id\":\"https:\/\/www.nettali.com\/#website\"},\"primaryImageOfPage\":{\"@id\":\"https:\/\/www.nettali.com\/2025\/06\/04\/thies-sadou-diallo-un-ressortissant-guineen-poignarde-son-compatriote-mamadou-moussa-ba\/#primaryimage\"},\"datePublished\":\"2025-06-04T21:11:45+00:00\",\"dateModified\":\"2025-06-04T23:12:16+00:00\",\"author\":{\"@id\":\"https:\/\/www.nettali.com\/#\/schema\/person\/418274a86bdf87caff7a3ef476bd0bbf\"},\"breadcrumb\":{\"@id\":\"https:\/\/www.nettali.com\/2025\/06\/04\/thies-sadou-diallo-un-ressortissant-guineen-poignarde-son-compatriote-mamadou-moussa-ba\/#breadcrumb\"},\"inLanguage\":\"fr-FR\",\"potentialAction\":[{\"@type\":\"ReadAction\",\"target\":[\"https:\/\/www.nettali.com\/2025\/06\/04\/thies-sadou-diallo-un-ressortissant-guineen-poignarde-son-compatriote-mamadou-moussa-ba\/\"]}]},{\"@type\":\"BreadcrumbList\",\"@id\":\"https:\/\/www.nettali.com\/2025\/06\/04\/thies-sadou-diallo-un-ressortissant-guineen-poignarde-son-compatriote-mamadou-moussa-ba\/#breadcrumb\",\"itemListElement\":[{\"@type\":\"ListItem\",\"position\":1,\"name\":\"Accueil\",\"item\":\"https:\/\/www.nettali.com\/\"},{\"@type\":\"ListItem\",\"position\":2,\"name\":\"THI\\u00c8S \\u2013 Sadou Diallo, un ressortissant guin\\u00e9en poignarde son compatriote Mamadou Moussa Ba\"}]},{\"@type\":\"Person\",\"@id\":\"https:\/\/www.nettali.com\/#\/schema\/person\/418274a86bdf87caff7a3ef476bd0bbf\",\"name\":\"Fatou\",\"image\":{\"@type\":\"ImageObject\",\"@id\":\"https:\/\/www.nettali.com\/#personlogo\",\"inLanguage\":\"fr-FR\",\"url\":\"https:\/\/secure.gravatar.com\/avatar\/5a9442a2bee7b4dcf167cab035858e9a?s=96&d=mm&r=g\",\"contentUrl\":\"https:\/\/secure.gravatar.com\/avatar\/5a9442a2bee7b4dcf167cab035858e9a?s=96&d=mm&r=g\",\"caption\":\"Fatou\"},\"sameAs\":[\"https:\/\/www.nettali.com\"]}]}<\/script>\n<!-- \/ Yoast SEO Premium plugin. -->","yoast_head_json":{"title":"THI\u00c8S \u2013 Sadou Diallo, un ressortissant guin\u00e9en poignarde son compatriote Mamadou Moussa Ba | Nettali.com","robots":{"index":"index","follow":"follow","max-snippet":"max-snippet:-1","max-image-preview":"max-image-preview:large","max-video-preview":"max-video-preview:-1"},"canonical":"https:\/\/www.nettali.com\/2025\/06\/04\/thies-sadou-diallo-un-ressortissant-guineen-poignarde-son-compatriote-mamadou-moussa-ba\/","og_locale":"fr_FR","og_type":"article","og_title":"THI\u00c8S \u2013 Sadou Diallo, un ressortissant guin\u00e9en poignarde son compatriote Mamadou Moussa Ba","og_description":"NETTALI.COM-\u00a0Un fait in\u00e9dit s\u2019est produit le dimanche 1er juin 2025 \u00e0 Thi\u00e8s o\u00f9 une bagarre a vir\u00e9 au drame entre deux ressortissants guin\u00e9ens. Le nomm\u00e9 Sadou Diallo a froidement poignard\u00e9 son compatriote Mamadou MoussaBAa. Il a \u00e9t\u00e9 d\u00e9f\u00e9r\u00e9 ce mercredi au tribunal de grande instance de Thi\u00e8s. Les faits se sont produits le dimanche 1er [&hellip;]","og_url":"https:\/\/www.nettali.com\/2025\/06\/04\/thies-sadou-diallo-un-ressortissant-guineen-poignarde-son-compatriote-mamadou-moussa-ba\/","og_site_name":"Nettali.com","article_publisher":"https:\/\/www.facebook.com\/nettalicom","article_published_time":"2025-06-04T21:11:45+00:00","article_modified_time":"2025-06-04T23:12:16+00:00","og_image":[{"width":570,"height":238,"url":"https:\/\/www.nettali.com\/wp-content\/uploads\/2019\/08\/Meurtre.jpg","type":"image\/jpeg"}],"twitter_card":"summary_large_image","twitter_misc":{"\u00c9crit par":"Fatou","Dur\u00e9e de lecture estim\u00e9e":"1 minute"},"schema":{"@context":"https:\/\/schema.org","@graph":[{"@type":"WebSite","@id":"https:\/\/www.nettali.com\/#website","url":"https:\/\/www.nettali.com\/","name":"Nettali.com","description":"Le rendez-vous critique du Net","potentialAction":[{"@type":"SearchAction","target":{"@type":"EntryPoint","urlTemplate":"https:\/\/www.nettali.com\/?s={search_term_string}"},"query-input":"required name=search_term_string"}],"inLanguage":"fr-FR"},{"@type":"ImageObject","@id":"https:\/\/www.nettali.com\/2025\/06\/04\/thies-sadou-diallo-un-ressortissant-guineen-poignarde-son-compatriote-mamadou-moussa-ba\/#primaryimage","inLanguage":"fr-FR","url":"https:\/\/www.nettali.com\/wp-content\/uploads\/2019\/08\/Meurtre.jpg","contentUrl":"https:\/\/www.nettali.com\/wp-content\/uploads\/2019\/08\/Meurtre.jpg","width":570,"height":238,"caption":"Dead Body"},{"@type":"WebPage","@id":"https:\/\/www.nettali.com\/2025\/06\/04\/thies-sadou-diallo-un-ressortissant-guineen-poignarde-son-compatriote-mamadou-moussa-ba\/#webpage","url":"https:\/\/www.nettali.com\/2025\/06\/04\/thies-sadou-diallo-un-ressortissant-guineen-poignarde-son-compatriote-mamadou-moussa-ba\/","name":"THI\u00c8S \u2013 Sadou Diallo, un ressortissant guin\u00e9en poignarde son compatriote Mamadou Moussa Ba | Nettali.com","isPartOf":{"@id":"https:\/\/www.nettali.com\/#website"},"primaryImageOfPage":{"@id":"https:\/\/www.nettali.com\/2025\/06\/04\/thies-sadou-diallo-un-ressortissant-guineen-poignarde-son-compatriote-mamadou-moussa-ba\/#primaryimage"},"datePublished":"2025-06-04T21:11:45+00:00","dateModified":"2025-06-04T23:12:16+00:00","author":{"@id":"https:\/\/www.nettali.com\/#\/schema\/person\/418274a86bdf87caff7a3ef476bd0bbf"},"breadcrumb":{"@id":"https:\/\/www.nettali.com\/2025\/06\/04\/thies-sadou-diallo-un-ressortissant-guineen-poignarde-son-compatriote-mamadou-moussa-ba\/#breadcrumb"},"inLanguage":"fr-FR","potentialAction":[{"@type":"ReadAction","target":["https:\/\/www.nettali.com\/2025\/06\/04\/thies-sadou-diallo-un-ressortissant-guineen-poignarde-son-compatriote-mamadou-moussa-ba\/"]}]},{"@type":"BreadcrumbList","@id":"https:\/\/www.nettali.com\/2025\/06\/04\/thies-sadou-diallo-un-ressortissant-guineen-poignarde-son-compatriote-mamadou-moussa-ba\/#breadcrumb","itemListElement":[{"@type":"ListItem","position":1,"name":"Accueil","item":"https:\/\/www.nettali.com\/"},{"@type":"ListItem","position":2,"name":"THI\u00c8S \u2013 Sadou Diallo, un ressortissant guin\u00e9en poignarde son compatriote Mamadou Moussa Ba"}]},{"@type":"Person","@id":"https:\/\/www.nettali.com\/#\/schema\/person\/418274a86bdf87caff7a3ef476bd0bbf","name":"Fatou","image":{"@type":"ImageObject","@id":"https:\/\/www.nettali.com\/#personlogo","inLanguage":"fr-FR","url":"https:\/\/secure.gravatar.com\/avatar\/5a9442a2bee7b4dcf167cab035858e9a?s=96&d=mm&r=g","contentUrl":"https:\/\/secure.gravatar.com\/avatar\/5a9442a2bee7b4dcf167cab035858e9a?s=96&d=mm&r=g","caption":"Fatou"},"sameAs":["https:\/\/www.nettali.com"]}]}},"_links":{"self":[{"href":"https:\/\/www.nettali.com\/rest\/wp\/v2\/posts\/155324"}],"collection":[{"href":"https:\/\/www.nettali.com\/rest\/wp\/v2\/posts"}],"about":[{"href":"https:\/\/www.nettali.com\/rest\/wp\/v2\/types\/post"}],"author":[{"embeddable":true,"href":"https:\/\/www.nettali.com\/rest\/wp\/v2\/users\/6"}],"replies":[{"embeddable":true,"href":"https:\/\/www.nettali.com\/rest\/wp\/v2\/comments?post=155324"}],"version-history":[{"count":1,"href":"https:\/\/www.nettali.com\/rest\/wp\/v2\/posts\/155324\/revisions"}],"predecessor-version":[{"id":155325,"href":"https:\/\/www.nettali.com\/rest\/wp\/v2\/posts\/155324\/revisions\/155325"}],"wp:featuredmedia":[{"embeddable":true,"href":"https:\/\/www.nettali.com\/rest\/wp\/v2\/media\/16319"}],"wp:attachment":[{"href":"https:\/\/www.nettali.com\/rest\/wp\/v2\/media?parent=155324"}],"wp:term":[{"taxonomy":"category","embeddable":true,"href":"https:\/\/www.nettali.com\/rest\/wp\/v2\/categories?post=155324"},{"taxonomy":"post_tag","embeddable":true,"href":"https:\/\/www.nettali.com\/rest\/wp\/v2\/tags?post=155324"}],"curies":[{"name":"wp","href":"https:\/\/api.w.org\/{rel}","templated":true}]}}