{"id":155173,"date":"2025-06-02T11:31:54","date_gmt":"2025-06-02T11:31:54","guid":{"rendered":"https:\/\/www.nettali.com\/?p=155173"},"modified":"2025-06-02T11:31:54","modified_gmt":"2025-06-02T11:31:54","slug":"darme-a-temento-le-presume-meurtrier-est-un-agent-communautaire","status":"publish","type":"post","link":"https:\/\/www.nettali.com\/2025\/06\/02\/darme-a-temento-le-presume-meurtrier-est-un-agent-communautaire\/","title":{"rendered":"DARME A TEMENTO- Le pr\u00e9sum\u00e9 meurtrier est un agent communautaire"},"content":{"rendered":"<p><strong>NETTALI.COM- Le pr\u00e9sum\u00e9 meurtrier du crime survenu \u00e0 T\u00e9mento, dans le d\u00e9partement de Velingara n\u2019est pas un chef de poste mais plut\u00f4t un ancien militaire devenu agent de sant\u00e9 communautaire. La pr\u00e9cision est faite par le Secr\u00e9tariat ex\u00e9cutif du Syndicat unique des travailleurs de la sant\u00e9 et de l\u2019action sociale. \u00a0\u00a0<\/strong><\/p>\n<p>Dans un communiqu\u00e9, le Secr\u00e9tariat ex\u00e9cutif permanent (Sep) du Syndicat unique des travailleurs de la sant\u00e9 et de l\u2019action sociale ( Sutas) a tenu \u00e0 apporter des pr\u00e9cisions sur la mort d\u2019un op\u00e9rateur \u00e9conomique \u00e0 V\u00e9lingara. Selon le syndicat, ce crime \u00ab crapuleux \u00bb n\u2019a pas \u00e9t\u00e9 commis l'Infirmier Chef de Poste (ICP) de Paroumba dans le District Sanitaire de V\u00e9lingara de la Direction R\u00e9gionale de la Sant\u00e9 de Kolda comme il a \u00e9t\u00e9 annonc\u00e9. Mais, pr\u00e9cise le Sustsas , \u00ab<em>\u00a0il s'agit d'un faisant agent fonction d'Agent de Sant\u00e9 Communautaire, un ancien militaire capacit\u00e9 pour les premiers soins dans l'Arm\u00e9e<\/em>\u00a0\u00bb.<\/p>\n<p>Les syndicalistes indiquent \u00e9galement que \u00ab <em>le drame ne s'est produit ni au poste ni \u00e0 la case de sant\u00e9 de T\u00e9m\u00e9nto, son lieu de travail mais bien \u00e0 son domicile dans des conditions que l'enqu\u00eate pourrait \u00e9lucider<\/em> \u00bb.<\/p>\n<p>Ces pr\u00e9cisions faites, le Sutsas rappelle \u00e0 l'autorit\u00e9 \u00ab<em>\u00a0l'urgence du repositionnement des soins de sant\u00e9 primaires et la red\u00e9finition des missions de la case de sant\u00e9 et son fonctionnement en tant que premier maillon de la pyramide sanitaire, le recrutement massif d'agents qualifi\u00e9s et la mise en place des Ordres nationaux des infirmiers d'Etat et des sages-femmes d'Etat et pose le d\u00e9bat sur le retour de la loi portant application de la peine de mort au S\u00e9n\u00e9gal\u00a0<\/em>\u00bb.<\/p>\n<p>Tout en pr\u00e9sentant ses condol\u00e9ances \u00e0 la famille \u00e9plor\u00e9e, le Sep exige que justice se fasse pour l'\u00e9radication d\u00e9finitive de la criminalit\u00e9 ambiante.<\/p>\n<p>Dans cette affaire, Moussa Ndiaye, un op\u00e9rateur \u00e9conomique sp\u00e9cialis\u00e9 dans l'anacarde, aurait \u00e9t\u00e9 tu\u00e9 par l'ancien militaire, Babacar Ndiaye pour avoir r\u00e9clam\u00e9 sa production de noix. Selon des informations, il aurait remis, le 15 mai 2025, la somme de 2 millions de francs CFA \u00e0 l\u2019agent communautaire pour l\u2019achat de huit tonnes de noix d\u2019acajou aupr\u00e8s des villageois, qui devaient lui \u00eatre livr\u00e9es par la suite. Le 17 mai, la victime, accompagn\u00e9e de ses ouvriers, s'\u00e9tait rendue aupr\u00e8s de l'infirmier pour r\u00e9cup\u00e9rer sa marchandise. Malheureusement c\u2019est son corps qui a \u00e9t\u00e9 retrouv\u00e9 enterr\u00e9 derri\u00e8re les toilettes de Babacar Ndiaye.<\/p>\n<div class='share-to-whatsapp-wrapper'><div class='share-on-whsp'>PARTAGER SUR : <\/div><a data-text='DARME A TEMENTO- Le pr\u00e9sum\u00e9 meurtrier est un agent communautaire' data-link='https:\/\/www.nettali.com\/2025\/06\/02\/darme-a-temento-le-presume-meurtrier-est-un-agent-communautaire\/' class='whatsapp-button whatsapp-share'>WhatsApp<\/a><div class='clear '><\/div><\/div>","protected":false},"excerpt":{"rendered":"<p>NETTALI.COM- Le pr\u00e9sum\u00e9 meurtrier du crime survenu \u00e0 T\u00e9mento, dans le d\u00e9partement de Velingara n\u2019est pas un chef de poste mais plut\u00f4t un ancien militaire devenu agent de sant\u00e9 communautaire. La pr\u00e9cision est faite par le Secr\u00e9tariat ex\u00e9cutif du Syndicat unique des travailleurs de la sant\u00e9 et de l\u2019action sociale. \u00a0\u00a0 Dans un communiqu\u00e9, le [&hellip;]<\/p>\n","protected":false},"author":6,"featured_media":155174,"comment_status":"open","ping_status":"open","sticky":false,"template":"","format":"standard","meta":{"_et_pb_use_builder":"","_et_pb_old_content":""},"categories":[3],"tags":[],"yoast_head":"<!-- This site is optimized with the Yoast SEO Premium plugin v17.8 (Yoast SEO v17.8) - https:\/\/yoast.com\/wordpress\/plugins\/seo\/ -->\n<title>DARME A TEMENTO- Le pr\u00e9sum\u00e9 meurtrier est un agent communautaire | Nettali.com<\/title>\n<meta name=\"robots\" content=\"index, follow, max-snippet:-1, max-image-preview:large, max-video-preview:-1\" \/>\n<link rel=\"canonical\" href=\"https:\/\/www.nettali.com\/2025\/06\/02\/darme-a-temento-le-presume-meurtrier-est-un-agent-communautaire\/\" \/>\n<meta property=\"og:locale\" content=\"fr_FR\" \/>\n<meta property=\"og:type\" content=\"article\" \/>\n<meta property=\"og:title\" content=\"DARME A TEMENTO- Le pr\u00e9sum\u00e9 meurtrier est un agent communautaire\" \/>\n<meta property=\"og:description\" content=\"NETTALI.COM- Le pr\u00e9sum\u00e9 meurtrier du crime survenu \u00e0 T\u00e9mento, dans le d\u00e9partement de Velingara n\u2019est pas un chef de poste mais plut\u00f4t un ancien militaire devenu agent de sant\u00e9 communautaire. La pr\u00e9cision est faite par le Secr\u00e9tariat ex\u00e9cutif du Syndicat unique des travailleurs de la sant\u00e9 et de l\u2019action sociale. \u00a0\u00a0 Dans un communiqu\u00e9, le [&hellip;]\" \/>\n<meta property=\"og:url\" content=\"https:\/\/www.nettali.com\/2025\/06\/02\/darme-a-temento-le-presume-meurtrier-est-un-agent-communautaire\/\" \/>\n<meta property=\"og:site_name\" content=\"Nettali.com\" \/>\n<meta property=\"article:publisher\" content=\"https:\/\/www.facebook.com\/nettalicom\" \/>\n<meta property=\"article:published_time\" content=\"2025-06-02T11:31:54+00:00\" \/>\n<meta property=\"og:image\" content=\"https:\/\/www.nettali.com\/wp-content\/uploads\/2025\/06\/sustas.jpg\" \/>\n\t<meta property=\"og:image:width\" content=\"297\" \/>\n\t<meta property=\"og:image:height\" content=\"170\" \/>\n<meta name=\"twitter:card\" content=\"summary_large_image\" \/>\n<meta name=\"twitter:label1\" content=\"\u00c9crit par\" \/>\n\t<meta name=\"twitter:data1\" content=\"Fatou\" \/>\n\t<meta name=\"twitter:label2\" content=\"Dur\u00e9e de lecture estim\u00e9e\" \/>\n\t<meta name=\"twitter:data2\" content=\"2 minutes\" \/>\n<script type=\"application\/ld+json\" class=\"yoast-schema-graph\">{\"@context\":\"https:\/\/schema.org\",\"@graph\":[{\"@type\":\"WebSite\",\"@id\":\"https:\/\/www.nettali.com\/#website\",\"url\":\"https:\/\/www.nettali.com\/\",\"name\":\"Nettali.com\",\"description\":\"Le rendez-vous critique du Net\",\"potentialAction\":[{\"@type\":\"SearchAction\",\"target\":{\"@type\":\"EntryPoint\",\"urlTemplate\":\"https:\/\/www.nettali.com\/?s={search_term_string}\"},\"query-input\":\"required name=search_term_string\"}],\"inLanguage\":\"fr-FR\"},{\"@type\":\"ImageObject\",\"@id\":\"https:\/\/www.nettali.com\/2025\/06\/02\/darme-a-temento-le-presume-meurtrier-est-un-agent-communautaire\/#primaryimage\",\"inLanguage\":\"fr-FR\",\"url\":\"https:\/\/www.nettali.com\/wp-content\/uploads\/2025\/06\/sustas.jpg\",\"contentUrl\":\"https:\/\/www.nettali.com\/wp-content\/uploads\/2025\/06\/sustas.jpg\",\"width\":297,\"height\":170},{\"@type\":\"WebPage\",\"@id\":\"https:\/\/www.nettali.com\/2025\/06\/02\/darme-a-temento-le-presume-meurtrier-est-un-agent-communautaire\/#webpage\",\"url\":\"https:\/\/www.nettali.com\/2025\/06\/02\/darme-a-temento-le-presume-meurtrier-est-un-agent-communautaire\/\",\"name\":\"DARME A TEMENTO- Le pr\\u00e9sum\\u00e9 meurtrier est un agent communautaire | Nettali.com\",\"isPartOf\":{\"@id\":\"https:\/\/www.nettali.com\/#website\"},\"primaryImageOfPage\":{\"@id\":\"https:\/\/www.nettali.com\/2025\/06\/02\/darme-a-temento-le-presume-meurtrier-est-un-agent-communautaire\/#primaryimage\"},\"datePublished\":\"2025-06-02T11:31:54+00:00\",\"dateModified\":\"2025-06-02T11:31:54+00:00\",\"author\":{\"@id\":\"https:\/\/www.nettali.com\/#\/schema\/person\/418274a86bdf87caff7a3ef476bd0bbf\"},\"breadcrumb\":{\"@id\":\"https:\/\/www.nettali.com\/2025\/06\/02\/darme-a-temento-le-presume-meurtrier-est-un-agent-communautaire\/#breadcrumb\"},\"inLanguage\":\"fr-FR\",\"potentialAction\":[{\"@type\":\"ReadAction\",\"target\":[\"https:\/\/www.nettali.com\/2025\/06\/02\/darme-a-temento-le-presume-meurtrier-est-un-agent-communautaire\/\"]}]},{\"@type\":\"BreadcrumbList\",\"@id\":\"https:\/\/www.nettali.com\/2025\/06\/02\/darme-a-temento-le-presume-meurtrier-est-un-agent-communautaire\/#breadcrumb\",\"itemListElement\":[{\"@type\":\"ListItem\",\"position\":1,\"name\":\"Accueil\",\"item\":\"https:\/\/www.nettali.com\/\"},{\"@type\":\"ListItem\",\"position\":2,\"name\":\"DARME A TEMENTO- Le pr\\u00e9sum\\u00e9 meurtrier est un agent communautaire\"}]},{\"@type\":\"Person\",\"@id\":\"https:\/\/www.nettali.com\/#\/schema\/person\/418274a86bdf87caff7a3ef476bd0bbf\",\"name\":\"Fatou\",\"image\":{\"@type\":\"ImageObject\",\"@id\":\"https:\/\/www.nettali.com\/#personlogo\",\"inLanguage\":\"fr-FR\",\"url\":\"https:\/\/secure.gravatar.com\/avatar\/5a9442a2bee7b4dcf167cab035858e9a?s=96&d=mm&r=g\",\"contentUrl\":\"https:\/\/secure.gravatar.com\/avatar\/5a9442a2bee7b4dcf167cab035858e9a?s=96&d=mm&r=g\",\"caption\":\"Fatou\"},\"sameAs\":[\"https:\/\/www.nettali.com\"]}]}<\/script>\n<!-- \/ Yoast SEO Premium plugin. -->","yoast_head_json":{"title":"DARME A TEMENTO- Le pr\u00e9sum\u00e9 meurtrier est un agent communautaire | Nettali.com","robots":{"index":"index","follow":"follow","max-snippet":"max-snippet:-1","max-image-preview":"max-image-preview:large","max-video-preview":"max-video-preview:-1"},"canonical":"https:\/\/www.nettali.com\/2025\/06\/02\/darme-a-temento-le-presume-meurtrier-est-un-agent-communautaire\/","og_locale":"fr_FR","og_type":"article","og_title":"DARME A TEMENTO- Le pr\u00e9sum\u00e9 meurtrier est un agent communautaire","og_description":"NETTALI.COM- Le pr\u00e9sum\u00e9 meurtrier du crime survenu \u00e0 T\u00e9mento, dans le d\u00e9partement de Velingara n\u2019est pas un chef de poste mais plut\u00f4t un ancien militaire devenu agent de sant\u00e9 communautaire. La pr\u00e9cision est faite par le Secr\u00e9tariat ex\u00e9cutif du Syndicat unique des travailleurs de la sant\u00e9 et de l\u2019action sociale. \u00a0\u00a0 Dans un communiqu\u00e9, le [&hellip;]","og_url":"https:\/\/www.nettali.com\/2025\/06\/02\/darme-a-temento-le-presume-meurtrier-est-un-agent-communautaire\/","og_site_name":"Nettali.com","article_publisher":"https:\/\/www.facebook.com\/nettalicom","article_published_time":"2025-06-02T11:31:54+00:00","og_image":[{"width":297,"height":170,"url":"https:\/\/www.nettali.com\/wp-content\/uploads\/2025\/06\/sustas.jpg","type":"image\/jpeg"}],"twitter_card":"summary_large_image","twitter_misc":{"\u00c9crit par":"Fatou","Dur\u00e9e de lecture estim\u00e9e":"2 minutes"},"schema":{"@context":"https:\/\/schema.org","@graph":[{"@type":"WebSite","@id":"https:\/\/www.nettali.com\/#website","url":"https:\/\/www.nettali.com\/","name":"Nettali.com","description":"Le rendez-vous critique du Net","potentialAction":[{"@type":"SearchAction","target":{"@type":"EntryPoint","urlTemplate":"https:\/\/www.nettali.com\/?s={search_term_string}"},"query-input":"required name=search_term_string"}],"inLanguage":"fr-FR"},{"@type":"ImageObject","@id":"https:\/\/www.nettali.com\/2025\/06\/02\/darme-a-temento-le-presume-meurtrier-est-un-agent-communautaire\/#primaryimage","inLanguage":"fr-FR","url":"https:\/\/www.nettali.com\/wp-content\/uploads\/2025\/06\/sustas.jpg","contentUrl":"https:\/\/www.nettali.com\/wp-content\/uploads\/2025\/06\/sustas.jpg","width":297,"height":170},{"@type":"WebPage","@id":"https:\/\/www.nettali.com\/2025\/06\/02\/darme-a-temento-le-presume-meurtrier-est-un-agent-communautaire\/#webpage","url":"https:\/\/www.nettali.com\/2025\/06\/02\/darme-a-temento-le-presume-meurtrier-est-un-agent-communautaire\/","name":"DARME A TEMENTO- Le pr\u00e9sum\u00e9 meurtrier est un agent communautaire | Nettali.com","isPartOf":{"@id":"https:\/\/www.nettali.com\/#website"},"primaryImageOfPage":{"@id":"https:\/\/www.nettali.com\/2025\/06\/02\/darme-a-temento-le-presume-meurtrier-est-un-agent-communautaire\/#primaryimage"},"datePublished":"2025-06-02T11:31:54+00:00","dateModified":"2025-06-02T11:31:54+00:00","author":{"@id":"https:\/\/www.nettali.com\/#\/schema\/person\/418274a86bdf87caff7a3ef476bd0bbf"},"breadcrumb":{"@id":"https:\/\/www.nettali.com\/2025\/06\/02\/darme-a-temento-le-presume-meurtrier-est-un-agent-communautaire\/#breadcrumb"},"inLanguage":"fr-FR","potentialAction":[{"@type":"ReadAction","target":["https:\/\/www.nettali.com\/2025\/06\/02\/darme-a-temento-le-presume-meurtrier-est-un-agent-communautaire\/"]}]},{"@type":"BreadcrumbList","@id":"https:\/\/www.nettali.com\/2025\/06\/02\/darme-a-temento-le-presume-meurtrier-est-un-agent-communautaire\/#breadcrumb","itemListElement":[{"@type":"ListItem","position":1,"name":"Accueil","item":"https:\/\/www.nettali.com\/"},{"@type":"ListItem","position":2,"name":"DARME A TEMENTO- Le pr\u00e9sum\u00e9 meurtrier est un agent communautaire"}]},{"@type":"Person","@id":"https:\/\/www.nettali.com\/#\/schema\/person\/418274a86bdf87caff7a3ef476bd0bbf","name":"Fatou","image":{"@type":"ImageObject","@id":"https:\/\/www.nettali.com\/#personlogo","inLanguage":"fr-FR","url":"https:\/\/secure.gravatar.com\/avatar\/5a9442a2bee7b4dcf167cab035858e9a?s=96&d=mm&r=g","contentUrl":"https:\/\/secure.gravatar.com\/avatar\/5a9442a2bee7b4dcf167cab035858e9a?s=96&d=mm&r=g","caption":"Fatou"},"sameAs":["https:\/\/www.nettali.com"]}]}},"_links":{"self":[{"href":"https:\/\/www.nettali.com\/rest\/wp\/v2\/posts\/155173"}],"collection":[{"href":"https:\/\/www.nettali.com\/rest\/wp\/v2\/posts"}],"about":[{"href":"https:\/\/www.nettali.com\/rest\/wp\/v2\/types\/post"}],"author":[{"embeddable":true,"href":"https:\/\/www.nettali.com\/rest\/wp\/v2\/users\/6"}],"replies":[{"embeddable":true,"href":"https:\/\/www.nettali.com\/rest\/wp\/v2\/comments?post=155173"}],"version-history":[{"count":3,"href":"https:\/\/www.nettali.com\/rest\/wp\/v2\/posts\/155173\/revisions"}],"predecessor-version":[{"id":155177,"href":"https:\/\/www.nettali.com\/rest\/wp\/v2\/posts\/155173\/revisions\/155177"}],"wp:featuredmedia":[{"embeddable":true,"href":"https:\/\/www.nettali.com\/rest\/wp\/v2\/media\/155174"}],"wp:attachment":[{"href":"https:\/\/www.nettali.com\/rest\/wp\/v2\/media?parent=155173"}],"wp:term":[{"taxonomy":"category","embeddable":true,"href":"https:\/\/www.nettali.com\/rest\/wp\/v2\/categories?post=155173"},{"taxonomy":"post_tag","embeddable":true,"href":"https:\/\/www.nettali.com\/rest\/wp\/v2\/tags?post=155173"}],"curies":[{"name":"wp","href":"https:\/\/api.w.org\/{rel}","templated":true}]}}