{"id":155170,"date":"2025-06-02T11:00:40","date_gmt":"2025-06-02T11:00:40","guid":{"rendered":"https:\/\/www.nettali.com\/?p=155170"},"modified":"2025-06-02T00:50:49","modified_gmt":"2025-06-02T00:50:49","slug":"psg-dembele-et-le-ballon-dor-le-discours-denrique","status":"publish","type":"post","link":"https:\/\/www.nettali.com\/2025\/06\/02\/psg-dembele-et-le-ballon-dor-le-discours-denrique\/","title":{"rendered":"PSG - Demb\u00e9l\u00e9 et le Ballon d'Or, le discours d'Enrique"},"content":{"rendered":"<p><strong>NETTALI.COM -<\/strong> Avec le sacre du Paris Saint-Germain en Ligue des Champions, l'attaquant parisien Ousmane Demb\u00e9l\u00e9 (28 ans, 15 matchs et 8 buts en LdC cette saison), auteur d'une saison exceptionnelle, fonce vers le Ballon d'Or 2025.<\/p>\n<p>En conf\u00e9rence de presse apr\u00e8s la d\u00e9monstration face \u00e0 l'Inter Milan (5-0), l'entra\u00eeneur du PSG Luis Enrique a plaid\u00e9 en la faveur de l'international fran\u00e7ais.<\/p>\n<p>\u201c<em>On m'a r\u00e9p\u00e9t\u00e9 que tout le monde se pr\u00e9occupait du Ballon d'Or. Moi, je le donnerai, et uniquement pour la mani\u00e8re dont il a d\u00e9fendu sur cette finale, \u00e0 Monsieur Ousmane Demb\u00e9l\u00e9. C'est comme \u00e7a qu'on m\u00e8ne une \u00e9quipe, c'est comme \u00e7a qu'on est un leader. Je crois sinc\u00e8rement qu'il m\u00e9rite le Ballon d'Or, sans aucun doute. Pas seulement pour les titres remport\u00e9s et les buts marqu\u00e9s, mais pour comment il a press\u00e9 toute la saison, mais surtout d'une mani\u00e8re exceptionnelle sur cette finale<\/em>\u201d, a salu\u00e9 l'Espagnol.<\/p>\n<p>Cette distinction individuelle ne devrait pas \u00e9chapper \u00e0 Demb\u00e9l\u00e9.<\/p>\n<div class='share-to-whatsapp-wrapper'><div class='share-on-whsp'>PARTAGER SUR : <\/div><a data-text='PSG - Demb\u00e9l\u00e9 et le Ballon d'Or, le discours d'Enrique' data-link='https:\/\/www.nettali.com\/2025\/06\/02\/psg-dembele-et-le-ballon-dor-le-discours-denrique\/' class='whatsapp-button whatsapp-share'>WhatsApp<\/a><div class='clear '><\/div><\/div>","protected":false},"excerpt":{"rendered":"<p>NETTALI.COM - Avec le sacre du Paris Saint-Germain en Ligue des Champions, l'attaquant parisien Ousmane Demb\u00e9l\u00e9 (28 ans, 15 matchs et 8 buts en LdC cette saison), auteur d'une saison exceptionnelle, fonce vers le Ballon d'Or 2025. En conf\u00e9rence de presse apr\u00e8s la d\u00e9monstration face \u00e0 l'Inter Milan (5-0), l'entra\u00eeneur du PSG Luis Enrique a [&hellip;]<\/p>\n","protected":false},"author":2,"featured_media":155171,"comment_status":"open","ping_status":"open","sticky":false,"template":"","format":"standard","meta":{"_et_pb_use_builder":"","_et_pb_old_content":""},"categories":[6],"tags":[],"yoast_head":"<!-- This site is optimized with the Yoast SEO Premium plugin v17.8 (Yoast SEO v17.8) - https:\/\/yoast.com\/wordpress\/plugins\/seo\/ -->\n<title>PSG - Demb\u00e9l\u00e9 et le Ballon d&#039;Or, le discours d&#039;Enrique | Nettali.com<\/title>\n<meta name=\"robots\" content=\"index, follow, max-snippet:-1, max-image-preview:large, max-video-preview:-1\" \/>\n<link rel=\"canonical\" href=\"https:\/\/www.nettali.com\/2025\/06\/02\/psg-dembele-et-le-ballon-dor-le-discours-denrique\/\" \/>\n<meta property=\"og:locale\" content=\"fr_FR\" \/>\n<meta property=\"og:type\" content=\"article\" \/>\n<meta property=\"og:title\" content=\"PSG - Demb\u00e9l\u00e9 et le Ballon d&#039;Or, le discours d&#039;Enrique\" \/>\n<meta property=\"og:description\" content=\"NETTALI.COM - Avec le sacre du Paris Saint-Germain en Ligue des Champions, l&#039;attaquant parisien Ousmane Demb\u00e9l\u00e9 (28 ans, 15 matchs et 8 buts en LdC cette saison), auteur d&#039;une saison exceptionnelle, fonce vers le Ballon d&#039;Or 2025. En conf\u00e9rence de presse apr\u00e8s la d\u00e9monstration face \u00e0 l&#039;Inter Milan (5-0), l&#039;entra\u00eeneur du PSG Luis Enrique a [&hellip;]\" \/>\n<meta property=\"og:url\" content=\"https:\/\/www.nettali.com\/2025\/06\/02\/psg-dembele-et-le-ballon-dor-le-discours-denrique\/\" \/>\n<meta property=\"og:site_name\" content=\"Nettali.com\" \/>\n<meta property=\"article:publisher\" content=\"https:\/\/www.facebook.com\/nettalicom\" \/>\n<meta property=\"article:published_time\" content=\"2025-06-02T11:00:40+00:00\" \/>\n<meta property=\"article:modified_time\" content=\"2025-06-02T00:50:49+00:00\" \/>\n<meta property=\"og:image\" content=\"https:\/\/www.nettali.com\/wp-content\/uploads\/2025\/06\/PSG-5-0-Inter-Je-donnerais-la-ballon-d-or-a-Dembele-celebre-Luis-Enrique-2090214.jpg\" \/>\n\t<meta property=\"og:image:width\" content=\"1280\" \/>\n\t<meta property=\"og:image:height\" content=\"720\" \/>\n<meta name=\"twitter:card\" content=\"summary_large_image\" \/>\n<meta name=\"twitter:label1\" content=\"\u00c9crit par\" \/>\n\t<meta name=\"twitter:data1\" content=\"CK\" \/>\n\t<meta name=\"twitter:label2\" content=\"Dur\u00e9e de lecture estim\u00e9e\" \/>\n\t<meta name=\"twitter:data2\" content=\"1 minute\" \/>\n<script type=\"application\/ld+json\" class=\"yoast-schema-graph\">{\"@context\":\"https:\/\/schema.org\",\"@graph\":[{\"@type\":\"WebSite\",\"@id\":\"https:\/\/www.nettali.com\/#website\",\"url\":\"https:\/\/www.nettali.com\/\",\"name\":\"Nettali.com\",\"description\":\"Le rendez-vous critique du Net\",\"potentialAction\":[{\"@type\":\"SearchAction\",\"target\":{\"@type\":\"EntryPoint\",\"urlTemplate\":\"https:\/\/www.nettali.com\/?s={search_term_string}\"},\"query-input\":\"required name=search_term_string\"}],\"inLanguage\":\"fr-FR\"},{\"@type\":\"ImageObject\",\"@id\":\"https:\/\/www.nettali.com\/2025\/06\/02\/psg-dembele-et-le-ballon-dor-le-discours-denrique\/#primaryimage\",\"inLanguage\":\"fr-FR\",\"url\":\"https:\/\/www.nettali.com\/wp-content\/uploads\/2025\/06\/PSG-5-0-Inter-Je-donnerais-la-ballon-d-or-a-Dembele-celebre-Luis-Enrique-2090214.jpg\",\"contentUrl\":\"https:\/\/www.nettali.com\/wp-content\/uploads\/2025\/06\/PSG-5-0-Inter-Je-donnerais-la-ballon-d-or-a-Dembele-celebre-Luis-Enrique-2090214.jpg\",\"width\":1280,\"height\":720},{\"@type\":\"WebPage\",\"@id\":\"https:\/\/www.nettali.com\/2025\/06\/02\/psg-dembele-et-le-ballon-dor-le-discours-denrique\/#webpage\",\"url\":\"https:\/\/www.nettali.com\/2025\/06\/02\/psg-dembele-et-le-ballon-dor-le-discours-denrique\/\",\"name\":\"PSG - Demb\\u00e9l\\u00e9 et le Ballon d'Or, le discours d'Enrique | Nettali.com\",\"isPartOf\":{\"@id\":\"https:\/\/www.nettali.com\/#website\"},\"primaryImageOfPage\":{\"@id\":\"https:\/\/www.nettali.com\/2025\/06\/02\/psg-dembele-et-le-ballon-dor-le-discours-denrique\/#primaryimage\"},\"datePublished\":\"2025-06-02T11:00:40+00:00\",\"dateModified\":\"2025-06-02T00:50:49+00:00\",\"author\":{\"@id\":\"https:\/\/www.nettali.com\/#\/schema\/person\/d8ac7b7e27ddad43f1c0d2ef090d7f71\"},\"breadcrumb\":{\"@id\":\"https:\/\/www.nettali.com\/2025\/06\/02\/psg-dembele-et-le-ballon-dor-le-discours-denrique\/#breadcrumb\"},\"inLanguage\":\"fr-FR\",\"potentialAction\":[{\"@type\":\"ReadAction\",\"target\":[\"https:\/\/www.nettali.com\/2025\/06\/02\/psg-dembele-et-le-ballon-dor-le-discours-denrique\/\"]}]},{\"@type\":\"BreadcrumbList\",\"@id\":\"https:\/\/www.nettali.com\/2025\/06\/02\/psg-dembele-et-le-ballon-dor-le-discours-denrique\/#breadcrumb\",\"itemListElement\":[{\"@type\":\"ListItem\",\"position\":1,\"name\":\"Accueil\",\"item\":\"https:\/\/www.nettali.com\/\"},{\"@type\":\"ListItem\",\"position\":2,\"name\":\"PSG - Demb\\u00e9l\\u00e9 et le Ballon d'Or, le discours d'Enrique\"}]},{\"@type\":\"Person\",\"@id\":\"https:\/\/www.nettali.com\/#\/schema\/person\/d8ac7b7e27ddad43f1c0d2ef090d7f71\",\"name\":\"CK\",\"image\":{\"@type\":\"ImageObject\",\"@id\":\"https:\/\/www.nettali.com\/#personlogo\",\"inLanguage\":\"fr-FR\",\"url\":\"https:\/\/secure.gravatar.com\/avatar\/1d8d5118b9327d94da7cd4ce7f17fec2?s=96&d=mm&r=g\",\"contentUrl\":\"https:\/\/secure.gravatar.com\/avatar\/1d8d5118b9327d94da7cd4ce7f17fec2?s=96&d=mm&r=g\",\"caption\":\"CK\"},\"sameAs\":[\"https:\/\/www.nettali.com\"]}]}<\/script>\n<!-- \/ Yoast SEO Premium plugin. -->","yoast_head_json":{"title":"PSG - Demb\u00e9l\u00e9 et le Ballon d'Or, le discours d'Enrique | Nettali.com","robots":{"index":"index","follow":"follow","max-snippet":"max-snippet:-1","max-image-preview":"max-image-preview:large","max-video-preview":"max-video-preview:-1"},"canonical":"https:\/\/www.nettali.com\/2025\/06\/02\/psg-dembele-et-le-ballon-dor-le-discours-denrique\/","og_locale":"fr_FR","og_type":"article","og_title":"PSG - Demb\u00e9l\u00e9 et le Ballon d'Or, le discours d'Enrique","og_description":"NETTALI.COM - Avec le sacre du Paris Saint-Germain en Ligue des Champions, l'attaquant parisien Ousmane Demb\u00e9l\u00e9 (28 ans, 15 matchs et 8 buts en LdC cette saison), auteur d'une saison exceptionnelle, fonce vers le Ballon d'Or 2025. En conf\u00e9rence de presse apr\u00e8s la d\u00e9monstration face \u00e0 l'Inter Milan (5-0), l'entra\u00eeneur du PSG Luis Enrique a [&hellip;]","og_url":"https:\/\/www.nettali.com\/2025\/06\/02\/psg-dembele-et-le-ballon-dor-le-discours-denrique\/","og_site_name":"Nettali.com","article_publisher":"https:\/\/www.facebook.com\/nettalicom","article_published_time":"2025-06-02T11:00:40+00:00","article_modified_time":"2025-06-02T00:50:49+00:00","og_image":[{"width":1280,"height":720,"url":"https:\/\/www.nettali.com\/wp-content\/uploads\/2025\/06\/PSG-5-0-Inter-Je-donnerais-la-ballon-d-or-a-Dembele-celebre-Luis-Enrique-2090214.jpg","type":"image\/jpeg"}],"twitter_card":"summary_large_image","twitter_misc":{"\u00c9crit par":"CK","Dur\u00e9e de lecture estim\u00e9e":"1 minute"},"schema":{"@context":"https:\/\/schema.org","@graph":[{"@type":"WebSite","@id":"https:\/\/www.nettali.com\/#website","url":"https:\/\/www.nettali.com\/","name":"Nettali.com","description":"Le rendez-vous critique du Net","potentialAction":[{"@type":"SearchAction","target":{"@type":"EntryPoint","urlTemplate":"https:\/\/www.nettali.com\/?s={search_term_string}"},"query-input":"required name=search_term_string"}],"inLanguage":"fr-FR"},{"@type":"ImageObject","@id":"https:\/\/www.nettali.com\/2025\/06\/02\/psg-dembele-et-le-ballon-dor-le-discours-denrique\/#primaryimage","inLanguage":"fr-FR","url":"https:\/\/www.nettali.com\/wp-content\/uploads\/2025\/06\/PSG-5-0-Inter-Je-donnerais-la-ballon-d-or-a-Dembele-celebre-Luis-Enrique-2090214.jpg","contentUrl":"https:\/\/www.nettali.com\/wp-content\/uploads\/2025\/06\/PSG-5-0-Inter-Je-donnerais-la-ballon-d-or-a-Dembele-celebre-Luis-Enrique-2090214.jpg","width":1280,"height":720},{"@type":"WebPage","@id":"https:\/\/www.nettali.com\/2025\/06\/02\/psg-dembele-et-le-ballon-dor-le-discours-denrique\/#webpage","url":"https:\/\/www.nettali.com\/2025\/06\/02\/psg-dembele-et-le-ballon-dor-le-discours-denrique\/","name":"PSG - Demb\u00e9l\u00e9 et le Ballon d'Or, le discours d'Enrique | Nettali.com","isPartOf":{"@id":"https:\/\/www.nettali.com\/#website"},"primaryImageOfPage":{"@id":"https:\/\/www.nettali.com\/2025\/06\/02\/psg-dembele-et-le-ballon-dor-le-discours-denrique\/#primaryimage"},"datePublished":"2025-06-02T11:00:40+00:00","dateModified":"2025-06-02T00:50:49+00:00","author":{"@id":"https:\/\/www.nettali.com\/#\/schema\/person\/d8ac7b7e27ddad43f1c0d2ef090d7f71"},"breadcrumb":{"@id":"https:\/\/www.nettali.com\/2025\/06\/02\/psg-dembele-et-le-ballon-dor-le-discours-denrique\/#breadcrumb"},"inLanguage":"fr-FR","potentialAction":[{"@type":"ReadAction","target":["https:\/\/www.nettali.com\/2025\/06\/02\/psg-dembele-et-le-ballon-dor-le-discours-denrique\/"]}]},{"@type":"BreadcrumbList","@id":"https:\/\/www.nettali.com\/2025\/06\/02\/psg-dembele-et-le-ballon-dor-le-discours-denrique\/#breadcrumb","itemListElement":[{"@type":"ListItem","position":1,"name":"Accueil","item":"https:\/\/www.nettali.com\/"},{"@type":"ListItem","position":2,"name":"PSG - Demb\u00e9l\u00e9 et le Ballon d'Or, le discours d'Enrique"}]},{"@type":"Person","@id":"https:\/\/www.nettali.com\/#\/schema\/person\/d8ac7b7e27ddad43f1c0d2ef090d7f71","name":"CK","image":{"@type":"ImageObject","@id":"https:\/\/www.nettali.com\/#personlogo","inLanguage":"fr-FR","url":"https:\/\/secure.gravatar.com\/avatar\/1d8d5118b9327d94da7cd4ce7f17fec2?s=96&d=mm&r=g","contentUrl":"https:\/\/secure.gravatar.com\/avatar\/1d8d5118b9327d94da7cd4ce7f17fec2?s=96&d=mm&r=g","caption":"CK"},"sameAs":["https:\/\/www.nettali.com"]}]}},"_links":{"self":[{"href":"https:\/\/www.nettali.com\/rest\/wp\/v2\/posts\/155170"}],"collection":[{"href":"https:\/\/www.nettali.com\/rest\/wp\/v2\/posts"}],"about":[{"href":"https:\/\/www.nettali.com\/rest\/wp\/v2\/types\/post"}],"author":[{"embeddable":true,"href":"https:\/\/www.nettali.com\/rest\/wp\/v2\/users\/2"}],"replies":[{"embeddable":true,"href":"https:\/\/www.nettali.com\/rest\/wp\/v2\/comments?post=155170"}],"version-history":[{"count":1,"href":"https:\/\/www.nettali.com\/rest\/wp\/v2\/posts\/155170\/revisions"}],"predecessor-version":[{"id":155172,"href":"https:\/\/www.nettali.com\/rest\/wp\/v2\/posts\/155170\/revisions\/155172"}],"wp:featuredmedia":[{"embeddable":true,"href":"https:\/\/www.nettali.com\/rest\/wp\/v2\/media\/155171"}],"wp:attachment":[{"href":"https:\/\/www.nettali.com\/rest\/wp\/v2\/media?parent=155170"}],"wp:term":[{"taxonomy":"category","embeddable":true,"href":"https:\/\/www.nettali.com\/rest\/wp\/v2\/categories?post=155170"},{"taxonomy":"post_tag","embeddable":true,"href":"https:\/\/www.nettali.com\/rest\/wp\/v2\/tags?post=155170"}],"curies":[{"name":"wp","href":"https:\/\/api.w.org\/{rel}","templated":true}]}}