{"id":155167,"date":"2025-06-02T10:00:30","date_gmt":"2025-06-02T10:00:30","guid":{"rendered":"https:\/\/www.nettali.com\/?p=155167"},"modified":"2025-06-02T00:47:15","modified_gmt":"2025-06-02T00:47:15","slug":"inter-ca-a-chauffe-entre-frattesi-et-inzaghi","status":"publish","type":"post","link":"https:\/\/www.nettali.com\/2025\/06\/02\/inter-ca-a-chauffe-entre-frattesi-et-inzaghi\/","title":{"rendered":"INTER - \u00c7a a chauff\u00e9 entre Frattesi et Inzaghi"},"content":{"rendered":"<p><strong>NETTALI.COM -<\/strong> De la tension dans le vestiaire de l\u2019Inter apr\u00e8s la d\u00e9culott\u00e9e subie face au Paris Saint-Germain (0-5) samedi, en finale de la Ligue des Champions. Avec un joueur particuli\u00e8rement frustr\u00e9 : Davide Frattesi (25 ans, 13 apparitions et 2 buts en LdC cette saison), h\u00e9ros en quarts puis en demi-finale face au Bayern Munich et au FC Barcelone, qui a pass\u00e9 l\u2019int\u00e9gralit\u00e9 de la rencontre sur le banc des rempla\u00e7ants.<\/p>\n<p>Selon La Gazzetta dello Sport, le milieu de terrain aurait ainsi tap\u00e9 sur l\u2019\u00e9paule de son entra\u00eeneur Simone Inzaghi pour lui demander des comptes apr\u00e8s la rencontre, dans l'intimit\u00e9 du vestiaire.<\/p>\n<p>Une confrontation d\u00e9crite comme \u201cmuscl\u00e9e\u201d, mais assez courte, par le quotidien au papier rose, qui annonce un d\u00e9part probable de l\u2019international italien si le fr\u00e8re de Filippo venait \u00e0 rester sur le banc.<\/p>\n<div class='share-to-whatsapp-wrapper'><div class='share-on-whsp'>PARTAGER SUR : <\/div><a data-text='INTER - \u00c7a a chauff\u00e9 entre Frattesi et Inzaghi' data-link='https:\/\/www.nettali.com\/2025\/06\/02\/inter-ca-a-chauffe-entre-frattesi-et-inzaghi\/' class='whatsapp-button whatsapp-share'>WhatsApp<\/a><div class='clear '><\/div><\/div>","protected":false},"excerpt":{"rendered":"<p>NETTALI.COM - De la tension dans le vestiaire de l\u2019Inter apr\u00e8s la d\u00e9culott\u00e9e subie face au Paris Saint-Germain (0-5) samedi, en finale de la Ligue des Champions. Avec un joueur particuli\u00e8rement frustr\u00e9 : Davide Frattesi (25 ans, 13 apparitions et 2 buts en LdC cette saison), h\u00e9ros en quarts puis en demi-finale face au Bayern [&hellip;]<\/p>\n","protected":false},"author":2,"featured_media":155168,"comment_status":"open","ping_status":"open","sticky":false,"template":"","format":"standard","meta":{"_et_pb_use_builder":"","_et_pb_old_content":""},"categories":[6],"tags":[],"yoast_head":"<!-- This site is optimized with the Yoast SEO Premium plugin v17.8 (Yoast SEO v17.8) - https:\/\/yoast.com\/wordpress\/plugins\/seo\/ -->\n<title>INTER - \u00c7a a chauff\u00e9 entre Frattesi et Inzaghi | Nettali.com<\/title>\n<meta name=\"robots\" content=\"index, follow, max-snippet:-1, max-image-preview:large, max-video-preview:-1\" \/>\n<link rel=\"canonical\" href=\"https:\/\/www.nettali.com\/2025\/06\/02\/inter-ca-a-chauffe-entre-frattesi-et-inzaghi\/\" \/>\n<meta property=\"og:locale\" content=\"fr_FR\" \/>\n<meta property=\"og:type\" content=\"article\" \/>\n<meta property=\"og:title\" content=\"INTER - \u00c7a a chauff\u00e9 entre Frattesi et Inzaghi\" \/>\n<meta property=\"og:description\" content=\"NETTALI.COM - De la tension dans le vestiaire de l\u2019Inter apr\u00e8s la d\u00e9culott\u00e9e subie face au Paris Saint-Germain (0-5) samedi, en finale de la Ligue des Champions. Avec un joueur particuli\u00e8rement frustr\u00e9 : Davide Frattesi (25 ans, 13 apparitions et 2 buts en LdC cette saison), h\u00e9ros en quarts puis en demi-finale face au Bayern [&hellip;]\" \/>\n<meta property=\"og:url\" content=\"https:\/\/www.nettali.com\/2025\/06\/02\/inter-ca-a-chauffe-entre-frattesi-et-inzaghi\/\" \/>\n<meta property=\"og:site_name\" content=\"Nettali.com\" \/>\n<meta property=\"article:publisher\" content=\"https:\/\/www.facebook.com\/nettalicom\" \/>\n<meta property=\"article:published_time\" content=\"2025-06-02T10:00:30+00:00\" \/>\n<meta property=\"article:modified_time\" content=\"2025-06-02T00:47:15+00:00\" \/>\n<meta property=\"og:image\" content=\"https:\/\/www.nettali.com\/wp-content\/uploads\/2025\/06\/Simone-Inzaghi-messy-Inter-Barcelona-414x276-1.jpg\" \/>\n\t<meta property=\"og:image:width\" content=\"414\" \/>\n\t<meta property=\"og:image:height\" content=\"276\" \/>\n<meta name=\"twitter:card\" content=\"summary_large_image\" \/>\n<meta name=\"twitter:label1\" content=\"\u00c9crit par\" \/>\n\t<meta name=\"twitter:data1\" content=\"CK\" \/>\n\t<meta name=\"twitter:label2\" content=\"Dur\u00e9e de lecture estim\u00e9e\" \/>\n\t<meta name=\"twitter:data2\" content=\"1 minute\" \/>\n<script type=\"application\/ld+json\" class=\"yoast-schema-graph\">{\"@context\":\"https:\/\/schema.org\",\"@graph\":[{\"@type\":\"WebSite\",\"@id\":\"https:\/\/www.nettali.com\/#website\",\"url\":\"https:\/\/www.nettali.com\/\",\"name\":\"Nettali.com\",\"description\":\"Le rendez-vous critique du Net\",\"potentialAction\":[{\"@type\":\"SearchAction\",\"target\":{\"@type\":\"EntryPoint\",\"urlTemplate\":\"https:\/\/www.nettali.com\/?s={search_term_string}\"},\"query-input\":\"required name=search_term_string\"}],\"inLanguage\":\"fr-FR\"},{\"@type\":\"ImageObject\",\"@id\":\"https:\/\/www.nettali.com\/2025\/06\/02\/inter-ca-a-chauffe-entre-frattesi-et-inzaghi\/#primaryimage\",\"inLanguage\":\"fr-FR\",\"url\":\"https:\/\/www.nettali.com\/wp-content\/uploads\/2025\/06\/Simone-Inzaghi-messy-Inter-Barcelona-414x276-1.jpg\",\"contentUrl\":\"https:\/\/www.nettali.com\/wp-content\/uploads\/2025\/06\/Simone-Inzaghi-messy-Inter-Barcelona-414x276-1.jpg\",\"width\":414,\"height\":276},{\"@type\":\"WebPage\",\"@id\":\"https:\/\/www.nettali.com\/2025\/06\/02\/inter-ca-a-chauffe-entre-frattesi-et-inzaghi\/#webpage\",\"url\":\"https:\/\/www.nettali.com\/2025\/06\/02\/inter-ca-a-chauffe-entre-frattesi-et-inzaghi\/\",\"name\":\"INTER - \\u00c7a a chauff\\u00e9 entre Frattesi et Inzaghi | Nettali.com\",\"isPartOf\":{\"@id\":\"https:\/\/www.nettali.com\/#website\"},\"primaryImageOfPage\":{\"@id\":\"https:\/\/www.nettali.com\/2025\/06\/02\/inter-ca-a-chauffe-entre-frattesi-et-inzaghi\/#primaryimage\"},\"datePublished\":\"2025-06-02T10:00:30+00:00\",\"dateModified\":\"2025-06-02T00:47:15+00:00\",\"author\":{\"@id\":\"https:\/\/www.nettali.com\/#\/schema\/person\/d8ac7b7e27ddad43f1c0d2ef090d7f71\"},\"breadcrumb\":{\"@id\":\"https:\/\/www.nettali.com\/2025\/06\/02\/inter-ca-a-chauffe-entre-frattesi-et-inzaghi\/#breadcrumb\"},\"inLanguage\":\"fr-FR\",\"potentialAction\":[{\"@type\":\"ReadAction\",\"target\":[\"https:\/\/www.nettali.com\/2025\/06\/02\/inter-ca-a-chauffe-entre-frattesi-et-inzaghi\/\"]}]},{\"@type\":\"BreadcrumbList\",\"@id\":\"https:\/\/www.nettali.com\/2025\/06\/02\/inter-ca-a-chauffe-entre-frattesi-et-inzaghi\/#breadcrumb\",\"itemListElement\":[{\"@type\":\"ListItem\",\"position\":1,\"name\":\"Accueil\",\"item\":\"https:\/\/www.nettali.com\/\"},{\"@type\":\"ListItem\",\"position\":2,\"name\":\"INTER - \\u00c7a a chauff\\u00e9 entre Frattesi et Inzaghi\"}]},{\"@type\":\"Person\",\"@id\":\"https:\/\/www.nettali.com\/#\/schema\/person\/d8ac7b7e27ddad43f1c0d2ef090d7f71\",\"name\":\"CK\",\"image\":{\"@type\":\"ImageObject\",\"@id\":\"https:\/\/www.nettali.com\/#personlogo\",\"inLanguage\":\"fr-FR\",\"url\":\"https:\/\/secure.gravatar.com\/avatar\/1d8d5118b9327d94da7cd4ce7f17fec2?s=96&d=mm&r=g\",\"contentUrl\":\"https:\/\/secure.gravatar.com\/avatar\/1d8d5118b9327d94da7cd4ce7f17fec2?s=96&d=mm&r=g\",\"caption\":\"CK\"},\"sameAs\":[\"https:\/\/www.nettali.com\"]}]}<\/script>\n<!-- \/ Yoast SEO Premium plugin. -->","yoast_head_json":{"title":"INTER - \u00c7a a chauff\u00e9 entre Frattesi et Inzaghi | Nettali.com","robots":{"index":"index","follow":"follow","max-snippet":"max-snippet:-1","max-image-preview":"max-image-preview:large","max-video-preview":"max-video-preview:-1"},"canonical":"https:\/\/www.nettali.com\/2025\/06\/02\/inter-ca-a-chauffe-entre-frattesi-et-inzaghi\/","og_locale":"fr_FR","og_type":"article","og_title":"INTER - \u00c7a a chauff\u00e9 entre Frattesi et Inzaghi","og_description":"NETTALI.COM - De la tension dans le vestiaire de l\u2019Inter apr\u00e8s la d\u00e9culott\u00e9e subie face au Paris Saint-Germain (0-5) samedi, en finale de la Ligue des Champions. Avec un joueur particuli\u00e8rement frustr\u00e9 : Davide Frattesi (25 ans, 13 apparitions et 2 buts en LdC cette saison), h\u00e9ros en quarts puis en demi-finale face au Bayern [&hellip;]","og_url":"https:\/\/www.nettali.com\/2025\/06\/02\/inter-ca-a-chauffe-entre-frattesi-et-inzaghi\/","og_site_name":"Nettali.com","article_publisher":"https:\/\/www.facebook.com\/nettalicom","article_published_time":"2025-06-02T10:00:30+00:00","article_modified_time":"2025-06-02T00:47:15+00:00","og_image":[{"width":414,"height":276,"url":"https:\/\/www.nettali.com\/wp-content\/uploads\/2025\/06\/Simone-Inzaghi-messy-Inter-Barcelona-414x276-1.jpg","type":"image\/jpeg"}],"twitter_card":"summary_large_image","twitter_misc":{"\u00c9crit par":"CK","Dur\u00e9e de lecture estim\u00e9e":"1 minute"},"schema":{"@context":"https:\/\/schema.org","@graph":[{"@type":"WebSite","@id":"https:\/\/www.nettali.com\/#website","url":"https:\/\/www.nettali.com\/","name":"Nettali.com","description":"Le rendez-vous critique du Net","potentialAction":[{"@type":"SearchAction","target":{"@type":"EntryPoint","urlTemplate":"https:\/\/www.nettali.com\/?s={search_term_string}"},"query-input":"required name=search_term_string"}],"inLanguage":"fr-FR"},{"@type":"ImageObject","@id":"https:\/\/www.nettali.com\/2025\/06\/02\/inter-ca-a-chauffe-entre-frattesi-et-inzaghi\/#primaryimage","inLanguage":"fr-FR","url":"https:\/\/www.nettali.com\/wp-content\/uploads\/2025\/06\/Simone-Inzaghi-messy-Inter-Barcelona-414x276-1.jpg","contentUrl":"https:\/\/www.nettali.com\/wp-content\/uploads\/2025\/06\/Simone-Inzaghi-messy-Inter-Barcelona-414x276-1.jpg","width":414,"height":276},{"@type":"WebPage","@id":"https:\/\/www.nettali.com\/2025\/06\/02\/inter-ca-a-chauffe-entre-frattesi-et-inzaghi\/#webpage","url":"https:\/\/www.nettali.com\/2025\/06\/02\/inter-ca-a-chauffe-entre-frattesi-et-inzaghi\/","name":"INTER - \u00c7a a chauff\u00e9 entre Frattesi et Inzaghi | Nettali.com","isPartOf":{"@id":"https:\/\/www.nettali.com\/#website"},"primaryImageOfPage":{"@id":"https:\/\/www.nettali.com\/2025\/06\/02\/inter-ca-a-chauffe-entre-frattesi-et-inzaghi\/#primaryimage"},"datePublished":"2025-06-02T10:00:30+00:00","dateModified":"2025-06-02T00:47:15+00:00","author":{"@id":"https:\/\/www.nettali.com\/#\/schema\/person\/d8ac7b7e27ddad43f1c0d2ef090d7f71"},"breadcrumb":{"@id":"https:\/\/www.nettali.com\/2025\/06\/02\/inter-ca-a-chauffe-entre-frattesi-et-inzaghi\/#breadcrumb"},"inLanguage":"fr-FR","potentialAction":[{"@type":"ReadAction","target":["https:\/\/www.nettali.com\/2025\/06\/02\/inter-ca-a-chauffe-entre-frattesi-et-inzaghi\/"]}]},{"@type":"BreadcrumbList","@id":"https:\/\/www.nettali.com\/2025\/06\/02\/inter-ca-a-chauffe-entre-frattesi-et-inzaghi\/#breadcrumb","itemListElement":[{"@type":"ListItem","position":1,"name":"Accueil","item":"https:\/\/www.nettali.com\/"},{"@type":"ListItem","position":2,"name":"INTER - \u00c7a a chauff\u00e9 entre Frattesi et Inzaghi"}]},{"@type":"Person","@id":"https:\/\/www.nettali.com\/#\/schema\/person\/d8ac7b7e27ddad43f1c0d2ef090d7f71","name":"CK","image":{"@type":"ImageObject","@id":"https:\/\/www.nettali.com\/#personlogo","inLanguage":"fr-FR","url":"https:\/\/secure.gravatar.com\/avatar\/1d8d5118b9327d94da7cd4ce7f17fec2?s=96&d=mm&r=g","contentUrl":"https:\/\/secure.gravatar.com\/avatar\/1d8d5118b9327d94da7cd4ce7f17fec2?s=96&d=mm&r=g","caption":"CK"},"sameAs":["https:\/\/www.nettali.com"]}]}},"_links":{"self":[{"href":"https:\/\/www.nettali.com\/rest\/wp\/v2\/posts\/155167"}],"collection":[{"href":"https:\/\/www.nettali.com\/rest\/wp\/v2\/posts"}],"about":[{"href":"https:\/\/www.nettali.com\/rest\/wp\/v2\/types\/post"}],"author":[{"embeddable":true,"href":"https:\/\/www.nettali.com\/rest\/wp\/v2\/users\/2"}],"replies":[{"embeddable":true,"href":"https:\/\/www.nettali.com\/rest\/wp\/v2\/comments?post=155167"}],"version-history":[{"count":1,"href":"https:\/\/www.nettali.com\/rest\/wp\/v2\/posts\/155167\/revisions"}],"predecessor-version":[{"id":155169,"href":"https:\/\/www.nettali.com\/rest\/wp\/v2\/posts\/155167\/revisions\/155169"}],"wp:featuredmedia":[{"embeddable":true,"href":"https:\/\/www.nettali.com\/rest\/wp\/v2\/media\/155168"}],"wp:attachment":[{"href":"https:\/\/www.nettali.com\/rest\/wp\/v2\/media?parent=155167"}],"wp:term":[{"taxonomy":"category","embeddable":true,"href":"https:\/\/www.nettali.com\/rest\/wp\/v2\/categories?post=155167"},{"taxonomy":"post_tag","embeddable":true,"href":"https:\/\/www.nettali.com\/rest\/wp\/v2\/tags?post=155167"}],"curies":[{"name":"wp","href":"https:\/\/api.w.org\/{rel}","templated":true}]}}