{"id":155158,"date":"2025-06-02T00:12:23","date_gmt":"2025-06-02T00:12:23","guid":{"rendered":"https:\/\/www.nettali.com\/?p=155158"},"modified":"2025-06-02T00:12:23","modified_gmt":"2025-06-02T00:12:23","slug":"ousmane-sonko-a-conackry","status":"publish","type":"post","link":"https:\/\/www.nettali.com\/2025\/06\/02\/ousmane-sonko-a-conackry\/","title":{"rendered":"Ousmane Sonko \u00e0 Conackry"},"content":{"rendered":"<p><strong>NETTALI.COM -<\/strong> Le Premier ministre du S\u00e9n\u00e9gal, Ousmane Sonko, effectue, depuis hier dimanche 1er juin, une visite dans le cadre du renforcement des liens et de la coop\u00e9ration bilat\u00e9rale entre Dakar et Conakry. Cette mission s\u2019inscrit dans la dynamique impuls\u00e9e par les chefs d\u2019\u00c9tat des deux pays, le g\u00e9n\u00e9ral Mamadi Doumbouya et le pr\u00e9sident Bassirou Diomaye Faye, qui souhaitent redonner un nouveau souffle aux relations entre les deux pays.<\/p>\n<p>Cette visite intervient une semaine apr\u00e8s la tenue, \u00e0 Dakar, de la sixi\u00e8me session de la Grande commission mixte de coop\u00e9ration S\u00e9n\u00e9gal-Guin\u00e9e, marqu\u00e9e par la participation active des ministres des Affaires \u00e9trang\u00e8res des deux \u00c9tats. La rencontre avait permis de baliser le terrain pour de nouveaux accords dans des secteurs cl\u00e9s comme l\u2019\u00e9nergie, les transports, la s\u00e9curit\u00e9 transfrontali\u00e8re et la libre circulation des personnes et des biens.<\/p>\n<p>Selon le programme officiel, Ousmane Sonko sera accueilli le 1er juin \u00e0 15 h \u00e0 l\u2019a\u00e9roport international Ahmed S\u00e9kou Tour\u00e9 par son homologue guin\u00e9en Amadou Oury Bah. Le lendemain, lundi 2 juin, les deux chefs de gouvernement tiendront un entretien en t\u00eate-\u00e0-t\u00eate suivi d\u2019une s\u00e9ance de travail \u00e9largie aux d\u00e9l\u00e9gations minist\u00e9rielles, afin d\u2019approfondir les discussions sur les dossiers strat\u00e9giques. Une d\u00e9claration de presse conjointe est pr\u00e9vue au palais de la colombe, pour mettre en exergue les convergences politiques et diplomatiques entre Dakar et Conakry.<\/p>\n<p>Le Premier ministre Sonko sera ensuite re\u00e7u par le pr\u00e9sident de la R\u00e9publique de Guin\u00e9e, le g\u00e9n\u00e9ral Mamadi Doumbouya, au palais Mohamed V, avant de regagner Dakar le 2 juin \u00e0 17 h.<\/p>\n<p>Cette visite marque une \u00e9tape significative dans la redynamisation des relations s\u00e9n\u00e9galoguin\u00e9ennes, dans un contexte ouest-africain o\u00f9 les logiques de coop\u00e9ration r\u00e9gionale peinent souvent \u00e0 se mat\u00e9rialiser.<\/p>\n<div class='share-to-whatsapp-wrapper'><div class='share-on-whsp'>PARTAGER SUR : <\/div><a data-text='Ousmane Sonko \u00e0 Conackry' data-link='https:\/\/www.nettali.com\/2025\/06\/02\/ousmane-sonko-a-conackry\/' class='whatsapp-button whatsapp-share'>WhatsApp<\/a><div class='clear '><\/div><\/div>","protected":false},"excerpt":{"rendered":"<p>NETTALI.COM - Le Premier ministre du S\u00e9n\u00e9gal, Ousmane Sonko, effectue, depuis hier dimanche 1er juin, une visite dans le cadre du renforcement des liens et de la coop\u00e9ration bilat\u00e9rale entre Dakar et Conakry. Cette mission s\u2019inscrit dans la dynamique impuls\u00e9e par les chefs d\u2019\u00c9tat des deux pays, le g\u00e9n\u00e9ral Mamadi Doumbouya et le pr\u00e9sident Bassirou [&hellip;]<\/p>\n","protected":false},"author":2,"featured_media":155159,"comment_status":"open","ping_status":"open","sticky":false,"template":"","format":"standard","meta":{"_et_pb_use_builder":"","_et_pb_old_content":""},"categories":[8],"tags":[],"yoast_head":"<!-- This site is optimized with the Yoast SEO Premium plugin v17.8 (Yoast SEO v17.8) - https:\/\/yoast.com\/wordpress\/plugins\/seo\/ -->\n<title>Ousmane Sonko \u00e0 Conackry | Nettali.com<\/title>\n<meta name=\"robots\" content=\"index, follow, max-snippet:-1, max-image-preview:large, max-video-preview:-1\" \/>\n<link rel=\"canonical\" href=\"https:\/\/www.nettali.com\/2025\/06\/02\/ousmane-sonko-a-conackry\/\" \/>\n<meta property=\"og:locale\" content=\"fr_FR\" \/>\n<meta property=\"og:type\" content=\"article\" \/>\n<meta property=\"og:title\" content=\"Ousmane Sonko \u00e0 Conackry\" \/>\n<meta property=\"og:description\" content=\"NETTALI.COM - Le Premier ministre du S\u00e9n\u00e9gal, Ousmane Sonko, effectue, depuis hier dimanche 1er juin, une visite dans le cadre du renforcement des liens et de la coop\u00e9ration bilat\u00e9rale entre Dakar et Conakry. Cette mission s\u2019inscrit dans la dynamique impuls\u00e9e par les chefs d\u2019\u00c9tat des deux pays, le g\u00e9n\u00e9ral Mamadi Doumbouya et le pr\u00e9sident Bassirou [&hellip;]\" \/>\n<meta property=\"og:url\" content=\"https:\/\/www.nettali.com\/2025\/06\/02\/ousmane-sonko-a-conackry\/\" \/>\n<meta property=\"og:site_name\" content=\"Nettali.com\" \/>\n<meta property=\"article:publisher\" content=\"https:\/\/www.facebook.com\/nettalicom\" \/>\n<meta property=\"article:published_time\" content=\"2025-06-02T00:12:23+00:00\" \/>\n<meta property=\"og:image\" content=\"https:\/\/www.nettali.com\/wp-content\/uploads\/2025\/06\/88957453-62961426.jpg\" \/>\n\t<meta property=\"og:image:width\" content=\"2048\" \/>\n\t<meta property=\"og:image:height\" content=\"1310\" \/>\n<meta name=\"twitter:card\" content=\"summary_large_image\" \/>\n<meta name=\"twitter:label1\" content=\"\u00c9crit par\" \/>\n\t<meta name=\"twitter:data1\" content=\"CK\" \/>\n\t<meta name=\"twitter:label2\" content=\"Dur\u00e9e de lecture estim\u00e9e\" \/>\n\t<meta name=\"twitter:data2\" content=\"2 minutes\" \/>\n<script type=\"application\/ld+json\" class=\"yoast-schema-graph\">{\"@context\":\"https:\/\/schema.org\",\"@graph\":[{\"@type\":\"WebSite\",\"@id\":\"https:\/\/www.nettali.com\/#website\",\"url\":\"https:\/\/www.nettali.com\/\",\"name\":\"Nettali.com\",\"description\":\"Le rendez-vous critique du Net\",\"potentialAction\":[{\"@type\":\"SearchAction\",\"target\":{\"@type\":\"EntryPoint\",\"urlTemplate\":\"https:\/\/www.nettali.com\/?s={search_term_string}\"},\"query-input\":\"required name=search_term_string\"}],\"inLanguage\":\"fr-FR\"},{\"@type\":\"ImageObject\",\"@id\":\"https:\/\/www.nettali.com\/2025\/06\/02\/ousmane-sonko-a-conackry\/#primaryimage\",\"inLanguage\":\"fr-FR\",\"url\":\"https:\/\/www.nettali.com\/wp-content\/uploads\/2025\/06\/88957453-62961426.jpg\",\"contentUrl\":\"https:\/\/www.nettali.com\/wp-content\/uploads\/2025\/06\/88957453-62961426.jpg\",\"width\":2048,\"height\":1310},{\"@type\":\"WebPage\",\"@id\":\"https:\/\/www.nettali.com\/2025\/06\/02\/ousmane-sonko-a-conackry\/#webpage\",\"url\":\"https:\/\/www.nettali.com\/2025\/06\/02\/ousmane-sonko-a-conackry\/\",\"name\":\"Ousmane Sonko \\u00e0 Conackry | Nettali.com\",\"isPartOf\":{\"@id\":\"https:\/\/www.nettali.com\/#website\"},\"primaryImageOfPage\":{\"@id\":\"https:\/\/www.nettali.com\/2025\/06\/02\/ousmane-sonko-a-conackry\/#primaryimage\"},\"datePublished\":\"2025-06-02T00:12:23+00:00\",\"dateModified\":\"2025-06-02T00:12:23+00:00\",\"author\":{\"@id\":\"https:\/\/www.nettali.com\/#\/schema\/person\/d8ac7b7e27ddad43f1c0d2ef090d7f71\"},\"breadcrumb\":{\"@id\":\"https:\/\/www.nettali.com\/2025\/06\/02\/ousmane-sonko-a-conackry\/#breadcrumb\"},\"inLanguage\":\"fr-FR\",\"potentialAction\":[{\"@type\":\"ReadAction\",\"target\":[\"https:\/\/www.nettali.com\/2025\/06\/02\/ousmane-sonko-a-conackry\/\"]}]},{\"@type\":\"BreadcrumbList\",\"@id\":\"https:\/\/www.nettali.com\/2025\/06\/02\/ousmane-sonko-a-conackry\/#breadcrumb\",\"itemListElement\":[{\"@type\":\"ListItem\",\"position\":1,\"name\":\"Accueil\",\"item\":\"https:\/\/www.nettali.com\/\"},{\"@type\":\"ListItem\",\"position\":2,\"name\":\"Ousmane Sonko \\u00e0 Conackry\"}]},{\"@type\":\"Person\",\"@id\":\"https:\/\/www.nettali.com\/#\/schema\/person\/d8ac7b7e27ddad43f1c0d2ef090d7f71\",\"name\":\"CK\",\"image\":{\"@type\":\"ImageObject\",\"@id\":\"https:\/\/www.nettali.com\/#personlogo\",\"inLanguage\":\"fr-FR\",\"url\":\"https:\/\/secure.gravatar.com\/avatar\/1d8d5118b9327d94da7cd4ce7f17fec2?s=96&d=mm&r=g\",\"contentUrl\":\"https:\/\/secure.gravatar.com\/avatar\/1d8d5118b9327d94da7cd4ce7f17fec2?s=96&d=mm&r=g\",\"caption\":\"CK\"},\"sameAs\":[\"https:\/\/www.nettali.com\"]}]}<\/script>\n<!-- \/ Yoast SEO Premium plugin. -->","yoast_head_json":{"title":"Ousmane Sonko \u00e0 Conackry | Nettali.com","robots":{"index":"index","follow":"follow","max-snippet":"max-snippet:-1","max-image-preview":"max-image-preview:large","max-video-preview":"max-video-preview:-1"},"canonical":"https:\/\/www.nettali.com\/2025\/06\/02\/ousmane-sonko-a-conackry\/","og_locale":"fr_FR","og_type":"article","og_title":"Ousmane Sonko \u00e0 Conackry","og_description":"NETTALI.COM - Le Premier ministre du S\u00e9n\u00e9gal, Ousmane Sonko, effectue, depuis hier dimanche 1er juin, une visite dans le cadre du renforcement des liens et de la coop\u00e9ration bilat\u00e9rale entre Dakar et Conakry. Cette mission s\u2019inscrit dans la dynamique impuls\u00e9e par les chefs d\u2019\u00c9tat des deux pays, le g\u00e9n\u00e9ral Mamadi Doumbouya et le pr\u00e9sident Bassirou [&hellip;]","og_url":"https:\/\/www.nettali.com\/2025\/06\/02\/ousmane-sonko-a-conackry\/","og_site_name":"Nettali.com","article_publisher":"https:\/\/www.facebook.com\/nettalicom","article_published_time":"2025-06-02T00:12:23+00:00","og_image":[{"width":2048,"height":1310,"url":"https:\/\/www.nettali.com\/wp-content\/uploads\/2025\/06\/88957453-62961426.jpg","type":"image\/jpeg"}],"twitter_card":"summary_large_image","twitter_misc":{"\u00c9crit par":"CK","Dur\u00e9e de lecture estim\u00e9e":"2 minutes"},"schema":{"@context":"https:\/\/schema.org","@graph":[{"@type":"WebSite","@id":"https:\/\/www.nettali.com\/#website","url":"https:\/\/www.nettali.com\/","name":"Nettali.com","description":"Le rendez-vous critique du Net","potentialAction":[{"@type":"SearchAction","target":{"@type":"EntryPoint","urlTemplate":"https:\/\/www.nettali.com\/?s={search_term_string}"},"query-input":"required name=search_term_string"}],"inLanguage":"fr-FR"},{"@type":"ImageObject","@id":"https:\/\/www.nettali.com\/2025\/06\/02\/ousmane-sonko-a-conackry\/#primaryimage","inLanguage":"fr-FR","url":"https:\/\/www.nettali.com\/wp-content\/uploads\/2025\/06\/88957453-62961426.jpg","contentUrl":"https:\/\/www.nettali.com\/wp-content\/uploads\/2025\/06\/88957453-62961426.jpg","width":2048,"height":1310},{"@type":"WebPage","@id":"https:\/\/www.nettali.com\/2025\/06\/02\/ousmane-sonko-a-conackry\/#webpage","url":"https:\/\/www.nettali.com\/2025\/06\/02\/ousmane-sonko-a-conackry\/","name":"Ousmane Sonko \u00e0 Conackry | Nettali.com","isPartOf":{"@id":"https:\/\/www.nettali.com\/#website"},"primaryImageOfPage":{"@id":"https:\/\/www.nettali.com\/2025\/06\/02\/ousmane-sonko-a-conackry\/#primaryimage"},"datePublished":"2025-06-02T00:12:23+00:00","dateModified":"2025-06-02T00:12:23+00:00","author":{"@id":"https:\/\/www.nettali.com\/#\/schema\/person\/d8ac7b7e27ddad43f1c0d2ef090d7f71"},"breadcrumb":{"@id":"https:\/\/www.nettali.com\/2025\/06\/02\/ousmane-sonko-a-conackry\/#breadcrumb"},"inLanguage":"fr-FR","potentialAction":[{"@type":"ReadAction","target":["https:\/\/www.nettali.com\/2025\/06\/02\/ousmane-sonko-a-conackry\/"]}]},{"@type":"BreadcrumbList","@id":"https:\/\/www.nettali.com\/2025\/06\/02\/ousmane-sonko-a-conackry\/#breadcrumb","itemListElement":[{"@type":"ListItem","position":1,"name":"Accueil","item":"https:\/\/www.nettali.com\/"},{"@type":"ListItem","position":2,"name":"Ousmane Sonko \u00e0 Conackry"}]},{"@type":"Person","@id":"https:\/\/www.nettali.com\/#\/schema\/person\/d8ac7b7e27ddad43f1c0d2ef090d7f71","name":"CK","image":{"@type":"ImageObject","@id":"https:\/\/www.nettali.com\/#personlogo","inLanguage":"fr-FR","url":"https:\/\/secure.gravatar.com\/avatar\/1d8d5118b9327d94da7cd4ce7f17fec2?s=96&d=mm&r=g","contentUrl":"https:\/\/secure.gravatar.com\/avatar\/1d8d5118b9327d94da7cd4ce7f17fec2?s=96&d=mm&r=g","caption":"CK"},"sameAs":["https:\/\/www.nettali.com"]}]}},"_links":{"self":[{"href":"https:\/\/www.nettali.com\/rest\/wp\/v2\/posts\/155158"}],"collection":[{"href":"https:\/\/www.nettali.com\/rest\/wp\/v2\/posts"}],"about":[{"href":"https:\/\/www.nettali.com\/rest\/wp\/v2\/types\/post"}],"author":[{"embeddable":true,"href":"https:\/\/www.nettali.com\/rest\/wp\/v2\/users\/2"}],"replies":[{"embeddable":true,"href":"https:\/\/www.nettali.com\/rest\/wp\/v2\/comments?post=155158"}],"version-history":[{"count":1,"href":"https:\/\/www.nettali.com\/rest\/wp\/v2\/posts\/155158\/revisions"}],"predecessor-version":[{"id":155160,"href":"https:\/\/www.nettali.com\/rest\/wp\/v2\/posts\/155158\/revisions\/155160"}],"wp:featuredmedia":[{"embeddable":true,"href":"https:\/\/www.nettali.com\/rest\/wp\/v2\/media\/155159"}],"wp:attachment":[{"href":"https:\/\/www.nettali.com\/rest\/wp\/v2\/media?parent=155158"}],"wp:term":[{"taxonomy":"category","embeddable":true,"href":"https:\/\/www.nettali.com\/rest\/wp\/v2\/categories?post=155158"},{"taxonomy":"post_tag","embeddable":true,"href":"https:\/\/www.nettali.com\/rest\/wp\/v2\/tags?post=155158"}],"curies":[{"name":"wp","href":"https:\/\/api.w.org\/{rel}","templated":true}]}}