{"id":154791,"date":"2025-05-26T13:27:58","date_gmt":"2025-05-26T13:27:58","guid":{"rendered":"https:\/\/www.nettali.com\/?p=154791"},"modified":"2025-05-26T13:27:58","modified_gmt":"2025-05-26T13:27:58","slug":"incident-au-vietnam-macron-dement-toute-dispute-avec-brigitte","status":"publish","type":"post","link":"https:\/\/www.nettali.com\/2025\/05\/26\/incident-au-vietnam-macron-dement-toute-dispute-avec-brigitte\/","title":{"rendered":"INCIDENT AU VIETNAM - Macron d\u00e9ment toute dispute avec Brigitte\u00a0"},"content":{"rendered":"<p data-start=\"240\" data-end=\"488\"><strong>NETTALI.COM - \u00c0 son arriv\u00e9e au Vietnam, le pr\u00e9sident fran\u00e7ais Emmanuel Macron a fermement rejet\u00e9 les rumeurs de tensions conjugales avec son \u00e9pouse Brigitte. Face aux sp\u00e9culations relay\u00e9es sur les r\u00e9seaux sociaux, il a ironis\u00e9 : \u00ab Je vois beaucoup de maboules \u00bb.<\/strong><\/p>\n<p data-start=\"517\" data-end=\"826\">En d\u00e9placement officiel au Vietnam, le pr\u00e9sident Emmanuel Macron a tenu \u00e0 couper court \u00e0 la rumeur d\u2019une pr\u00e9tendue dispute conjugale survenue \u00e0 leur descente d\u2019avion. \u00ab Il n\u2019y a eu aucune sc\u00e8ne de m\u00e9nage \u00bb, a d\u00e9clar\u00e9 le chef de l\u2019\u00c9tat fran\u00e7ais, visiblement amus\u00e9, mais agac\u00e9 par les commentaires en ligne.<\/p>\n<p data-start=\"828\" data-end=\"1089\">La s\u00e9quence, film\u00e9e \u00e0 leur arriv\u00e9e \u00e0 Hano\u00ef, a \u00e9t\u00e9 largement comment\u00e9e sur les r\u00e9seaux sociaux, certains internautes y voyant une tension entre le couple pr\u00e9sidentiel. Une lecture que le pr\u00e9sident a balay\u00e9e d\u2019un revers de main : \u00ab Je vois beaucoup de maboules. \u00bb<\/p>\n<p data-start=\"1091\" data-end=\"1388\">Cette sortie cash, dans le style direct qu\u2019on lui conna\u00eet, vise \u00e0 d\u00e9samorcer une pol\u00e9mique naissante autour de sa vie priv\u00e9e, r\u00e9guli\u00e8rement scrut\u00e9e par une partie de l\u2019opinion. Le pr\u00e9sident en a profit\u00e9 pour rappeler que \u00ab le respect de la vie priv\u00e9e devrait primer sur la recherche du buzz \u00bb.<\/p>\n<p data-start=\"1390\" data-end=\"1571\">Le couple pr\u00e9sidentiel a poursuivi normalement son programme de visite, avec plusieurs entretiens bilat\u00e9raux et une c\u00e9r\u00e9monie officielle d\u2019accueil au palais pr\u00e9sidentiel vietnamien.<\/p>\n<div class='share-to-whatsapp-wrapper'><div class='share-on-whsp'>PARTAGER SUR : <\/div><a data-text='INCIDENT AU VIETNAM - Macron d\u00e9ment toute dispute avec Brigitte\u00a0' data-link='https:\/\/www.nettali.com\/2025\/05\/26\/incident-au-vietnam-macron-dement-toute-dispute-avec-brigitte\/' class='whatsapp-button whatsapp-share'>WhatsApp<\/a><div class='clear '><\/div><\/div>","protected":false},"excerpt":{"rendered":"<p>NETTALI.COM - \u00c0 son arriv\u00e9e au Vietnam, le pr\u00e9sident fran\u00e7ais Emmanuel Macron a fermement rejet\u00e9 les rumeurs de tensions conjugales avec son \u00e9pouse Brigitte. Face aux sp\u00e9culations relay\u00e9es sur les r\u00e9seaux sociaux, il a ironis\u00e9 : \u00ab Je vois beaucoup de maboules \u00bb. En d\u00e9placement officiel au Vietnam, le pr\u00e9sident Emmanuel Macron a tenu \u00e0 [&hellip;]<\/p>\n","protected":false},"author":4,"featured_media":154792,"comment_status":"open","ping_status":"open","sticky":false,"template":"","format":"standard","meta":{"_et_pb_use_builder":"","_et_pb_old_content":""},"categories":[3],"tags":[],"yoast_head":"<!-- This site is optimized with the Yoast SEO Premium plugin v17.8 (Yoast SEO v17.8) - https:\/\/yoast.com\/wordpress\/plugins\/seo\/ -->\n<title>INCIDENT AU VIETNAM - Macron d\u00e9ment toute dispute avec Brigitte\u00a0 | Nettali.com<\/title>\n<meta name=\"robots\" content=\"index, follow, max-snippet:-1, max-image-preview:large, max-video-preview:-1\" \/>\n<link rel=\"canonical\" href=\"https:\/\/www.nettali.com\/2025\/05\/26\/incident-au-vietnam-macron-dement-toute-dispute-avec-brigitte\/\" \/>\n<meta property=\"og:locale\" content=\"fr_FR\" \/>\n<meta property=\"og:type\" content=\"article\" \/>\n<meta property=\"og:title\" content=\"INCIDENT AU VIETNAM - Macron d\u00e9ment toute dispute avec Brigitte\u00a0\" \/>\n<meta property=\"og:description\" content=\"NETTALI.COM - \u00c0 son arriv\u00e9e au Vietnam, le pr\u00e9sident fran\u00e7ais Emmanuel Macron a fermement rejet\u00e9 les rumeurs de tensions conjugales avec son \u00e9pouse Brigitte. Face aux sp\u00e9culations relay\u00e9es sur les r\u00e9seaux sociaux, il a ironis\u00e9 : \u00ab Je vois beaucoup de maboules \u00bb. En d\u00e9placement officiel au Vietnam, le pr\u00e9sident Emmanuel Macron a tenu \u00e0 [&hellip;]\" \/>\n<meta property=\"og:url\" content=\"https:\/\/www.nettali.com\/2025\/05\/26\/incident-au-vietnam-macron-dement-toute-dispute-avec-brigitte\/\" \/>\n<meta property=\"og:site_name\" content=\"Nettali.com\" \/>\n<meta property=\"article:publisher\" content=\"https:\/\/www.facebook.com\/nettalicom\" \/>\n<meta property=\"article:published_time\" content=\"2025-05-26T13:27:58+00:00\" \/>\n<meta property=\"og:image\" content=\"https:\/\/www.nettali.com\/wp-content\/uploads\/2025\/05\/Capture-de\u0301cran-2025-05-26-a\u0300-13.27.00.png\" \/>\n\t<meta property=\"og:image:width\" content=\"1078\" \/>\n\t<meta property=\"og:image:height\" content=\"697\" \/>\n<meta name=\"twitter:card\" content=\"summary_large_image\" \/>\n<meta name=\"twitter:label1\" content=\"\u00c9crit par\" \/>\n\t<meta name=\"twitter:data1\" content=\"Daouda\" \/>\n\t<meta name=\"twitter:label2\" content=\"Dur\u00e9e de lecture estim\u00e9e\" \/>\n\t<meta name=\"twitter:data2\" content=\"2 minutes\" \/>\n<script type=\"application\/ld+json\" class=\"yoast-schema-graph\">{\"@context\":\"https:\/\/schema.org\",\"@graph\":[{\"@type\":\"WebSite\",\"@id\":\"https:\/\/www.nettali.com\/#website\",\"url\":\"https:\/\/www.nettali.com\/\",\"name\":\"Nettali.com\",\"description\":\"Le rendez-vous critique du Net\",\"potentialAction\":[{\"@type\":\"SearchAction\",\"target\":{\"@type\":\"EntryPoint\",\"urlTemplate\":\"https:\/\/www.nettali.com\/?s={search_term_string}\"},\"query-input\":\"required name=search_term_string\"}],\"inLanguage\":\"fr-FR\"},{\"@type\":\"ImageObject\",\"@id\":\"https:\/\/www.nettali.com\/2025\/05\/26\/incident-au-vietnam-macron-dement-toute-dispute-avec-brigitte\/#primaryimage\",\"inLanguage\":\"fr-FR\",\"url\":\"https:\/\/www.nettali.com\/wp-content\/uploads\/2025\/05\/Capture-de\\u0301cran-2025-05-26-a\\u0300-13.27.00.png\",\"contentUrl\":\"https:\/\/www.nettali.com\/wp-content\/uploads\/2025\/05\/Capture-de\\u0301cran-2025-05-26-a\\u0300-13.27.00.png\",\"width\":1078,\"height\":697},{\"@type\":\"WebPage\",\"@id\":\"https:\/\/www.nettali.com\/2025\/05\/26\/incident-au-vietnam-macron-dement-toute-dispute-avec-brigitte\/#webpage\",\"url\":\"https:\/\/www.nettali.com\/2025\/05\/26\/incident-au-vietnam-macron-dement-toute-dispute-avec-brigitte\/\",\"name\":\"INCIDENT AU VIETNAM - Macron d\\u00e9ment toute dispute avec Brigitte\\u00a0 | Nettali.com\",\"isPartOf\":{\"@id\":\"https:\/\/www.nettali.com\/#website\"},\"primaryImageOfPage\":{\"@id\":\"https:\/\/www.nettali.com\/2025\/05\/26\/incident-au-vietnam-macron-dement-toute-dispute-avec-brigitte\/#primaryimage\"},\"datePublished\":\"2025-05-26T13:27:58+00:00\",\"dateModified\":\"2025-05-26T13:27:58+00:00\",\"author\":{\"@id\":\"https:\/\/www.nettali.com\/#\/schema\/person\/3317e0bb3aa1da309fbf7b2780901bf4\"},\"breadcrumb\":{\"@id\":\"https:\/\/www.nettali.com\/2025\/05\/26\/incident-au-vietnam-macron-dement-toute-dispute-avec-brigitte\/#breadcrumb\"},\"inLanguage\":\"fr-FR\",\"potentialAction\":[{\"@type\":\"ReadAction\",\"target\":[\"https:\/\/www.nettali.com\/2025\/05\/26\/incident-au-vietnam-macron-dement-toute-dispute-avec-brigitte\/\"]}]},{\"@type\":\"BreadcrumbList\",\"@id\":\"https:\/\/www.nettali.com\/2025\/05\/26\/incident-au-vietnam-macron-dement-toute-dispute-avec-brigitte\/#breadcrumb\",\"itemListElement\":[{\"@type\":\"ListItem\",\"position\":1,\"name\":\"Accueil\",\"item\":\"https:\/\/www.nettali.com\/\"},{\"@type\":\"ListItem\",\"position\":2,\"name\":\"INCIDENT AU VIETNAM - Macron d\\u00e9ment toute dispute avec Brigitte\\u00a0\"}]},{\"@type\":\"Person\",\"@id\":\"https:\/\/www.nettali.com\/#\/schema\/person\/3317e0bb3aa1da309fbf7b2780901bf4\",\"name\":\"Daouda\",\"image\":{\"@type\":\"ImageObject\",\"@id\":\"https:\/\/www.nettali.com\/#personlogo\",\"inLanguage\":\"fr-FR\",\"url\":\"https:\/\/secure.gravatar.com\/avatar\/8d143b5a49345098ddcfee1c49c2f47c?s=96&d=mm&r=g\",\"contentUrl\":\"https:\/\/secure.gravatar.com\/avatar\/8d143b5a49345098ddcfee1c49c2f47c?s=96&d=mm&r=g\",\"caption\":\"Daouda\"},\"sameAs\":[\"https:\/\/www.nettali.com\"]}]}<\/script>\n<!-- \/ Yoast SEO Premium plugin. -->","yoast_head_json":{"title":"INCIDENT AU VIETNAM - Macron d\u00e9ment toute dispute avec Brigitte\u00a0 | Nettali.com","robots":{"index":"index","follow":"follow","max-snippet":"max-snippet:-1","max-image-preview":"max-image-preview:large","max-video-preview":"max-video-preview:-1"},"canonical":"https:\/\/www.nettali.com\/2025\/05\/26\/incident-au-vietnam-macron-dement-toute-dispute-avec-brigitte\/","og_locale":"fr_FR","og_type":"article","og_title":"INCIDENT AU VIETNAM - Macron d\u00e9ment toute dispute avec Brigitte\u00a0","og_description":"NETTALI.COM - \u00c0 son arriv\u00e9e au Vietnam, le pr\u00e9sident fran\u00e7ais Emmanuel Macron a fermement rejet\u00e9 les rumeurs de tensions conjugales avec son \u00e9pouse Brigitte. Face aux sp\u00e9culations relay\u00e9es sur les r\u00e9seaux sociaux, il a ironis\u00e9 : \u00ab Je vois beaucoup de maboules \u00bb. En d\u00e9placement officiel au Vietnam, le pr\u00e9sident Emmanuel Macron a tenu \u00e0 [&hellip;]","og_url":"https:\/\/www.nettali.com\/2025\/05\/26\/incident-au-vietnam-macron-dement-toute-dispute-avec-brigitte\/","og_site_name":"Nettali.com","article_publisher":"https:\/\/www.facebook.com\/nettalicom","article_published_time":"2025-05-26T13:27:58+00:00","og_image":[{"width":1078,"height":697,"url":"https:\/\/www.nettali.com\/wp-content\/uploads\/2025\/05\/Capture-de\u0301cran-2025-05-26-a\u0300-13.27.00.png","type":"image\/png"}],"twitter_card":"summary_large_image","twitter_misc":{"\u00c9crit par":"Daouda","Dur\u00e9e de lecture estim\u00e9e":"2 minutes"},"schema":{"@context":"https:\/\/schema.org","@graph":[{"@type":"WebSite","@id":"https:\/\/www.nettali.com\/#website","url":"https:\/\/www.nettali.com\/","name":"Nettali.com","description":"Le rendez-vous critique du Net","potentialAction":[{"@type":"SearchAction","target":{"@type":"EntryPoint","urlTemplate":"https:\/\/www.nettali.com\/?s={search_term_string}"},"query-input":"required name=search_term_string"}],"inLanguage":"fr-FR"},{"@type":"ImageObject","@id":"https:\/\/www.nettali.com\/2025\/05\/26\/incident-au-vietnam-macron-dement-toute-dispute-avec-brigitte\/#primaryimage","inLanguage":"fr-FR","url":"https:\/\/www.nettali.com\/wp-content\/uploads\/2025\/05\/Capture-de\u0301cran-2025-05-26-a\u0300-13.27.00.png","contentUrl":"https:\/\/www.nettali.com\/wp-content\/uploads\/2025\/05\/Capture-de\u0301cran-2025-05-26-a\u0300-13.27.00.png","width":1078,"height":697},{"@type":"WebPage","@id":"https:\/\/www.nettali.com\/2025\/05\/26\/incident-au-vietnam-macron-dement-toute-dispute-avec-brigitte\/#webpage","url":"https:\/\/www.nettali.com\/2025\/05\/26\/incident-au-vietnam-macron-dement-toute-dispute-avec-brigitte\/","name":"INCIDENT AU VIETNAM - Macron d\u00e9ment toute dispute avec Brigitte\u00a0 | Nettali.com","isPartOf":{"@id":"https:\/\/www.nettali.com\/#website"},"primaryImageOfPage":{"@id":"https:\/\/www.nettali.com\/2025\/05\/26\/incident-au-vietnam-macron-dement-toute-dispute-avec-brigitte\/#primaryimage"},"datePublished":"2025-05-26T13:27:58+00:00","dateModified":"2025-05-26T13:27:58+00:00","author":{"@id":"https:\/\/www.nettali.com\/#\/schema\/person\/3317e0bb3aa1da309fbf7b2780901bf4"},"breadcrumb":{"@id":"https:\/\/www.nettali.com\/2025\/05\/26\/incident-au-vietnam-macron-dement-toute-dispute-avec-brigitte\/#breadcrumb"},"inLanguage":"fr-FR","potentialAction":[{"@type":"ReadAction","target":["https:\/\/www.nettali.com\/2025\/05\/26\/incident-au-vietnam-macron-dement-toute-dispute-avec-brigitte\/"]}]},{"@type":"BreadcrumbList","@id":"https:\/\/www.nettali.com\/2025\/05\/26\/incident-au-vietnam-macron-dement-toute-dispute-avec-brigitte\/#breadcrumb","itemListElement":[{"@type":"ListItem","position":1,"name":"Accueil","item":"https:\/\/www.nettali.com\/"},{"@type":"ListItem","position":2,"name":"INCIDENT AU VIETNAM - Macron d\u00e9ment toute dispute avec Brigitte\u00a0"}]},{"@type":"Person","@id":"https:\/\/www.nettali.com\/#\/schema\/person\/3317e0bb3aa1da309fbf7b2780901bf4","name":"Daouda","image":{"@type":"ImageObject","@id":"https:\/\/www.nettali.com\/#personlogo","inLanguage":"fr-FR","url":"https:\/\/secure.gravatar.com\/avatar\/8d143b5a49345098ddcfee1c49c2f47c?s=96&d=mm&r=g","contentUrl":"https:\/\/secure.gravatar.com\/avatar\/8d143b5a49345098ddcfee1c49c2f47c?s=96&d=mm&r=g","caption":"Daouda"},"sameAs":["https:\/\/www.nettali.com"]}]}},"_links":{"self":[{"href":"https:\/\/www.nettali.com\/rest\/wp\/v2\/posts\/154791"}],"collection":[{"href":"https:\/\/www.nettali.com\/rest\/wp\/v2\/posts"}],"about":[{"href":"https:\/\/www.nettali.com\/rest\/wp\/v2\/types\/post"}],"author":[{"embeddable":true,"href":"https:\/\/www.nettali.com\/rest\/wp\/v2\/users\/4"}],"replies":[{"embeddable":true,"href":"https:\/\/www.nettali.com\/rest\/wp\/v2\/comments?post=154791"}],"version-history":[{"count":1,"href":"https:\/\/www.nettali.com\/rest\/wp\/v2\/posts\/154791\/revisions"}],"predecessor-version":[{"id":154793,"href":"https:\/\/www.nettali.com\/rest\/wp\/v2\/posts\/154791\/revisions\/154793"}],"wp:featuredmedia":[{"embeddable":true,"href":"https:\/\/www.nettali.com\/rest\/wp\/v2\/media\/154792"}],"wp:attachment":[{"href":"https:\/\/www.nettali.com\/rest\/wp\/v2\/media?parent=154791"}],"wp:term":[{"taxonomy":"category","embeddable":true,"href":"https:\/\/www.nettali.com\/rest\/wp\/v2\/categories?post=154791"},{"taxonomy":"post_tag","embeddable":true,"href":"https:\/\/www.nettali.com\/rest\/wp\/v2\/tags?post=154791"}],"curies":[{"name":"wp","href":"https:\/\/api.w.org\/{rel}","templated":true}]}}