{"id":154785,"date":"2025-05-26T12:55:19","date_gmt":"2025-05-26T12:55:19","guid":{"rendered":"https:\/\/www.nettali.com\/?p=154785"},"modified":"2025-05-26T12:55:19","modified_gmt":"2025-05-26T12:55:19","slug":"diplomatie-bassirou-diomaye-faye-en-visite-detat-de-deux-jours-en-guinee-bissau","status":"publish","type":"post","link":"https:\/\/www.nettali.com\/2025\/05\/26\/diplomatie-bassirou-diomaye-faye-en-visite-detat-de-deux-jours-en-guinee-bissau\/","title":{"rendered":"DIPLOMATIE - Bassirou Diomaye Faye en visite d\u2019\u00c9tat de deux jours en Guin\u00e9e-Bissau"},"content":{"rendered":"<p data-start=\"207\" data-end=\"526\"><strong>NETTALI.COM - Le pr\u00e9sident s\u00e9n\u00e9galais Bassirou Diomaye Faye a quitt\u00e9 Dakar ce lundi matin pour Bissau o\u00f9 il entame une visite d\u2019\u00c9tat de 48 heures, \u00e0 l\u2019invitation de son homologue bissau-guin\u00e9en, Umaro Sissoco Embal\u00f3. Une mission diplomatique qui vise \u00e0 consolider les relations de bon voisinage et de coop\u00e9ration entre les deux pays.<\/strong><\/p>\n<p data-start=\"557\" data-end=\"1025\">Le chef de l\u2019\u00c9tat s\u00e9n\u00e9galais, Bassirou Diomaye Faye, est arriv\u00e9 ce lundi matin \u00e0 Bissau pour une visite d\u2019\u00c9tat de deux jours, r\u00e9pondant \u00e0 l\u2019invitation de son homologue de Guin\u00e9e-Bissau, Umaro Sissoco Embal\u00f3. Cette visite, qui s\u2019inscrit dans une dynamique de renforcement des liens historiques et strat\u00e9giques entre les deux nations voisines, marque l\u2019une des premi\u00e8res missions diplomatiques majeures du pr\u00e9sident s\u00e9n\u00e9galais depuis son investiture.<\/p>\n<p data-start=\"1027\" data-end=\"1388\">Selon la Pr\u00e9sidence de la R\u00e9publique du S\u00e9n\u00e9gal, le s\u00e9jour du chef de l\u2019\u00c9tat sera rythm\u00e9 par plusieurs temps forts, dont des entretiens bilat\u00e9raux entre les deux chefs d\u2019\u00c9tat, des rencontres entre les d\u00e9l\u00e9gations officielles et des discussions portant sur les domaines cl\u00e9s de coop\u00e9ration : s\u00e9curit\u00e9 transfrontali\u00e8re, commerce, sant\u00e9 et infrastructures.<\/p>\n<p data-start=\"1390\" data-end=\"1697\">Ce d\u00e9placement traduit la volont\u00e9 des deux dirigeants de pr\u00e9server et dynamiser la coop\u00e9ration bilat\u00e9rale, dans un contexte sous-r\u00e9gional marqu\u00e9 par des d\u00e9fis s\u00e9curitaires et \u00e9conomiques. Une d\u00e9claration conjointe et des accords devraient sanctionner cette visite diplomatique \u00e0 l\u2019issue des travaux.<\/p>\n<div class='share-to-whatsapp-wrapper'><div class='share-on-whsp'>PARTAGER SUR : <\/div><a data-text='DIPLOMATIE - Bassirou Diomaye Faye en visite d\u2019\u00c9tat de deux jours en Guin\u00e9e-Bissau' data-link='https:\/\/www.nettali.com\/2025\/05\/26\/diplomatie-bassirou-diomaye-faye-en-visite-detat-de-deux-jours-en-guinee-bissau\/' class='whatsapp-button whatsapp-share'>WhatsApp<\/a><div class='clear '><\/div><\/div>","protected":false},"excerpt":{"rendered":"<p>NETTALI.COM - Le pr\u00e9sident s\u00e9n\u00e9galais Bassirou Diomaye Faye a quitt\u00e9 Dakar ce lundi matin pour Bissau o\u00f9 il entame une visite d\u2019\u00c9tat de 48 heures, \u00e0 l\u2019invitation de son homologue bissau-guin\u00e9en, Umaro Sissoco Embal\u00f3. Une mission diplomatique qui vise \u00e0 consolider les relations de bon voisinage et de coop\u00e9ration entre les deux pays. Le chef [&hellip;]<\/p>\n","protected":false},"author":4,"featured_media":132553,"comment_status":"open","ping_status":"open","sticky":false,"template":"","format":"standard","meta":{"_et_pb_use_builder":"","_et_pb_old_content":""},"categories":[2],"tags":[],"yoast_head":"<!-- This site is optimized with the Yoast SEO Premium plugin v17.8 (Yoast SEO v17.8) - https:\/\/yoast.com\/wordpress\/plugins\/seo\/ -->\n<title>DIPLOMATIE - Bassirou Diomaye Faye en visite d\u2019\u00c9tat de deux jours en Guin\u00e9e-Bissau | Nettali.com<\/title>\n<meta name=\"robots\" content=\"index, follow, max-snippet:-1, max-image-preview:large, max-video-preview:-1\" \/>\n<link rel=\"canonical\" href=\"https:\/\/www.nettali.com\/2025\/05\/26\/diplomatie-bassirou-diomaye-faye-en-visite-detat-de-deux-jours-en-guinee-bissau\/\" \/>\n<meta property=\"og:locale\" content=\"fr_FR\" \/>\n<meta property=\"og:type\" content=\"article\" \/>\n<meta property=\"og:title\" content=\"DIPLOMATIE - Bassirou Diomaye Faye en visite d\u2019\u00c9tat de deux jours en Guin\u00e9e-Bissau\" \/>\n<meta property=\"og:description\" content=\"NETTALI.COM - Le pr\u00e9sident s\u00e9n\u00e9galais Bassirou Diomaye Faye a quitt\u00e9 Dakar ce lundi matin pour Bissau o\u00f9 il entame une visite d\u2019\u00c9tat de 48 heures, \u00e0 l\u2019invitation de son homologue bissau-guin\u00e9en, Umaro Sissoco Embal\u00f3. Une mission diplomatique qui vise \u00e0 consolider les relations de bon voisinage et de coop\u00e9ration entre les deux pays. Le chef [&hellip;]\" \/>\n<meta property=\"og:url\" content=\"https:\/\/www.nettali.com\/2025\/05\/26\/diplomatie-bassirou-diomaye-faye-en-visite-detat-de-deux-jours-en-guinee-bissau\/\" \/>\n<meta property=\"og:site_name\" content=\"Nettali.com\" \/>\n<meta property=\"article:publisher\" content=\"https:\/\/www.facebook.com\/nettalicom\" \/>\n<meta property=\"article:published_time\" content=\"2025-05-26T12:55:19+00:00\" \/>\n<meta property=\"og:image\" content=\"https:\/\/www.nettali.com\/wp-content\/uploads\/2024\/04\/diomaye-voyage-4.jpg\" \/>\n\t<meta property=\"og:image:width\" content=\"2048\" \/>\n\t<meta property=\"og:image:height\" content=\"1364\" \/>\n<meta name=\"twitter:card\" content=\"summary_large_image\" \/>\n<meta name=\"twitter:label1\" content=\"\u00c9crit par\" \/>\n\t<meta name=\"twitter:data1\" content=\"Daouda\" \/>\n\t<meta name=\"twitter:label2\" content=\"Dur\u00e9e de lecture estim\u00e9e\" \/>\n\t<meta name=\"twitter:data2\" content=\"1 minute\" \/>\n<script type=\"application\/ld+json\" class=\"yoast-schema-graph\">{\"@context\":\"https:\/\/schema.org\",\"@graph\":[{\"@type\":\"WebSite\",\"@id\":\"https:\/\/www.nettali.com\/#website\",\"url\":\"https:\/\/www.nettali.com\/\",\"name\":\"Nettali.com\",\"description\":\"Le rendez-vous critique du Net\",\"potentialAction\":[{\"@type\":\"SearchAction\",\"target\":{\"@type\":\"EntryPoint\",\"urlTemplate\":\"https:\/\/www.nettali.com\/?s={search_term_string}\"},\"query-input\":\"required name=search_term_string\"}],\"inLanguage\":\"fr-FR\"},{\"@type\":\"ImageObject\",\"@id\":\"https:\/\/www.nettali.com\/2025\/05\/26\/diplomatie-bassirou-diomaye-faye-en-visite-detat-de-deux-jours-en-guinee-bissau\/#primaryimage\",\"inLanguage\":\"fr-FR\",\"url\":\"https:\/\/www.nettali.com\/wp-content\/uploads\/2024\/04\/diomaye-voyage-4.jpg\",\"contentUrl\":\"https:\/\/www.nettali.com\/wp-content\/uploads\/2024\/04\/diomaye-voyage-4.jpg\",\"width\":2048,\"height\":1364},{\"@type\":\"WebPage\",\"@id\":\"https:\/\/www.nettali.com\/2025\/05\/26\/diplomatie-bassirou-diomaye-faye-en-visite-detat-de-deux-jours-en-guinee-bissau\/#webpage\",\"url\":\"https:\/\/www.nettali.com\/2025\/05\/26\/diplomatie-bassirou-diomaye-faye-en-visite-detat-de-deux-jours-en-guinee-bissau\/\",\"name\":\"DIPLOMATIE - Bassirou Diomaye Faye en visite d\\u2019\\u00c9tat de deux jours en Guin\\u00e9e-Bissau | Nettali.com\",\"isPartOf\":{\"@id\":\"https:\/\/www.nettali.com\/#website\"},\"primaryImageOfPage\":{\"@id\":\"https:\/\/www.nettali.com\/2025\/05\/26\/diplomatie-bassirou-diomaye-faye-en-visite-detat-de-deux-jours-en-guinee-bissau\/#primaryimage\"},\"datePublished\":\"2025-05-26T12:55:19+00:00\",\"dateModified\":\"2025-05-26T12:55:19+00:00\",\"author\":{\"@id\":\"https:\/\/www.nettali.com\/#\/schema\/person\/3317e0bb3aa1da309fbf7b2780901bf4\"},\"breadcrumb\":{\"@id\":\"https:\/\/www.nettali.com\/2025\/05\/26\/diplomatie-bassirou-diomaye-faye-en-visite-detat-de-deux-jours-en-guinee-bissau\/#breadcrumb\"},\"inLanguage\":\"fr-FR\",\"potentialAction\":[{\"@type\":\"ReadAction\",\"target\":[\"https:\/\/www.nettali.com\/2025\/05\/26\/diplomatie-bassirou-diomaye-faye-en-visite-detat-de-deux-jours-en-guinee-bissau\/\"]}]},{\"@type\":\"BreadcrumbList\",\"@id\":\"https:\/\/www.nettali.com\/2025\/05\/26\/diplomatie-bassirou-diomaye-faye-en-visite-detat-de-deux-jours-en-guinee-bissau\/#breadcrumb\",\"itemListElement\":[{\"@type\":\"ListItem\",\"position\":1,\"name\":\"Accueil\",\"item\":\"https:\/\/www.nettali.com\/\"},{\"@type\":\"ListItem\",\"position\":2,\"name\":\"DIPLOMATIE - Bassirou Diomaye Faye en visite d\\u2019\\u00c9tat de deux jours en Guin\\u00e9e-Bissau\"}]},{\"@type\":\"Person\",\"@id\":\"https:\/\/www.nettali.com\/#\/schema\/person\/3317e0bb3aa1da309fbf7b2780901bf4\",\"name\":\"Daouda\",\"image\":{\"@type\":\"ImageObject\",\"@id\":\"https:\/\/www.nettali.com\/#personlogo\",\"inLanguage\":\"fr-FR\",\"url\":\"https:\/\/secure.gravatar.com\/avatar\/8d143b5a49345098ddcfee1c49c2f47c?s=96&d=mm&r=g\",\"contentUrl\":\"https:\/\/secure.gravatar.com\/avatar\/8d143b5a49345098ddcfee1c49c2f47c?s=96&d=mm&r=g\",\"caption\":\"Daouda\"},\"sameAs\":[\"https:\/\/www.nettali.com\"]}]}<\/script>\n<!-- \/ Yoast SEO Premium plugin. -->","yoast_head_json":{"title":"DIPLOMATIE - Bassirou Diomaye Faye en visite d\u2019\u00c9tat de deux jours en Guin\u00e9e-Bissau | Nettali.com","robots":{"index":"index","follow":"follow","max-snippet":"max-snippet:-1","max-image-preview":"max-image-preview:large","max-video-preview":"max-video-preview:-1"},"canonical":"https:\/\/www.nettali.com\/2025\/05\/26\/diplomatie-bassirou-diomaye-faye-en-visite-detat-de-deux-jours-en-guinee-bissau\/","og_locale":"fr_FR","og_type":"article","og_title":"DIPLOMATIE - Bassirou Diomaye Faye en visite d\u2019\u00c9tat de deux jours en Guin\u00e9e-Bissau","og_description":"NETTALI.COM - Le pr\u00e9sident s\u00e9n\u00e9galais Bassirou Diomaye Faye a quitt\u00e9 Dakar ce lundi matin pour Bissau o\u00f9 il entame une visite d\u2019\u00c9tat de 48 heures, \u00e0 l\u2019invitation de son homologue bissau-guin\u00e9en, Umaro Sissoco Embal\u00f3. Une mission diplomatique qui vise \u00e0 consolider les relations de bon voisinage et de coop\u00e9ration entre les deux pays. Le chef [&hellip;]","og_url":"https:\/\/www.nettali.com\/2025\/05\/26\/diplomatie-bassirou-diomaye-faye-en-visite-detat-de-deux-jours-en-guinee-bissau\/","og_site_name":"Nettali.com","article_publisher":"https:\/\/www.facebook.com\/nettalicom","article_published_time":"2025-05-26T12:55:19+00:00","og_image":[{"width":2048,"height":1364,"url":"https:\/\/www.nettali.com\/wp-content\/uploads\/2024\/04\/diomaye-voyage-4.jpg","type":"image\/jpeg"}],"twitter_card":"summary_large_image","twitter_misc":{"\u00c9crit par":"Daouda","Dur\u00e9e de lecture estim\u00e9e":"1 minute"},"schema":{"@context":"https:\/\/schema.org","@graph":[{"@type":"WebSite","@id":"https:\/\/www.nettali.com\/#website","url":"https:\/\/www.nettali.com\/","name":"Nettali.com","description":"Le rendez-vous critique du Net","potentialAction":[{"@type":"SearchAction","target":{"@type":"EntryPoint","urlTemplate":"https:\/\/www.nettali.com\/?s={search_term_string}"},"query-input":"required name=search_term_string"}],"inLanguage":"fr-FR"},{"@type":"ImageObject","@id":"https:\/\/www.nettali.com\/2025\/05\/26\/diplomatie-bassirou-diomaye-faye-en-visite-detat-de-deux-jours-en-guinee-bissau\/#primaryimage","inLanguage":"fr-FR","url":"https:\/\/www.nettali.com\/wp-content\/uploads\/2024\/04\/diomaye-voyage-4.jpg","contentUrl":"https:\/\/www.nettali.com\/wp-content\/uploads\/2024\/04\/diomaye-voyage-4.jpg","width":2048,"height":1364},{"@type":"WebPage","@id":"https:\/\/www.nettali.com\/2025\/05\/26\/diplomatie-bassirou-diomaye-faye-en-visite-detat-de-deux-jours-en-guinee-bissau\/#webpage","url":"https:\/\/www.nettali.com\/2025\/05\/26\/diplomatie-bassirou-diomaye-faye-en-visite-detat-de-deux-jours-en-guinee-bissau\/","name":"DIPLOMATIE - Bassirou Diomaye Faye en visite d\u2019\u00c9tat de deux jours en Guin\u00e9e-Bissau | Nettali.com","isPartOf":{"@id":"https:\/\/www.nettali.com\/#website"},"primaryImageOfPage":{"@id":"https:\/\/www.nettali.com\/2025\/05\/26\/diplomatie-bassirou-diomaye-faye-en-visite-detat-de-deux-jours-en-guinee-bissau\/#primaryimage"},"datePublished":"2025-05-26T12:55:19+00:00","dateModified":"2025-05-26T12:55:19+00:00","author":{"@id":"https:\/\/www.nettali.com\/#\/schema\/person\/3317e0bb3aa1da309fbf7b2780901bf4"},"breadcrumb":{"@id":"https:\/\/www.nettali.com\/2025\/05\/26\/diplomatie-bassirou-diomaye-faye-en-visite-detat-de-deux-jours-en-guinee-bissau\/#breadcrumb"},"inLanguage":"fr-FR","potentialAction":[{"@type":"ReadAction","target":["https:\/\/www.nettali.com\/2025\/05\/26\/diplomatie-bassirou-diomaye-faye-en-visite-detat-de-deux-jours-en-guinee-bissau\/"]}]},{"@type":"BreadcrumbList","@id":"https:\/\/www.nettali.com\/2025\/05\/26\/diplomatie-bassirou-diomaye-faye-en-visite-detat-de-deux-jours-en-guinee-bissau\/#breadcrumb","itemListElement":[{"@type":"ListItem","position":1,"name":"Accueil","item":"https:\/\/www.nettali.com\/"},{"@type":"ListItem","position":2,"name":"DIPLOMATIE - Bassirou Diomaye Faye en visite d\u2019\u00c9tat de deux jours en Guin\u00e9e-Bissau"}]},{"@type":"Person","@id":"https:\/\/www.nettali.com\/#\/schema\/person\/3317e0bb3aa1da309fbf7b2780901bf4","name":"Daouda","image":{"@type":"ImageObject","@id":"https:\/\/www.nettali.com\/#personlogo","inLanguage":"fr-FR","url":"https:\/\/secure.gravatar.com\/avatar\/8d143b5a49345098ddcfee1c49c2f47c?s=96&d=mm&r=g","contentUrl":"https:\/\/secure.gravatar.com\/avatar\/8d143b5a49345098ddcfee1c49c2f47c?s=96&d=mm&r=g","caption":"Daouda"},"sameAs":["https:\/\/www.nettali.com"]}]}},"_links":{"self":[{"href":"https:\/\/www.nettali.com\/rest\/wp\/v2\/posts\/154785"}],"collection":[{"href":"https:\/\/www.nettali.com\/rest\/wp\/v2\/posts"}],"about":[{"href":"https:\/\/www.nettali.com\/rest\/wp\/v2\/types\/post"}],"author":[{"embeddable":true,"href":"https:\/\/www.nettali.com\/rest\/wp\/v2\/users\/4"}],"replies":[{"embeddable":true,"href":"https:\/\/www.nettali.com\/rest\/wp\/v2\/comments?post=154785"}],"version-history":[{"count":1,"href":"https:\/\/www.nettali.com\/rest\/wp\/v2\/posts\/154785\/revisions"}],"predecessor-version":[{"id":154786,"href":"https:\/\/www.nettali.com\/rest\/wp\/v2\/posts\/154785\/revisions\/154786"}],"wp:featuredmedia":[{"embeddable":true,"href":"https:\/\/www.nettali.com\/rest\/wp\/v2\/media\/132553"}],"wp:attachment":[{"href":"https:\/\/www.nettali.com\/rest\/wp\/v2\/media?parent=154785"}],"wp:term":[{"taxonomy":"category","embeddable":true,"href":"https:\/\/www.nettali.com\/rest\/wp\/v2\/categories?post=154785"},{"taxonomy":"post_tag","embeddable":true,"href":"https:\/\/www.nettali.com\/rest\/wp\/v2\/tags?post=154785"}],"curies":[{"name":"wp","href":"https:\/\/api.w.org\/{rel}","templated":true}]}}