{"id":154777,"date":"2025-05-26T11:45:26","date_gmt":"2025-05-26T11:45:26","guid":{"rendered":"https:\/\/www.nettali.com\/?p=154777"},"modified":"2025-05-26T11:48:19","modified_gmt":"2025-05-26T11:48:19","slug":"aly-ngouille-ndiaye-oui-a-la-reddition-des-comptes-non-au-reglement-de-comptes","status":"publish","type":"post","link":"https:\/\/www.nettali.com\/2025\/05\/26\/aly-ngouille-ndiaye-oui-a-la-reddition-des-comptes-non-au-reglement-de-comptes\/","title":{"rendered":"ALY NGOUILLE NDIAYE -\u00a0 \u00ab Oui \u00e0 la reddition des comptes, non au r\u00e8glement de comptes \u00bb"},"content":{"rendered":"<p data-start=\"242\" data-end=\"595\"><strong>NETTALI.COM - Dans un entretien accord\u00e9 \u00e0 <em data-start=\"270\" data-end=\"285\">L\u2019Observateur<\/em>, l\u2019ancien ministre Aly Ngouille Ndiaye met en garde contre une instrumentalisation politique de la justice dans les poursuites visant d'anciens dignitaires du r\u00e9gime de Macky Sall. Il plaide pour une r\u00e9forme en profondeur de la Haute Cour de justice et annonce sa participation au Dialogue national du 28 mai.<\/strong><\/p>\n<p data-start=\"626\" data-end=\"946\">Alors que les proc\u00e9dures judiciaires contre plusieurs anciens responsables de l\u2019\u00c9tat s\u2019accumulent, Aly Ngouille Ndiaye hausse le ton. Dans un entretien paru ce lundi dans <em data-start=\"801\" data-end=\"816\">L\u2019Observateur<\/em>, l\u2019ancien ministre de l\u2019Int\u00e9rieur appelle \u00e0 faire la part des choses entre reddition des comptes et r\u00e8glement de comptes.<\/p>\n<p data-start=\"948\" data-end=\"1217\">Selon lui, la perception dominante chez beaucoup de S\u00e9n\u00e9galais reste celle d\u2019une justice \u00e0 g\u00e9om\u00e9trie variable, souvent instrumentalis\u00e9e \u00e0 des fins politiques. \u00ab On a le sentiment que les r\u00e8gles ne sont pas appliqu\u00e9es uniform\u00e9ment pour tout le monde \u00bb, d\u00e9plore-t-il.<\/p>\n<p data-start=\"1219\" data-end=\"1617\">Aly Ngouille Ndiaye s\u2019est \u00e9galement prononc\u00e9 sur la Haute Cour de justice, qu\u2019il juge obsol\u00e8te dans sa configuration actuelle. \u00ab C\u2019est une juridiction politique dans sa conception, et m\u00eame dans sa composition, elle ne r\u00e9pond plus aux standards modernes \u00bb, estime-t-il, regrettant l\u2019absence de voie de recours en cas de condamnation et la domination de la majorit\u00e9 parlementaire parmi ses juges.<\/p>\n<p data-start=\"1619\" data-end=\"1843\">L\u2019ancien ministre sugg\u00e8re ainsi une r\u00e9forme structurelle et profonde de cette institution, un chantier qu\u2019il esp\u00e8re voir abord\u00e9 lors du Dialogue national pr\u00e9vu ce mercredi 28 mai, auquel il confirme sa participation.<\/p>\n<div class='share-to-whatsapp-wrapper'><div class='share-on-whsp'>PARTAGER SUR : <\/div><a data-text='ALY NGOUILLE NDIAYE -\u00a0 \u00ab Oui \u00e0 la reddition des comptes, non au r\u00e8glement de comptes \u00bb' data-link='https:\/\/www.nettali.com\/2025\/05\/26\/aly-ngouille-ndiaye-oui-a-la-reddition-des-comptes-non-au-reglement-de-comptes\/' class='whatsapp-button whatsapp-share'>WhatsApp<\/a><div class='clear '><\/div><\/div>","protected":false},"excerpt":{"rendered":"<p>NETTALI.COM - Dans un entretien accord\u00e9 \u00e0 L\u2019Observateur, l\u2019ancien ministre Aly Ngouille Ndiaye met en garde contre une instrumentalisation politique de la justice dans les poursuites visant d'anciens dignitaires du r\u00e9gime de Macky Sall. Il plaide pour une r\u00e9forme en profondeur de la Haute Cour de justice et annonce sa participation au Dialogue national du [&hellip;]<\/p>\n","protected":false},"author":4,"featured_media":130081,"comment_status":"open","ping_status":"open","sticky":false,"template":"","format":"standard","meta":{"_et_pb_use_builder":"","_et_pb_old_content":""},"categories":[2],"tags":[],"yoast_head":"<!-- This site is optimized with the Yoast SEO Premium plugin v17.8 (Yoast SEO v17.8) - https:\/\/yoast.com\/wordpress\/plugins\/seo\/ -->\n<title>ALY NGOUILLE NDIAYE -\u00a0 \u00ab Oui \u00e0 la reddition des comptes, non au r\u00e8glement de comptes \u00bb | Nettali.com<\/title>\n<meta name=\"robots\" content=\"index, follow, max-snippet:-1, max-image-preview:large, max-video-preview:-1\" \/>\n<link rel=\"canonical\" href=\"https:\/\/www.nettali.com\/2025\/05\/26\/aly-ngouille-ndiaye-oui-a-la-reddition-des-comptes-non-au-reglement-de-comptes\/\" \/>\n<meta property=\"og:locale\" content=\"fr_FR\" \/>\n<meta property=\"og:type\" content=\"article\" \/>\n<meta property=\"og:title\" content=\"ALY NGOUILLE NDIAYE -\u00a0 \u00ab Oui \u00e0 la reddition des comptes, non au r\u00e8glement de comptes \u00bb\" \/>\n<meta property=\"og:description\" content=\"NETTALI.COM - Dans un entretien accord\u00e9 \u00e0 L\u2019Observateur, l\u2019ancien ministre Aly Ngouille Ndiaye met en garde contre une instrumentalisation politique de la justice dans les poursuites visant d&#039;anciens dignitaires du r\u00e9gime de Macky Sall. Il plaide pour une r\u00e9forme en profondeur de la Haute Cour de justice et annonce sa participation au Dialogue national du [&hellip;]\" \/>\n<meta property=\"og:url\" content=\"https:\/\/www.nettali.com\/2025\/05\/26\/aly-ngouille-ndiaye-oui-a-la-reddition-des-comptes-non-au-reglement-de-comptes\/\" \/>\n<meta property=\"og:site_name\" content=\"Nettali.com\" \/>\n<meta property=\"article:publisher\" content=\"https:\/\/www.facebook.com\/nettalicom\" \/>\n<meta property=\"article:published_time\" content=\"2025-05-26T11:45:26+00:00\" \/>\n<meta property=\"article:modified_time\" content=\"2025-05-26T11:48:19+00:00\" \/>\n<meta property=\"og:image\" content=\"https:\/\/www.nettali.com\/wp-content\/uploads\/2024\/03\/ALY.jpg\" \/>\n\t<meta property=\"og:image:width\" content=\"1362\" \/>\n\t<meta property=\"og:image:height\" content=\"768\" \/>\n<meta name=\"twitter:card\" content=\"summary_large_image\" \/>\n<meta name=\"twitter:label1\" content=\"\u00c9crit par\" \/>\n\t<meta name=\"twitter:data1\" content=\"Daouda\" \/>\n\t<meta name=\"twitter:label2\" content=\"Dur\u00e9e de lecture estim\u00e9e\" \/>\n\t<meta name=\"twitter:data2\" content=\"2 minutes\" \/>\n<script type=\"application\/ld+json\" class=\"yoast-schema-graph\">{\"@context\":\"https:\/\/schema.org\",\"@graph\":[{\"@type\":\"WebSite\",\"@id\":\"https:\/\/www.nettali.com\/#website\",\"url\":\"https:\/\/www.nettali.com\/\",\"name\":\"Nettali.com\",\"description\":\"Le rendez-vous critique du Net\",\"potentialAction\":[{\"@type\":\"SearchAction\",\"target\":{\"@type\":\"EntryPoint\",\"urlTemplate\":\"https:\/\/www.nettali.com\/?s={search_term_string}\"},\"query-input\":\"required name=search_term_string\"}],\"inLanguage\":\"fr-FR\"},{\"@type\":\"ImageObject\",\"@id\":\"https:\/\/www.nettali.com\/2025\/05\/26\/aly-ngouille-ndiaye-oui-a-la-reddition-des-comptes-non-au-reglement-de-comptes\/#primaryimage\",\"inLanguage\":\"fr-FR\",\"url\":\"https:\/\/www.nettali.com\/wp-content\/uploads\/2024\/03\/ALY.jpg\",\"contentUrl\":\"https:\/\/www.nettali.com\/wp-content\/uploads\/2024\/03\/ALY.jpg\",\"width\":1362,\"height\":768},{\"@type\":\"WebPage\",\"@id\":\"https:\/\/www.nettali.com\/2025\/05\/26\/aly-ngouille-ndiaye-oui-a-la-reddition-des-comptes-non-au-reglement-de-comptes\/#webpage\",\"url\":\"https:\/\/www.nettali.com\/2025\/05\/26\/aly-ngouille-ndiaye-oui-a-la-reddition-des-comptes-non-au-reglement-de-comptes\/\",\"name\":\"ALY NGOUILLE NDIAYE -\\u00a0 \\u00ab Oui \\u00e0 la reddition des comptes, non au r\\u00e8glement de comptes \\u00bb | Nettali.com\",\"isPartOf\":{\"@id\":\"https:\/\/www.nettali.com\/#website\"},\"primaryImageOfPage\":{\"@id\":\"https:\/\/www.nettali.com\/2025\/05\/26\/aly-ngouille-ndiaye-oui-a-la-reddition-des-comptes-non-au-reglement-de-comptes\/#primaryimage\"},\"datePublished\":\"2025-05-26T11:45:26+00:00\",\"dateModified\":\"2025-05-26T11:48:19+00:00\",\"author\":{\"@id\":\"https:\/\/www.nettali.com\/#\/schema\/person\/3317e0bb3aa1da309fbf7b2780901bf4\"},\"breadcrumb\":{\"@id\":\"https:\/\/www.nettali.com\/2025\/05\/26\/aly-ngouille-ndiaye-oui-a-la-reddition-des-comptes-non-au-reglement-de-comptes\/#breadcrumb\"},\"inLanguage\":\"fr-FR\",\"potentialAction\":[{\"@type\":\"ReadAction\",\"target\":[\"https:\/\/www.nettali.com\/2025\/05\/26\/aly-ngouille-ndiaye-oui-a-la-reddition-des-comptes-non-au-reglement-de-comptes\/\"]}]},{\"@type\":\"BreadcrumbList\",\"@id\":\"https:\/\/www.nettali.com\/2025\/05\/26\/aly-ngouille-ndiaye-oui-a-la-reddition-des-comptes-non-au-reglement-de-comptes\/#breadcrumb\",\"itemListElement\":[{\"@type\":\"ListItem\",\"position\":1,\"name\":\"Accueil\",\"item\":\"https:\/\/www.nettali.com\/\"},{\"@type\":\"ListItem\",\"position\":2,\"name\":\"ALY NGOUILLE NDIAYE -\\u00a0 \\u00ab Oui \\u00e0 la reddition des comptes, non au r\\u00e8glement de comptes \\u00bb\"}]},{\"@type\":\"Person\",\"@id\":\"https:\/\/www.nettali.com\/#\/schema\/person\/3317e0bb3aa1da309fbf7b2780901bf4\",\"name\":\"Daouda\",\"image\":{\"@type\":\"ImageObject\",\"@id\":\"https:\/\/www.nettali.com\/#personlogo\",\"inLanguage\":\"fr-FR\",\"url\":\"https:\/\/secure.gravatar.com\/avatar\/8d143b5a49345098ddcfee1c49c2f47c?s=96&d=mm&r=g\",\"contentUrl\":\"https:\/\/secure.gravatar.com\/avatar\/8d143b5a49345098ddcfee1c49c2f47c?s=96&d=mm&r=g\",\"caption\":\"Daouda\"},\"sameAs\":[\"https:\/\/www.nettali.com\"]}]}<\/script>\n<!-- \/ Yoast SEO Premium plugin. -->","yoast_head_json":{"title":"ALY NGOUILLE NDIAYE -\u00a0 \u00ab Oui \u00e0 la reddition des comptes, non au r\u00e8glement de comptes \u00bb | Nettali.com","robots":{"index":"index","follow":"follow","max-snippet":"max-snippet:-1","max-image-preview":"max-image-preview:large","max-video-preview":"max-video-preview:-1"},"canonical":"https:\/\/www.nettali.com\/2025\/05\/26\/aly-ngouille-ndiaye-oui-a-la-reddition-des-comptes-non-au-reglement-de-comptes\/","og_locale":"fr_FR","og_type":"article","og_title":"ALY NGOUILLE NDIAYE -\u00a0 \u00ab Oui \u00e0 la reddition des comptes, non au r\u00e8glement de comptes \u00bb","og_description":"NETTALI.COM - Dans un entretien accord\u00e9 \u00e0 L\u2019Observateur, l\u2019ancien ministre Aly Ngouille Ndiaye met en garde contre une instrumentalisation politique de la justice dans les poursuites visant d'anciens dignitaires du r\u00e9gime de Macky Sall. Il plaide pour une r\u00e9forme en profondeur de la Haute Cour de justice et annonce sa participation au Dialogue national du [&hellip;]","og_url":"https:\/\/www.nettali.com\/2025\/05\/26\/aly-ngouille-ndiaye-oui-a-la-reddition-des-comptes-non-au-reglement-de-comptes\/","og_site_name":"Nettali.com","article_publisher":"https:\/\/www.facebook.com\/nettalicom","article_published_time":"2025-05-26T11:45:26+00:00","article_modified_time":"2025-05-26T11:48:19+00:00","og_image":[{"width":1362,"height":768,"url":"https:\/\/www.nettali.com\/wp-content\/uploads\/2024\/03\/ALY.jpg","type":"image\/jpeg"}],"twitter_card":"summary_large_image","twitter_misc":{"\u00c9crit par":"Daouda","Dur\u00e9e de lecture estim\u00e9e":"2 minutes"},"schema":{"@context":"https:\/\/schema.org","@graph":[{"@type":"WebSite","@id":"https:\/\/www.nettali.com\/#website","url":"https:\/\/www.nettali.com\/","name":"Nettali.com","description":"Le rendez-vous critique du Net","potentialAction":[{"@type":"SearchAction","target":{"@type":"EntryPoint","urlTemplate":"https:\/\/www.nettali.com\/?s={search_term_string}"},"query-input":"required name=search_term_string"}],"inLanguage":"fr-FR"},{"@type":"ImageObject","@id":"https:\/\/www.nettali.com\/2025\/05\/26\/aly-ngouille-ndiaye-oui-a-la-reddition-des-comptes-non-au-reglement-de-comptes\/#primaryimage","inLanguage":"fr-FR","url":"https:\/\/www.nettali.com\/wp-content\/uploads\/2024\/03\/ALY.jpg","contentUrl":"https:\/\/www.nettali.com\/wp-content\/uploads\/2024\/03\/ALY.jpg","width":1362,"height":768},{"@type":"WebPage","@id":"https:\/\/www.nettali.com\/2025\/05\/26\/aly-ngouille-ndiaye-oui-a-la-reddition-des-comptes-non-au-reglement-de-comptes\/#webpage","url":"https:\/\/www.nettali.com\/2025\/05\/26\/aly-ngouille-ndiaye-oui-a-la-reddition-des-comptes-non-au-reglement-de-comptes\/","name":"ALY NGOUILLE NDIAYE -\u00a0 \u00ab Oui \u00e0 la reddition des comptes, non au r\u00e8glement de comptes \u00bb | Nettali.com","isPartOf":{"@id":"https:\/\/www.nettali.com\/#website"},"primaryImageOfPage":{"@id":"https:\/\/www.nettali.com\/2025\/05\/26\/aly-ngouille-ndiaye-oui-a-la-reddition-des-comptes-non-au-reglement-de-comptes\/#primaryimage"},"datePublished":"2025-05-26T11:45:26+00:00","dateModified":"2025-05-26T11:48:19+00:00","author":{"@id":"https:\/\/www.nettali.com\/#\/schema\/person\/3317e0bb3aa1da309fbf7b2780901bf4"},"breadcrumb":{"@id":"https:\/\/www.nettali.com\/2025\/05\/26\/aly-ngouille-ndiaye-oui-a-la-reddition-des-comptes-non-au-reglement-de-comptes\/#breadcrumb"},"inLanguage":"fr-FR","potentialAction":[{"@type":"ReadAction","target":["https:\/\/www.nettali.com\/2025\/05\/26\/aly-ngouille-ndiaye-oui-a-la-reddition-des-comptes-non-au-reglement-de-comptes\/"]}]},{"@type":"BreadcrumbList","@id":"https:\/\/www.nettali.com\/2025\/05\/26\/aly-ngouille-ndiaye-oui-a-la-reddition-des-comptes-non-au-reglement-de-comptes\/#breadcrumb","itemListElement":[{"@type":"ListItem","position":1,"name":"Accueil","item":"https:\/\/www.nettali.com\/"},{"@type":"ListItem","position":2,"name":"ALY NGOUILLE NDIAYE -\u00a0 \u00ab Oui \u00e0 la reddition des comptes, non au r\u00e8glement de comptes \u00bb"}]},{"@type":"Person","@id":"https:\/\/www.nettali.com\/#\/schema\/person\/3317e0bb3aa1da309fbf7b2780901bf4","name":"Daouda","image":{"@type":"ImageObject","@id":"https:\/\/www.nettali.com\/#personlogo","inLanguage":"fr-FR","url":"https:\/\/secure.gravatar.com\/avatar\/8d143b5a49345098ddcfee1c49c2f47c?s=96&d=mm&r=g","contentUrl":"https:\/\/secure.gravatar.com\/avatar\/8d143b5a49345098ddcfee1c49c2f47c?s=96&d=mm&r=g","caption":"Daouda"},"sameAs":["https:\/\/www.nettali.com"]}]}},"_links":{"self":[{"href":"https:\/\/www.nettali.com\/rest\/wp\/v2\/posts\/154777"}],"collection":[{"href":"https:\/\/www.nettali.com\/rest\/wp\/v2\/posts"}],"about":[{"href":"https:\/\/www.nettali.com\/rest\/wp\/v2\/types\/post"}],"author":[{"embeddable":true,"href":"https:\/\/www.nettali.com\/rest\/wp\/v2\/users\/4"}],"replies":[{"embeddable":true,"href":"https:\/\/www.nettali.com\/rest\/wp\/v2\/comments?post=154777"}],"version-history":[{"count":1,"href":"https:\/\/www.nettali.com\/rest\/wp\/v2\/posts\/154777\/revisions"}],"predecessor-version":[{"id":154778,"href":"https:\/\/www.nettali.com\/rest\/wp\/v2\/posts\/154777\/revisions\/154778"}],"wp:featuredmedia":[{"embeddable":true,"href":"https:\/\/www.nettali.com\/rest\/wp\/v2\/media\/130081"}],"wp:attachment":[{"href":"https:\/\/www.nettali.com\/rest\/wp\/v2\/media?parent=154777"}],"wp:term":[{"taxonomy":"category","embeddable":true,"href":"https:\/\/www.nettali.com\/rest\/wp\/v2\/categories?post=154777"},{"taxonomy":"post_tag","embeddable":true,"href":"https:\/\/www.nettali.com\/rest\/wp\/v2\/tags?post=154777"}],"curies":[{"name":"wp","href":"https:\/\/api.w.org\/{rel}","templated":true}]}}