{"id":154775,"date":"2025-05-26T10:43:39","date_gmt":"2025-05-26T10:43:39","guid":{"rendered":"https:\/\/www.nettali.com\/?p=154775"},"modified":"2025-05-26T10:43:39","modified_gmt":"2025-05-26T10:43:39","slug":"vietnam-brigitte-macron-frappe-emmanuel-macron-au-visage-les-explications-de-lelysee","status":"publish","type":"post","link":"https:\/\/www.nettali.com\/2025\/05\/26\/vietnam-brigitte-macron-frappe-emmanuel-macron-au-visage-les-explications-de-lelysee\/","title":{"rendered":"VIETNAM - Brigitte Macron frappe Emmanuel Macron au visage, les explications de l\u2019Elys\u00e9e"},"content":{"rendered":"<div class=\"spechead\"><\/div>\n<div class=\"entry-content\">\n<figure id=\"figureSingle\" class=\"imge-wrapper\"><strong>NETTALI.COM - \u00c0 leur descente d\u2019avion \u00e0 Hano\u00ef, au Vietnam, une sc\u00e8ne inattendue entre Emmanuel et Brigitte Macron a fait le tour des r\u00e9seaux sociaux, suscitant une vague de r\u00e9actions contrast\u00e9es. Un geste capt\u00e9 par les cam\u00e9ras de l\u2019agence Associated Press dimanche soir a d\u00e9clench\u00e9 un vrai d\u00e9bat.<\/strong><\/figure>\n<p><iframe loading=\"lazy\" title=\"Smack Shock: Brigitte Macron Slaps the French President!\" width=\"1080\" height=\"608\" src=\"https:\/\/www.youtube.com\/embed\/xCe-y7_jRM0?start=1&feature=oembed\" frameborder=\"0\" allow=\"accelerometer; autoplay; clipboard-write; encrypted-media; gyroscope; picture-in-picture; web-share\" referrerpolicy=\"strict-origin-when-cross-origin\" allowfullscreen><\/iframe><\/p>\n<\/div>\n<div id=\"articleBody\" class=\"content-single-full\">\n<p>Alors que la porte de l\u2019avion pr\u00e9sidentiel s\u2019ouvre, on aper\u00e7oit d\u2019abord le chef de l\u2019\u00c9tat fran\u00e7ais appara\u00eetre dans l\u2019encadrement. Soudain, les bras de son \u00e9pouse surgissent de l\u2019int\u00e9rieur de l\u2019appareil, et elle semble lui donner un petit coup au visage. Un geste rapide, difficile \u00e0 interpr\u00e9ter, mais qui a visiblement surpris Emmanuel Macron. Il se retourne ensuite pour saluer les personnes pr\u00e9sentes sur le tarmac. Le couple descend ensemble l\u2019escalier de la passerelle ; Emmanuel Macron tend la main \u00e0 son \u00e9pouse, mais Brigitte Macron choisit de se tenir \u00e0 la rampe, ignorant la main tendue de son mari.<\/p>\n<p>La sc\u00e8ne a rapidement \u00e9t\u00e9 relay\u00e9e sur de nombreux comptes X (ex-Twitter), notamment ceux g\u00e9n\u00e9ralement critiques envers le pr\u00e9sident. Certains y ont vu une tension dans le couple, d\u2019autres une simple taquinerie conjugale, voire un moment de complicit\u00e9. La vid\u00e9o a aussi \u00e9t\u00e9 partag\u00e9e dans des cercles complotistes ou hostiles \u00e0 Emmanuel Macron, notamment proches des sph\u00e8res prorusses.<\/p>\n<p>Dans un premier temps,\u00a0l\u2019\u00c9lys\u00e9e\u00a0a mis en doute l\u2019authenticit\u00e9 des images. Mais une fois la v\u00e9racit\u00e9 confirm\u00e9e, l\u2019entourage du pr\u00e9sident a tent\u00e9 de d\u00e9samorcer la pol\u00e9mique. \u00ab C\u2019\u00e9tait une chamaillerie banale, un petit moment de rel\u00e2chement avant le d\u00e9but officiel du voyage \u00bb, a indiqu\u00e9 un proche. \u00ab Un geste affectueux entre deux personnes complices. Il n\u2019en fallait pas plus pour alimenter les fantasmes des complotistes \u00bb, a-t-il ajout\u00e9.<\/p>\n<p>Le couple pr\u00e9sidentiel entame ainsi une tourn\u00e9e diplomatique d\u2019une semaine en Asie du Sud-Est, avec des \u00e9tapes pr\u00e9vues en Indon\u00e9sie et \u00e0 Singapour apr\u00e8s le Vietnam. Malgr\u00e9 l\u2019agitation m\u00e9diatique suscit\u00e9e par cette vid\u00e9o, Emmanuel Macron a commenc\u00e9 son s\u00e9jour par un appel \u00e0 pr\u00e9server un ordre mondial \u00ab fond\u00e9 sur le droit \u00bb, dans un contexte international de plus en plus instable.<\/p>\n<\/div>\n<div class='share-to-whatsapp-wrapper'><div class='share-on-whsp'>PARTAGER SUR : <\/div><a data-text='VIETNAM - Brigitte Macron frappe Emmanuel Macron au visage, les explications de l\u2019Elys\u00e9e' data-link='https:\/\/www.nettali.com\/2025\/05\/26\/vietnam-brigitte-macron-frappe-emmanuel-macron-au-visage-les-explications-de-lelysee\/' class='whatsapp-button whatsapp-share'>WhatsApp<\/a><div class='clear '><\/div><\/div>","protected":false},"excerpt":{"rendered":"<p>NETTALI.COM - \u00c0 leur descente d\u2019avion \u00e0 Hano\u00ef, au Vietnam, une sc\u00e8ne inattendue entre Emmanuel et Brigitte Macron a fait le tour des r\u00e9seaux sociaux, suscitant une vague de r\u00e9actions contrast\u00e9es. Un geste capt\u00e9 par les cam\u00e9ras de l\u2019agence Associated Press dimanche soir a d\u00e9clench\u00e9 un vrai d\u00e9bat. Alors que la porte de l\u2019avion pr\u00e9sidentiel [&hellip;]<\/p>\n","protected":false},"author":4,"featured_media":122188,"comment_status":"open","ping_status":"open","sticky":false,"template":"","format":"standard","meta":{"_et_pb_use_builder":"","_et_pb_old_content":""},"categories":[3],"tags":[],"yoast_head":"<!-- This site is optimized with the Yoast SEO Premium plugin v17.8 (Yoast SEO v17.8) - https:\/\/yoast.com\/wordpress\/plugins\/seo\/ -->\n<title>VIETNAM - Brigitte Macron frappe Emmanuel Macron au visage, les explications de l\u2019Elys\u00e9e | Nettali.com<\/title>\n<meta name=\"robots\" content=\"index, follow, max-snippet:-1, max-image-preview:large, max-video-preview:-1\" \/>\n<link rel=\"canonical\" href=\"https:\/\/www.nettali.com\/2025\/05\/26\/vietnam-brigitte-macron-frappe-emmanuel-macron-au-visage-les-explications-de-lelysee\/\" \/>\n<meta property=\"og:locale\" content=\"fr_FR\" \/>\n<meta property=\"og:type\" content=\"article\" \/>\n<meta property=\"og:title\" content=\"VIETNAM - Brigitte Macron frappe Emmanuel Macron au visage, les explications de l\u2019Elys\u00e9e\" \/>\n<meta property=\"og:description\" content=\"NETTALI.COM - \u00c0 leur descente d\u2019avion \u00e0 Hano\u00ef, au Vietnam, une sc\u00e8ne inattendue entre Emmanuel et Brigitte Macron a fait le tour des r\u00e9seaux sociaux, suscitant une vague de r\u00e9actions contrast\u00e9es. Un geste capt\u00e9 par les cam\u00e9ras de l\u2019agence Associated Press dimanche soir a d\u00e9clench\u00e9 un vrai d\u00e9bat. Alors que la porte de l\u2019avion pr\u00e9sidentiel [&hellip;]\" \/>\n<meta property=\"og:url\" content=\"https:\/\/www.nettali.com\/2025\/05\/26\/vietnam-brigitte-macron-frappe-emmanuel-macron-au-visage-les-explications-de-lelysee\/\" \/>\n<meta property=\"og:site_name\" content=\"Nettali.com\" \/>\n<meta property=\"article:publisher\" content=\"https:\/\/www.facebook.com\/nettalicom\" \/>\n<meta property=\"article:published_time\" content=\"2025-05-26T10:43:39+00:00\" \/>\n<meta property=\"og:image\" content=\"https:\/\/www.nettali.com\/wp-content\/uploads\/2023\/11\/emmanuel-macron-evoque-la-reaction-de-ses-parents-au-debut-de-son-histoire-avec-brigitte-macron.jpg\" \/>\n\t<meta property=\"og:image:width\" content=\"660\" \/>\n\t<meta property=\"og:image:height\" content=\"370\" \/>\n<meta name=\"twitter:card\" content=\"summary_large_image\" \/>\n<meta name=\"twitter:label1\" content=\"\u00c9crit par\" \/>\n\t<meta name=\"twitter:data1\" content=\"Daouda\" \/>\n\t<meta name=\"twitter:label2\" content=\"Dur\u00e9e de lecture estim\u00e9e\" \/>\n\t<meta name=\"twitter:data2\" content=\"2 minutes\" \/>\n<script type=\"application\/ld+json\" class=\"yoast-schema-graph\">{\"@context\":\"https:\/\/schema.org\",\"@graph\":[{\"@type\":\"WebSite\",\"@id\":\"https:\/\/www.nettali.com\/#website\",\"url\":\"https:\/\/www.nettali.com\/\",\"name\":\"Nettali.com\",\"description\":\"Le rendez-vous critique du Net\",\"potentialAction\":[{\"@type\":\"SearchAction\",\"target\":{\"@type\":\"EntryPoint\",\"urlTemplate\":\"https:\/\/www.nettali.com\/?s={search_term_string}\"},\"query-input\":\"required name=search_term_string\"}],\"inLanguage\":\"fr-FR\"},{\"@type\":\"ImageObject\",\"@id\":\"https:\/\/www.nettali.com\/2025\/05\/26\/vietnam-brigitte-macron-frappe-emmanuel-macron-au-visage-les-explications-de-lelysee\/#primaryimage\",\"inLanguage\":\"fr-FR\",\"url\":\"https:\/\/www.nettali.com\/wp-content\/uploads\/2023\/11\/emmanuel-macron-evoque-la-reaction-de-ses-parents-au-debut-de-son-histoire-avec-brigitte-macron.jpg\",\"contentUrl\":\"https:\/\/www.nettali.com\/wp-content\/uploads\/2023\/11\/emmanuel-macron-evoque-la-reaction-de-ses-parents-au-debut-de-son-histoire-avec-brigitte-macron.jpg\",\"width\":660,\"height\":370},{\"@type\":\"WebPage\",\"@id\":\"https:\/\/www.nettali.com\/2025\/05\/26\/vietnam-brigitte-macron-frappe-emmanuel-macron-au-visage-les-explications-de-lelysee\/#webpage\",\"url\":\"https:\/\/www.nettali.com\/2025\/05\/26\/vietnam-brigitte-macron-frappe-emmanuel-macron-au-visage-les-explications-de-lelysee\/\",\"name\":\"VIETNAM - Brigitte Macron frappe Emmanuel Macron au visage, les explications de l\\u2019Elys\\u00e9e | Nettali.com\",\"isPartOf\":{\"@id\":\"https:\/\/www.nettali.com\/#website\"},\"primaryImageOfPage\":{\"@id\":\"https:\/\/www.nettali.com\/2025\/05\/26\/vietnam-brigitte-macron-frappe-emmanuel-macron-au-visage-les-explications-de-lelysee\/#primaryimage\"},\"datePublished\":\"2025-05-26T10:43:39+00:00\",\"dateModified\":\"2025-05-26T10:43:39+00:00\",\"author\":{\"@id\":\"https:\/\/www.nettali.com\/#\/schema\/person\/3317e0bb3aa1da309fbf7b2780901bf4\"},\"breadcrumb\":{\"@id\":\"https:\/\/www.nettali.com\/2025\/05\/26\/vietnam-brigitte-macron-frappe-emmanuel-macron-au-visage-les-explications-de-lelysee\/#breadcrumb\"},\"inLanguage\":\"fr-FR\",\"potentialAction\":[{\"@type\":\"ReadAction\",\"target\":[\"https:\/\/www.nettali.com\/2025\/05\/26\/vietnam-brigitte-macron-frappe-emmanuel-macron-au-visage-les-explications-de-lelysee\/\"]}]},{\"@type\":\"BreadcrumbList\",\"@id\":\"https:\/\/www.nettali.com\/2025\/05\/26\/vietnam-brigitte-macron-frappe-emmanuel-macron-au-visage-les-explications-de-lelysee\/#breadcrumb\",\"itemListElement\":[{\"@type\":\"ListItem\",\"position\":1,\"name\":\"Accueil\",\"item\":\"https:\/\/www.nettali.com\/\"},{\"@type\":\"ListItem\",\"position\":2,\"name\":\"VIETNAM - Brigitte Macron frappe Emmanuel Macron au visage, les explications de l\\u2019Elys\\u00e9e\"}]},{\"@type\":\"Person\",\"@id\":\"https:\/\/www.nettali.com\/#\/schema\/person\/3317e0bb3aa1da309fbf7b2780901bf4\",\"name\":\"Daouda\",\"image\":{\"@type\":\"ImageObject\",\"@id\":\"https:\/\/www.nettali.com\/#personlogo\",\"inLanguage\":\"fr-FR\",\"url\":\"https:\/\/secure.gravatar.com\/avatar\/8d143b5a49345098ddcfee1c49c2f47c?s=96&d=mm&r=g\",\"contentUrl\":\"https:\/\/secure.gravatar.com\/avatar\/8d143b5a49345098ddcfee1c49c2f47c?s=96&d=mm&r=g\",\"caption\":\"Daouda\"},\"sameAs\":[\"https:\/\/www.nettali.com\"]}]}<\/script>\n<!-- \/ Yoast SEO Premium plugin. -->","yoast_head_json":{"title":"VIETNAM - Brigitte Macron frappe Emmanuel Macron au visage, les explications de l\u2019Elys\u00e9e | Nettali.com","robots":{"index":"index","follow":"follow","max-snippet":"max-snippet:-1","max-image-preview":"max-image-preview:large","max-video-preview":"max-video-preview:-1"},"canonical":"https:\/\/www.nettali.com\/2025\/05\/26\/vietnam-brigitte-macron-frappe-emmanuel-macron-au-visage-les-explications-de-lelysee\/","og_locale":"fr_FR","og_type":"article","og_title":"VIETNAM - Brigitte Macron frappe Emmanuel Macron au visage, les explications de l\u2019Elys\u00e9e","og_description":"NETTALI.COM - \u00c0 leur descente d\u2019avion \u00e0 Hano\u00ef, au Vietnam, une sc\u00e8ne inattendue entre Emmanuel et Brigitte Macron a fait le tour des r\u00e9seaux sociaux, suscitant une vague de r\u00e9actions contrast\u00e9es. Un geste capt\u00e9 par les cam\u00e9ras de l\u2019agence Associated Press dimanche soir a d\u00e9clench\u00e9 un vrai d\u00e9bat. Alors que la porte de l\u2019avion pr\u00e9sidentiel [&hellip;]","og_url":"https:\/\/www.nettali.com\/2025\/05\/26\/vietnam-brigitte-macron-frappe-emmanuel-macron-au-visage-les-explications-de-lelysee\/","og_site_name":"Nettali.com","article_publisher":"https:\/\/www.facebook.com\/nettalicom","article_published_time":"2025-05-26T10:43:39+00:00","og_image":[{"width":660,"height":370,"url":"https:\/\/www.nettali.com\/wp-content\/uploads\/2023\/11\/emmanuel-macron-evoque-la-reaction-de-ses-parents-au-debut-de-son-histoire-avec-brigitte-macron.jpg","type":"image\/jpeg"}],"twitter_card":"summary_large_image","twitter_misc":{"\u00c9crit par":"Daouda","Dur\u00e9e de lecture estim\u00e9e":"2 minutes"},"schema":{"@context":"https:\/\/schema.org","@graph":[{"@type":"WebSite","@id":"https:\/\/www.nettali.com\/#website","url":"https:\/\/www.nettali.com\/","name":"Nettali.com","description":"Le rendez-vous critique du Net","potentialAction":[{"@type":"SearchAction","target":{"@type":"EntryPoint","urlTemplate":"https:\/\/www.nettali.com\/?s={search_term_string}"},"query-input":"required name=search_term_string"}],"inLanguage":"fr-FR"},{"@type":"ImageObject","@id":"https:\/\/www.nettali.com\/2025\/05\/26\/vietnam-brigitte-macron-frappe-emmanuel-macron-au-visage-les-explications-de-lelysee\/#primaryimage","inLanguage":"fr-FR","url":"https:\/\/www.nettali.com\/wp-content\/uploads\/2023\/11\/emmanuel-macron-evoque-la-reaction-de-ses-parents-au-debut-de-son-histoire-avec-brigitte-macron.jpg","contentUrl":"https:\/\/www.nettali.com\/wp-content\/uploads\/2023\/11\/emmanuel-macron-evoque-la-reaction-de-ses-parents-au-debut-de-son-histoire-avec-brigitte-macron.jpg","width":660,"height":370},{"@type":"WebPage","@id":"https:\/\/www.nettali.com\/2025\/05\/26\/vietnam-brigitte-macron-frappe-emmanuel-macron-au-visage-les-explications-de-lelysee\/#webpage","url":"https:\/\/www.nettali.com\/2025\/05\/26\/vietnam-brigitte-macron-frappe-emmanuel-macron-au-visage-les-explications-de-lelysee\/","name":"VIETNAM - Brigitte Macron frappe Emmanuel Macron au visage, les explications de l\u2019Elys\u00e9e | Nettali.com","isPartOf":{"@id":"https:\/\/www.nettali.com\/#website"},"primaryImageOfPage":{"@id":"https:\/\/www.nettali.com\/2025\/05\/26\/vietnam-brigitte-macron-frappe-emmanuel-macron-au-visage-les-explications-de-lelysee\/#primaryimage"},"datePublished":"2025-05-26T10:43:39+00:00","dateModified":"2025-05-26T10:43:39+00:00","author":{"@id":"https:\/\/www.nettali.com\/#\/schema\/person\/3317e0bb3aa1da309fbf7b2780901bf4"},"breadcrumb":{"@id":"https:\/\/www.nettali.com\/2025\/05\/26\/vietnam-brigitte-macron-frappe-emmanuel-macron-au-visage-les-explications-de-lelysee\/#breadcrumb"},"inLanguage":"fr-FR","potentialAction":[{"@type":"ReadAction","target":["https:\/\/www.nettali.com\/2025\/05\/26\/vietnam-brigitte-macron-frappe-emmanuel-macron-au-visage-les-explications-de-lelysee\/"]}]},{"@type":"BreadcrumbList","@id":"https:\/\/www.nettali.com\/2025\/05\/26\/vietnam-brigitte-macron-frappe-emmanuel-macron-au-visage-les-explications-de-lelysee\/#breadcrumb","itemListElement":[{"@type":"ListItem","position":1,"name":"Accueil","item":"https:\/\/www.nettali.com\/"},{"@type":"ListItem","position":2,"name":"VIETNAM - Brigitte Macron frappe Emmanuel Macron au visage, les explications de l\u2019Elys\u00e9e"}]},{"@type":"Person","@id":"https:\/\/www.nettali.com\/#\/schema\/person\/3317e0bb3aa1da309fbf7b2780901bf4","name":"Daouda","image":{"@type":"ImageObject","@id":"https:\/\/www.nettali.com\/#personlogo","inLanguage":"fr-FR","url":"https:\/\/secure.gravatar.com\/avatar\/8d143b5a49345098ddcfee1c49c2f47c?s=96&d=mm&r=g","contentUrl":"https:\/\/secure.gravatar.com\/avatar\/8d143b5a49345098ddcfee1c49c2f47c?s=96&d=mm&r=g","caption":"Daouda"},"sameAs":["https:\/\/www.nettali.com"]}]}},"_links":{"self":[{"href":"https:\/\/www.nettali.com\/rest\/wp\/v2\/posts\/154775"}],"collection":[{"href":"https:\/\/www.nettali.com\/rest\/wp\/v2\/posts"}],"about":[{"href":"https:\/\/www.nettali.com\/rest\/wp\/v2\/types\/post"}],"author":[{"embeddable":true,"href":"https:\/\/www.nettali.com\/rest\/wp\/v2\/users\/4"}],"replies":[{"embeddable":true,"href":"https:\/\/www.nettali.com\/rest\/wp\/v2\/comments?post=154775"}],"version-history":[{"count":1,"href":"https:\/\/www.nettali.com\/rest\/wp\/v2\/posts\/154775\/revisions"}],"predecessor-version":[{"id":154776,"href":"https:\/\/www.nettali.com\/rest\/wp\/v2\/posts\/154775\/revisions\/154776"}],"wp:featuredmedia":[{"embeddable":true,"href":"https:\/\/www.nettali.com\/rest\/wp\/v2\/media\/122188"}],"wp:attachment":[{"href":"https:\/\/www.nettali.com\/rest\/wp\/v2\/media?parent=154775"}],"wp:term":[{"taxonomy":"category","embeddable":true,"href":"https:\/\/www.nettali.com\/rest\/wp\/v2\/categories?post=154775"},{"taxonomy":"post_tag","embeddable":true,"href":"https:\/\/www.nettali.com\/rest\/wp\/v2\/tags?post=154775"}],"curies":[{"name":"wp","href":"https:\/\/api.w.org\/{rel}","templated":true}]}}