{"id":154765,"date":"2025-05-26T07:14:22","date_gmt":"2025-05-26T07:14:22","guid":{"rendered":"https:\/\/www.nettali.com\/?p=154765"},"modified":"2025-05-26T07:24:21","modified_gmt":"2025-05-26T07:24:21","slug":"real-madrid-mbappe-tient-son-premier-soulier-dor","status":"publish","type":"post","link":"https:\/\/www.nettali.com\/2025\/05\/26\/real-madrid-mbappe-tient-son-premier-soulier-dor\/","title":{"rendered":"REAL MADRID - Mbapp\u00e9 tient son premier Soulier d\u2019Or"},"content":{"rendered":"<p><strong>NETTALI.COM - Kylian Mbapp\u00e9 a ajout\u00e9 une nouvelle ligne prestigieuse \u00e0 son palmar\u00e8s. Ce dimanche, l\u2019attaquant du Real Madrid a officiellement remport\u00e9 le premier Soulier d\u2019Or europ\u00e9en de sa carri\u00e8re, r\u00e9compensant le meilleur buteur des championnats d\u2019Europe. Gr\u00e2ce \u00e0 ses 31 buts inscrits en Liga, chaque r\u00e9alisation comptant pour deux points, le Fran\u00e7ais totalise 62 points, un total suffisant pour devancer la concurrence.<\/strong><\/p>\n<p>Mbapp\u00e9 a \u00e9t\u00e9 talonn\u00e9 par Viktor Gy\u00f6keres, auteur de 39 buts avec le Sporting CP, mais d\u00e9savantag\u00e9 par le coefficient de 1,5 appliqu\u00e9 aux championnats hors top 5. L\u2019attaquant su\u00e9dois termine avec 58,5 points, devant Mohamed Salah (Liverpool), qui cl\u00f4t la saison avec 58 points et 29 buts en Premier League. Aucun des poursuivants, comme Robert Lewandowski ou Mateo Retegui, n\u2019a r\u00e9ussi \u00e0 inverser la tendance lors de l\u2019ultime journ\u00e9e.<\/p>\n<p>Le natif de Bondy devient le premier Fran\u00e7ais depuis Thierry Henry \u00e0 remporter cette distinction, 19 ans apr\u00e8s la derni\u00e8re cons\u00e9cration de l\u2019ancien Gunner. L\u2019ex-Parisien confirme ainsi sa transition r\u00e9ussie en Espagne, marquant un peu plus son empreinte sur le football europ\u00e9en.<\/p>\n<div class='share-to-whatsapp-wrapper'><div class='share-on-whsp'>PARTAGER SUR : <\/div><a data-text='REAL MADRID - Mbapp\u00e9 tient son premier Soulier d\u2019Or' data-link='https:\/\/www.nettali.com\/2025\/05\/26\/real-madrid-mbappe-tient-son-premier-soulier-dor\/' class='whatsapp-button whatsapp-share'>WhatsApp<\/a><div class='clear '><\/div><\/div>","protected":false},"excerpt":{"rendered":"<p>NETTALI.COM - Kylian Mbapp\u00e9 a ajout\u00e9 une nouvelle ligne prestigieuse \u00e0 son palmar\u00e8s. Ce dimanche, l\u2019attaquant du Real Madrid a officiellement remport\u00e9 le premier Soulier d\u2019Or europ\u00e9en de sa carri\u00e8re, r\u00e9compensant le meilleur buteur des championnats d\u2019Europe. Gr\u00e2ce \u00e0 ses 31 buts inscrits en Liga, chaque r\u00e9alisation comptant pour deux points, le Fran\u00e7ais totalise 62 [&hellip;]<\/p>\n","protected":false},"author":5,"featured_media":154766,"comment_status":"open","ping_status":"open","sticky":false,"template":"","format":"standard","meta":{"_et_pb_use_builder":"","_et_pb_old_content":""},"categories":[6],"tags":[],"yoast_head":"<!-- This site is optimized with the Yoast SEO Premium plugin v17.8 (Yoast SEO v17.8) - https:\/\/yoast.com\/wordpress\/plugins\/seo\/ -->\n<title>REAL MADRID - Mbapp\u00e9 tient son premier Soulier d\u2019Or | Nettali.com<\/title>\n<meta name=\"robots\" content=\"index, follow, max-snippet:-1, max-image-preview:large, max-video-preview:-1\" \/>\n<link rel=\"canonical\" href=\"https:\/\/www.nettali.com\/2025\/05\/26\/real-madrid-mbappe-tient-son-premier-soulier-dor\/\" \/>\n<meta property=\"og:locale\" content=\"fr_FR\" \/>\n<meta property=\"og:type\" content=\"article\" \/>\n<meta property=\"og:title\" content=\"REAL MADRID - Mbapp\u00e9 tient son premier Soulier d\u2019Or\" \/>\n<meta property=\"og:description\" content=\"NETTALI.COM - Kylian Mbapp\u00e9 a ajout\u00e9 une nouvelle ligne prestigieuse \u00e0 son palmar\u00e8s. Ce dimanche, l\u2019attaquant du Real Madrid a officiellement remport\u00e9 le premier Soulier d\u2019Or europ\u00e9en de sa carri\u00e8re, r\u00e9compensant le meilleur buteur des championnats d\u2019Europe. Gr\u00e2ce \u00e0 ses 31 buts inscrits en Liga, chaque r\u00e9alisation comptant pour deux points, le Fran\u00e7ais totalise 62 [&hellip;]\" \/>\n<meta property=\"og:url\" content=\"https:\/\/www.nettali.com\/2025\/05\/26\/real-madrid-mbappe-tient-son-premier-soulier-dor\/\" \/>\n<meta property=\"og:site_name\" content=\"Nettali.com\" \/>\n<meta property=\"article:publisher\" content=\"https:\/\/www.facebook.com\/nettalicom\" \/>\n<meta property=\"article:published_time\" content=\"2025-05-26T07:14:22+00:00\" \/>\n<meta property=\"article:modified_time\" content=\"2025-05-26T07:24:21+00:00\" \/>\n<meta property=\"og:image\" content=\"https:\/\/www.nettali.com\/wp-content\/uploads\/2025\/05\/20240901231529-8667212.jpg\" \/>\n\t<meta property=\"og:image:width\" content=\"1000\" \/>\n\t<meta property=\"og:image:height\" content=\"500\" \/>\n<meta name=\"twitter:card\" content=\"summary_large_image\" \/>\n<meta name=\"twitter:label1\" content=\"\u00c9crit par\" \/>\n\t<meta name=\"twitter:data1\" content=\"Ibrahima\" \/>\n\t<meta name=\"twitter:label2\" content=\"Dur\u00e9e de lecture estim\u00e9e\" \/>\n\t<meta name=\"twitter:data2\" content=\"1 minute\" \/>\n<script type=\"application\/ld+json\" class=\"yoast-schema-graph\">{\"@context\":\"https:\/\/schema.org\",\"@graph\":[{\"@type\":\"WebSite\",\"@id\":\"https:\/\/www.nettali.com\/#website\",\"url\":\"https:\/\/www.nettali.com\/\",\"name\":\"Nettali.com\",\"description\":\"Le rendez-vous critique du Net\",\"potentialAction\":[{\"@type\":\"SearchAction\",\"target\":{\"@type\":\"EntryPoint\",\"urlTemplate\":\"https:\/\/www.nettali.com\/?s={search_term_string}\"},\"query-input\":\"required name=search_term_string\"}],\"inLanguage\":\"fr-FR\"},{\"@type\":\"ImageObject\",\"@id\":\"https:\/\/www.nettali.com\/2025\/05\/26\/real-madrid-mbappe-tient-son-premier-soulier-dor\/#primaryimage\",\"inLanguage\":\"fr-FR\",\"url\":\"https:\/\/www.nettali.com\/wp-content\/uploads\/2025\/05\/20240901231529-8667212.jpg\",\"contentUrl\":\"https:\/\/www.nettali.com\/wp-content\/uploads\/2025\/05\/20240901231529-8667212.jpg\",\"width\":1000,\"height\":500,\"caption\":\"Real Madrid's French forward #09 Kylian Mbappe celebrates scoring his team's second goal during the Spanish league football match between Real Real Madrid CF and Real Betis at the Santiago Bernabeu stadium in Madrid on September 1, 2024. (Photo by Thomas COEX \/ AFP)\"},{\"@type\":\"WebPage\",\"@id\":\"https:\/\/www.nettali.com\/2025\/05\/26\/real-madrid-mbappe-tient-son-premier-soulier-dor\/#webpage\",\"url\":\"https:\/\/www.nettali.com\/2025\/05\/26\/real-madrid-mbappe-tient-son-premier-soulier-dor\/\",\"name\":\"REAL MADRID - Mbapp\\u00e9 tient son premier Soulier d\\u2019Or | Nettali.com\",\"isPartOf\":{\"@id\":\"https:\/\/www.nettali.com\/#website\"},\"primaryImageOfPage\":{\"@id\":\"https:\/\/www.nettali.com\/2025\/05\/26\/real-madrid-mbappe-tient-son-premier-soulier-dor\/#primaryimage\"},\"datePublished\":\"2025-05-26T07:14:22+00:00\",\"dateModified\":\"2025-05-26T07:24:21+00:00\",\"author\":{\"@id\":\"https:\/\/www.nettali.com\/#\/schema\/person\/bb147657c2986240405a608162b9bb23\"},\"breadcrumb\":{\"@id\":\"https:\/\/www.nettali.com\/2025\/05\/26\/real-madrid-mbappe-tient-son-premier-soulier-dor\/#breadcrumb\"},\"inLanguage\":\"fr-FR\",\"potentialAction\":[{\"@type\":\"ReadAction\",\"target\":[\"https:\/\/www.nettali.com\/2025\/05\/26\/real-madrid-mbappe-tient-son-premier-soulier-dor\/\"]}]},{\"@type\":\"BreadcrumbList\",\"@id\":\"https:\/\/www.nettali.com\/2025\/05\/26\/real-madrid-mbappe-tient-son-premier-soulier-dor\/#breadcrumb\",\"itemListElement\":[{\"@type\":\"ListItem\",\"position\":1,\"name\":\"Accueil\",\"item\":\"https:\/\/www.nettali.com\/\"},{\"@type\":\"ListItem\",\"position\":2,\"name\":\"REAL MADRID - Mbapp\\u00e9 tient son premier Soulier d\\u2019Or\"}]},{\"@type\":\"Person\",\"@id\":\"https:\/\/www.nettali.com\/#\/schema\/person\/bb147657c2986240405a608162b9bb23\",\"name\":\"Ibrahima\",\"image\":{\"@type\":\"ImageObject\",\"@id\":\"https:\/\/www.nettali.com\/#personlogo\",\"inLanguage\":\"fr-FR\",\"url\":\"https:\/\/secure.gravatar.com\/avatar\/26a8a81f09f0dd7624c9d5c36c9ba3a2?s=96&d=mm&r=g\",\"contentUrl\":\"https:\/\/secure.gravatar.com\/avatar\/26a8a81f09f0dd7624c9d5c36c9ba3a2?s=96&d=mm&r=g\",\"caption\":\"Ibrahima\"},\"sameAs\":[\"https:\/\/www.nettali.com\"]}]}<\/script>\n<!-- \/ Yoast SEO Premium plugin. -->","yoast_head_json":{"title":"REAL MADRID - Mbapp\u00e9 tient son premier Soulier d\u2019Or | Nettali.com","robots":{"index":"index","follow":"follow","max-snippet":"max-snippet:-1","max-image-preview":"max-image-preview:large","max-video-preview":"max-video-preview:-1"},"canonical":"https:\/\/www.nettali.com\/2025\/05\/26\/real-madrid-mbappe-tient-son-premier-soulier-dor\/","og_locale":"fr_FR","og_type":"article","og_title":"REAL MADRID - Mbapp\u00e9 tient son premier Soulier d\u2019Or","og_description":"NETTALI.COM - Kylian Mbapp\u00e9 a ajout\u00e9 une nouvelle ligne prestigieuse \u00e0 son palmar\u00e8s. Ce dimanche, l\u2019attaquant du Real Madrid a officiellement remport\u00e9 le premier Soulier d\u2019Or europ\u00e9en de sa carri\u00e8re, r\u00e9compensant le meilleur buteur des championnats d\u2019Europe. Gr\u00e2ce \u00e0 ses 31 buts inscrits en Liga, chaque r\u00e9alisation comptant pour deux points, le Fran\u00e7ais totalise 62 [&hellip;]","og_url":"https:\/\/www.nettali.com\/2025\/05\/26\/real-madrid-mbappe-tient-son-premier-soulier-dor\/","og_site_name":"Nettali.com","article_publisher":"https:\/\/www.facebook.com\/nettalicom","article_published_time":"2025-05-26T07:14:22+00:00","article_modified_time":"2025-05-26T07:24:21+00:00","og_image":[{"width":1000,"height":500,"url":"https:\/\/www.nettali.com\/wp-content\/uploads\/2025\/05\/20240901231529-8667212.jpg","type":"image\/jpeg"}],"twitter_card":"summary_large_image","twitter_misc":{"\u00c9crit par":"Ibrahima","Dur\u00e9e de lecture estim\u00e9e":"1 minute"},"schema":{"@context":"https:\/\/schema.org","@graph":[{"@type":"WebSite","@id":"https:\/\/www.nettali.com\/#website","url":"https:\/\/www.nettali.com\/","name":"Nettali.com","description":"Le rendez-vous critique du Net","potentialAction":[{"@type":"SearchAction","target":{"@type":"EntryPoint","urlTemplate":"https:\/\/www.nettali.com\/?s={search_term_string}"},"query-input":"required name=search_term_string"}],"inLanguage":"fr-FR"},{"@type":"ImageObject","@id":"https:\/\/www.nettali.com\/2025\/05\/26\/real-madrid-mbappe-tient-son-premier-soulier-dor\/#primaryimage","inLanguage":"fr-FR","url":"https:\/\/www.nettali.com\/wp-content\/uploads\/2025\/05\/20240901231529-8667212.jpg","contentUrl":"https:\/\/www.nettali.com\/wp-content\/uploads\/2025\/05\/20240901231529-8667212.jpg","width":1000,"height":500,"caption":"Real Madrid's French forward #09 Kylian Mbappe celebrates scoring his team's second goal during the Spanish league football match between Real Real Madrid CF and Real Betis at the Santiago Bernabeu stadium in Madrid on September 1, 2024. (Photo by Thomas COEX \/ AFP)"},{"@type":"WebPage","@id":"https:\/\/www.nettali.com\/2025\/05\/26\/real-madrid-mbappe-tient-son-premier-soulier-dor\/#webpage","url":"https:\/\/www.nettali.com\/2025\/05\/26\/real-madrid-mbappe-tient-son-premier-soulier-dor\/","name":"REAL MADRID - Mbapp\u00e9 tient son premier Soulier d\u2019Or | Nettali.com","isPartOf":{"@id":"https:\/\/www.nettali.com\/#website"},"primaryImageOfPage":{"@id":"https:\/\/www.nettali.com\/2025\/05\/26\/real-madrid-mbappe-tient-son-premier-soulier-dor\/#primaryimage"},"datePublished":"2025-05-26T07:14:22+00:00","dateModified":"2025-05-26T07:24:21+00:00","author":{"@id":"https:\/\/www.nettali.com\/#\/schema\/person\/bb147657c2986240405a608162b9bb23"},"breadcrumb":{"@id":"https:\/\/www.nettali.com\/2025\/05\/26\/real-madrid-mbappe-tient-son-premier-soulier-dor\/#breadcrumb"},"inLanguage":"fr-FR","potentialAction":[{"@type":"ReadAction","target":["https:\/\/www.nettali.com\/2025\/05\/26\/real-madrid-mbappe-tient-son-premier-soulier-dor\/"]}]},{"@type":"BreadcrumbList","@id":"https:\/\/www.nettali.com\/2025\/05\/26\/real-madrid-mbappe-tient-son-premier-soulier-dor\/#breadcrumb","itemListElement":[{"@type":"ListItem","position":1,"name":"Accueil","item":"https:\/\/www.nettali.com\/"},{"@type":"ListItem","position":2,"name":"REAL MADRID - Mbapp\u00e9 tient son premier Soulier d\u2019Or"}]},{"@type":"Person","@id":"https:\/\/www.nettali.com\/#\/schema\/person\/bb147657c2986240405a608162b9bb23","name":"Ibrahima","image":{"@type":"ImageObject","@id":"https:\/\/www.nettali.com\/#personlogo","inLanguage":"fr-FR","url":"https:\/\/secure.gravatar.com\/avatar\/26a8a81f09f0dd7624c9d5c36c9ba3a2?s=96&d=mm&r=g","contentUrl":"https:\/\/secure.gravatar.com\/avatar\/26a8a81f09f0dd7624c9d5c36c9ba3a2?s=96&d=mm&r=g","caption":"Ibrahima"},"sameAs":["https:\/\/www.nettali.com"]}]}},"_links":{"self":[{"href":"https:\/\/www.nettali.com\/rest\/wp\/v2\/posts\/154765"}],"collection":[{"href":"https:\/\/www.nettali.com\/rest\/wp\/v2\/posts"}],"about":[{"href":"https:\/\/www.nettali.com\/rest\/wp\/v2\/types\/post"}],"author":[{"embeddable":true,"href":"https:\/\/www.nettali.com\/rest\/wp\/v2\/users\/5"}],"replies":[{"embeddable":true,"href":"https:\/\/www.nettali.com\/rest\/wp\/v2\/comments?post=154765"}],"version-history":[{"count":3,"href":"https:\/\/www.nettali.com\/rest\/wp\/v2\/posts\/154765\/revisions"}],"predecessor-version":[{"id":154771,"href":"https:\/\/www.nettali.com\/rest\/wp\/v2\/posts\/154765\/revisions\/154771"}],"wp:featuredmedia":[{"embeddable":true,"href":"https:\/\/www.nettali.com\/rest\/wp\/v2\/media\/154766"}],"wp:attachment":[{"href":"https:\/\/www.nettali.com\/rest\/wp\/v2\/media?parent=154765"}],"wp:term":[{"taxonomy":"category","embeddable":true,"href":"https:\/\/www.nettali.com\/rest\/wp\/v2\/categories?post=154765"},{"taxonomy":"post_tag","embeddable":true,"href":"https:\/\/www.nettali.com\/rest\/wp\/v2\/tags?post=154765"}],"curies":[{"name":"wp","href":"https:\/\/api.w.org\/{rel}","templated":true}]}}