{"id":154761,"date":"2025-05-26T07:09:28","date_gmt":"2025-05-26T07:09:28","guid":{"rendered":"https:\/\/www.nettali.com\/?p=154761"},"modified":"2025-05-27T00:16:10","modified_gmt":"2025-05-27T00:16:10","slug":"dialogue-national-mais-de-quoi-parlera-t-on-le-28-mai-prochain","status":"publish","type":"post","link":"https:\/\/www.nettali.com\/2025\/05\/26\/dialogue-national-mais-de-quoi-parlera-t-on-le-28-mai-prochain\/","title":{"rendered":"DIALOGUE NATIONAL - Mais de quoi parlera-t-on le 28 mai prochain ?"},"content":{"rendered":"<p><strong>NETTALI.COM -<\/strong> Le chef de l\u2019\u00c9tat, Bassirou Diomaye Faye, proc\u00e9dera, le mercredi 28 mai, au lancement officiel du Dialogue national sur le syst\u00e8me politique. Ce grand rendez-vous r\u00e9publicain se veut un cadre de concertation inclusive pour poser les bases d\u2019un renouveau d\u00e9mocratique au S\u00e9n\u00e9gal. En attendant ce rendez-vous r\u00e9publicain, il importe de revenir sur les trois principales th\u00e9matiques qui seront abord\u00e9es le jour J.<\/p>\n<p><strong>D\u00e9mocratie, libert\u00e9s et droits humains <\/strong><\/p>\n<p>Sur le point relatif \u00e0 la d\u00e9mocratie d'une mani\u00e8re g\u00e9n\u00e9rale, les discussions porteront notamment sur la \u201c<em>rationalisation des partis politiques et du calendrier r\u00e9publicain, l\u2019encadrement du financement des partis, ainsi que la reconnaissance du statut de l\u2019opposition et de son chef<\/em>\u201d. Selon les initiateurs du dialogue, l\u2019objectif, ici, est de \u201c<em>renforcer le pluralisme tout en assurant une plus grande stabilit\u00e9 du syst\u00e8me politique<\/em>\u201d.<\/p>\n<p><strong>Repenser le processus \u00e9lectoral <\/strong><\/p>\n<p>Concernant le processus \u00e9lectoral, il examinera plusieurs aspects cl\u00e9s tels que \u201c<em>les modalit\u00e9s du parrainage, l\u2019inscription automatique sur le fichier \u00e9lectoral avec la carte d\u2019identit\u00e9 biom\u00e9trique CEDEAO, l\u2019opportunit\u00e9 d\u2019un audit du fichier \u00e9lectoral, la num\u00e9risation du processus ainsi que le vote des personnes en d\u00e9tention<\/em>\u201d. Aussi, il sera mis sur la table et discut\u00e9 la question des \u201c<em>sp\u00e9cifications techniques du bulletin unique<\/em>\u201d.<\/p>\n<p><strong>R\u00e9formes institutionnelles et organes de gestion des \u00e9lections <\/strong><\/p>\n<p>Enfin, il ressort des termes de r\u00e9f\u00e9rence que les r\u00e9formes \u00e0 venir concerneront \u201c<em>le choix du syst\u00e8me \u00e9lectoral le mieux adapt\u00e9 au contexte s\u00e9n\u00e9galais, la place de la justice dans le processus \u00e9lectoral ainsi que le r\u00f4le et les attributions des autorit\u00e9s en charge des \u00e9lections et des m\u00e9dias<\/em>\u201d.<\/p>\n<p><strong>Des recommandations concert\u00e9es attendues <\/strong><\/p>\n<p>\u00c0 en croire les initiateurs, ce Dialogue national vise \u00e0 d\u00e9gager des consensus forts autour de recommandations portant sur \u201cla r\u00e9vision du Code \u00e9lectoral, la clarification des r\u00e8gles \u00e9lectorales, la red\u00e9finition du r\u00f4le des autorit\u00e9s \u00e9lectorales et des m\u00e9dias ainsi que l\u2019encadrement de la vie politique\u201d. En guise de rappel, un tel dialogue se veut une \u00e9tape majeure dans la volont\u00e9 des autorit\u00e9s d\u2019engager \u201cdes r\u00e9formes profondes, transparentes et participatives pour consolider la d\u00e9mocratie s\u00e9n\u00e9galaise\u201d.<\/p>\n<div class='share-to-whatsapp-wrapper'><div class='share-on-whsp'>PARTAGER SUR : <\/div><a data-text='DIALOGUE NATIONAL - Mais de quoi parlera-t-on le 28 mai prochain ?' data-link='https:\/\/www.nettali.com\/2025\/05\/26\/dialogue-national-mais-de-quoi-parlera-t-on-le-28-mai-prochain\/' class='whatsapp-button whatsapp-share'>WhatsApp<\/a><div class='clear '><\/div><\/div>","protected":false},"excerpt":{"rendered":"<p>NETTALI.COM - Le chef de l\u2019\u00c9tat, Bassirou Diomaye Faye, proc\u00e9dera, le mercredi 28 mai, au lancement officiel du Dialogue national sur le syst\u00e8me politique. Ce grand rendez-vous r\u00e9publicain se veut un cadre de concertation inclusive pour poser les bases d\u2019un renouveau d\u00e9mocratique au S\u00e9n\u00e9gal. En attendant ce rendez-vous r\u00e9publicain, il importe de revenir sur les [&hellip;]<\/p>\n","protected":false},"author":2,"featured_media":154762,"comment_status":"open","ping_status":"open","sticky":false,"template":"","format":"standard","meta":{"_et_pb_use_builder":"","_et_pb_old_content":""},"categories":[2],"tags":[],"yoast_head":"<!-- This site is optimized with the Yoast SEO Premium plugin v17.8 (Yoast SEO v17.8) - https:\/\/yoast.com\/wordpress\/plugins\/seo\/ -->\n<title>DIALOGUE NATIONAL - Mais de quoi parlera-t-on le 28 mai prochain ? | Nettali.com<\/title>\n<meta name=\"robots\" content=\"index, follow, max-snippet:-1, max-image-preview:large, max-video-preview:-1\" \/>\n<link rel=\"canonical\" href=\"https:\/\/www.nettali.com\/2025\/05\/26\/dialogue-national-mais-de-quoi-parlera-t-on-le-28-mai-prochain\/\" \/>\n<meta property=\"og:locale\" content=\"fr_FR\" \/>\n<meta property=\"og:type\" content=\"article\" \/>\n<meta property=\"og:title\" content=\"DIALOGUE NATIONAL - Mais de quoi parlera-t-on le 28 mai prochain ?\" \/>\n<meta property=\"og:description\" content=\"NETTALI.COM - Le chef de l\u2019\u00c9tat, Bassirou Diomaye Faye, proc\u00e9dera, le mercredi 28 mai, au lancement officiel du Dialogue national sur le syst\u00e8me politique. Ce grand rendez-vous r\u00e9publicain se veut un cadre de concertation inclusive pour poser les bases d\u2019un renouveau d\u00e9mocratique au S\u00e9n\u00e9gal. En attendant ce rendez-vous r\u00e9publicain, il importe de revenir sur les [&hellip;]\" \/>\n<meta property=\"og:url\" content=\"https:\/\/www.nettali.com\/2025\/05\/26\/dialogue-national-mais-de-quoi-parlera-t-on-le-28-mai-prochain\/\" \/>\n<meta property=\"og:site_name\" content=\"Nettali.com\" \/>\n<meta property=\"article:publisher\" content=\"https:\/\/www.facebook.com\/nettalicom\" \/>\n<meta property=\"article:published_time\" content=\"2025-05-26T07:09:28+00:00\" \/>\n<meta property=\"article:modified_time\" content=\"2025-05-27T00:16:10+00:00\" \/>\n<meta property=\"og:image\" content=\"https:\/\/www.nettali.com\/wp-content\/uploads\/2025\/05\/diomaye-dialogue-national.jpg\" \/>\n\t<meta property=\"og:image:width\" content=\"600\" \/>\n\t<meta property=\"og:image:height\" content=\"338\" \/>\n<meta name=\"twitter:card\" content=\"summary_large_image\" \/>\n<meta name=\"twitter:label1\" content=\"\u00c9crit par\" \/>\n\t<meta name=\"twitter:data1\" content=\"CK\" \/>\n\t<meta name=\"twitter:label2\" content=\"Dur\u00e9e de lecture estim\u00e9e\" \/>\n\t<meta name=\"twitter:data2\" content=\"2 minutes\" \/>\n<script type=\"application\/ld+json\" class=\"yoast-schema-graph\">{\"@context\":\"https:\/\/schema.org\",\"@graph\":[{\"@type\":\"WebSite\",\"@id\":\"https:\/\/www.nettali.com\/#website\",\"url\":\"https:\/\/www.nettali.com\/\",\"name\":\"Nettali.com\",\"description\":\"Le rendez-vous critique du Net\",\"potentialAction\":[{\"@type\":\"SearchAction\",\"target\":{\"@type\":\"EntryPoint\",\"urlTemplate\":\"https:\/\/www.nettali.com\/?s={search_term_string}\"},\"query-input\":\"required name=search_term_string\"}],\"inLanguage\":\"fr-FR\"},{\"@type\":\"ImageObject\",\"@id\":\"https:\/\/www.nettali.com\/2025\/05\/26\/dialogue-national-mais-de-quoi-parlera-t-on-le-28-mai-prochain\/#primaryimage\",\"inLanguage\":\"fr-FR\",\"url\":\"https:\/\/www.nettali.com\/wp-content\/uploads\/2025\/05\/diomaye-dialogue-national.jpg\",\"contentUrl\":\"https:\/\/www.nettali.com\/wp-content\/uploads\/2025\/05\/diomaye-dialogue-national.jpg\",\"width\":600,\"height\":338},{\"@type\":\"WebPage\",\"@id\":\"https:\/\/www.nettali.com\/2025\/05\/26\/dialogue-national-mais-de-quoi-parlera-t-on-le-28-mai-prochain\/#webpage\",\"url\":\"https:\/\/www.nettali.com\/2025\/05\/26\/dialogue-national-mais-de-quoi-parlera-t-on-le-28-mai-prochain\/\",\"name\":\"DIALOGUE NATIONAL - Mais de quoi parlera-t-on le 28 mai prochain ? | Nettali.com\",\"isPartOf\":{\"@id\":\"https:\/\/www.nettali.com\/#website\"},\"primaryImageOfPage\":{\"@id\":\"https:\/\/www.nettali.com\/2025\/05\/26\/dialogue-national-mais-de-quoi-parlera-t-on-le-28-mai-prochain\/#primaryimage\"},\"datePublished\":\"2025-05-26T07:09:28+00:00\",\"dateModified\":\"2025-05-27T00:16:10+00:00\",\"author\":{\"@id\":\"https:\/\/www.nettali.com\/#\/schema\/person\/d8ac7b7e27ddad43f1c0d2ef090d7f71\"},\"breadcrumb\":{\"@id\":\"https:\/\/www.nettali.com\/2025\/05\/26\/dialogue-national-mais-de-quoi-parlera-t-on-le-28-mai-prochain\/#breadcrumb\"},\"inLanguage\":\"fr-FR\",\"potentialAction\":[{\"@type\":\"ReadAction\",\"target\":[\"https:\/\/www.nettali.com\/2025\/05\/26\/dialogue-national-mais-de-quoi-parlera-t-on-le-28-mai-prochain\/\"]}]},{\"@type\":\"BreadcrumbList\",\"@id\":\"https:\/\/www.nettali.com\/2025\/05\/26\/dialogue-national-mais-de-quoi-parlera-t-on-le-28-mai-prochain\/#breadcrumb\",\"itemListElement\":[{\"@type\":\"ListItem\",\"position\":1,\"name\":\"Accueil\",\"item\":\"https:\/\/www.nettali.com\/\"},{\"@type\":\"ListItem\",\"position\":2,\"name\":\"DIALOGUE NATIONAL - Mais de quoi parlera-t-on le 28 mai prochain ?\"}]},{\"@type\":\"Person\",\"@id\":\"https:\/\/www.nettali.com\/#\/schema\/person\/d8ac7b7e27ddad43f1c0d2ef090d7f71\",\"name\":\"CK\",\"image\":{\"@type\":\"ImageObject\",\"@id\":\"https:\/\/www.nettali.com\/#personlogo\",\"inLanguage\":\"fr-FR\",\"url\":\"https:\/\/secure.gravatar.com\/avatar\/1d8d5118b9327d94da7cd4ce7f17fec2?s=96&d=mm&r=g\",\"contentUrl\":\"https:\/\/secure.gravatar.com\/avatar\/1d8d5118b9327d94da7cd4ce7f17fec2?s=96&d=mm&r=g\",\"caption\":\"CK\"},\"sameAs\":[\"https:\/\/www.nettali.com\"]}]}<\/script>\n<!-- \/ Yoast SEO Premium plugin. -->","yoast_head_json":{"title":"DIALOGUE NATIONAL - Mais de quoi parlera-t-on le 28 mai prochain ? | Nettali.com","robots":{"index":"index","follow":"follow","max-snippet":"max-snippet:-1","max-image-preview":"max-image-preview:large","max-video-preview":"max-video-preview:-1"},"canonical":"https:\/\/www.nettali.com\/2025\/05\/26\/dialogue-national-mais-de-quoi-parlera-t-on-le-28-mai-prochain\/","og_locale":"fr_FR","og_type":"article","og_title":"DIALOGUE NATIONAL - Mais de quoi parlera-t-on le 28 mai prochain ?","og_description":"NETTALI.COM - Le chef de l\u2019\u00c9tat, Bassirou Diomaye Faye, proc\u00e9dera, le mercredi 28 mai, au lancement officiel du Dialogue national sur le syst\u00e8me politique. Ce grand rendez-vous r\u00e9publicain se veut un cadre de concertation inclusive pour poser les bases d\u2019un renouveau d\u00e9mocratique au S\u00e9n\u00e9gal. En attendant ce rendez-vous r\u00e9publicain, il importe de revenir sur les [&hellip;]","og_url":"https:\/\/www.nettali.com\/2025\/05\/26\/dialogue-national-mais-de-quoi-parlera-t-on-le-28-mai-prochain\/","og_site_name":"Nettali.com","article_publisher":"https:\/\/www.facebook.com\/nettalicom","article_published_time":"2025-05-26T07:09:28+00:00","article_modified_time":"2025-05-27T00:16:10+00:00","og_image":[{"width":600,"height":338,"url":"https:\/\/www.nettali.com\/wp-content\/uploads\/2025\/05\/diomaye-dialogue-national.jpg","type":"image\/jpeg"}],"twitter_card":"summary_large_image","twitter_misc":{"\u00c9crit par":"CK","Dur\u00e9e de lecture estim\u00e9e":"2 minutes"},"schema":{"@context":"https:\/\/schema.org","@graph":[{"@type":"WebSite","@id":"https:\/\/www.nettali.com\/#website","url":"https:\/\/www.nettali.com\/","name":"Nettali.com","description":"Le rendez-vous critique du Net","potentialAction":[{"@type":"SearchAction","target":{"@type":"EntryPoint","urlTemplate":"https:\/\/www.nettali.com\/?s={search_term_string}"},"query-input":"required name=search_term_string"}],"inLanguage":"fr-FR"},{"@type":"ImageObject","@id":"https:\/\/www.nettali.com\/2025\/05\/26\/dialogue-national-mais-de-quoi-parlera-t-on-le-28-mai-prochain\/#primaryimage","inLanguage":"fr-FR","url":"https:\/\/www.nettali.com\/wp-content\/uploads\/2025\/05\/diomaye-dialogue-national.jpg","contentUrl":"https:\/\/www.nettali.com\/wp-content\/uploads\/2025\/05\/diomaye-dialogue-national.jpg","width":600,"height":338},{"@type":"WebPage","@id":"https:\/\/www.nettali.com\/2025\/05\/26\/dialogue-national-mais-de-quoi-parlera-t-on-le-28-mai-prochain\/#webpage","url":"https:\/\/www.nettali.com\/2025\/05\/26\/dialogue-national-mais-de-quoi-parlera-t-on-le-28-mai-prochain\/","name":"DIALOGUE NATIONAL - Mais de quoi parlera-t-on le 28 mai prochain ? | Nettali.com","isPartOf":{"@id":"https:\/\/www.nettali.com\/#website"},"primaryImageOfPage":{"@id":"https:\/\/www.nettali.com\/2025\/05\/26\/dialogue-national-mais-de-quoi-parlera-t-on-le-28-mai-prochain\/#primaryimage"},"datePublished":"2025-05-26T07:09:28+00:00","dateModified":"2025-05-27T00:16:10+00:00","author":{"@id":"https:\/\/www.nettali.com\/#\/schema\/person\/d8ac7b7e27ddad43f1c0d2ef090d7f71"},"breadcrumb":{"@id":"https:\/\/www.nettali.com\/2025\/05\/26\/dialogue-national-mais-de-quoi-parlera-t-on-le-28-mai-prochain\/#breadcrumb"},"inLanguage":"fr-FR","potentialAction":[{"@type":"ReadAction","target":["https:\/\/www.nettali.com\/2025\/05\/26\/dialogue-national-mais-de-quoi-parlera-t-on-le-28-mai-prochain\/"]}]},{"@type":"BreadcrumbList","@id":"https:\/\/www.nettali.com\/2025\/05\/26\/dialogue-national-mais-de-quoi-parlera-t-on-le-28-mai-prochain\/#breadcrumb","itemListElement":[{"@type":"ListItem","position":1,"name":"Accueil","item":"https:\/\/www.nettali.com\/"},{"@type":"ListItem","position":2,"name":"DIALOGUE NATIONAL - Mais de quoi parlera-t-on le 28 mai prochain ?"}]},{"@type":"Person","@id":"https:\/\/www.nettali.com\/#\/schema\/person\/d8ac7b7e27ddad43f1c0d2ef090d7f71","name":"CK","image":{"@type":"ImageObject","@id":"https:\/\/www.nettali.com\/#personlogo","inLanguage":"fr-FR","url":"https:\/\/secure.gravatar.com\/avatar\/1d8d5118b9327d94da7cd4ce7f17fec2?s=96&d=mm&r=g","contentUrl":"https:\/\/secure.gravatar.com\/avatar\/1d8d5118b9327d94da7cd4ce7f17fec2?s=96&d=mm&r=g","caption":"CK"},"sameAs":["https:\/\/www.nettali.com"]}]}},"_links":{"self":[{"href":"https:\/\/www.nettali.com\/rest\/wp\/v2\/posts\/154761"}],"collection":[{"href":"https:\/\/www.nettali.com\/rest\/wp\/v2\/posts"}],"about":[{"href":"https:\/\/www.nettali.com\/rest\/wp\/v2\/types\/post"}],"author":[{"embeddable":true,"href":"https:\/\/www.nettali.com\/rest\/wp\/v2\/users\/2"}],"replies":[{"embeddable":true,"href":"https:\/\/www.nettali.com\/rest\/wp\/v2\/comments?post=154761"}],"version-history":[{"count":1,"href":"https:\/\/www.nettali.com\/rest\/wp\/v2\/posts\/154761\/revisions"}],"predecessor-version":[{"id":154763,"href":"https:\/\/www.nettali.com\/rest\/wp\/v2\/posts\/154761\/revisions\/154763"}],"wp:featuredmedia":[{"embeddable":true,"href":"https:\/\/www.nettali.com\/rest\/wp\/v2\/media\/154762"}],"wp:attachment":[{"href":"https:\/\/www.nettali.com\/rest\/wp\/v2\/media?parent=154761"}],"wp:term":[{"taxonomy":"category","embeddable":true,"href":"https:\/\/www.nettali.com\/rest\/wp\/v2\/categories?post=154761"},{"taxonomy":"post_tag","embeddable":true,"href":"https:\/\/www.nettali.com\/rest\/wp\/v2\/tags?post=154761"}],"curies":[{"name":"wp","href":"https:\/\/api.w.org\/{rel}","templated":true}]}}