{"id":154758,"date":"2025-05-26T07:03:00","date_gmt":"2025-05-26T07:03:00","guid":{"rendered":"https:\/\/www.nettali.com\/?p=154758"},"modified":"2025-05-26T07:03:00","modified_gmt":"2025-05-26T07:03:00","slug":"dialogue-national-du-28-mai-diouf-sarr-sera-de-la-partie","status":"publish","type":"post","link":"https:\/\/www.nettali.com\/2025\/05\/26\/dialogue-national-du-28-mai-diouf-sarr-sera-de-la-partie\/","title":{"rendered":"DIALOGUE NATIONAL DU 28 MAI - Diouf Sarr sera de la partie"},"content":{"rendered":"<p><strong>NETTALI.COM -<\/strong> Abdoulaye Diouf Sarr, pr\u00e9sident de Renaissance R\u00e9publique et ex responsable de l\u2019Alliance pour la R\u00e9publique, a lui pris la d\u00e9cision de prendre part au dialogue sans poser de conditions. Il dit aborder \u201c<em>cette rencontre avec un sens aigu du devoir et un esprit de responsabilit\u00e9.<\/em>\u201d<\/p>\n<p>Sa formation politique compte apporter sa contribution au dialogue \u00e0 travers trois axes structurants : la restauration de la confiance citoyenne dans le processus \u00e9lectoral, condition indispensable \u00e0 toute d\u00e9mocratie apais\u00e9e et inclusive ; la consolidation de la r\u00e9silience institutionnelle, face aux soubresauts politiques r\u00e9currents, afin de garantir la stabilit\u00e9 et la continuit\u00e9 r\u00e9publicaines ; et le renforcement de l\u2019efficacit\u00e9 d\u00e9mocratique, dans un contexte marqu\u00e9 par des mutations profondes qui appellent un renforcement de notre dispositif institutionnel et judiciaire en particulier.<\/p>\n<div class='share-to-whatsapp-wrapper'><div class='share-on-whsp'>PARTAGER SUR : <\/div><a data-text='DIALOGUE NATIONAL DU 28 MAI - Diouf Sarr sera de la partie' data-link='https:\/\/www.nettali.com\/2025\/05\/26\/dialogue-national-du-28-mai-diouf-sarr-sera-de-la-partie\/' class='whatsapp-button whatsapp-share'>WhatsApp<\/a><div class='clear '><\/div><\/div>","protected":false},"excerpt":{"rendered":"<p>NETTALI.COM - Abdoulaye Diouf Sarr, pr\u00e9sident de Renaissance R\u00e9publique et ex responsable de l\u2019Alliance pour la R\u00e9publique, a lui pris la d\u00e9cision de prendre part au dialogue sans poser de conditions. Il dit aborder \u201ccette rencontre avec un sens aigu du devoir et un esprit de responsabilit\u00e9.\u201d Sa formation politique compte apporter sa contribution au [&hellip;]<\/p>\n","protected":false},"author":2,"featured_media":154759,"comment_status":"open","ping_status":"open","sticky":false,"template":"","format":"standard","meta":{"_et_pb_use_builder":"","_et_pb_old_content":""},"categories":[2],"tags":[],"yoast_head":"<!-- This site is optimized with the Yoast SEO Premium plugin v17.8 (Yoast SEO v17.8) - https:\/\/yoast.com\/wordpress\/plugins\/seo\/ -->\n<title>DIALOGUE NATIONAL DU 28 MAI - Diouf Sarr sera de la partie | Nettali.com<\/title>\n<meta name=\"robots\" content=\"index, follow, max-snippet:-1, max-image-preview:large, max-video-preview:-1\" \/>\n<link rel=\"canonical\" href=\"https:\/\/www.nettali.com\/2025\/05\/26\/dialogue-national-du-28-mai-diouf-sarr-sera-de-la-partie\/\" \/>\n<meta property=\"og:locale\" content=\"fr_FR\" \/>\n<meta property=\"og:type\" content=\"article\" \/>\n<meta property=\"og:title\" content=\"DIALOGUE NATIONAL DU 28 MAI - Diouf Sarr sera de la partie\" \/>\n<meta property=\"og:description\" content=\"NETTALI.COM - Abdoulaye Diouf Sarr, pr\u00e9sident de Renaissance R\u00e9publique et ex responsable de l\u2019Alliance pour la R\u00e9publique, a lui pris la d\u00e9cision de prendre part au dialogue sans poser de conditions. Il dit aborder \u201ccette rencontre avec un sens aigu du devoir et un esprit de responsabilit\u00e9.\u201d Sa formation politique compte apporter sa contribution au [&hellip;]\" \/>\n<meta property=\"og:url\" content=\"https:\/\/www.nettali.com\/2025\/05\/26\/dialogue-national-du-28-mai-diouf-sarr-sera-de-la-partie\/\" \/>\n<meta property=\"og:site_name\" content=\"Nettali.com\" \/>\n<meta property=\"article:publisher\" content=\"https:\/\/www.facebook.com\/nettalicom\" \/>\n<meta property=\"article:published_time\" content=\"2025-05-26T07:03:00+00:00\" \/>\n<meta property=\"og:image\" content=\"https:\/\/www.nettali.com\/wp-content\/uploads\/2025\/05\/abdoulaye-diouf-sarr-1.jpg\" \/>\n\t<meta property=\"og:image:width\" content=\"600\" \/>\n\t<meta property=\"og:image:height\" content=\"400\" \/>\n<meta name=\"twitter:card\" content=\"summary_large_image\" \/>\n<meta name=\"twitter:label1\" content=\"\u00c9crit par\" \/>\n\t<meta name=\"twitter:data1\" content=\"CK\" \/>\n\t<meta name=\"twitter:label2\" content=\"Dur\u00e9e de lecture estim\u00e9e\" \/>\n\t<meta name=\"twitter:data2\" content=\"1 minute\" \/>\n<script type=\"application\/ld+json\" class=\"yoast-schema-graph\">{\"@context\":\"https:\/\/schema.org\",\"@graph\":[{\"@type\":\"WebSite\",\"@id\":\"https:\/\/www.nettali.com\/#website\",\"url\":\"https:\/\/www.nettali.com\/\",\"name\":\"Nettali.com\",\"description\":\"Le rendez-vous critique du Net\",\"potentialAction\":[{\"@type\":\"SearchAction\",\"target\":{\"@type\":\"EntryPoint\",\"urlTemplate\":\"https:\/\/www.nettali.com\/?s={search_term_string}\"},\"query-input\":\"required name=search_term_string\"}],\"inLanguage\":\"fr-FR\"},{\"@type\":\"ImageObject\",\"@id\":\"https:\/\/www.nettali.com\/2025\/05\/26\/dialogue-national-du-28-mai-diouf-sarr-sera-de-la-partie\/#primaryimage\",\"inLanguage\":\"fr-FR\",\"url\":\"https:\/\/www.nettali.com\/wp-content\/uploads\/2025\/05\/abdoulaye-diouf-sarr-1.jpg\",\"contentUrl\":\"https:\/\/www.nettali.com\/wp-content\/uploads\/2025\/05\/abdoulaye-diouf-sarr-1.jpg\",\"width\":600,\"height\":400},{\"@type\":\"WebPage\",\"@id\":\"https:\/\/www.nettali.com\/2025\/05\/26\/dialogue-national-du-28-mai-diouf-sarr-sera-de-la-partie\/#webpage\",\"url\":\"https:\/\/www.nettali.com\/2025\/05\/26\/dialogue-national-du-28-mai-diouf-sarr-sera-de-la-partie\/\",\"name\":\"DIALOGUE NATIONAL DU 28 MAI - Diouf Sarr sera de la partie | Nettali.com\",\"isPartOf\":{\"@id\":\"https:\/\/www.nettali.com\/#website\"},\"primaryImageOfPage\":{\"@id\":\"https:\/\/www.nettali.com\/2025\/05\/26\/dialogue-national-du-28-mai-diouf-sarr-sera-de-la-partie\/#primaryimage\"},\"datePublished\":\"2025-05-26T07:03:00+00:00\",\"dateModified\":\"2025-05-26T07:03:00+00:00\",\"author\":{\"@id\":\"https:\/\/www.nettali.com\/#\/schema\/person\/d8ac7b7e27ddad43f1c0d2ef090d7f71\"},\"breadcrumb\":{\"@id\":\"https:\/\/www.nettali.com\/2025\/05\/26\/dialogue-national-du-28-mai-diouf-sarr-sera-de-la-partie\/#breadcrumb\"},\"inLanguage\":\"fr-FR\",\"potentialAction\":[{\"@type\":\"ReadAction\",\"target\":[\"https:\/\/www.nettali.com\/2025\/05\/26\/dialogue-national-du-28-mai-diouf-sarr-sera-de-la-partie\/\"]}]},{\"@type\":\"BreadcrumbList\",\"@id\":\"https:\/\/www.nettali.com\/2025\/05\/26\/dialogue-national-du-28-mai-diouf-sarr-sera-de-la-partie\/#breadcrumb\",\"itemListElement\":[{\"@type\":\"ListItem\",\"position\":1,\"name\":\"Accueil\",\"item\":\"https:\/\/www.nettali.com\/\"},{\"@type\":\"ListItem\",\"position\":2,\"name\":\"DIALOGUE NATIONAL DU 28 MAI - Diouf Sarr sera de la partie\"}]},{\"@type\":\"Person\",\"@id\":\"https:\/\/www.nettali.com\/#\/schema\/person\/d8ac7b7e27ddad43f1c0d2ef090d7f71\",\"name\":\"CK\",\"image\":{\"@type\":\"ImageObject\",\"@id\":\"https:\/\/www.nettali.com\/#personlogo\",\"inLanguage\":\"fr-FR\",\"url\":\"https:\/\/secure.gravatar.com\/avatar\/1d8d5118b9327d94da7cd4ce7f17fec2?s=96&d=mm&r=g\",\"contentUrl\":\"https:\/\/secure.gravatar.com\/avatar\/1d8d5118b9327d94da7cd4ce7f17fec2?s=96&d=mm&r=g\",\"caption\":\"CK\"},\"sameAs\":[\"https:\/\/www.nettali.com\"]}]}<\/script>\n<!-- \/ Yoast SEO Premium plugin. -->","yoast_head_json":{"title":"DIALOGUE NATIONAL DU 28 MAI - Diouf Sarr sera de la partie | Nettali.com","robots":{"index":"index","follow":"follow","max-snippet":"max-snippet:-1","max-image-preview":"max-image-preview:large","max-video-preview":"max-video-preview:-1"},"canonical":"https:\/\/www.nettali.com\/2025\/05\/26\/dialogue-national-du-28-mai-diouf-sarr-sera-de-la-partie\/","og_locale":"fr_FR","og_type":"article","og_title":"DIALOGUE NATIONAL DU 28 MAI - Diouf Sarr sera de la partie","og_description":"NETTALI.COM - Abdoulaye Diouf Sarr, pr\u00e9sident de Renaissance R\u00e9publique et ex responsable de l\u2019Alliance pour la R\u00e9publique, a lui pris la d\u00e9cision de prendre part au dialogue sans poser de conditions. Il dit aborder \u201ccette rencontre avec un sens aigu du devoir et un esprit de responsabilit\u00e9.\u201d Sa formation politique compte apporter sa contribution au [&hellip;]","og_url":"https:\/\/www.nettali.com\/2025\/05\/26\/dialogue-national-du-28-mai-diouf-sarr-sera-de-la-partie\/","og_site_name":"Nettali.com","article_publisher":"https:\/\/www.facebook.com\/nettalicom","article_published_time":"2025-05-26T07:03:00+00:00","og_image":[{"width":600,"height":400,"url":"https:\/\/www.nettali.com\/wp-content\/uploads\/2025\/05\/abdoulaye-diouf-sarr-1.jpg","type":"image\/jpeg"}],"twitter_card":"summary_large_image","twitter_misc":{"\u00c9crit par":"CK","Dur\u00e9e de lecture estim\u00e9e":"1 minute"},"schema":{"@context":"https:\/\/schema.org","@graph":[{"@type":"WebSite","@id":"https:\/\/www.nettali.com\/#website","url":"https:\/\/www.nettali.com\/","name":"Nettali.com","description":"Le rendez-vous critique du Net","potentialAction":[{"@type":"SearchAction","target":{"@type":"EntryPoint","urlTemplate":"https:\/\/www.nettali.com\/?s={search_term_string}"},"query-input":"required name=search_term_string"}],"inLanguage":"fr-FR"},{"@type":"ImageObject","@id":"https:\/\/www.nettali.com\/2025\/05\/26\/dialogue-national-du-28-mai-diouf-sarr-sera-de-la-partie\/#primaryimage","inLanguage":"fr-FR","url":"https:\/\/www.nettali.com\/wp-content\/uploads\/2025\/05\/abdoulaye-diouf-sarr-1.jpg","contentUrl":"https:\/\/www.nettali.com\/wp-content\/uploads\/2025\/05\/abdoulaye-diouf-sarr-1.jpg","width":600,"height":400},{"@type":"WebPage","@id":"https:\/\/www.nettali.com\/2025\/05\/26\/dialogue-national-du-28-mai-diouf-sarr-sera-de-la-partie\/#webpage","url":"https:\/\/www.nettali.com\/2025\/05\/26\/dialogue-national-du-28-mai-diouf-sarr-sera-de-la-partie\/","name":"DIALOGUE NATIONAL DU 28 MAI - Diouf Sarr sera de la partie | Nettali.com","isPartOf":{"@id":"https:\/\/www.nettali.com\/#website"},"primaryImageOfPage":{"@id":"https:\/\/www.nettali.com\/2025\/05\/26\/dialogue-national-du-28-mai-diouf-sarr-sera-de-la-partie\/#primaryimage"},"datePublished":"2025-05-26T07:03:00+00:00","dateModified":"2025-05-26T07:03:00+00:00","author":{"@id":"https:\/\/www.nettali.com\/#\/schema\/person\/d8ac7b7e27ddad43f1c0d2ef090d7f71"},"breadcrumb":{"@id":"https:\/\/www.nettali.com\/2025\/05\/26\/dialogue-national-du-28-mai-diouf-sarr-sera-de-la-partie\/#breadcrumb"},"inLanguage":"fr-FR","potentialAction":[{"@type":"ReadAction","target":["https:\/\/www.nettali.com\/2025\/05\/26\/dialogue-national-du-28-mai-diouf-sarr-sera-de-la-partie\/"]}]},{"@type":"BreadcrumbList","@id":"https:\/\/www.nettali.com\/2025\/05\/26\/dialogue-national-du-28-mai-diouf-sarr-sera-de-la-partie\/#breadcrumb","itemListElement":[{"@type":"ListItem","position":1,"name":"Accueil","item":"https:\/\/www.nettali.com\/"},{"@type":"ListItem","position":2,"name":"DIALOGUE NATIONAL DU 28 MAI - Diouf Sarr sera de la partie"}]},{"@type":"Person","@id":"https:\/\/www.nettali.com\/#\/schema\/person\/d8ac7b7e27ddad43f1c0d2ef090d7f71","name":"CK","image":{"@type":"ImageObject","@id":"https:\/\/www.nettali.com\/#personlogo","inLanguage":"fr-FR","url":"https:\/\/secure.gravatar.com\/avatar\/1d8d5118b9327d94da7cd4ce7f17fec2?s=96&d=mm&r=g","contentUrl":"https:\/\/secure.gravatar.com\/avatar\/1d8d5118b9327d94da7cd4ce7f17fec2?s=96&d=mm&r=g","caption":"CK"},"sameAs":["https:\/\/www.nettali.com"]}]}},"_links":{"self":[{"href":"https:\/\/www.nettali.com\/rest\/wp\/v2\/posts\/154758"}],"collection":[{"href":"https:\/\/www.nettali.com\/rest\/wp\/v2\/posts"}],"about":[{"href":"https:\/\/www.nettali.com\/rest\/wp\/v2\/types\/post"}],"author":[{"embeddable":true,"href":"https:\/\/www.nettali.com\/rest\/wp\/v2\/users\/2"}],"replies":[{"embeddable":true,"href":"https:\/\/www.nettali.com\/rest\/wp\/v2\/comments?post=154758"}],"version-history":[{"count":1,"href":"https:\/\/www.nettali.com\/rest\/wp\/v2\/posts\/154758\/revisions"}],"predecessor-version":[{"id":154760,"href":"https:\/\/www.nettali.com\/rest\/wp\/v2\/posts\/154758\/revisions\/154760"}],"wp:featuredmedia":[{"embeddable":true,"href":"https:\/\/www.nettali.com\/rest\/wp\/v2\/media\/154759"}],"wp:attachment":[{"href":"https:\/\/www.nettali.com\/rest\/wp\/v2\/media?parent=154758"}],"wp:term":[{"taxonomy":"category","embeddable":true,"href":"https:\/\/www.nettali.com\/rest\/wp\/v2\/categories?post=154758"},{"taxonomy":"post_tag","embeddable":true,"href":"https:\/\/www.nettali.com\/rest\/wp\/v2\/tags?post=154758"}],"curies":[{"name":"wp","href":"https:\/\/api.w.org\/{rel}","templated":true}]}}