{"id":154693,"date":"2025-05-24T08:48:20","date_gmt":"2025-05-24T08:48:20","guid":{"rendered":"https:\/\/www.nettali.com\/?p=154693"},"modified":"2025-05-24T08:48:20","modified_gmt":"2025-05-24T08:48:20","slug":"psg-le-real-pense-a-vitinha","status":"publish","type":"post","link":"https:\/\/www.nettali.com\/2025\/05\/24\/psg-le-real-pense-a-vitinha\/","title":{"rendered":"PSG - Le Real pense \u00e0 Vitinha"},"content":{"rendered":"<p><strong>NETTALI.COM -<\/strong> Avec le d\u00e9part de Luka Modric en fin de saison et un Toni Kroos qui n'a pas \u00e9t\u00e9 v\u00e9ritablement remplac\u00e9 l'\u00e9t\u00e9 dernier, le Real Madrid veut s'offrir un renfort de poids au milieu de terrain lors du prochain mercato. Dans cette optique, le quotidien espagnol Marca explique ce vendredi que le Parisien Vitinha (25 ans, 29 matchs et 5 buts en L1 cette saison) fait partie des profils \u00e9tudi\u00e9s et appr\u00e9ci\u00e9s par la Maison Blanche.<\/p>\n<p>Si l'int\u00e9r\u00eat du Real n'est pas une surprise au vu des bonnes performances de l'ancien joueur du FC Porto, la direction madril\u00e8ne risque n\u00e9anmoins de ranger rapidement ce dossier au placard, puisque le PSG n'a aucune intention de se s\u00e9parer d'un pr\u00e9cieux \u00e9l\u00e9ment sous contrat jusqu'en juin 2029. Les Merengue peuvent donc regarder ailleurs.<\/p>\n<div class='share-to-whatsapp-wrapper'><div class='share-on-whsp'>PARTAGER SUR : <\/div><a data-text='PSG - Le Real pense \u00e0 Vitinha' data-link='https:\/\/www.nettali.com\/2025\/05\/24\/psg-le-real-pense-a-vitinha\/' class='whatsapp-button whatsapp-share'>WhatsApp<\/a><div class='clear '><\/div><\/div>","protected":false},"excerpt":{"rendered":"<p>NETTALI.COM - Avec le d\u00e9part de Luka Modric en fin de saison et un Toni Kroos qui n'a pas \u00e9t\u00e9 v\u00e9ritablement remplac\u00e9 l'\u00e9t\u00e9 dernier, le Real Madrid veut s'offrir un renfort de poids au milieu de terrain lors du prochain mercato. Dans cette optique, le quotidien espagnol Marca explique ce vendredi que le Parisien Vitinha [&hellip;]<\/p>\n","protected":false},"author":2,"featured_media":154694,"comment_status":"open","ping_status":"open","sticky":false,"template":"","format":"standard","meta":{"_et_pb_use_builder":"","_et_pb_old_content":""},"categories":[6],"tags":[],"yoast_head":"<!-- This site is optimized with the Yoast SEO Premium plugin v17.8 (Yoast SEO v17.8) - https:\/\/yoast.com\/wordpress\/plugins\/seo\/ -->\n<title>PSG - Le Real pense \u00e0 Vitinha | Nettali.com<\/title>\n<meta name=\"robots\" content=\"index, follow, max-snippet:-1, max-image-preview:large, max-video-preview:-1\" \/>\n<link rel=\"canonical\" href=\"https:\/\/www.nettali.com\/2025\/05\/24\/psg-le-real-pense-a-vitinha\/\" \/>\n<meta property=\"og:locale\" content=\"fr_FR\" \/>\n<meta property=\"og:type\" content=\"article\" \/>\n<meta property=\"og:title\" content=\"PSG - Le Real pense \u00e0 Vitinha\" \/>\n<meta property=\"og:description\" content=\"NETTALI.COM - Avec le d\u00e9part de Luka Modric en fin de saison et un Toni Kroos qui n&#039;a pas \u00e9t\u00e9 v\u00e9ritablement remplac\u00e9 l&#039;\u00e9t\u00e9 dernier, le Real Madrid veut s&#039;offrir un renfort de poids au milieu de terrain lors du prochain mercato. Dans cette optique, le quotidien espagnol Marca explique ce vendredi que le Parisien Vitinha [&hellip;]\" \/>\n<meta property=\"og:url\" content=\"https:\/\/www.nettali.com\/2025\/05\/24\/psg-le-real-pense-a-vitinha\/\" \/>\n<meta property=\"og:site_name\" content=\"Nettali.com\" \/>\n<meta property=\"article:publisher\" content=\"https:\/\/www.facebook.com\/nettalicom\" \/>\n<meta property=\"article:published_time\" content=\"2025-05-24T08:48:20+00:00\" \/>\n<meta property=\"og:image\" content=\"https:\/\/www.nettali.com\/wp-content\/uploads\/2025\/05\/images-8.jpeg\" \/>\n\t<meta property=\"og:image:width\" content=\"275\" \/>\n\t<meta property=\"og:image:height\" content=\"183\" \/>\n<meta name=\"twitter:card\" content=\"summary_large_image\" \/>\n<meta name=\"twitter:label1\" content=\"\u00c9crit par\" \/>\n\t<meta name=\"twitter:data1\" content=\"CK\" \/>\n\t<meta name=\"twitter:label2\" content=\"Dur\u00e9e de lecture estim\u00e9e\" \/>\n\t<meta name=\"twitter:data2\" content=\"1 minute\" \/>\n<script type=\"application\/ld+json\" class=\"yoast-schema-graph\">{\"@context\":\"https:\/\/schema.org\",\"@graph\":[{\"@type\":\"WebSite\",\"@id\":\"https:\/\/www.nettali.com\/#website\",\"url\":\"https:\/\/www.nettali.com\/\",\"name\":\"Nettali.com\",\"description\":\"Le rendez-vous critique du Net\",\"potentialAction\":[{\"@type\":\"SearchAction\",\"target\":{\"@type\":\"EntryPoint\",\"urlTemplate\":\"https:\/\/www.nettali.com\/?s={search_term_string}\"},\"query-input\":\"required name=search_term_string\"}],\"inLanguage\":\"fr-FR\"},{\"@type\":\"ImageObject\",\"@id\":\"https:\/\/www.nettali.com\/2025\/05\/24\/psg-le-real-pense-a-vitinha\/#primaryimage\",\"inLanguage\":\"fr-FR\",\"url\":\"https:\/\/www.nettali.com\/wp-content\/uploads\/2025\/05\/images-8.jpeg\",\"contentUrl\":\"https:\/\/www.nettali.com\/wp-content\/uploads\/2025\/05\/images-8.jpeg\",\"width\":275,\"height\":183},{\"@type\":\"WebPage\",\"@id\":\"https:\/\/www.nettali.com\/2025\/05\/24\/psg-le-real-pense-a-vitinha\/#webpage\",\"url\":\"https:\/\/www.nettali.com\/2025\/05\/24\/psg-le-real-pense-a-vitinha\/\",\"name\":\"PSG - Le Real pense \\u00e0 Vitinha | Nettali.com\",\"isPartOf\":{\"@id\":\"https:\/\/www.nettali.com\/#website\"},\"primaryImageOfPage\":{\"@id\":\"https:\/\/www.nettali.com\/2025\/05\/24\/psg-le-real-pense-a-vitinha\/#primaryimage\"},\"datePublished\":\"2025-05-24T08:48:20+00:00\",\"dateModified\":\"2025-05-24T08:48:20+00:00\",\"author\":{\"@id\":\"https:\/\/www.nettali.com\/#\/schema\/person\/d8ac7b7e27ddad43f1c0d2ef090d7f71\"},\"breadcrumb\":{\"@id\":\"https:\/\/www.nettali.com\/2025\/05\/24\/psg-le-real-pense-a-vitinha\/#breadcrumb\"},\"inLanguage\":\"fr-FR\",\"potentialAction\":[{\"@type\":\"ReadAction\",\"target\":[\"https:\/\/www.nettali.com\/2025\/05\/24\/psg-le-real-pense-a-vitinha\/\"]}]},{\"@type\":\"BreadcrumbList\",\"@id\":\"https:\/\/www.nettali.com\/2025\/05\/24\/psg-le-real-pense-a-vitinha\/#breadcrumb\",\"itemListElement\":[{\"@type\":\"ListItem\",\"position\":1,\"name\":\"Accueil\",\"item\":\"https:\/\/www.nettali.com\/\"},{\"@type\":\"ListItem\",\"position\":2,\"name\":\"PSG - Le Real pense \\u00e0 Vitinha\"}]},{\"@type\":\"Person\",\"@id\":\"https:\/\/www.nettali.com\/#\/schema\/person\/d8ac7b7e27ddad43f1c0d2ef090d7f71\",\"name\":\"CK\",\"image\":{\"@type\":\"ImageObject\",\"@id\":\"https:\/\/www.nettali.com\/#personlogo\",\"inLanguage\":\"fr-FR\",\"url\":\"https:\/\/secure.gravatar.com\/avatar\/1d8d5118b9327d94da7cd4ce7f17fec2?s=96&d=mm&r=g\",\"contentUrl\":\"https:\/\/secure.gravatar.com\/avatar\/1d8d5118b9327d94da7cd4ce7f17fec2?s=96&d=mm&r=g\",\"caption\":\"CK\"},\"sameAs\":[\"https:\/\/www.nettali.com\"]}]}<\/script>\n<!-- \/ Yoast SEO Premium plugin. -->","yoast_head_json":{"title":"PSG - Le Real pense \u00e0 Vitinha | Nettali.com","robots":{"index":"index","follow":"follow","max-snippet":"max-snippet:-1","max-image-preview":"max-image-preview:large","max-video-preview":"max-video-preview:-1"},"canonical":"https:\/\/www.nettali.com\/2025\/05\/24\/psg-le-real-pense-a-vitinha\/","og_locale":"fr_FR","og_type":"article","og_title":"PSG - Le Real pense \u00e0 Vitinha","og_description":"NETTALI.COM - Avec le d\u00e9part de Luka Modric en fin de saison et un Toni Kroos qui n'a pas \u00e9t\u00e9 v\u00e9ritablement remplac\u00e9 l'\u00e9t\u00e9 dernier, le Real Madrid veut s'offrir un renfort de poids au milieu de terrain lors du prochain mercato. Dans cette optique, le quotidien espagnol Marca explique ce vendredi que le Parisien Vitinha [&hellip;]","og_url":"https:\/\/www.nettali.com\/2025\/05\/24\/psg-le-real-pense-a-vitinha\/","og_site_name":"Nettali.com","article_publisher":"https:\/\/www.facebook.com\/nettalicom","article_published_time":"2025-05-24T08:48:20+00:00","og_image":[{"width":275,"height":183,"url":"https:\/\/www.nettali.com\/wp-content\/uploads\/2025\/05\/images-8.jpeg","type":"image\/jpeg"}],"twitter_card":"summary_large_image","twitter_misc":{"\u00c9crit par":"CK","Dur\u00e9e de lecture estim\u00e9e":"1 minute"},"schema":{"@context":"https:\/\/schema.org","@graph":[{"@type":"WebSite","@id":"https:\/\/www.nettali.com\/#website","url":"https:\/\/www.nettali.com\/","name":"Nettali.com","description":"Le rendez-vous critique du Net","potentialAction":[{"@type":"SearchAction","target":{"@type":"EntryPoint","urlTemplate":"https:\/\/www.nettali.com\/?s={search_term_string}"},"query-input":"required name=search_term_string"}],"inLanguage":"fr-FR"},{"@type":"ImageObject","@id":"https:\/\/www.nettali.com\/2025\/05\/24\/psg-le-real-pense-a-vitinha\/#primaryimage","inLanguage":"fr-FR","url":"https:\/\/www.nettali.com\/wp-content\/uploads\/2025\/05\/images-8.jpeg","contentUrl":"https:\/\/www.nettali.com\/wp-content\/uploads\/2025\/05\/images-8.jpeg","width":275,"height":183},{"@type":"WebPage","@id":"https:\/\/www.nettali.com\/2025\/05\/24\/psg-le-real-pense-a-vitinha\/#webpage","url":"https:\/\/www.nettali.com\/2025\/05\/24\/psg-le-real-pense-a-vitinha\/","name":"PSG - Le Real pense \u00e0 Vitinha | Nettali.com","isPartOf":{"@id":"https:\/\/www.nettali.com\/#website"},"primaryImageOfPage":{"@id":"https:\/\/www.nettali.com\/2025\/05\/24\/psg-le-real-pense-a-vitinha\/#primaryimage"},"datePublished":"2025-05-24T08:48:20+00:00","dateModified":"2025-05-24T08:48:20+00:00","author":{"@id":"https:\/\/www.nettali.com\/#\/schema\/person\/d8ac7b7e27ddad43f1c0d2ef090d7f71"},"breadcrumb":{"@id":"https:\/\/www.nettali.com\/2025\/05\/24\/psg-le-real-pense-a-vitinha\/#breadcrumb"},"inLanguage":"fr-FR","potentialAction":[{"@type":"ReadAction","target":["https:\/\/www.nettali.com\/2025\/05\/24\/psg-le-real-pense-a-vitinha\/"]}]},{"@type":"BreadcrumbList","@id":"https:\/\/www.nettali.com\/2025\/05\/24\/psg-le-real-pense-a-vitinha\/#breadcrumb","itemListElement":[{"@type":"ListItem","position":1,"name":"Accueil","item":"https:\/\/www.nettali.com\/"},{"@type":"ListItem","position":2,"name":"PSG - Le Real pense \u00e0 Vitinha"}]},{"@type":"Person","@id":"https:\/\/www.nettali.com\/#\/schema\/person\/d8ac7b7e27ddad43f1c0d2ef090d7f71","name":"CK","image":{"@type":"ImageObject","@id":"https:\/\/www.nettali.com\/#personlogo","inLanguage":"fr-FR","url":"https:\/\/secure.gravatar.com\/avatar\/1d8d5118b9327d94da7cd4ce7f17fec2?s=96&d=mm&r=g","contentUrl":"https:\/\/secure.gravatar.com\/avatar\/1d8d5118b9327d94da7cd4ce7f17fec2?s=96&d=mm&r=g","caption":"CK"},"sameAs":["https:\/\/www.nettali.com"]}]}},"_links":{"self":[{"href":"https:\/\/www.nettali.com\/rest\/wp\/v2\/posts\/154693"}],"collection":[{"href":"https:\/\/www.nettali.com\/rest\/wp\/v2\/posts"}],"about":[{"href":"https:\/\/www.nettali.com\/rest\/wp\/v2\/types\/post"}],"author":[{"embeddable":true,"href":"https:\/\/www.nettali.com\/rest\/wp\/v2\/users\/2"}],"replies":[{"embeddable":true,"href":"https:\/\/www.nettali.com\/rest\/wp\/v2\/comments?post=154693"}],"version-history":[{"count":1,"href":"https:\/\/www.nettali.com\/rest\/wp\/v2\/posts\/154693\/revisions"}],"predecessor-version":[{"id":154695,"href":"https:\/\/www.nettali.com\/rest\/wp\/v2\/posts\/154693\/revisions\/154695"}],"wp:featuredmedia":[{"embeddable":true,"href":"https:\/\/www.nettali.com\/rest\/wp\/v2\/media\/154694"}],"wp:attachment":[{"href":"https:\/\/www.nettali.com\/rest\/wp\/v2\/media?parent=154693"}],"wp:term":[{"taxonomy":"category","embeddable":true,"href":"https:\/\/www.nettali.com\/rest\/wp\/v2\/categories?post=154693"},{"taxonomy":"post_tag","embeddable":true,"href":"https:\/\/www.nettali.com\/rest\/wp\/v2\/tags?post=154693"}],"curies":[{"name":"wp","href":"https:\/\/api.w.org\/{rel}","templated":true}]}}