{"id":154619,"date":"2025-05-23T06:31:59","date_gmt":"2025-05-23T06:31:59","guid":{"rendered":"https:\/\/www.nettali.com\/?p=154619"},"modified":"2025-05-23T06:31:59","modified_gmt":"2025-05-23T06:31:59","slug":"real-rodrygo-ne-compte-pas-partir-mais","status":"publish","type":"post","link":"https:\/\/www.nettali.com\/2025\/05\/23\/real-rodrygo-ne-compte-pas-partir-mais\/","title":{"rendered":"REAL - Rodrygo ne compte pas partir, mais..."},"content":{"rendered":"<p><strong>NETTALI.COM -<\/strong> Depuis plusieurs semaines, l'avenir de l'ailier du Real Madrid Rodrygo (24 ans, 30 matchs et 6 buts en Liga cette saison) fait beaucoup parler et les rumeurs se multiplient concernant un \u00e9ventuel d\u00e9part de l'international br\u00e9silien lors du prochain mercato d'\u00e9t\u00e9.<\/p>\n<p>Mais selon les informations du quotidien AS ce jeudi, le Madril\u00e8ne n'a pas l'intention de partir !<\/p>\n<p>Apr\u00e8s la nomination du futur entra\u00eeneur des Merengue, Xabi Alonso, l'Auriverde souhaite discuter avec le technicien espagnol pour avoir une id\u00e9e pr\u00e9cise de son r\u00f4le sous ses ordres. Mais avant cet \u00e9change, Rodrygo, sous contrat jusqu'en juin 2028, veut rester au sein de la Maison Blanche afin de se battre pour une place de titulaire.<\/p>\n<p>Par contre, si Alonso lui montre la sortie, il sera pr\u00eat \u00e0 \u00e9tudier les approches de Chelsea et d'Arsenal...<\/p>\n<div class='share-to-whatsapp-wrapper'><div class='share-on-whsp'>PARTAGER SUR : <\/div><a data-text='REAL - Rodrygo ne compte pas partir, mais...' data-link='https:\/\/www.nettali.com\/2025\/05\/23\/real-rodrygo-ne-compte-pas-partir-mais\/' class='whatsapp-button whatsapp-share'>WhatsApp<\/a><div class='clear '><\/div><\/div>","protected":false},"excerpt":{"rendered":"<p>NETTALI.COM - Depuis plusieurs semaines, l'avenir de l'ailier du Real Madrid Rodrygo (24 ans, 30 matchs et 6 buts en Liga cette saison) fait beaucoup parler et les rumeurs se multiplient concernant un \u00e9ventuel d\u00e9part de l'international br\u00e9silien lors du prochain mercato d'\u00e9t\u00e9. Mais selon les informations du quotidien AS ce jeudi, le Madril\u00e8ne n'a [&hellip;]<\/p>\n","protected":false},"author":2,"featured_media":154562,"comment_status":"open","ping_status":"open","sticky":false,"template":"","format":"standard","meta":{"_et_pb_use_builder":"","_et_pb_old_content":""},"categories":[6],"tags":[],"yoast_head":"<!-- This site is optimized with the Yoast SEO Premium plugin v17.8 (Yoast SEO v17.8) - https:\/\/yoast.com\/wordpress\/plugins\/seo\/ -->\n<title>REAL - Rodrygo ne compte pas partir, mais... | Nettali.com<\/title>\n<meta name=\"robots\" content=\"index, follow, max-snippet:-1, max-image-preview:large, max-video-preview:-1\" \/>\n<link rel=\"canonical\" href=\"https:\/\/www.nettali.com\/2025\/05\/23\/real-rodrygo-ne-compte-pas-partir-mais\/\" \/>\n<meta property=\"og:locale\" content=\"fr_FR\" \/>\n<meta property=\"og:type\" content=\"article\" \/>\n<meta property=\"og:title\" content=\"REAL - Rodrygo ne compte pas partir, mais...\" \/>\n<meta property=\"og:description\" content=\"NETTALI.COM - Depuis plusieurs semaines, l&#039;avenir de l&#039;ailier du Real Madrid Rodrygo (24 ans, 30 matchs et 6 buts en Liga cette saison) fait beaucoup parler et les rumeurs se multiplient concernant un \u00e9ventuel d\u00e9part de l&#039;international br\u00e9silien lors du prochain mercato d&#039;\u00e9t\u00e9. Mais selon les informations du quotidien AS ce jeudi, le Madril\u00e8ne n&#039;a [&hellip;]\" \/>\n<meta property=\"og:url\" content=\"https:\/\/www.nettali.com\/2025\/05\/23\/real-rodrygo-ne-compte-pas-partir-mais\/\" \/>\n<meta property=\"og:site_name\" content=\"Nettali.com\" \/>\n<meta property=\"article:publisher\" content=\"https:\/\/www.facebook.com\/nettalicom\" \/>\n<meta property=\"article:published_time\" content=\"2025-05-23T06:31:59+00:00\" \/>\n<meta property=\"og:image\" content=\"https:\/\/www.nettali.com\/wp-content\/uploads\/2025\/05\/rodrygo-real-madrid-32.jpg\" \/>\n\t<meta property=\"og:image:width\" content=\"390\" \/>\n\t<meta property=\"og:image:height\" content=\"260\" \/>\n<meta name=\"twitter:card\" content=\"summary_large_image\" \/>\n<meta name=\"twitter:label1\" content=\"\u00c9crit par\" \/>\n\t<meta name=\"twitter:data1\" content=\"CK\" \/>\n\t<meta name=\"twitter:label2\" content=\"Dur\u00e9e de lecture estim\u00e9e\" \/>\n\t<meta name=\"twitter:data2\" content=\"1 minute\" \/>\n<script type=\"application\/ld+json\" class=\"yoast-schema-graph\">{\"@context\":\"https:\/\/schema.org\",\"@graph\":[{\"@type\":\"WebSite\",\"@id\":\"https:\/\/www.nettali.com\/#website\",\"url\":\"https:\/\/www.nettali.com\/\",\"name\":\"Nettali.com\",\"description\":\"Le rendez-vous critique du Net\",\"potentialAction\":[{\"@type\":\"SearchAction\",\"target\":{\"@type\":\"EntryPoint\",\"urlTemplate\":\"https:\/\/www.nettali.com\/?s={search_term_string}\"},\"query-input\":\"required name=search_term_string\"}],\"inLanguage\":\"fr-FR\"},{\"@type\":\"ImageObject\",\"@id\":\"https:\/\/www.nettali.com\/2025\/05\/23\/real-rodrygo-ne-compte-pas-partir-mais\/#primaryimage\",\"inLanguage\":\"fr-FR\",\"url\":\"https:\/\/www.nettali.com\/wp-content\/uploads\/2025\/05\/rodrygo-real-madrid-32.jpg\",\"contentUrl\":\"https:\/\/www.nettali.com\/wp-content\/uploads\/2025\/05\/rodrygo-real-madrid-32.jpg\",\"width\":390,\"height\":260},{\"@type\":\"WebPage\",\"@id\":\"https:\/\/www.nettali.com\/2025\/05\/23\/real-rodrygo-ne-compte-pas-partir-mais\/#webpage\",\"url\":\"https:\/\/www.nettali.com\/2025\/05\/23\/real-rodrygo-ne-compte-pas-partir-mais\/\",\"name\":\"REAL - Rodrygo ne compte pas partir, mais... | Nettali.com\",\"isPartOf\":{\"@id\":\"https:\/\/www.nettali.com\/#website\"},\"primaryImageOfPage\":{\"@id\":\"https:\/\/www.nettali.com\/2025\/05\/23\/real-rodrygo-ne-compte-pas-partir-mais\/#primaryimage\"},\"datePublished\":\"2025-05-23T06:31:59+00:00\",\"dateModified\":\"2025-05-23T06:31:59+00:00\",\"author\":{\"@id\":\"https:\/\/www.nettali.com\/#\/schema\/person\/d8ac7b7e27ddad43f1c0d2ef090d7f71\"},\"breadcrumb\":{\"@id\":\"https:\/\/www.nettali.com\/2025\/05\/23\/real-rodrygo-ne-compte-pas-partir-mais\/#breadcrumb\"},\"inLanguage\":\"fr-FR\",\"potentialAction\":[{\"@type\":\"ReadAction\",\"target\":[\"https:\/\/www.nettali.com\/2025\/05\/23\/real-rodrygo-ne-compte-pas-partir-mais\/\"]}]},{\"@type\":\"BreadcrumbList\",\"@id\":\"https:\/\/www.nettali.com\/2025\/05\/23\/real-rodrygo-ne-compte-pas-partir-mais\/#breadcrumb\",\"itemListElement\":[{\"@type\":\"ListItem\",\"position\":1,\"name\":\"Accueil\",\"item\":\"https:\/\/www.nettali.com\/\"},{\"@type\":\"ListItem\",\"position\":2,\"name\":\"REAL - Rodrygo ne compte pas partir, mais...\"}]},{\"@type\":\"Person\",\"@id\":\"https:\/\/www.nettali.com\/#\/schema\/person\/d8ac7b7e27ddad43f1c0d2ef090d7f71\",\"name\":\"CK\",\"image\":{\"@type\":\"ImageObject\",\"@id\":\"https:\/\/www.nettali.com\/#personlogo\",\"inLanguage\":\"fr-FR\",\"url\":\"https:\/\/secure.gravatar.com\/avatar\/1d8d5118b9327d94da7cd4ce7f17fec2?s=96&d=mm&r=g\",\"contentUrl\":\"https:\/\/secure.gravatar.com\/avatar\/1d8d5118b9327d94da7cd4ce7f17fec2?s=96&d=mm&r=g\",\"caption\":\"CK\"},\"sameAs\":[\"https:\/\/www.nettali.com\"]}]}<\/script>\n<!-- \/ Yoast SEO Premium plugin. -->","yoast_head_json":{"title":"REAL - Rodrygo ne compte pas partir, mais... | Nettali.com","robots":{"index":"index","follow":"follow","max-snippet":"max-snippet:-1","max-image-preview":"max-image-preview:large","max-video-preview":"max-video-preview:-1"},"canonical":"https:\/\/www.nettali.com\/2025\/05\/23\/real-rodrygo-ne-compte-pas-partir-mais\/","og_locale":"fr_FR","og_type":"article","og_title":"REAL - Rodrygo ne compte pas partir, mais...","og_description":"NETTALI.COM - Depuis plusieurs semaines, l'avenir de l'ailier du Real Madrid Rodrygo (24 ans, 30 matchs et 6 buts en Liga cette saison) fait beaucoup parler et les rumeurs se multiplient concernant un \u00e9ventuel d\u00e9part de l'international br\u00e9silien lors du prochain mercato d'\u00e9t\u00e9. Mais selon les informations du quotidien AS ce jeudi, le Madril\u00e8ne n'a [&hellip;]","og_url":"https:\/\/www.nettali.com\/2025\/05\/23\/real-rodrygo-ne-compte-pas-partir-mais\/","og_site_name":"Nettali.com","article_publisher":"https:\/\/www.facebook.com\/nettalicom","article_published_time":"2025-05-23T06:31:59+00:00","og_image":[{"width":390,"height":260,"url":"https:\/\/www.nettali.com\/wp-content\/uploads\/2025\/05\/rodrygo-real-madrid-32.jpg","type":"image\/jpeg"}],"twitter_card":"summary_large_image","twitter_misc":{"\u00c9crit par":"CK","Dur\u00e9e de lecture estim\u00e9e":"1 minute"},"schema":{"@context":"https:\/\/schema.org","@graph":[{"@type":"WebSite","@id":"https:\/\/www.nettali.com\/#website","url":"https:\/\/www.nettali.com\/","name":"Nettali.com","description":"Le rendez-vous critique du Net","potentialAction":[{"@type":"SearchAction","target":{"@type":"EntryPoint","urlTemplate":"https:\/\/www.nettali.com\/?s={search_term_string}"},"query-input":"required name=search_term_string"}],"inLanguage":"fr-FR"},{"@type":"ImageObject","@id":"https:\/\/www.nettali.com\/2025\/05\/23\/real-rodrygo-ne-compte-pas-partir-mais\/#primaryimage","inLanguage":"fr-FR","url":"https:\/\/www.nettali.com\/wp-content\/uploads\/2025\/05\/rodrygo-real-madrid-32.jpg","contentUrl":"https:\/\/www.nettali.com\/wp-content\/uploads\/2025\/05\/rodrygo-real-madrid-32.jpg","width":390,"height":260},{"@type":"WebPage","@id":"https:\/\/www.nettali.com\/2025\/05\/23\/real-rodrygo-ne-compte-pas-partir-mais\/#webpage","url":"https:\/\/www.nettali.com\/2025\/05\/23\/real-rodrygo-ne-compte-pas-partir-mais\/","name":"REAL - Rodrygo ne compte pas partir, mais... | Nettali.com","isPartOf":{"@id":"https:\/\/www.nettali.com\/#website"},"primaryImageOfPage":{"@id":"https:\/\/www.nettali.com\/2025\/05\/23\/real-rodrygo-ne-compte-pas-partir-mais\/#primaryimage"},"datePublished":"2025-05-23T06:31:59+00:00","dateModified":"2025-05-23T06:31:59+00:00","author":{"@id":"https:\/\/www.nettali.com\/#\/schema\/person\/d8ac7b7e27ddad43f1c0d2ef090d7f71"},"breadcrumb":{"@id":"https:\/\/www.nettali.com\/2025\/05\/23\/real-rodrygo-ne-compte-pas-partir-mais\/#breadcrumb"},"inLanguage":"fr-FR","potentialAction":[{"@type":"ReadAction","target":["https:\/\/www.nettali.com\/2025\/05\/23\/real-rodrygo-ne-compte-pas-partir-mais\/"]}]},{"@type":"BreadcrumbList","@id":"https:\/\/www.nettali.com\/2025\/05\/23\/real-rodrygo-ne-compte-pas-partir-mais\/#breadcrumb","itemListElement":[{"@type":"ListItem","position":1,"name":"Accueil","item":"https:\/\/www.nettali.com\/"},{"@type":"ListItem","position":2,"name":"REAL - Rodrygo ne compte pas partir, mais..."}]},{"@type":"Person","@id":"https:\/\/www.nettali.com\/#\/schema\/person\/d8ac7b7e27ddad43f1c0d2ef090d7f71","name":"CK","image":{"@type":"ImageObject","@id":"https:\/\/www.nettali.com\/#personlogo","inLanguage":"fr-FR","url":"https:\/\/secure.gravatar.com\/avatar\/1d8d5118b9327d94da7cd4ce7f17fec2?s=96&d=mm&r=g","contentUrl":"https:\/\/secure.gravatar.com\/avatar\/1d8d5118b9327d94da7cd4ce7f17fec2?s=96&d=mm&r=g","caption":"CK"},"sameAs":["https:\/\/www.nettali.com"]}]}},"_links":{"self":[{"href":"https:\/\/www.nettali.com\/rest\/wp\/v2\/posts\/154619"}],"collection":[{"href":"https:\/\/www.nettali.com\/rest\/wp\/v2\/posts"}],"about":[{"href":"https:\/\/www.nettali.com\/rest\/wp\/v2\/types\/post"}],"author":[{"embeddable":true,"href":"https:\/\/www.nettali.com\/rest\/wp\/v2\/users\/2"}],"replies":[{"embeddable":true,"href":"https:\/\/www.nettali.com\/rest\/wp\/v2\/comments?post=154619"}],"version-history":[{"count":1,"href":"https:\/\/www.nettali.com\/rest\/wp\/v2\/posts\/154619\/revisions"}],"predecessor-version":[{"id":154620,"href":"https:\/\/www.nettali.com\/rest\/wp\/v2\/posts\/154619\/revisions\/154620"}],"wp:featuredmedia":[{"embeddable":true,"href":"https:\/\/www.nettali.com\/rest\/wp\/v2\/media\/154562"}],"wp:attachment":[{"href":"https:\/\/www.nettali.com\/rest\/wp\/v2\/media?parent=154619"}],"wp:term":[{"taxonomy":"category","embeddable":true,"href":"https:\/\/www.nettali.com\/rest\/wp\/v2\/categories?post=154619"},{"taxonomy":"post_tag","embeddable":true,"href":"https:\/\/www.nettali.com\/rest\/wp\/v2\/tags?post=154619"}],"curies":[{"name":"wp","href":"https:\/\/api.w.org\/{rel}","templated":true}]}}