{"id":154616,"date":"2025-05-23T06:27:52","date_gmt":"2025-05-23T06:27:52","guid":{"rendered":"https:\/\/www.nettali.com\/?p=154616"},"modified":"2025-05-23T06:27:52","modified_gmt":"2025-05-23T06:27:52","slug":"cout-des-refus-de-visas-europeens-lafrique-le-continent-le-plus-touche-le-senegal-parmi-les-plus-touches","status":"publish","type":"post","link":"https:\/\/www.nettali.com\/2025\/05\/23\/cout-des-refus-de-visas-europeens-lafrique-le-continent-le-plus-touche-le-senegal-parmi-les-plus-touches\/","title":{"rendered":"COUT DES REFUS DE VISAS EUROPEENS - L'Afrique, le continent le plus touch\u00e9 ; le S\u00e9n\u00e9gal parmi les plus touch\u00e9s"},"content":{"rendered":"<p><strong>NETTALI.COM -<\/strong> Le S\u00e9n\u00e9gal continue de faire face \u00e0 des obstacles croissants en mati\u00e8re de visas en 2024, avec un taux de rejet de visas tr\u00e8s \u00e9lev\u00e9. L'espace Schengen, qui comprend 29 pays dont la France, l'Allemagne, l'Espagne et l'Italie, facilite la libre circulation \u00e0 travers les fronti\u00e8res europ\u00e9ennes. Cependant, pour de nombreux Africains, obtenir un visa Schengen est devenu de plus en plus difficile. Certains pays, \u00e9tant confront\u00e9s \u00e0 des taux de rejet particuli\u00e8rement \u00e9lev\u00e9s, continuent de faire face \u00e0 des obstacles croissants en mati\u00e8re de visas en 2024.<\/p>\n<p>Selon les donn\u00e9es de la Commission europ\u00e9enne, apr\u00e8s les Comores et la Guin\u00e9e- Bissau, le S\u00e9n\u00e9gal a enregistr\u00e9 le troisi\u00e8me taux de refus le plus \u00e9lev\u00e9 d\u2019Afrique, soit 46,8 %, ce qui indique des difficult\u00e9s persistantes en mati\u00e8re de visas pour ses citoyens.<\/p>\n<p>Les demandeurs du monde entier paient des frais de visa non remboursables de 90 euros. Au total, les pays africains ont perdu 60 millions d'euros en frais de visas Schengen refus\u00e9s en 2024, selon une analyse du Lago Collective.<\/p>\n<p>Cet organisme de recherche et d'art bas\u00e9 \u00e0 Londres suit les donn\u00e9es sur les visas europ\u00e9ens de court s\u00e9jour depuis 2022 et affirme que l'Afrique est le continent le plus touch\u00e9 par le co\u00fbt des refus de visas.<\/p>\n<div class='share-to-whatsapp-wrapper'><div class='share-on-whsp'>PARTAGER SUR : <\/div><a data-text='COUT DES REFUS DE VISAS EUROPEENS - L'Afrique, le continent le plus touch\u00e9 ; le S\u00e9n\u00e9gal parmi les plus touch\u00e9s' data-link='https:\/\/www.nettali.com\/2025\/05\/23\/cout-des-refus-de-visas-europeens-lafrique-le-continent-le-plus-touche-le-senegal-parmi-les-plus-touches\/' class='whatsapp-button whatsapp-share'>WhatsApp<\/a><div class='clear '><\/div><\/div>","protected":false},"excerpt":{"rendered":"<p>NETTALI.COM - Le S\u00e9n\u00e9gal continue de faire face \u00e0 des obstacles croissants en mati\u00e8re de visas en 2024, avec un taux de rejet de visas tr\u00e8s \u00e9lev\u00e9. L'espace Schengen, qui comprend 29 pays dont la France, l'Allemagne, l'Espagne et l'Italie, facilite la libre circulation \u00e0 travers les fronti\u00e8res europ\u00e9ennes. Cependant, pour de nombreux Africains, obtenir [&hellip;]<\/p>\n","protected":false},"author":2,"featured_media":154617,"comment_status":"open","ping_status":"open","sticky":false,"template":"","format":"standard","meta":{"_et_pb_use_builder":"","_et_pb_old_content":""},"categories":[3],"tags":[],"yoast_head":"<!-- This site is optimized with the Yoast SEO Premium plugin v17.8 (Yoast SEO v17.8) - https:\/\/yoast.com\/wordpress\/plugins\/seo\/ -->\n<title>COUT DES REFUS DE VISAS EUROPEENS - L&#039;Afrique, le continent le plus touch\u00e9 ; le S\u00e9n\u00e9gal parmi les plus touch\u00e9s | Nettali.com<\/title>\n<meta name=\"robots\" content=\"index, follow, max-snippet:-1, max-image-preview:large, max-video-preview:-1\" \/>\n<link rel=\"canonical\" href=\"https:\/\/www.nettali.com\/2025\/05\/23\/cout-des-refus-de-visas-europeens-lafrique-le-continent-le-plus-touche-le-senegal-parmi-les-plus-touches\/\" \/>\n<meta property=\"og:locale\" content=\"fr_FR\" \/>\n<meta property=\"og:type\" content=\"article\" \/>\n<meta property=\"og:title\" content=\"COUT DES REFUS DE VISAS EUROPEENS - L&#039;Afrique, le continent le plus touch\u00e9 ; le S\u00e9n\u00e9gal parmi les plus touch\u00e9s\" \/>\n<meta property=\"og:description\" content=\"NETTALI.COM - Le S\u00e9n\u00e9gal continue de faire face \u00e0 des obstacles croissants en mati\u00e8re de visas en 2024, avec un taux de rejet de visas tr\u00e8s \u00e9lev\u00e9. L&#039;espace Schengen, qui comprend 29 pays dont la France, l&#039;Allemagne, l&#039;Espagne et l&#039;Italie, facilite la libre circulation \u00e0 travers les fronti\u00e8res europ\u00e9ennes. Cependant, pour de nombreux Africains, obtenir [&hellip;]\" \/>\n<meta property=\"og:url\" content=\"https:\/\/www.nettali.com\/2025\/05\/23\/cout-des-refus-de-visas-europeens-lafrique-le-continent-le-plus-touche-le-senegal-parmi-les-plus-touches\/\" \/>\n<meta property=\"og:site_name\" content=\"Nettali.com\" \/>\n<meta property=\"article:publisher\" content=\"https:\/\/www.facebook.com\/nettalicom\" \/>\n<meta property=\"article:published_time\" content=\"2025-05-23T06:27:52+00:00\" \/>\n<meta property=\"og:image\" content=\"https:\/\/www.nettali.com\/wp-content\/uploads\/2025\/05\/visa-1.jpg\" \/>\n\t<meta property=\"og:image:width\" content=\"660\" \/>\n\t<meta property=\"og:image:height\" content=\"330\" \/>\n<meta name=\"twitter:card\" content=\"summary_large_image\" \/>\n<meta name=\"twitter:label1\" content=\"\u00c9crit par\" \/>\n\t<meta name=\"twitter:data1\" content=\"CK\" \/>\n\t<meta name=\"twitter:label2\" content=\"Dur\u00e9e de lecture estim\u00e9e\" \/>\n\t<meta name=\"twitter:data2\" content=\"2 minutes\" \/>\n<script type=\"application\/ld+json\" class=\"yoast-schema-graph\">{\"@context\":\"https:\/\/schema.org\",\"@graph\":[{\"@type\":\"WebSite\",\"@id\":\"https:\/\/www.nettali.com\/#website\",\"url\":\"https:\/\/www.nettali.com\/\",\"name\":\"Nettali.com\",\"description\":\"Le rendez-vous critique du Net\",\"potentialAction\":[{\"@type\":\"SearchAction\",\"target\":{\"@type\":\"EntryPoint\",\"urlTemplate\":\"https:\/\/www.nettali.com\/?s={search_term_string}\"},\"query-input\":\"required name=search_term_string\"}],\"inLanguage\":\"fr-FR\"},{\"@type\":\"ImageObject\",\"@id\":\"https:\/\/www.nettali.com\/2025\/05\/23\/cout-des-refus-de-visas-europeens-lafrique-le-continent-le-plus-touche-le-senegal-parmi-les-plus-touches\/#primaryimage\",\"inLanguage\":\"fr-FR\",\"url\":\"https:\/\/www.nettali.com\/wp-content\/uploads\/2025\/05\/visa-1.jpg\",\"contentUrl\":\"https:\/\/www.nettali.com\/wp-content\/uploads\/2025\/05\/visa-1.jpg\",\"width\":660,\"height\":330},{\"@type\":\"WebPage\",\"@id\":\"https:\/\/www.nettali.com\/2025\/05\/23\/cout-des-refus-de-visas-europeens-lafrique-le-continent-le-plus-touche-le-senegal-parmi-les-plus-touches\/#webpage\",\"url\":\"https:\/\/www.nettali.com\/2025\/05\/23\/cout-des-refus-de-visas-europeens-lafrique-le-continent-le-plus-touche-le-senegal-parmi-les-plus-touches\/\",\"name\":\"COUT DES REFUS DE VISAS EUROPEENS - L'Afrique, le continent le plus touch\\u00e9 ; le S\\u00e9n\\u00e9gal parmi les plus touch\\u00e9s | Nettali.com\",\"isPartOf\":{\"@id\":\"https:\/\/www.nettali.com\/#website\"},\"primaryImageOfPage\":{\"@id\":\"https:\/\/www.nettali.com\/2025\/05\/23\/cout-des-refus-de-visas-europeens-lafrique-le-continent-le-plus-touche-le-senegal-parmi-les-plus-touches\/#primaryimage\"},\"datePublished\":\"2025-05-23T06:27:52+00:00\",\"dateModified\":\"2025-05-23T06:27:52+00:00\",\"author\":{\"@id\":\"https:\/\/www.nettali.com\/#\/schema\/person\/d8ac7b7e27ddad43f1c0d2ef090d7f71\"},\"breadcrumb\":{\"@id\":\"https:\/\/www.nettali.com\/2025\/05\/23\/cout-des-refus-de-visas-europeens-lafrique-le-continent-le-plus-touche-le-senegal-parmi-les-plus-touches\/#breadcrumb\"},\"inLanguage\":\"fr-FR\",\"potentialAction\":[{\"@type\":\"ReadAction\",\"target\":[\"https:\/\/www.nettali.com\/2025\/05\/23\/cout-des-refus-de-visas-europeens-lafrique-le-continent-le-plus-touche-le-senegal-parmi-les-plus-touches\/\"]}]},{\"@type\":\"BreadcrumbList\",\"@id\":\"https:\/\/www.nettali.com\/2025\/05\/23\/cout-des-refus-de-visas-europeens-lafrique-le-continent-le-plus-touche-le-senegal-parmi-les-plus-touches\/#breadcrumb\",\"itemListElement\":[{\"@type\":\"ListItem\",\"position\":1,\"name\":\"Accueil\",\"item\":\"https:\/\/www.nettali.com\/\"},{\"@type\":\"ListItem\",\"position\":2,\"name\":\"COUT DES REFUS DE VISAS EUROPEENS - L'Afrique, le continent le plus touch\\u00e9 ; le S\\u00e9n\\u00e9gal parmi les plus touch\\u00e9s\"}]},{\"@type\":\"Person\",\"@id\":\"https:\/\/www.nettali.com\/#\/schema\/person\/d8ac7b7e27ddad43f1c0d2ef090d7f71\",\"name\":\"CK\",\"image\":{\"@type\":\"ImageObject\",\"@id\":\"https:\/\/www.nettali.com\/#personlogo\",\"inLanguage\":\"fr-FR\",\"url\":\"https:\/\/secure.gravatar.com\/avatar\/1d8d5118b9327d94da7cd4ce7f17fec2?s=96&d=mm&r=g\",\"contentUrl\":\"https:\/\/secure.gravatar.com\/avatar\/1d8d5118b9327d94da7cd4ce7f17fec2?s=96&d=mm&r=g\",\"caption\":\"CK\"},\"sameAs\":[\"https:\/\/www.nettali.com\"]}]}<\/script>\n<!-- \/ Yoast SEO Premium plugin. -->","yoast_head_json":{"title":"COUT DES REFUS DE VISAS EUROPEENS - L'Afrique, le continent le plus touch\u00e9 ; le S\u00e9n\u00e9gal parmi les plus touch\u00e9s | Nettali.com","robots":{"index":"index","follow":"follow","max-snippet":"max-snippet:-1","max-image-preview":"max-image-preview:large","max-video-preview":"max-video-preview:-1"},"canonical":"https:\/\/www.nettali.com\/2025\/05\/23\/cout-des-refus-de-visas-europeens-lafrique-le-continent-le-plus-touche-le-senegal-parmi-les-plus-touches\/","og_locale":"fr_FR","og_type":"article","og_title":"COUT DES REFUS DE VISAS EUROPEENS - L'Afrique, le continent le plus touch\u00e9 ; le S\u00e9n\u00e9gal parmi les plus touch\u00e9s","og_description":"NETTALI.COM - Le S\u00e9n\u00e9gal continue de faire face \u00e0 des obstacles croissants en mati\u00e8re de visas en 2024, avec un taux de rejet de visas tr\u00e8s \u00e9lev\u00e9. L'espace Schengen, qui comprend 29 pays dont la France, l'Allemagne, l'Espagne et l'Italie, facilite la libre circulation \u00e0 travers les fronti\u00e8res europ\u00e9ennes. Cependant, pour de nombreux Africains, obtenir [&hellip;]","og_url":"https:\/\/www.nettali.com\/2025\/05\/23\/cout-des-refus-de-visas-europeens-lafrique-le-continent-le-plus-touche-le-senegal-parmi-les-plus-touches\/","og_site_name":"Nettali.com","article_publisher":"https:\/\/www.facebook.com\/nettalicom","article_published_time":"2025-05-23T06:27:52+00:00","og_image":[{"width":660,"height":330,"url":"https:\/\/www.nettali.com\/wp-content\/uploads\/2025\/05\/visa-1.jpg","type":"image\/jpeg"}],"twitter_card":"summary_large_image","twitter_misc":{"\u00c9crit par":"CK","Dur\u00e9e de lecture estim\u00e9e":"2 minutes"},"schema":{"@context":"https:\/\/schema.org","@graph":[{"@type":"WebSite","@id":"https:\/\/www.nettali.com\/#website","url":"https:\/\/www.nettali.com\/","name":"Nettali.com","description":"Le rendez-vous critique du Net","potentialAction":[{"@type":"SearchAction","target":{"@type":"EntryPoint","urlTemplate":"https:\/\/www.nettali.com\/?s={search_term_string}"},"query-input":"required name=search_term_string"}],"inLanguage":"fr-FR"},{"@type":"ImageObject","@id":"https:\/\/www.nettali.com\/2025\/05\/23\/cout-des-refus-de-visas-europeens-lafrique-le-continent-le-plus-touche-le-senegal-parmi-les-plus-touches\/#primaryimage","inLanguage":"fr-FR","url":"https:\/\/www.nettali.com\/wp-content\/uploads\/2025\/05\/visa-1.jpg","contentUrl":"https:\/\/www.nettali.com\/wp-content\/uploads\/2025\/05\/visa-1.jpg","width":660,"height":330},{"@type":"WebPage","@id":"https:\/\/www.nettali.com\/2025\/05\/23\/cout-des-refus-de-visas-europeens-lafrique-le-continent-le-plus-touche-le-senegal-parmi-les-plus-touches\/#webpage","url":"https:\/\/www.nettali.com\/2025\/05\/23\/cout-des-refus-de-visas-europeens-lafrique-le-continent-le-plus-touche-le-senegal-parmi-les-plus-touches\/","name":"COUT DES REFUS DE VISAS EUROPEENS - L'Afrique, le continent le plus touch\u00e9 ; le S\u00e9n\u00e9gal parmi les plus touch\u00e9s | Nettali.com","isPartOf":{"@id":"https:\/\/www.nettali.com\/#website"},"primaryImageOfPage":{"@id":"https:\/\/www.nettali.com\/2025\/05\/23\/cout-des-refus-de-visas-europeens-lafrique-le-continent-le-plus-touche-le-senegal-parmi-les-plus-touches\/#primaryimage"},"datePublished":"2025-05-23T06:27:52+00:00","dateModified":"2025-05-23T06:27:52+00:00","author":{"@id":"https:\/\/www.nettali.com\/#\/schema\/person\/d8ac7b7e27ddad43f1c0d2ef090d7f71"},"breadcrumb":{"@id":"https:\/\/www.nettali.com\/2025\/05\/23\/cout-des-refus-de-visas-europeens-lafrique-le-continent-le-plus-touche-le-senegal-parmi-les-plus-touches\/#breadcrumb"},"inLanguage":"fr-FR","potentialAction":[{"@type":"ReadAction","target":["https:\/\/www.nettali.com\/2025\/05\/23\/cout-des-refus-de-visas-europeens-lafrique-le-continent-le-plus-touche-le-senegal-parmi-les-plus-touches\/"]}]},{"@type":"BreadcrumbList","@id":"https:\/\/www.nettali.com\/2025\/05\/23\/cout-des-refus-de-visas-europeens-lafrique-le-continent-le-plus-touche-le-senegal-parmi-les-plus-touches\/#breadcrumb","itemListElement":[{"@type":"ListItem","position":1,"name":"Accueil","item":"https:\/\/www.nettali.com\/"},{"@type":"ListItem","position":2,"name":"COUT DES REFUS DE VISAS EUROPEENS - L'Afrique, le continent le plus touch\u00e9 ; le S\u00e9n\u00e9gal parmi les plus touch\u00e9s"}]},{"@type":"Person","@id":"https:\/\/www.nettali.com\/#\/schema\/person\/d8ac7b7e27ddad43f1c0d2ef090d7f71","name":"CK","image":{"@type":"ImageObject","@id":"https:\/\/www.nettali.com\/#personlogo","inLanguage":"fr-FR","url":"https:\/\/secure.gravatar.com\/avatar\/1d8d5118b9327d94da7cd4ce7f17fec2?s=96&d=mm&r=g","contentUrl":"https:\/\/secure.gravatar.com\/avatar\/1d8d5118b9327d94da7cd4ce7f17fec2?s=96&d=mm&r=g","caption":"CK"},"sameAs":["https:\/\/www.nettali.com"]}]}},"_links":{"self":[{"href":"https:\/\/www.nettali.com\/rest\/wp\/v2\/posts\/154616"}],"collection":[{"href":"https:\/\/www.nettali.com\/rest\/wp\/v2\/posts"}],"about":[{"href":"https:\/\/www.nettali.com\/rest\/wp\/v2\/types\/post"}],"author":[{"embeddable":true,"href":"https:\/\/www.nettali.com\/rest\/wp\/v2\/users\/2"}],"replies":[{"embeddable":true,"href":"https:\/\/www.nettali.com\/rest\/wp\/v2\/comments?post=154616"}],"version-history":[{"count":1,"href":"https:\/\/www.nettali.com\/rest\/wp\/v2\/posts\/154616\/revisions"}],"predecessor-version":[{"id":154618,"href":"https:\/\/www.nettali.com\/rest\/wp\/v2\/posts\/154616\/revisions\/154618"}],"wp:featuredmedia":[{"embeddable":true,"href":"https:\/\/www.nettali.com\/rest\/wp\/v2\/media\/154617"}],"wp:attachment":[{"href":"https:\/\/www.nettali.com\/rest\/wp\/v2\/media?parent=154616"}],"wp:term":[{"taxonomy":"category","embeddable":true,"href":"https:\/\/www.nettali.com\/rest\/wp\/v2\/categories?post=154616"},{"taxonomy":"post_tag","embeddable":true,"href":"https:\/\/www.nettali.com\/rest\/wp\/v2\/tags?post=154616"}],"curies":[{"name":"wp","href":"https:\/\/api.w.org\/{rel}","templated":true}]}}