{"id":154606,"date":"2025-05-22T22:53:17","date_gmt":"2025-05-22T22:53:17","guid":{"rendered":"https:\/\/www.nettali.com\/?p=154606"},"modified":"2025-05-23T23:28:36","modified_gmt":"2025-05-23T23:28:36","slug":"haute-cour-de-justice-les-minutes-de-laudition-de-moustapha-diop","status":"publish","type":"post","link":"https:\/\/www.nettali.com\/2025\/05\/22\/haute-cour-de-justice-les-minutes-de-laudition-de-moustapha-diop\/","title":{"rendered":"HAUTE COUR DE JUSTICE - Les minutes de l'audition de Moustapha Diop"},"content":{"rendered":"<p class=\"\" data-start=\"276\" data-end=\"780\"><strong data-start=\"276\" data-end=\"780\">NETTALI.COM - Inculp\u00e9 pour association de malfaiteurs, escroquerie portant sur des deniers publics et blanchiment de capitaux, l\u2019ancien ministre du D\u00e9veloppement industriel et des PME, Moustapha Diop, a pass\u00e9 sa premi\u00e8re nuit en d\u00e9tention pr\u00e9ventive ce 22 mai 2025. En cause, la gestion controvers\u00e9e d\u2019un lot de 6,25 millions de masques achet\u00e9s sur fonds Covid-19, estim\u00e9 \u00e0 931 millions de FCFA. Malgr\u00e9 ses d\u00e9n\u00e9gations, la Haute Cour de Justice a rejet\u00e9 sa demande de libert\u00e9 provisoire sous bracelet \u00e9lectronique.<\/strong><\/p>\n<p class=\"\" data-start=\"782\" data-end=\"1190\">La reddition des comptes autour des fonds Covid-19 continue d\u2019\u00e9clabousser d\u2019anciens dignitaires du r\u00e9gime d\u00e9chu. Dernier en date : Moustapha Diop, ex-ministre du D\u00e9veloppement industriel et des Petites et Moyennes Industries et maire de Louga. L\u2019ancien membre du gouvernement a \u00e9t\u00e9 plac\u00e9 sous mandat de d\u00e9p\u00f4t le 22 mai 2025 par la commission d\u2019instruction de la Haute Cour de Justice.<\/p>\n<p class=\"\" data-start=\"1192\" data-end=\"1569\">Selon nos informations, Moustapha Diop est poursuivi pour des chefs d\u2019inculpation lourds : association de malfaiteurs, escroquerie portant sur des deniers publics et blanchiment de capitaux. L\u2019affaire concerne un lot de 6,25 millions de masques destin\u00e9s \u00e0 la riposte contre la pand\u00e9mie de Covid-19, pour un montant global estim\u00e9 \u00e0 931 millions de FCFA.<\/p>\n<h3 class=\"\" data-start=\"1571\" data-end=\"1615\"><strong data-start=\"1575\" data-end=\"1615\">Des accusations fermement contest\u00e9es<\/strong><\/h3>\n<p class=\"\" data-start=\"1617\" data-end=\"2050\">Assist\u00e9 par un collectif d\u2019avocats compos\u00e9 de Mes Bourso Pouye, Baboucar Ciss\u00e9, Omar Youm, Seyni Ndione et Mamadou Gu\u00e8ye Mbow, Moustapha Diop a cat\u00e9goriquement ni\u00e9 toute implication dans la gestion financi\u00e8re de ce dossier. \u00ab Je n\u2019ai jamais \u00e9t\u00e9 administrateur de cr\u00e9dits ni ordonnateur de d\u00e9penses \u00bb, a-t-il martel\u00e9 devant le juge, soulignant que ce sont les services comp\u00e9tents de son minist\u00e8re qui avaient en charge le projet.<\/p>\n<p class=\"\" data-start=\"2052\" data-end=\"2381\">L\u2019ancien ministre a ajout\u00e9 que l\u2019ensemble des masques command\u00e9s avaient \u00e9t\u00e9 effectivement fabriqu\u00e9s, livr\u00e9s et pay\u00e9s aux fournisseurs. Il a pr\u00e9sent\u00e9 au juge d\u2019instruction une liste des b\u00e9n\u00e9ficiaires et des justificatifs de paiement, pr\u00e9cisant qu\u2019\u00e0 aucun moment il n\u2019a \u00e9t\u00e9 partie prenante dans l\u2019utilisation des fonds.<\/p>\n<h3 class=\"\" data-start=\"2383\" data-end=\"2423\"><strong data-start=\"2387\" data-end=\"2423\">Le myst\u00e8re des masques manquants<\/strong><\/h3>\n<p class=\"\" data-start=\"2425\" data-end=\"2819\">Le juge a toutefois point\u00e9 une incoh\u00e9rence majeure dans le dossier : sur les 6,25 millions de masques command\u00e9s, seuls 3 millions auraient \u00e9t\u00e9 distribu\u00e9s selon les pi\u00e8ces du dossier. Une divergence \u00e0 laquelle Moustapha Diop a oppos\u00e9 des \u00e9l\u00e9ments justificatifs, certifiant que l\u2019int\u00e9gralit\u00e9 des commandes avait bien \u00e9t\u00e9 remise aux structures sanitaires et institutions b\u00e9n\u00e9ficiaires.<\/p>\n<h3 class=\"\" data-start=\"2821\" data-end=\"2869\"><strong data-start=\"2825\" data-end=\"2869\">Libert\u00e9 provisoire sous bracelet rejet\u00e9e<\/strong><\/h3>\n<p class=\"\" data-start=\"2871\" data-end=\"3246\">La d\u00e9fense a sollicit\u00e9 une lib\u00e9ration provisoire sous contr\u00f4le judiciaire, soutenant qu\u2019un des fournisseurs impliqu\u00e9s avait d\u00e9j\u00e0 consign\u00e9 les montants querell\u00e9s, ce qui r\u00e9duirait, selon eux, les risques de pr\u00e9judice pour l\u2019\u00c9tat. Mais le juge a refus\u00e9 cette demande, jugeant que le cautionnement consign\u00e9 ne pouvait s\u2019\u00e9tendre aux autres parties cit\u00e9es dans le dossier.<\/p>\n<p data-start=\"2871\" data-end=\"3246\">Selon nos informations, l\u2019ex-ministre Moustapha Diop \u00e9t\u00e9 surpris par l\u2019ampleur des chefs d\u2019inculpation retenus contre lui. Association de malfaiteurs, concussion, corruption, prise ill\u00e9gale d\u2019int\u00e9r\u00eats, faux et usage de faux, d\u00e9tournement de deniers publics, escroquerie et blanchiment de capitaux figurent parmi les accusations port\u00e9es par le parquet.<br class=\"html-br\" \/>Moustapha Diop croyait pouvoir s\u2019appuyer sur la caution de 930 millions FCFA vers\u00e9e par le patron de Sokamousse \u2013 principal acteur du dossier financier initial \u2013 pour \u00e9viter la d\u00e9tention. Mais, contrairement \u00e0 ce dernier, il n\u2019a pas obtenu la libert\u00e9 sous caution, les juges estimant que les charges additionnelles \u00e9taient trop lourdes pour justifier une remise en libert\u00e9.<\/p>\n<h3 class=\"\" data-start=\"3248\" data-end=\"3295\"><strong data-start=\"3252\" data-end=\"3295\">Accusations politiques selon la d\u00e9fense<\/strong><\/h3>\n<p class=\"\" data-start=\"3297\" data-end=\"3544\">L\u2019avocat Me Baboucar Ciss\u00e9 a vivement d\u00e9nonc\u00e9 ce qu\u2019il consid\u00e8re comme un \u00ab r\u00e8glement de comptes politique \u00bb dirig\u00e9 contre son client, devenu, selon lui, une cible dans la vague de reddition des comptes engag\u00e9e par les nouvelles autorit\u00e9s.<\/p>\n<p class=\"\" data-start=\"3546\" data-end=\"3734\">En attendant, Moustapha Diop a pass\u00e9 sa premi\u00e8re nuit en prison et devra d\u00e9sormais attendre le traitement de sa demande de mise en libert\u00e9 provisoire ainsi que les suites de l\u2019enqu\u00eate.<\/p>\n<div class='share-to-whatsapp-wrapper'><div class='share-on-whsp'>PARTAGER SUR : <\/div><a data-text='HAUTE COUR DE JUSTICE - Les minutes de l'audition de Moustapha Diop' data-link='https:\/\/www.nettali.com\/2025\/05\/22\/haute-cour-de-justice-les-minutes-de-laudition-de-moustapha-diop\/' class='whatsapp-button whatsapp-share'>WhatsApp<\/a><div class='clear '><\/div><\/div>","protected":false},"excerpt":{"rendered":"<p>NETTALI.COM - Inculp\u00e9 pour association de malfaiteurs, escroquerie portant sur des deniers publics et blanchiment de capitaux, l\u2019ancien ministre du D\u00e9veloppement industriel et des PME, Moustapha Diop, a pass\u00e9 sa premi\u00e8re nuit en d\u00e9tention pr\u00e9ventive ce 22 mai 2025. En cause, la gestion controvers\u00e9e d\u2019un lot de 6,25 millions de masques achet\u00e9s sur fonds Covid-19, [&hellip;]<\/p>\n","protected":false},"author":4,"featured_media":147089,"comment_status":"open","ping_status":"open","sticky":false,"template":"","format":"standard","meta":{"_et_pb_use_builder":"","_et_pb_old_content":""},"categories":[3],"tags":[],"yoast_head":"<!-- This site is optimized with the Yoast SEO Premium plugin v17.8 (Yoast SEO v17.8) - https:\/\/yoast.com\/wordpress\/plugins\/seo\/ -->\n<title>HAUTE COUR DE JUSTICE - Les minutes de l&#039;audition de Moustapha Diop | Nettali.com<\/title>\n<meta name=\"robots\" content=\"index, follow, max-snippet:-1, max-image-preview:large, max-video-preview:-1\" \/>\n<link rel=\"canonical\" href=\"https:\/\/www.nettali.com\/2025\/05\/22\/haute-cour-de-justice-les-minutes-de-laudition-de-moustapha-diop\/\" \/>\n<meta property=\"og:locale\" content=\"fr_FR\" \/>\n<meta property=\"og:type\" content=\"article\" \/>\n<meta property=\"og:title\" content=\"HAUTE COUR DE JUSTICE - Les minutes de l&#039;audition de Moustapha Diop\" \/>\n<meta property=\"og:description\" content=\"NETTALI.COM - Inculp\u00e9 pour association de malfaiteurs, escroquerie portant sur des deniers publics et blanchiment de capitaux, l\u2019ancien ministre du D\u00e9veloppement industriel et des PME, Moustapha Diop, a pass\u00e9 sa premi\u00e8re nuit en d\u00e9tention pr\u00e9ventive ce 22 mai 2025. En cause, la gestion controvers\u00e9e d\u2019un lot de 6,25 millions de masques achet\u00e9s sur fonds Covid-19, [&hellip;]\" \/>\n<meta property=\"og:url\" content=\"https:\/\/www.nettali.com\/2025\/05\/22\/haute-cour-de-justice-les-minutes-de-laudition-de-moustapha-diop\/\" \/>\n<meta property=\"og:site_name\" content=\"Nettali.com\" \/>\n<meta property=\"article:publisher\" content=\"https:\/\/www.facebook.com\/nettalicom\" \/>\n<meta property=\"article:published_time\" content=\"2025-05-22T22:53:17+00:00\" \/>\n<meta property=\"article:modified_time\" content=\"2025-05-23T23:28:36+00:00\" \/>\n<meta property=\"og:image\" content=\"https:\/\/www.nettali.com\/wp-content\/uploads\/2025\/01\/moustapha-diop.png\" \/>\n\t<meta property=\"og:image:width\" content=\"743\" \/>\n\t<meta property=\"og:image:height\" content=\"471\" \/>\n<meta name=\"twitter:card\" content=\"summary_large_image\" \/>\n<meta name=\"twitter:label1\" content=\"\u00c9crit par\" \/>\n\t<meta name=\"twitter:data1\" content=\"Daouda\" \/>\n\t<meta name=\"twitter:label2\" content=\"Dur\u00e9e de lecture estim\u00e9e\" \/>\n\t<meta name=\"twitter:data2\" content=\"4 minutes\" \/>\n<script type=\"application\/ld+json\" class=\"yoast-schema-graph\">{\"@context\":\"https:\/\/schema.org\",\"@graph\":[{\"@type\":\"WebSite\",\"@id\":\"https:\/\/www.nettali.com\/#website\",\"url\":\"https:\/\/www.nettali.com\/\",\"name\":\"Nettali.com\",\"description\":\"Le rendez-vous critique du Net\",\"potentialAction\":[{\"@type\":\"SearchAction\",\"target\":{\"@type\":\"EntryPoint\",\"urlTemplate\":\"https:\/\/www.nettali.com\/?s={search_term_string}\"},\"query-input\":\"required name=search_term_string\"}],\"inLanguage\":\"fr-FR\"},{\"@type\":\"ImageObject\",\"@id\":\"https:\/\/www.nettali.com\/2025\/05\/22\/haute-cour-de-justice-les-minutes-de-laudition-de-moustapha-diop\/#primaryimage\",\"inLanguage\":\"fr-FR\",\"url\":\"https:\/\/www.nettali.com\/wp-content\/uploads\/2025\/01\/moustapha-diop.png\",\"contentUrl\":\"https:\/\/www.nettali.com\/wp-content\/uploads\/2025\/01\/moustapha-diop.png\",\"width\":743,\"height\":471},{\"@type\":\"WebPage\",\"@id\":\"https:\/\/www.nettali.com\/2025\/05\/22\/haute-cour-de-justice-les-minutes-de-laudition-de-moustapha-diop\/#webpage\",\"url\":\"https:\/\/www.nettali.com\/2025\/05\/22\/haute-cour-de-justice-les-minutes-de-laudition-de-moustapha-diop\/\",\"name\":\"HAUTE COUR DE JUSTICE - Les minutes de l'audition de Moustapha Diop | Nettali.com\",\"isPartOf\":{\"@id\":\"https:\/\/www.nettali.com\/#website\"},\"primaryImageOfPage\":{\"@id\":\"https:\/\/www.nettali.com\/2025\/05\/22\/haute-cour-de-justice-les-minutes-de-laudition-de-moustapha-diop\/#primaryimage\"},\"datePublished\":\"2025-05-22T22:53:17+00:00\",\"dateModified\":\"2025-05-23T23:28:36+00:00\",\"author\":{\"@id\":\"https:\/\/www.nettali.com\/#\/schema\/person\/3317e0bb3aa1da309fbf7b2780901bf4\"},\"breadcrumb\":{\"@id\":\"https:\/\/www.nettali.com\/2025\/05\/22\/haute-cour-de-justice-les-minutes-de-laudition-de-moustapha-diop\/#breadcrumb\"},\"inLanguage\":\"fr-FR\",\"potentialAction\":[{\"@type\":\"ReadAction\",\"target\":[\"https:\/\/www.nettali.com\/2025\/05\/22\/haute-cour-de-justice-les-minutes-de-laudition-de-moustapha-diop\/\"]}]},{\"@type\":\"BreadcrumbList\",\"@id\":\"https:\/\/www.nettali.com\/2025\/05\/22\/haute-cour-de-justice-les-minutes-de-laudition-de-moustapha-diop\/#breadcrumb\",\"itemListElement\":[{\"@type\":\"ListItem\",\"position\":1,\"name\":\"Accueil\",\"item\":\"https:\/\/www.nettali.com\/\"},{\"@type\":\"ListItem\",\"position\":2,\"name\":\"HAUTE COUR DE JUSTICE - Les minutes de l'audition de Moustapha Diop\"}]},{\"@type\":\"Person\",\"@id\":\"https:\/\/www.nettali.com\/#\/schema\/person\/3317e0bb3aa1da309fbf7b2780901bf4\",\"name\":\"Daouda\",\"image\":{\"@type\":\"ImageObject\",\"@id\":\"https:\/\/www.nettali.com\/#personlogo\",\"inLanguage\":\"fr-FR\",\"url\":\"https:\/\/secure.gravatar.com\/avatar\/8d143b5a49345098ddcfee1c49c2f47c?s=96&d=mm&r=g\",\"contentUrl\":\"https:\/\/secure.gravatar.com\/avatar\/8d143b5a49345098ddcfee1c49c2f47c?s=96&d=mm&r=g\",\"caption\":\"Daouda\"},\"sameAs\":[\"https:\/\/www.nettali.com\"]}]}<\/script>\n<!-- \/ Yoast SEO Premium plugin. -->","yoast_head_json":{"title":"HAUTE COUR DE JUSTICE - Les minutes de l'audition de Moustapha Diop | Nettali.com","robots":{"index":"index","follow":"follow","max-snippet":"max-snippet:-1","max-image-preview":"max-image-preview:large","max-video-preview":"max-video-preview:-1"},"canonical":"https:\/\/www.nettali.com\/2025\/05\/22\/haute-cour-de-justice-les-minutes-de-laudition-de-moustapha-diop\/","og_locale":"fr_FR","og_type":"article","og_title":"HAUTE COUR DE JUSTICE - Les minutes de l'audition de Moustapha Diop","og_description":"NETTALI.COM - Inculp\u00e9 pour association de malfaiteurs, escroquerie portant sur des deniers publics et blanchiment de capitaux, l\u2019ancien ministre du D\u00e9veloppement industriel et des PME, Moustapha Diop, a pass\u00e9 sa premi\u00e8re nuit en d\u00e9tention pr\u00e9ventive ce 22 mai 2025. En cause, la gestion controvers\u00e9e d\u2019un lot de 6,25 millions de masques achet\u00e9s sur fonds Covid-19, [&hellip;]","og_url":"https:\/\/www.nettali.com\/2025\/05\/22\/haute-cour-de-justice-les-minutes-de-laudition-de-moustapha-diop\/","og_site_name":"Nettali.com","article_publisher":"https:\/\/www.facebook.com\/nettalicom","article_published_time":"2025-05-22T22:53:17+00:00","article_modified_time":"2025-05-23T23:28:36+00:00","og_image":[{"width":743,"height":471,"url":"https:\/\/www.nettali.com\/wp-content\/uploads\/2025\/01\/moustapha-diop.png","type":"image\/png"}],"twitter_card":"summary_large_image","twitter_misc":{"\u00c9crit par":"Daouda","Dur\u00e9e de lecture estim\u00e9e":"4 minutes"},"schema":{"@context":"https:\/\/schema.org","@graph":[{"@type":"WebSite","@id":"https:\/\/www.nettali.com\/#website","url":"https:\/\/www.nettali.com\/","name":"Nettali.com","description":"Le rendez-vous critique du Net","potentialAction":[{"@type":"SearchAction","target":{"@type":"EntryPoint","urlTemplate":"https:\/\/www.nettali.com\/?s={search_term_string}"},"query-input":"required name=search_term_string"}],"inLanguage":"fr-FR"},{"@type":"ImageObject","@id":"https:\/\/www.nettali.com\/2025\/05\/22\/haute-cour-de-justice-les-minutes-de-laudition-de-moustapha-diop\/#primaryimage","inLanguage":"fr-FR","url":"https:\/\/www.nettali.com\/wp-content\/uploads\/2025\/01\/moustapha-diop.png","contentUrl":"https:\/\/www.nettali.com\/wp-content\/uploads\/2025\/01\/moustapha-diop.png","width":743,"height":471},{"@type":"WebPage","@id":"https:\/\/www.nettali.com\/2025\/05\/22\/haute-cour-de-justice-les-minutes-de-laudition-de-moustapha-diop\/#webpage","url":"https:\/\/www.nettali.com\/2025\/05\/22\/haute-cour-de-justice-les-minutes-de-laudition-de-moustapha-diop\/","name":"HAUTE COUR DE JUSTICE - Les minutes de l'audition de Moustapha Diop | Nettali.com","isPartOf":{"@id":"https:\/\/www.nettali.com\/#website"},"primaryImageOfPage":{"@id":"https:\/\/www.nettali.com\/2025\/05\/22\/haute-cour-de-justice-les-minutes-de-laudition-de-moustapha-diop\/#primaryimage"},"datePublished":"2025-05-22T22:53:17+00:00","dateModified":"2025-05-23T23:28:36+00:00","author":{"@id":"https:\/\/www.nettali.com\/#\/schema\/person\/3317e0bb3aa1da309fbf7b2780901bf4"},"breadcrumb":{"@id":"https:\/\/www.nettali.com\/2025\/05\/22\/haute-cour-de-justice-les-minutes-de-laudition-de-moustapha-diop\/#breadcrumb"},"inLanguage":"fr-FR","potentialAction":[{"@type":"ReadAction","target":["https:\/\/www.nettali.com\/2025\/05\/22\/haute-cour-de-justice-les-minutes-de-laudition-de-moustapha-diop\/"]}]},{"@type":"BreadcrumbList","@id":"https:\/\/www.nettali.com\/2025\/05\/22\/haute-cour-de-justice-les-minutes-de-laudition-de-moustapha-diop\/#breadcrumb","itemListElement":[{"@type":"ListItem","position":1,"name":"Accueil","item":"https:\/\/www.nettali.com\/"},{"@type":"ListItem","position":2,"name":"HAUTE COUR DE JUSTICE - Les minutes de l'audition de Moustapha Diop"}]},{"@type":"Person","@id":"https:\/\/www.nettali.com\/#\/schema\/person\/3317e0bb3aa1da309fbf7b2780901bf4","name":"Daouda","image":{"@type":"ImageObject","@id":"https:\/\/www.nettali.com\/#personlogo","inLanguage":"fr-FR","url":"https:\/\/secure.gravatar.com\/avatar\/8d143b5a49345098ddcfee1c49c2f47c?s=96&d=mm&r=g","contentUrl":"https:\/\/secure.gravatar.com\/avatar\/8d143b5a49345098ddcfee1c49c2f47c?s=96&d=mm&r=g","caption":"Daouda"},"sameAs":["https:\/\/www.nettali.com"]}]}},"_links":{"self":[{"href":"https:\/\/www.nettali.com\/rest\/wp\/v2\/posts\/154606"}],"collection":[{"href":"https:\/\/www.nettali.com\/rest\/wp\/v2\/posts"}],"about":[{"href":"https:\/\/www.nettali.com\/rest\/wp\/v2\/types\/post"}],"author":[{"embeddable":true,"href":"https:\/\/www.nettali.com\/rest\/wp\/v2\/users\/4"}],"replies":[{"embeddable":true,"href":"https:\/\/www.nettali.com\/rest\/wp\/v2\/comments?post=154606"}],"version-history":[{"count":2,"href":"https:\/\/www.nettali.com\/rest\/wp\/v2\/posts\/154606\/revisions"}],"predecessor-version":[{"id":154649,"href":"https:\/\/www.nettali.com\/rest\/wp\/v2\/posts\/154606\/revisions\/154649"}],"wp:featuredmedia":[{"embeddable":true,"href":"https:\/\/www.nettali.com\/rest\/wp\/v2\/media\/147089"}],"wp:attachment":[{"href":"https:\/\/www.nettali.com\/rest\/wp\/v2\/media?parent=154606"}],"wp:term":[{"taxonomy":"category","embeddable":true,"href":"https:\/\/www.nettali.com\/rest\/wp\/v2\/categories?post=154606"},{"taxonomy":"post_tag","embeddable":true,"href":"https:\/\/www.nettali.com\/rest\/wp\/v2\/tags?post=154606"}],"curies":[{"name":"wp","href":"https:\/\/api.w.org\/{rel}","templated":true}]}}