{"id":154601,"date":"2025-05-22T19:45:39","date_gmt":"2025-05-22T19:45:39","guid":{"rendered":"https:\/\/www.nettali.com\/?p=154601"},"modified":"2025-05-22T19:45:39","modified_gmt":"2025-05-22T19:45:39","slug":"liverpool-darwin-nunez-dit-oui-a-latletico","status":"publish","type":"post","link":"https:\/\/www.nettali.com\/2025\/05\/22\/liverpool-darwin-nunez-dit-oui-a-latletico\/","title":{"rendered":"LIVERPOOL - Darwin Nu\u00f1ez dit oui \u00e0 l\u2019Atletico"},"content":{"rendered":"<p><strong>NETTALI.COM -<\/strong> L'attaquant Darwin Nu\u00f1ez (25 ans, 46 apparitions et 7 buts toutes comp\u00e9titions cette saison) ne devrait plus porter le maillot de Liverpool la saison prochaine. Tr\u00e8s peu titularis\u00e9 par Arne Slot, l'international uruguayen se dirige vers un d\u00e9part cet \u00e9t\u00e9 pour aller retrouver plus de temps de jeu ailleurs. Et son avenir pourrait bien se dessiner en Espagne.<\/p>\n<p>Selon la Cadena Ser, l'ancien avant-centre de Benfica a donn\u00e9 son accord pour rejoindre l'Atletico Madrid lors du prochain mercato. Mais le club espagnol doit encore n\u00e9gocier avec Liverpool. Le club de la Mersey ne compte pas vendre pour une bouch\u00e9e de pain un joueur achet\u00e9 85 millions d'euros en 2022. Affaire \u00e0 suivre...<\/p>\n<div class='share-to-whatsapp-wrapper'><div class='share-on-whsp'>PARTAGER SUR : <\/div><a data-text='LIVERPOOL - Darwin Nu\u00f1ez dit oui \u00e0 l\u2019Atletico' data-link='https:\/\/www.nettali.com\/2025\/05\/22\/liverpool-darwin-nunez-dit-oui-a-latletico\/' class='whatsapp-button whatsapp-share'>WhatsApp<\/a><div class='clear '><\/div><\/div>","protected":false},"excerpt":{"rendered":"<p>NETTALI.COM - L'attaquant Darwin Nu\u00f1ez (25 ans, 46 apparitions et 7 buts toutes comp\u00e9titions cette saison) ne devrait plus porter le maillot de Liverpool la saison prochaine. Tr\u00e8s peu titularis\u00e9 par Arne Slot, l'international uruguayen se dirige vers un d\u00e9part cet \u00e9t\u00e9 pour aller retrouver plus de temps de jeu ailleurs. Et son avenir pourrait [&hellip;]<\/p>\n","protected":false},"author":2,"featured_media":154602,"comment_status":"open","ping_status":"open","sticky":false,"template":"","format":"standard","meta":{"_et_pb_use_builder":"","_et_pb_old_content":""},"categories":[6],"tags":[],"yoast_head":"<!-- This site is optimized with the Yoast SEO Premium plugin v17.8 (Yoast SEO v17.8) - https:\/\/yoast.com\/wordpress\/plugins\/seo\/ -->\n<title>LIVERPOOL - Darwin Nu\u00f1ez dit oui \u00e0 l\u2019Atletico | Nettali.com<\/title>\n<meta name=\"robots\" content=\"index, follow, max-snippet:-1, max-image-preview:large, max-video-preview:-1\" \/>\n<link rel=\"canonical\" href=\"https:\/\/www.nettali.com\/2025\/05\/22\/liverpool-darwin-nunez-dit-oui-a-latletico\/\" \/>\n<meta property=\"og:locale\" content=\"fr_FR\" \/>\n<meta property=\"og:type\" content=\"article\" \/>\n<meta property=\"og:title\" content=\"LIVERPOOL - Darwin Nu\u00f1ez dit oui \u00e0 l\u2019Atletico\" \/>\n<meta property=\"og:description\" content=\"NETTALI.COM - L&#039;attaquant Darwin Nu\u00f1ez (25 ans, 46 apparitions et 7 buts toutes comp\u00e9titions cette saison) ne devrait plus porter le maillot de Liverpool la saison prochaine. Tr\u00e8s peu titularis\u00e9 par Arne Slot, l&#039;international uruguayen se dirige vers un d\u00e9part cet \u00e9t\u00e9 pour aller retrouver plus de temps de jeu ailleurs. Et son avenir pourrait [&hellip;]\" \/>\n<meta property=\"og:url\" content=\"https:\/\/www.nettali.com\/2025\/05\/22\/liverpool-darwin-nunez-dit-oui-a-latletico\/\" \/>\n<meta property=\"og:site_name\" content=\"Nettali.com\" \/>\n<meta property=\"article:publisher\" content=\"https:\/\/www.facebook.com\/nettalicom\" \/>\n<meta property=\"article:published_time\" content=\"2025-05-22T19:45:39+00:00\" \/>\n<meta property=\"og:image\" content=\"https:\/\/www.nettali.com\/wp-content\/uploads\/2025\/05\/1200-L-liverpool-klopp-rclame-de-la-patience-pour-darwin-nunez-aprs-ses-dbuts-compliqus.jpg\" \/>\n\t<meta property=\"og:image:width\" content=\"1200\" \/>\n\t<meta property=\"og:image:height\" content=\"640\" \/>\n<meta name=\"twitter:card\" content=\"summary_large_image\" \/>\n<meta name=\"twitter:label1\" content=\"\u00c9crit par\" \/>\n\t<meta name=\"twitter:data1\" content=\"CK\" \/>\n\t<meta name=\"twitter:label2\" content=\"Dur\u00e9e de lecture estim\u00e9e\" \/>\n\t<meta name=\"twitter:data2\" content=\"1 minute\" \/>\n<script type=\"application\/ld+json\" class=\"yoast-schema-graph\">{\"@context\":\"https:\/\/schema.org\",\"@graph\":[{\"@type\":\"WebSite\",\"@id\":\"https:\/\/www.nettali.com\/#website\",\"url\":\"https:\/\/www.nettali.com\/\",\"name\":\"Nettali.com\",\"description\":\"Le rendez-vous critique du Net\",\"potentialAction\":[{\"@type\":\"SearchAction\",\"target\":{\"@type\":\"EntryPoint\",\"urlTemplate\":\"https:\/\/www.nettali.com\/?s={search_term_string}\"},\"query-input\":\"required name=search_term_string\"}],\"inLanguage\":\"fr-FR\"},{\"@type\":\"ImageObject\",\"@id\":\"https:\/\/www.nettali.com\/2025\/05\/22\/liverpool-darwin-nunez-dit-oui-a-latletico\/#primaryimage\",\"inLanguage\":\"fr-FR\",\"url\":\"https:\/\/www.nettali.com\/wp-content\/uploads\/2025\/05\/1200-L-liverpool-klopp-rclame-de-la-patience-pour-darwin-nunez-aprs-ses-dbuts-compliqus.jpg\",\"contentUrl\":\"https:\/\/www.nettali.com\/wp-content\/uploads\/2025\/05\/1200-L-liverpool-klopp-rclame-de-la-patience-pour-darwin-nunez-aprs-ses-dbuts-compliqus.jpg\",\"width\":1200,\"height\":640},{\"@type\":\"WebPage\",\"@id\":\"https:\/\/www.nettali.com\/2025\/05\/22\/liverpool-darwin-nunez-dit-oui-a-latletico\/#webpage\",\"url\":\"https:\/\/www.nettali.com\/2025\/05\/22\/liverpool-darwin-nunez-dit-oui-a-latletico\/\",\"name\":\"LIVERPOOL - Darwin Nu\\u00f1ez dit oui \\u00e0 l\\u2019Atletico | Nettali.com\",\"isPartOf\":{\"@id\":\"https:\/\/www.nettali.com\/#website\"},\"primaryImageOfPage\":{\"@id\":\"https:\/\/www.nettali.com\/2025\/05\/22\/liverpool-darwin-nunez-dit-oui-a-latletico\/#primaryimage\"},\"datePublished\":\"2025-05-22T19:45:39+00:00\",\"dateModified\":\"2025-05-22T19:45:39+00:00\",\"author\":{\"@id\":\"https:\/\/www.nettali.com\/#\/schema\/person\/d8ac7b7e27ddad43f1c0d2ef090d7f71\"},\"breadcrumb\":{\"@id\":\"https:\/\/www.nettali.com\/2025\/05\/22\/liverpool-darwin-nunez-dit-oui-a-latletico\/#breadcrumb\"},\"inLanguage\":\"fr-FR\",\"potentialAction\":[{\"@type\":\"ReadAction\",\"target\":[\"https:\/\/www.nettali.com\/2025\/05\/22\/liverpool-darwin-nunez-dit-oui-a-latletico\/\"]}]},{\"@type\":\"BreadcrumbList\",\"@id\":\"https:\/\/www.nettali.com\/2025\/05\/22\/liverpool-darwin-nunez-dit-oui-a-latletico\/#breadcrumb\",\"itemListElement\":[{\"@type\":\"ListItem\",\"position\":1,\"name\":\"Accueil\",\"item\":\"https:\/\/www.nettali.com\/\"},{\"@type\":\"ListItem\",\"position\":2,\"name\":\"LIVERPOOL - Darwin Nu\\u00f1ez dit oui \\u00e0 l\\u2019Atletico\"}]},{\"@type\":\"Person\",\"@id\":\"https:\/\/www.nettali.com\/#\/schema\/person\/d8ac7b7e27ddad43f1c0d2ef090d7f71\",\"name\":\"CK\",\"image\":{\"@type\":\"ImageObject\",\"@id\":\"https:\/\/www.nettali.com\/#personlogo\",\"inLanguage\":\"fr-FR\",\"url\":\"https:\/\/secure.gravatar.com\/avatar\/1d8d5118b9327d94da7cd4ce7f17fec2?s=96&d=mm&r=g\",\"contentUrl\":\"https:\/\/secure.gravatar.com\/avatar\/1d8d5118b9327d94da7cd4ce7f17fec2?s=96&d=mm&r=g\",\"caption\":\"CK\"},\"sameAs\":[\"https:\/\/www.nettali.com\"]}]}<\/script>\n<!-- \/ Yoast SEO Premium plugin. -->","yoast_head_json":{"title":"LIVERPOOL - Darwin Nu\u00f1ez dit oui \u00e0 l\u2019Atletico | Nettali.com","robots":{"index":"index","follow":"follow","max-snippet":"max-snippet:-1","max-image-preview":"max-image-preview:large","max-video-preview":"max-video-preview:-1"},"canonical":"https:\/\/www.nettali.com\/2025\/05\/22\/liverpool-darwin-nunez-dit-oui-a-latletico\/","og_locale":"fr_FR","og_type":"article","og_title":"LIVERPOOL - Darwin Nu\u00f1ez dit oui \u00e0 l\u2019Atletico","og_description":"NETTALI.COM - L'attaquant Darwin Nu\u00f1ez (25 ans, 46 apparitions et 7 buts toutes comp\u00e9titions cette saison) ne devrait plus porter le maillot de Liverpool la saison prochaine. Tr\u00e8s peu titularis\u00e9 par Arne Slot, l'international uruguayen se dirige vers un d\u00e9part cet \u00e9t\u00e9 pour aller retrouver plus de temps de jeu ailleurs. Et son avenir pourrait [&hellip;]","og_url":"https:\/\/www.nettali.com\/2025\/05\/22\/liverpool-darwin-nunez-dit-oui-a-latletico\/","og_site_name":"Nettali.com","article_publisher":"https:\/\/www.facebook.com\/nettalicom","article_published_time":"2025-05-22T19:45:39+00:00","og_image":[{"width":1200,"height":640,"url":"https:\/\/www.nettali.com\/wp-content\/uploads\/2025\/05\/1200-L-liverpool-klopp-rclame-de-la-patience-pour-darwin-nunez-aprs-ses-dbuts-compliqus.jpg","type":"image\/jpeg"}],"twitter_card":"summary_large_image","twitter_misc":{"\u00c9crit par":"CK","Dur\u00e9e de lecture estim\u00e9e":"1 minute"},"schema":{"@context":"https:\/\/schema.org","@graph":[{"@type":"WebSite","@id":"https:\/\/www.nettali.com\/#website","url":"https:\/\/www.nettali.com\/","name":"Nettali.com","description":"Le rendez-vous critique du Net","potentialAction":[{"@type":"SearchAction","target":{"@type":"EntryPoint","urlTemplate":"https:\/\/www.nettali.com\/?s={search_term_string}"},"query-input":"required name=search_term_string"}],"inLanguage":"fr-FR"},{"@type":"ImageObject","@id":"https:\/\/www.nettali.com\/2025\/05\/22\/liverpool-darwin-nunez-dit-oui-a-latletico\/#primaryimage","inLanguage":"fr-FR","url":"https:\/\/www.nettali.com\/wp-content\/uploads\/2025\/05\/1200-L-liverpool-klopp-rclame-de-la-patience-pour-darwin-nunez-aprs-ses-dbuts-compliqus.jpg","contentUrl":"https:\/\/www.nettali.com\/wp-content\/uploads\/2025\/05\/1200-L-liverpool-klopp-rclame-de-la-patience-pour-darwin-nunez-aprs-ses-dbuts-compliqus.jpg","width":1200,"height":640},{"@type":"WebPage","@id":"https:\/\/www.nettali.com\/2025\/05\/22\/liverpool-darwin-nunez-dit-oui-a-latletico\/#webpage","url":"https:\/\/www.nettali.com\/2025\/05\/22\/liverpool-darwin-nunez-dit-oui-a-latletico\/","name":"LIVERPOOL - Darwin Nu\u00f1ez dit oui \u00e0 l\u2019Atletico | Nettali.com","isPartOf":{"@id":"https:\/\/www.nettali.com\/#website"},"primaryImageOfPage":{"@id":"https:\/\/www.nettali.com\/2025\/05\/22\/liverpool-darwin-nunez-dit-oui-a-latletico\/#primaryimage"},"datePublished":"2025-05-22T19:45:39+00:00","dateModified":"2025-05-22T19:45:39+00:00","author":{"@id":"https:\/\/www.nettali.com\/#\/schema\/person\/d8ac7b7e27ddad43f1c0d2ef090d7f71"},"breadcrumb":{"@id":"https:\/\/www.nettali.com\/2025\/05\/22\/liverpool-darwin-nunez-dit-oui-a-latletico\/#breadcrumb"},"inLanguage":"fr-FR","potentialAction":[{"@type":"ReadAction","target":["https:\/\/www.nettali.com\/2025\/05\/22\/liverpool-darwin-nunez-dit-oui-a-latletico\/"]}]},{"@type":"BreadcrumbList","@id":"https:\/\/www.nettali.com\/2025\/05\/22\/liverpool-darwin-nunez-dit-oui-a-latletico\/#breadcrumb","itemListElement":[{"@type":"ListItem","position":1,"name":"Accueil","item":"https:\/\/www.nettali.com\/"},{"@type":"ListItem","position":2,"name":"LIVERPOOL - Darwin Nu\u00f1ez dit oui \u00e0 l\u2019Atletico"}]},{"@type":"Person","@id":"https:\/\/www.nettali.com\/#\/schema\/person\/d8ac7b7e27ddad43f1c0d2ef090d7f71","name":"CK","image":{"@type":"ImageObject","@id":"https:\/\/www.nettali.com\/#personlogo","inLanguage":"fr-FR","url":"https:\/\/secure.gravatar.com\/avatar\/1d8d5118b9327d94da7cd4ce7f17fec2?s=96&d=mm&r=g","contentUrl":"https:\/\/secure.gravatar.com\/avatar\/1d8d5118b9327d94da7cd4ce7f17fec2?s=96&d=mm&r=g","caption":"CK"},"sameAs":["https:\/\/www.nettali.com"]}]}},"_links":{"self":[{"href":"https:\/\/www.nettali.com\/rest\/wp\/v2\/posts\/154601"}],"collection":[{"href":"https:\/\/www.nettali.com\/rest\/wp\/v2\/posts"}],"about":[{"href":"https:\/\/www.nettali.com\/rest\/wp\/v2\/types\/post"}],"author":[{"embeddable":true,"href":"https:\/\/www.nettali.com\/rest\/wp\/v2\/users\/2"}],"replies":[{"embeddable":true,"href":"https:\/\/www.nettali.com\/rest\/wp\/v2\/comments?post=154601"}],"version-history":[{"count":1,"href":"https:\/\/www.nettali.com\/rest\/wp\/v2\/posts\/154601\/revisions"}],"predecessor-version":[{"id":154603,"href":"https:\/\/www.nettali.com\/rest\/wp\/v2\/posts\/154601\/revisions\/154603"}],"wp:featuredmedia":[{"embeddable":true,"href":"https:\/\/www.nettali.com\/rest\/wp\/v2\/media\/154602"}],"wp:attachment":[{"href":"https:\/\/www.nettali.com\/rest\/wp\/v2\/media?parent=154601"}],"wp:term":[{"taxonomy":"category","embeddable":true,"href":"https:\/\/www.nettali.com\/rest\/wp\/v2\/categories?post=154601"},{"taxonomy":"post_tag","embeddable":true,"href":"https:\/\/www.nettali.com\/rest\/wp\/v2\/tags?post=154601"}],"curies":[{"name":"wp","href":"https:\/\/api.w.org\/{rel}","templated":true}]}}