{"id":154598,"date":"2025-05-22T19:41:39","date_gmt":"2025-05-22T19:41:39","guid":{"rendered":"https:\/\/www.nettali.com\/?p=154598"},"modified":"2025-05-22T19:41:39","modified_gmt":"2025-05-22T19:41:39","slug":"man-city-guardiola-clair-sur-le-mercato","status":"publish","type":"post","link":"https:\/\/www.nettali.com\/2025\/05\/22\/man-city-guardiola-clair-sur-le-mercato\/","title":{"rendered":"MAN CITY - Guardiola clair sur le mercato"},"content":{"rendered":"<p><strong>NETTALI.COM -<\/strong> Troisi\u00e8me de Premier League et en passe de retrouver la Ligue des Champions, Manchester City ne devrait pas \u00eatre tr\u00e8s actif lors du mercato estival. L'entra\u00eeneur des Skyblues, Pep Guardiola, a pr\u00e9venu ses dirigeants sur la marche \u00e0 suivre.<\/p>\n<p>\"<em>J\u2019ai dit au club que je ne voulais pas chambouler encore mon groupe avec de nouvelles arriv\u00e9es. Je ne veux pas laisser cinq ou six joueurs au frigo. Je ne veux pas de \u00e7a. Je quitterai le club sinon, a indiqu\u00e9 l\u2019ancien tacticien du FC Barcelone en conf\u00e9rence de presse. Si l\u2019on r\u00e9duit l\u2019effectif, je resterai. Il est impossible pour mon \u00e2me de dire \u00e0 mes joueurs dans les tribunes qu\u2019ils ne peuvent pas jouer<\/em>.\"<\/p>\n<p>\"<em>Il y a trois ou quatre mois, nous n\u2019avons pas pu s\u00e9lectionner onze joueurs. Une fois que les joueurs reviennent de blessure, comment fait-on ?, s\u2019est interrog\u00e9 Guardiola. Je ne veux pas de \u00e7a la saison prochaine<\/em>.\"<\/p>\n<div class='share-to-whatsapp-wrapper'><div class='share-on-whsp'>PARTAGER SUR : <\/div><a data-text='MAN CITY - Guardiola clair sur le mercato' data-link='https:\/\/www.nettali.com\/2025\/05\/22\/man-city-guardiola-clair-sur-le-mercato\/' class='whatsapp-button whatsapp-share'>WhatsApp<\/a><div class='clear '><\/div><\/div>","protected":false},"excerpt":{"rendered":"<p>NETTALI.COM - Troisi\u00e8me de Premier League et en passe de retrouver la Ligue des Champions, Manchester City ne devrait pas \u00eatre tr\u00e8s actif lors du mercato estival. L'entra\u00eeneur des Skyblues, Pep Guardiola, a pr\u00e9venu ses dirigeants sur la marche \u00e0 suivre. \"J\u2019ai dit au club que je ne voulais pas chambouler encore mon groupe avec [&hellip;]<\/p>\n","protected":false},"author":2,"featured_media":154599,"comment_status":"open","ping_status":"open","sticky":false,"template":"","format":"standard","meta":{"_et_pb_use_builder":"","_et_pb_old_content":""},"categories":[6],"tags":[],"yoast_head":"<!-- This site is optimized with the Yoast SEO Premium plugin v17.8 (Yoast SEO v17.8) - https:\/\/yoast.com\/wordpress\/plugins\/seo\/ -->\n<title>MAN CITY - Guardiola clair sur le mercato | Nettali.com<\/title>\n<meta name=\"robots\" content=\"index, follow, max-snippet:-1, max-image-preview:large, max-video-preview:-1\" \/>\n<link rel=\"canonical\" href=\"https:\/\/www.nettali.com\/2025\/05\/22\/man-city-guardiola-clair-sur-le-mercato\/\" \/>\n<meta property=\"og:locale\" content=\"fr_FR\" \/>\n<meta property=\"og:type\" content=\"article\" \/>\n<meta property=\"og:title\" content=\"MAN CITY - Guardiola clair sur le mercato\" \/>\n<meta property=\"og:description\" content=\"NETTALI.COM - Troisi\u00e8me de Premier League et en passe de retrouver la Ligue des Champions, Manchester City ne devrait pas \u00eatre tr\u00e8s actif lors du mercato estival. L&#039;entra\u00eeneur des Skyblues, Pep Guardiola, a pr\u00e9venu ses dirigeants sur la marche \u00e0 suivre. &quot;J\u2019ai dit au club que je ne voulais pas chambouler encore mon groupe avec [&hellip;]\" \/>\n<meta property=\"og:url\" content=\"https:\/\/www.nettali.com\/2025\/05\/22\/man-city-guardiola-clair-sur-le-mercato\/\" \/>\n<meta property=\"og:site_name\" content=\"Nettali.com\" \/>\n<meta property=\"article:publisher\" content=\"https:\/\/www.facebook.com\/nettalicom\" \/>\n<meta property=\"article:published_time\" content=\"2025-05-22T19:41:39+00:00\" \/>\n<meta property=\"og:image\" content=\"https:\/\/www.nettali.com\/wp-content\/uploads\/2025\/05\/XIKMEQNDHRBBDFZCXQPAQ6ZIKY.jpg\" \/>\n\t<meta property=\"og:image:width\" content=\"932\" \/>\n\t<meta property=\"og:image:height\" content=\"582\" \/>\n<meta name=\"twitter:card\" content=\"summary_large_image\" \/>\n<meta name=\"twitter:label1\" content=\"\u00c9crit par\" \/>\n\t<meta name=\"twitter:data1\" content=\"CK\" \/>\n\t<meta name=\"twitter:label2\" content=\"Dur\u00e9e de lecture estim\u00e9e\" \/>\n\t<meta name=\"twitter:data2\" content=\"1 minute\" \/>\n<script type=\"application\/ld+json\" class=\"yoast-schema-graph\">{\"@context\":\"https:\/\/schema.org\",\"@graph\":[{\"@type\":\"WebSite\",\"@id\":\"https:\/\/www.nettali.com\/#website\",\"url\":\"https:\/\/www.nettali.com\/\",\"name\":\"Nettali.com\",\"description\":\"Le rendez-vous critique du Net\",\"potentialAction\":[{\"@type\":\"SearchAction\",\"target\":{\"@type\":\"EntryPoint\",\"urlTemplate\":\"https:\/\/www.nettali.com\/?s={search_term_string}\"},\"query-input\":\"required name=search_term_string\"}],\"inLanguage\":\"fr-FR\"},{\"@type\":\"ImageObject\",\"@id\":\"https:\/\/www.nettali.com\/2025\/05\/22\/man-city-guardiola-clair-sur-le-mercato\/#primaryimage\",\"inLanguage\":\"fr-FR\",\"url\":\"https:\/\/www.nettali.com\/wp-content\/uploads\/2025\/05\/XIKMEQNDHRBBDFZCXQPAQ6ZIKY.jpg\",\"contentUrl\":\"https:\/\/www.nettali.com\/wp-content\/uploads\/2025\/05\/XIKMEQNDHRBBDFZCXQPAQ6ZIKY.jpg\",\"width\":932,\"height\":582,\"caption\":\"Pep Guardiola of Manchester City gives the team instructions during the Premier League match Manchester City vs Bournemouth at Etihad Stadium, Manchester, United Kingdom, 20th May 2025 (Photo by Mark Cosgrove\/News Images) in Manchester, United Kingdom on 5\/20\/2025. (Photo by Mark Cosgrove\/News Images\/Sipa USA)\"},{\"@type\":\"WebPage\",\"@id\":\"https:\/\/www.nettali.com\/2025\/05\/22\/man-city-guardiola-clair-sur-le-mercato\/#webpage\",\"url\":\"https:\/\/www.nettali.com\/2025\/05\/22\/man-city-guardiola-clair-sur-le-mercato\/\",\"name\":\"MAN CITY - Guardiola clair sur le mercato | Nettali.com\",\"isPartOf\":{\"@id\":\"https:\/\/www.nettali.com\/#website\"},\"primaryImageOfPage\":{\"@id\":\"https:\/\/www.nettali.com\/2025\/05\/22\/man-city-guardiola-clair-sur-le-mercato\/#primaryimage\"},\"datePublished\":\"2025-05-22T19:41:39+00:00\",\"dateModified\":\"2025-05-22T19:41:39+00:00\",\"author\":{\"@id\":\"https:\/\/www.nettali.com\/#\/schema\/person\/d8ac7b7e27ddad43f1c0d2ef090d7f71\"},\"breadcrumb\":{\"@id\":\"https:\/\/www.nettali.com\/2025\/05\/22\/man-city-guardiola-clair-sur-le-mercato\/#breadcrumb\"},\"inLanguage\":\"fr-FR\",\"potentialAction\":[{\"@type\":\"ReadAction\",\"target\":[\"https:\/\/www.nettali.com\/2025\/05\/22\/man-city-guardiola-clair-sur-le-mercato\/\"]}]},{\"@type\":\"BreadcrumbList\",\"@id\":\"https:\/\/www.nettali.com\/2025\/05\/22\/man-city-guardiola-clair-sur-le-mercato\/#breadcrumb\",\"itemListElement\":[{\"@type\":\"ListItem\",\"position\":1,\"name\":\"Accueil\",\"item\":\"https:\/\/www.nettali.com\/\"},{\"@type\":\"ListItem\",\"position\":2,\"name\":\"MAN CITY - Guardiola clair sur le mercato\"}]},{\"@type\":\"Person\",\"@id\":\"https:\/\/www.nettali.com\/#\/schema\/person\/d8ac7b7e27ddad43f1c0d2ef090d7f71\",\"name\":\"CK\",\"image\":{\"@type\":\"ImageObject\",\"@id\":\"https:\/\/www.nettali.com\/#personlogo\",\"inLanguage\":\"fr-FR\",\"url\":\"https:\/\/secure.gravatar.com\/avatar\/1d8d5118b9327d94da7cd4ce7f17fec2?s=96&d=mm&r=g\",\"contentUrl\":\"https:\/\/secure.gravatar.com\/avatar\/1d8d5118b9327d94da7cd4ce7f17fec2?s=96&d=mm&r=g\",\"caption\":\"CK\"},\"sameAs\":[\"https:\/\/www.nettali.com\"]}]}<\/script>\n<!-- \/ Yoast SEO Premium plugin. -->","yoast_head_json":{"title":"MAN CITY - Guardiola clair sur le mercato | Nettali.com","robots":{"index":"index","follow":"follow","max-snippet":"max-snippet:-1","max-image-preview":"max-image-preview:large","max-video-preview":"max-video-preview:-1"},"canonical":"https:\/\/www.nettali.com\/2025\/05\/22\/man-city-guardiola-clair-sur-le-mercato\/","og_locale":"fr_FR","og_type":"article","og_title":"MAN CITY - Guardiola clair sur le mercato","og_description":"NETTALI.COM - Troisi\u00e8me de Premier League et en passe de retrouver la Ligue des Champions, Manchester City ne devrait pas \u00eatre tr\u00e8s actif lors du mercato estival. L'entra\u00eeneur des Skyblues, Pep Guardiola, a pr\u00e9venu ses dirigeants sur la marche \u00e0 suivre. \"J\u2019ai dit au club que je ne voulais pas chambouler encore mon groupe avec [&hellip;]","og_url":"https:\/\/www.nettali.com\/2025\/05\/22\/man-city-guardiola-clair-sur-le-mercato\/","og_site_name":"Nettali.com","article_publisher":"https:\/\/www.facebook.com\/nettalicom","article_published_time":"2025-05-22T19:41:39+00:00","og_image":[{"width":932,"height":582,"url":"https:\/\/www.nettali.com\/wp-content\/uploads\/2025\/05\/XIKMEQNDHRBBDFZCXQPAQ6ZIKY.jpg","type":"image\/jpeg"}],"twitter_card":"summary_large_image","twitter_misc":{"\u00c9crit par":"CK","Dur\u00e9e de lecture estim\u00e9e":"1 minute"},"schema":{"@context":"https:\/\/schema.org","@graph":[{"@type":"WebSite","@id":"https:\/\/www.nettali.com\/#website","url":"https:\/\/www.nettali.com\/","name":"Nettali.com","description":"Le rendez-vous critique du Net","potentialAction":[{"@type":"SearchAction","target":{"@type":"EntryPoint","urlTemplate":"https:\/\/www.nettali.com\/?s={search_term_string}"},"query-input":"required name=search_term_string"}],"inLanguage":"fr-FR"},{"@type":"ImageObject","@id":"https:\/\/www.nettali.com\/2025\/05\/22\/man-city-guardiola-clair-sur-le-mercato\/#primaryimage","inLanguage":"fr-FR","url":"https:\/\/www.nettali.com\/wp-content\/uploads\/2025\/05\/XIKMEQNDHRBBDFZCXQPAQ6ZIKY.jpg","contentUrl":"https:\/\/www.nettali.com\/wp-content\/uploads\/2025\/05\/XIKMEQNDHRBBDFZCXQPAQ6ZIKY.jpg","width":932,"height":582,"caption":"Pep Guardiola of Manchester City gives the team instructions during the Premier League match Manchester City vs Bournemouth at Etihad Stadium, Manchester, United Kingdom, 20th May 2025 (Photo by Mark Cosgrove\/News Images) in Manchester, United Kingdom on 5\/20\/2025. (Photo by Mark Cosgrove\/News Images\/Sipa USA)"},{"@type":"WebPage","@id":"https:\/\/www.nettali.com\/2025\/05\/22\/man-city-guardiola-clair-sur-le-mercato\/#webpage","url":"https:\/\/www.nettali.com\/2025\/05\/22\/man-city-guardiola-clair-sur-le-mercato\/","name":"MAN CITY - Guardiola clair sur le mercato | Nettali.com","isPartOf":{"@id":"https:\/\/www.nettali.com\/#website"},"primaryImageOfPage":{"@id":"https:\/\/www.nettali.com\/2025\/05\/22\/man-city-guardiola-clair-sur-le-mercato\/#primaryimage"},"datePublished":"2025-05-22T19:41:39+00:00","dateModified":"2025-05-22T19:41:39+00:00","author":{"@id":"https:\/\/www.nettali.com\/#\/schema\/person\/d8ac7b7e27ddad43f1c0d2ef090d7f71"},"breadcrumb":{"@id":"https:\/\/www.nettali.com\/2025\/05\/22\/man-city-guardiola-clair-sur-le-mercato\/#breadcrumb"},"inLanguage":"fr-FR","potentialAction":[{"@type":"ReadAction","target":["https:\/\/www.nettali.com\/2025\/05\/22\/man-city-guardiola-clair-sur-le-mercato\/"]}]},{"@type":"BreadcrumbList","@id":"https:\/\/www.nettali.com\/2025\/05\/22\/man-city-guardiola-clair-sur-le-mercato\/#breadcrumb","itemListElement":[{"@type":"ListItem","position":1,"name":"Accueil","item":"https:\/\/www.nettali.com\/"},{"@type":"ListItem","position":2,"name":"MAN CITY - Guardiola clair sur le mercato"}]},{"@type":"Person","@id":"https:\/\/www.nettali.com\/#\/schema\/person\/d8ac7b7e27ddad43f1c0d2ef090d7f71","name":"CK","image":{"@type":"ImageObject","@id":"https:\/\/www.nettali.com\/#personlogo","inLanguage":"fr-FR","url":"https:\/\/secure.gravatar.com\/avatar\/1d8d5118b9327d94da7cd4ce7f17fec2?s=96&d=mm&r=g","contentUrl":"https:\/\/secure.gravatar.com\/avatar\/1d8d5118b9327d94da7cd4ce7f17fec2?s=96&d=mm&r=g","caption":"CK"},"sameAs":["https:\/\/www.nettali.com"]}]}},"_links":{"self":[{"href":"https:\/\/www.nettali.com\/rest\/wp\/v2\/posts\/154598"}],"collection":[{"href":"https:\/\/www.nettali.com\/rest\/wp\/v2\/posts"}],"about":[{"href":"https:\/\/www.nettali.com\/rest\/wp\/v2\/types\/post"}],"author":[{"embeddable":true,"href":"https:\/\/www.nettali.com\/rest\/wp\/v2\/users\/2"}],"replies":[{"embeddable":true,"href":"https:\/\/www.nettali.com\/rest\/wp\/v2\/comments?post=154598"}],"version-history":[{"count":1,"href":"https:\/\/www.nettali.com\/rest\/wp\/v2\/posts\/154598\/revisions"}],"predecessor-version":[{"id":154600,"href":"https:\/\/www.nettali.com\/rest\/wp\/v2\/posts\/154598\/revisions\/154600"}],"wp:featuredmedia":[{"embeddable":true,"href":"https:\/\/www.nettali.com\/rest\/wp\/v2\/media\/154599"}],"wp:attachment":[{"href":"https:\/\/www.nettali.com\/rest\/wp\/v2\/media?parent=154598"}],"wp:term":[{"taxonomy":"category","embeddable":true,"href":"https:\/\/www.nettali.com\/rest\/wp\/v2\/categories?post=154598"},{"taxonomy":"post_tag","embeddable":true,"href":"https:\/\/www.nettali.com\/rest\/wp\/v2\/tags?post=154598"}],"curies":[{"name":"wp","href":"https:\/\/api.w.org\/{rel}","templated":true}]}}