{"id":154592,"date":"2025-05-22T18:51:28","date_gmt":"2025-05-22T18:51:28","guid":{"rendered":"https:\/\/www.nettali.com\/?p=154592"},"modified":"2025-05-23T12:39:38","modified_gmt":"2025-05-23T12:39:38","slug":"femicides-au-senegal-actionaid-dit-stop-et-appelle-a-une-action-collective-et-urgente","status":"publish","type":"post","link":"https:\/\/www.nettali.com\/2025\/05\/22\/femicides-au-senegal-actionaid-dit-stop-et-appelle-a-une-action-collective-et-urgente\/","title":{"rendered":"F\u00c9MINICIDES AU S\u00c9N\u00c9GAL \u2013 ActionAid dit stop et appelle \u00e0 une action collective et urgente"},"content":{"rendered":"<p><strong>NETTALI.COM- Face aux multiples meurtres de femmes enregistr\u00e9s ces derni\u00e8res semaines, ActionAid S\u00e9n\u00e9gal invite les autorit\u00e9s \u00e0 prendre des mesures radicales afin d\u2019assurer la s\u00e9curit\u00e9 de toutes les femmes.<\/strong><\/p>\n<p>Au S\u00e9n\u00e9gal, les cas de f\u00e9minicides se multiplient.\u00a0 Pour ActionAid, il temps d\u2019agir pour la s\u00e9curit\u00e9 des femmes. En effet, dans un communiqu\u00e9, l\u2019Ong constate que\u00a0 \u00ab<em> le S\u00e9n\u00e9gal traverse une p\u00e9riode particuli\u00e8rement sombre, marqu\u00e9e par une recrudescence alarmante des violences faites aux femmes, et plus particuli\u00e8rement des f\u00e9minicides<\/em> \u00bb.<\/p>\n<p>Ainsi, elle exprime \u00ab<em> sa profonde indignation face \u00e0 ces actes intol\u00e9rables qui mettent en lumi\u00e8re les d\u00e9faillances syst\u00e9miques en mati\u00e8re de pr\u00e9vention, de protection et de justice pour les femmes victimes de violences <\/em>\u00bb.<\/p>\n<p>L\u2019Ong qui estime que \u00ab <em>ces f\u00e9minicides ne sont pas de simples faits divers, mais le reflet d\u2019un syst\u00e8me de violences structurelles, renforc\u00e9 par le silence, l\u2019impunit\u00e9 et la banalisation<\/em> \u00bb souligne que \u00ab <em>chaque femme tu\u00e9e est une vie de trop chaque silence est une complicit\u00e9<\/em> \u00bb.<\/p>\n<p>Face \u00e0 cette situation, il apelle les autorit\u00e9s \u00e0 \u00ab <em>reconna\u00eetre officiellement les f\u00e9minicides comme une urgence nationale, relevant \u00e0 la fois des droits humains et de la s\u00e9curit\u00e9 publique<\/em> \u00bb. Aussi , il exige l\u2019application rigoureuse des lois existantes et la mise en place de m\u00e9canismes de protection efficaces pour les femmes en danger.<\/p>\n<p>L\u2019Ong demande \u00e9galement le renforcement des campagnes nationales de sensibilisation sur les violences bas\u00e9es sur le genre, pour changer durablement les mentalit\u00e9s et les comportements.\u00a0 Non sans inviter \u00e0 une r\u00e9ponse judiciaire exemplaire, avec des poursuites syst\u00e9matiques, des jugements \u00e9quitables et des sanctions dissuasives contre les auteurs de violences.<\/p>\n<p>Dans la m\u00eame dynamique, ActionAid apelle \u00e0 l\u2019ensemble de la soci\u00e9t\u00e9 s\u00e9n\u00e9galaise , citoyennes, organisations de la soci\u00e9t\u00e9 civile, leaders religieux et traditionnels, journalistes, parlementaires \u00e0 faire bloc contre ce fl\u00e9au.<\/p>\n<p>\u00ab <em>Il est temps de sortir du silence, de briser les tabous, et de dire haut et fort : STOP aux f\u00e9minicides ! Le silence tue. L\u2019inaction tue. L\u2019heure est \u00e0 l\u2019action collective et urgente<\/em> \u00bb conclut le document.<\/p>\n<div class='share-to-whatsapp-wrapper'><div class='share-on-whsp'>PARTAGER SUR : <\/div><a data-text='F\u00c9MINICIDES AU S\u00c9N\u00c9GAL \u2013 ActionAid dit stop et appelle \u00e0 une action collective et urgente' data-link='https:\/\/www.nettali.com\/2025\/05\/22\/femicides-au-senegal-actionaid-dit-stop-et-appelle-a-une-action-collective-et-urgente\/' class='whatsapp-button whatsapp-share'>WhatsApp<\/a><div class='clear '><\/div><\/div>","protected":false},"excerpt":{"rendered":"<p>NETTALI.COM- Face aux multiples meurtres de femmes enregistr\u00e9s ces derni\u00e8res semaines, ActionAid S\u00e9n\u00e9gal invite les autorit\u00e9s \u00e0 prendre des mesures radicales afin d\u2019assurer la s\u00e9curit\u00e9 de toutes les femmes. Au S\u00e9n\u00e9gal, les cas de f\u00e9minicides se multiplient.\u00a0 Pour ActionAid, il temps d\u2019agir pour la s\u00e9curit\u00e9 des femmes. En effet, dans un communiqu\u00e9, l\u2019Ong constate que\u00a0 [&hellip;]<\/p>\n","protected":false},"author":6,"featured_media":154637,"comment_status":"open","ping_status":"open","sticky":false,"template":"","format":"standard","meta":{"_et_pb_use_builder":"","_et_pb_old_content":""},"categories":[3],"tags":[],"yoast_head":"<!-- This site is optimized with the Yoast SEO Premium plugin v17.8 (Yoast SEO v17.8) - https:\/\/yoast.com\/wordpress\/plugins\/seo\/ -->\n<title>F\u00c9MINICIDES AU S\u00c9N\u00c9GAL \u2013 ActionAid dit stop et appelle \u00e0 une action collective et urgente | Nettali.com<\/title>\n<meta name=\"robots\" content=\"index, follow, max-snippet:-1, max-image-preview:large, max-video-preview:-1\" \/>\n<link rel=\"canonical\" href=\"https:\/\/www.nettali.com\/2025\/05\/22\/femicides-au-senegal-actionaid-dit-stop-et-appelle-a-une-action-collective-et-urgente\/\" \/>\n<meta property=\"og:locale\" content=\"fr_FR\" \/>\n<meta property=\"og:type\" content=\"article\" \/>\n<meta property=\"og:title\" content=\"F\u00c9MINICIDES AU S\u00c9N\u00c9GAL \u2013 ActionAid dit stop et appelle \u00e0 une action collective et urgente\" \/>\n<meta property=\"og:description\" content=\"NETTALI.COM- Face aux multiples meurtres de femmes enregistr\u00e9s ces derni\u00e8res semaines, ActionAid S\u00e9n\u00e9gal invite les autorit\u00e9s \u00e0 prendre des mesures radicales afin d\u2019assurer la s\u00e9curit\u00e9 de toutes les femmes. Au S\u00e9n\u00e9gal, les cas de f\u00e9minicides se multiplient.\u00a0 Pour ActionAid, il temps d\u2019agir pour la s\u00e9curit\u00e9 des femmes. En effet, dans un communiqu\u00e9, l\u2019Ong constate que\u00a0 [&hellip;]\" \/>\n<meta property=\"og:url\" content=\"https:\/\/www.nettali.com\/2025\/05\/22\/femicides-au-senegal-actionaid-dit-stop-et-appelle-a-une-action-collective-et-urgente\/\" \/>\n<meta property=\"og:site_name\" content=\"Nettali.com\" \/>\n<meta property=\"article:publisher\" content=\"https:\/\/www.facebook.com\/nettalicom\" \/>\n<meta property=\"article:published_time\" content=\"2025-05-22T18:51:28+00:00\" \/>\n<meta property=\"article:modified_time\" content=\"2025-05-23T12:39:38+00:00\" \/>\n<meta property=\"og:image\" content=\"https:\/\/www.nettali.com\/wp-content\/uploads\/2025\/05\/MARCHES-CONTRE-Violences-faites-aux-femmes.jpg\" \/>\n\t<meta property=\"og:image:width\" content=\"600\" \/>\n\t<meta property=\"og:image:height\" content=\"450\" \/>\n<meta name=\"twitter:card\" content=\"summary_large_image\" \/>\n<meta name=\"twitter:label1\" content=\"\u00c9crit par\" \/>\n\t<meta name=\"twitter:data1\" content=\"Fatou\" \/>\n\t<meta name=\"twitter:label2\" content=\"Dur\u00e9e de lecture estim\u00e9e\" \/>\n\t<meta name=\"twitter:data2\" content=\"2 minutes\" \/>\n<script type=\"application\/ld+json\" class=\"yoast-schema-graph\">{\"@context\":\"https:\/\/schema.org\",\"@graph\":[{\"@type\":\"WebSite\",\"@id\":\"https:\/\/www.nettali.com\/#website\",\"url\":\"https:\/\/www.nettali.com\/\",\"name\":\"Nettali.com\",\"description\":\"Le rendez-vous critique du Net\",\"potentialAction\":[{\"@type\":\"SearchAction\",\"target\":{\"@type\":\"EntryPoint\",\"urlTemplate\":\"https:\/\/www.nettali.com\/?s={search_term_string}\"},\"query-input\":\"required name=search_term_string\"}],\"inLanguage\":\"fr-FR\"},{\"@type\":\"ImageObject\",\"@id\":\"https:\/\/www.nettali.com\/2025\/05\/22\/femicides-au-senegal-actionaid-dit-stop-et-appelle-a-une-action-collective-et-urgente\/#primaryimage\",\"inLanguage\":\"fr-FR\",\"url\":\"https:\/\/www.nettali.com\/wp-content\/uploads\/2025\/05\/MARCHES-CONTRE-Violences-faites-aux-femmes.jpg\",\"contentUrl\":\"https:\/\/www.nettali.com\/wp-content\/uploads\/2025\/05\/MARCHES-CONTRE-Violences-faites-aux-femmes.jpg\",\"width\":600,\"height\":450},{\"@type\":\"WebPage\",\"@id\":\"https:\/\/www.nettali.com\/2025\/05\/22\/femicides-au-senegal-actionaid-dit-stop-et-appelle-a-une-action-collective-et-urgente\/#webpage\",\"url\":\"https:\/\/www.nettali.com\/2025\/05\/22\/femicides-au-senegal-actionaid-dit-stop-et-appelle-a-une-action-collective-et-urgente\/\",\"name\":\"F\\u00c9MINICIDES AU S\\u00c9N\\u00c9GAL \\u2013 ActionAid dit stop et appelle \\u00e0 une action collective et urgente | Nettali.com\",\"isPartOf\":{\"@id\":\"https:\/\/www.nettali.com\/#website\"},\"primaryImageOfPage\":{\"@id\":\"https:\/\/www.nettali.com\/2025\/05\/22\/femicides-au-senegal-actionaid-dit-stop-et-appelle-a-une-action-collective-et-urgente\/#primaryimage\"},\"datePublished\":\"2025-05-22T18:51:28+00:00\",\"dateModified\":\"2025-05-23T12:39:38+00:00\",\"author\":{\"@id\":\"https:\/\/www.nettali.com\/#\/schema\/person\/418274a86bdf87caff7a3ef476bd0bbf\"},\"breadcrumb\":{\"@id\":\"https:\/\/www.nettali.com\/2025\/05\/22\/femicides-au-senegal-actionaid-dit-stop-et-appelle-a-une-action-collective-et-urgente\/#breadcrumb\"},\"inLanguage\":\"fr-FR\",\"potentialAction\":[{\"@type\":\"ReadAction\",\"target\":[\"https:\/\/www.nettali.com\/2025\/05\/22\/femicides-au-senegal-actionaid-dit-stop-et-appelle-a-une-action-collective-et-urgente\/\"]}]},{\"@type\":\"BreadcrumbList\",\"@id\":\"https:\/\/www.nettali.com\/2025\/05\/22\/femicides-au-senegal-actionaid-dit-stop-et-appelle-a-une-action-collective-et-urgente\/#breadcrumb\",\"itemListElement\":[{\"@type\":\"ListItem\",\"position\":1,\"name\":\"Accueil\",\"item\":\"https:\/\/www.nettali.com\/\"},{\"@type\":\"ListItem\",\"position\":2,\"name\":\"F\\u00c9MINICIDES AU S\\u00c9N\\u00c9GAL \\u2013 ActionAid dit stop et appelle \\u00e0 une action collective et urgente\"}]},{\"@type\":\"Person\",\"@id\":\"https:\/\/www.nettali.com\/#\/schema\/person\/418274a86bdf87caff7a3ef476bd0bbf\",\"name\":\"Fatou\",\"image\":{\"@type\":\"ImageObject\",\"@id\":\"https:\/\/www.nettali.com\/#personlogo\",\"inLanguage\":\"fr-FR\",\"url\":\"https:\/\/secure.gravatar.com\/avatar\/5a9442a2bee7b4dcf167cab035858e9a?s=96&d=mm&r=g\",\"contentUrl\":\"https:\/\/secure.gravatar.com\/avatar\/5a9442a2bee7b4dcf167cab035858e9a?s=96&d=mm&r=g\",\"caption\":\"Fatou\"},\"sameAs\":[\"https:\/\/www.nettali.com\"]}]}<\/script>\n<!-- \/ Yoast SEO Premium plugin. -->","yoast_head_json":{"title":"F\u00c9MINICIDES AU S\u00c9N\u00c9GAL \u2013 ActionAid dit stop et appelle \u00e0 une action collective et urgente | Nettali.com","robots":{"index":"index","follow":"follow","max-snippet":"max-snippet:-1","max-image-preview":"max-image-preview:large","max-video-preview":"max-video-preview:-1"},"canonical":"https:\/\/www.nettali.com\/2025\/05\/22\/femicides-au-senegal-actionaid-dit-stop-et-appelle-a-une-action-collective-et-urgente\/","og_locale":"fr_FR","og_type":"article","og_title":"F\u00c9MINICIDES AU S\u00c9N\u00c9GAL \u2013 ActionAid dit stop et appelle \u00e0 une action collective et urgente","og_description":"NETTALI.COM- Face aux multiples meurtres de femmes enregistr\u00e9s ces derni\u00e8res semaines, ActionAid S\u00e9n\u00e9gal invite les autorit\u00e9s \u00e0 prendre des mesures radicales afin d\u2019assurer la s\u00e9curit\u00e9 de toutes les femmes. Au S\u00e9n\u00e9gal, les cas de f\u00e9minicides se multiplient.\u00a0 Pour ActionAid, il temps d\u2019agir pour la s\u00e9curit\u00e9 des femmes. En effet, dans un communiqu\u00e9, l\u2019Ong constate que\u00a0 [&hellip;]","og_url":"https:\/\/www.nettali.com\/2025\/05\/22\/femicides-au-senegal-actionaid-dit-stop-et-appelle-a-une-action-collective-et-urgente\/","og_site_name":"Nettali.com","article_publisher":"https:\/\/www.facebook.com\/nettalicom","article_published_time":"2025-05-22T18:51:28+00:00","article_modified_time":"2025-05-23T12:39:38+00:00","og_image":[{"width":600,"height":450,"url":"https:\/\/www.nettali.com\/wp-content\/uploads\/2025\/05\/MARCHES-CONTRE-Violences-faites-aux-femmes.jpg","type":"image\/jpeg"}],"twitter_card":"summary_large_image","twitter_misc":{"\u00c9crit par":"Fatou","Dur\u00e9e de lecture estim\u00e9e":"2 minutes"},"schema":{"@context":"https:\/\/schema.org","@graph":[{"@type":"WebSite","@id":"https:\/\/www.nettali.com\/#website","url":"https:\/\/www.nettali.com\/","name":"Nettali.com","description":"Le rendez-vous critique du Net","potentialAction":[{"@type":"SearchAction","target":{"@type":"EntryPoint","urlTemplate":"https:\/\/www.nettali.com\/?s={search_term_string}"},"query-input":"required name=search_term_string"}],"inLanguage":"fr-FR"},{"@type":"ImageObject","@id":"https:\/\/www.nettali.com\/2025\/05\/22\/femicides-au-senegal-actionaid-dit-stop-et-appelle-a-une-action-collective-et-urgente\/#primaryimage","inLanguage":"fr-FR","url":"https:\/\/www.nettali.com\/wp-content\/uploads\/2025\/05\/MARCHES-CONTRE-Violences-faites-aux-femmes.jpg","contentUrl":"https:\/\/www.nettali.com\/wp-content\/uploads\/2025\/05\/MARCHES-CONTRE-Violences-faites-aux-femmes.jpg","width":600,"height":450},{"@type":"WebPage","@id":"https:\/\/www.nettali.com\/2025\/05\/22\/femicides-au-senegal-actionaid-dit-stop-et-appelle-a-une-action-collective-et-urgente\/#webpage","url":"https:\/\/www.nettali.com\/2025\/05\/22\/femicides-au-senegal-actionaid-dit-stop-et-appelle-a-une-action-collective-et-urgente\/","name":"F\u00c9MINICIDES AU S\u00c9N\u00c9GAL \u2013 ActionAid dit stop et appelle \u00e0 une action collective et urgente | Nettali.com","isPartOf":{"@id":"https:\/\/www.nettali.com\/#website"},"primaryImageOfPage":{"@id":"https:\/\/www.nettali.com\/2025\/05\/22\/femicides-au-senegal-actionaid-dit-stop-et-appelle-a-une-action-collective-et-urgente\/#primaryimage"},"datePublished":"2025-05-22T18:51:28+00:00","dateModified":"2025-05-23T12:39:38+00:00","author":{"@id":"https:\/\/www.nettali.com\/#\/schema\/person\/418274a86bdf87caff7a3ef476bd0bbf"},"breadcrumb":{"@id":"https:\/\/www.nettali.com\/2025\/05\/22\/femicides-au-senegal-actionaid-dit-stop-et-appelle-a-une-action-collective-et-urgente\/#breadcrumb"},"inLanguage":"fr-FR","potentialAction":[{"@type":"ReadAction","target":["https:\/\/www.nettali.com\/2025\/05\/22\/femicides-au-senegal-actionaid-dit-stop-et-appelle-a-une-action-collective-et-urgente\/"]}]},{"@type":"BreadcrumbList","@id":"https:\/\/www.nettali.com\/2025\/05\/22\/femicides-au-senegal-actionaid-dit-stop-et-appelle-a-une-action-collective-et-urgente\/#breadcrumb","itemListElement":[{"@type":"ListItem","position":1,"name":"Accueil","item":"https:\/\/www.nettali.com\/"},{"@type":"ListItem","position":2,"name":"F\u00c9MINICIDES AU S\u00c9N\u00c9GAL \u2013 ActionAid dit stop et appelle \u00e0 une action collective et urgente"}]},{"@type":"Person","@id":"https:\/\/www.nettali.com\/#\/schema\/person\/418274a86bdf87caff7a3ef476bd0bbf","name":"Fatou","image":{"@type":"ImageObject","@id":"https:\/\/www.nettali.com\/#personlogo","inLanguage":"fr-FR","url":"https:\/\/secure.gravatar.com\/avatar\/5a9442a2bee7b4dcf167cab035858e9a?s=96&d=mm&r=g","contentUrl":"https:\/\/secure.gravatar.com\/avatar\/5a9442a2bee7b4dcf167cab035858e9a?s=96&d=mm&r=g","caption":"Fatou"},"sameAs":["https:\/\/www.nettali.com"]}]}},"_links":{"self":[{"href":"https:\/\/www.nettali.com\/rest\/wp\/v2\/posts\/154592"}],"collection":[{"href":"https:\/\/www.nettali.com\/rest\/wp\/v2\/posts"}],"about":[{"href":"https:\/\/www.nettali.com\/rest\/wp\/v2\/types\/post"}],"author":[{"embeddable":true,"href":"https:\/\/www.nettali.com\/rest\/wp\/v2\/users\/6"}],"replies":[{"embeddable":true,"href":"https:\/\/www.nettali.com\/rest\/wp\/v2\/comments?post=154592"}],"version-history":[{"count":3,"href":"https:\/\/www.nettali.com\/rest\/wp\/v2\/posts\/154592\/revisions"}],"predecessor-version":[{"id":154597,"href":"https:\/\/www.nettali.com\/rest\/wp\/v2\/posts\/154592\/revisions\/154597"}],"wp:featuredmedia":[{"embeddable":true,"href":"https:\/\/www.nettali.com\/rest\/wp\/v2\/media\/154637"}],"wp:attachment":[{"href":"https:\/\/www.nettali.com\/rest\/wp\/v2\/media?parent=154592"}],"wp:term":[{"taxonomy":"category","embeddable":true,"href":"https:\/\/www.nettali.com\/rest\/wp\/v2\/categories?post=154592"},{"taxonomy":"post_tag","embeddable":true,"href":"https:\/\/www.nettali.com\/rest\/wp\/v2\/tags?post=154592"}],"curies":[{"name":"wp","href":"https:\/\/api.w.org\/{rel}","templated":true}]}}