{"id":154584,"date":"2025-05-22T13:57:59","date_gmt":"2025-05-22T13:57:59","guid":{"rendered":"https:\/\/www.nettali.com\/?p=154584"},"modified":"2025-05-22T23:21:29","modified_gmt":"2025-05-22T23:21:29","slug":"justice-moustapha-diop-sous-mandat-de-depot","status":"publish","type":"post","link":"https:\/\/www.nettali.com\/2025\/05\/22\/justice-moustapha-diop-sous-mandat-de-depot\/","title":{"rendered":"JUSTICE  - Moustapha Diop sous mandat de d\u00e9p\u00f4t"},"content":{"rendered":"<p><strong>NETTALI.COM - L'ancien ministre Moustapha Diop vient d'\u00eatre plac\u00e9 sous mandat de d\u00e9p\u00f4t. Le d\u00e9put\u00e9-maire de la ville de Louga \u00e9tait entendu ce jeudi par la Commission d'instruction de la Haute Cour de Justice.\u00a0<\/strong><\/p>\n<p>Apr\u00e8s Sophie Gladima ce mercredi, un autre ancien ministre de Macky Sall vient d'\u00eatre envoy\u00e9 en prison. Il s'agit de Moustapha Diop, ancien ministre du D\u00e9veloppement industriel et des Petites et moyennes industries. Entendu ce jeudi par la Commission d'instruction de la Haute Cour de Justice, l'actuel d\u00e9put\u00e9-maire de la ville de Louga n'a pas pu \u00e9chapper au mandat de d\u00e9p\u00f4t.<\/p>\n<p>Cit\u00e9 dans le rapport de la Cour des comptes sur l'utilisation des fonds destin\u00e9s \u00e0 la lutte contre la pand\u00e9mie de Covid-19, Moustapha Diop est poursuivi pour un montant estim\u00e9 \u00e0 2,5 milliards de francs Cfa. Il est accus\u00e9 d'association de malfaiteurs, de concussion, de corruption, de prise ill\u00e9gale d\u2019int\u00e9r\u00eats, de faux et usage de faux en \u00e9critures priv\u00e9es de commerce ou de banque, de d\u00e9tournement de deniers publics, d'escroquerie portant sur des deniers publics, de blanchiment de capitaux et complicit\u00e9 de ces chefs.<\/p>\n<p>A l'Assembl\u00e9e nationale lors de la lev\u00e9e de son immunit\u00e9 parlementaire, Moustapha Diop s'est d\u00e9fendu d'avoir commis un quelconque d\u00e9tournement. Il a tout juste reconnu avoir pay\u00e9 ses fournisseurs en esp\u00e8ces pour des raisons li\u00e9es au contexte de crise sanitaire et l'urgence de disposer de masques. Malgr\u00e9 tout, la commission d'instruction de la Haute Cour de Justice a retenu contre lui un d\u00e9tournement de plus de 900 millions.<\/p>\n<div class='share-to-whatsapp-wrapper'><div class='share-on-whsp'>PARTAGER SUR : <\/div><a data-text='JUSTICE  - Moustapha Diop sous mandat de d\u00e9p\u00f4t' data-link='https:\/\/www.nettali.com\/2025\/05\/22\/justice-moustapha-diop-sous-mandat-de-depot\/' class='whatsapp-button whatsapp-share'>WhatsApp<\/a><div class='clear '><\/div><\/div>","protected":false},"excerpt":{"rendered":"<p>NETTALI.COM - L'ancien ministre Moustapha Diop vient d'\u00eatre plac\u00e9 sous mandat de d\u00e9p\u00f4t. Le d\u00e9put\u00e9-maire de la ville de Louga \u00e9tait entendu ce jeudi par la Commission d'instruction de la Haute Cour de Justice.\u00a0 Apr\u00e8s Sophie Gladima ce mercredi, un autre ancien ministre de Macky Sall vient d'\u00eatre envoy\u00e9 en prison. Il s'agit de Moustapha [&hellip;]<\/p>\n","protected":false},"author":3,"featured_media":151101,"comment_status":"open","ping_status":"open","sticky":false,"template":"","format":"standard","meta":{"_et_pb_use_builder":"","_et_pb_old_content":""},"categories":[3],"tags":[],"yoast_head":"<!-- This site is optimized with the Yoast SEO Premium plugin v17.8 (Yoast SEO v17.8) - https:\/\/yoast.com\/wordpress\/plugins\/seo\/ -->\n<title>JUSTICE - Moustapha Diop sous mandat de d\u00e9p\u00f4t | Nettali.com<\/title>\n<meta name=\"robots\" content=\"index, follow, max-snippet:-1, max-image-preview:large, max-video-preview:-1\" \/>\n<link rel=\"canonical\" href=\"https:\/\/www.nettali.com\/2025\/05\/22\/justice-moustapha-diop-sous-mandat-de-depot\/\" \/>\n<meta property=\"og:locale\" content=\"fr_FR\" \/>\n<meta property=\"og:type\" content=\"article\" \/>\n<meta property=\"og:title\" content=\"JUSTICE - Moustapha Diop sous mandat de d\u00e9p\u00f4t\" \/>\n<meta property=\"og:description\" content=\"NETTALI.COM - L&#039;ancien ministre Moustapha Diop vient d&#039;\u00eatre plac\u00e9 sous mandat de d\u00e9p\u00f4t. Le d\u00e9put\u00e9-maire de la ville de Louga \u00e9tait entendu ce jeudi par la Commission d&#039;instruction de la Haute Cour de Justice.\u00a0 Apr\u00e8s Sophie Gladima ce mercredi, un autre ancien ministre de Macky Sall vient d&#039;\u00eatre envoy\u00e9 en prison. Il s&#039;agit de Moustapha [&hellip;]\" \/>\n<meta property=\"og:url\" content=\"https:\/\/www.nettali.com\/2025\/05\/22\/justice-moustapha-diop-sous-mandat-de-depot\/\" \/>\n<meta property=\"og:site_name\" content=\"Nettali.com\" \/>\n<meta property=\"article:publisher\" content=\"https:\/\/www.facebook.com\/nettalicom\" \/>\n<meta property=\"article:published_time\" content=\"2025-05-22T13:57:59+00:00\" \/>\n<meta property=\"article:modified_time\" content=\"2025-05-22T23:21:29+00:00\" \/>\n<meta property=\"og:image\" content=\"https:\/\/www.nettali.com\/wp-content\/uploads\/2025\/03\/Moustapha-Diop.png\" \/>\n\t<meta property=\"og:image:width\" content=\"698\" \/>\n\t<meta property=\"og:image:height\" content=\"390\" \/>\n<meta name=\"twitter:card\" content=\"summary_large_image\" \/>\n<meta name=\"twitter:label1\" content=\"\u00c9crit par\" \/>\n\t<meta name=\"twitter:data1\" content=\"Moustapha\" \/>\n\t<meta name=\"twitter:label2\" content=\"Dur\u00e9e de lecture estim\u00e9e\" \/>\n\t<meta name=\"twitter:data2\" content=\"2 minutes\" \/>\n<script type=\"application\/ld+json\" class=\"yoast-schema-graph\">{\"@context\":\"https:\/\/schema.org\",\"@graph\":[{\"@type\":\"WebSite\",\"@id\":\"https:\/\/www.nettali.com\/#website\",\"url\":\"https:\/\/www.nettali.com\/\",\"name\":\"Nettali.com\",\"description\":\"Le rendez-vous critique du Net\",\"potentialAction\":[{\"@type\":\"SearchAction\",\"target\":{\"@type\":\"EntryPoint\",\"urlTemplate\":\"https:\/\/www.nettali.com\/?s={search_term_string}\"},\"query-input\":\"required name=search_term_string\"}],\"inLanguage\":\"fr-FR\"},{\"@type\":\"ImageObject\",\"@id\":\"https:\/\/www.nettali.com\/2025\/05\/22\/justice-moustapha-diop-sous-mandat-de-depot\/#primaryimage\",\"inLanguage\":\"fr-FR\",\"url\":\"https:\/\/www.nettali.com\/wp-content\/uploads\/2025\/03\/Moustapha-Diop.png\",\"contentUrl\":\"https:\/\/www.nettali.com\/wp-content\/uploads\/2025\/03\/Moustapha-Diop.png\",\"width\":698,\"height\":390},{\"@type\":\"WebPage\",\"@id\":\"https:\/\/www.nettali.com\/2025\/05\/22\/justice-moustapha-diop-sous-mandat-de-depot\/#webpage\",\"url\":\"https:\/\/www.nettali.com\/2025\/05\/22\/justice-moustapha-diop-sous-mandat-de-depot\/\",\"name\":\"JUSTICE - Moustapha Diop sous mandat de d\\u00e9p\\u00f4t | Nettali.com\",\"isPartOf\":{\"@id\":\"https:\/\/www.nettali.com\/#website\"},\"primaryImageOfPage\":{\"@id\":\"https:\/\/www.nettali.com\/2025\/05\/22\/justice-moustapha-diop-sous-mandat-de-depot\/#primaryimage\"},\"datePublished\":\"2025-05-22T13:57:59+00:00\",\"dateModified\":\"2025-05-22T23:21:29+00:00\",\"author\":{\"@id\":\"https:\/\/www.nettali.com\/#\/schema\/person\/7962a12a6e0267f88f0ffa544c36469a\"},\"breadcrumb\":{\"@id\":\"https:\/\/www.nettali.com\/2025\/05\/22\/justice-moustapha-diop-sous-mandat-de-depot\/#breadcrumb\"},\"inLanguage\":\"fr-FR\",\"potentialAction\":[{\"@type\":\"ReadAction\",\"target\":[\"https:\/\/www.nettali.com\/2025\/05\/22\/justice-moustapha-diop-sous-mandat-de-depot\/\"]}]},{\"@type\":\"BreadcrumbList\",\"@id\":\"https:\/\/www.nettali.com\/2025\/05\/22\/justice-moustapha-diop-sous-mandat-de-depot\/#breadcrumb\",\"itemListElement\":[{\"@type\":\"ListItem\",\"position\":1,\"name\":\"Accueil\",\"item\":\"https:\/\/www.nettali.com\/\"},{\"@type\":\"ListItem\",\"position\":2,\"name\":\"JUSTICE - Moustapha Diop sous mandat de d\\u00e9p\\u00f4t\"}]},{\"@type\":\"Person\",\"@id\":\"https:\/\/www.nettali.com\/#\/schema\/person\/7962a12a6e0267f88f0ffa544c36469a\",\"name\":\"Moustapha\",\"image\":{\"@type\":\"ImageObject\",\"@id\":\"https:\/\/www.nettali.com\/#personlogo\",\"inLanguage\":\"fr-FR\",\"url\":\"https:\/\/secure.gravatar.com\/avatar\/10fdf6a071cccdcf374e3dbe45159590?s=96&d=mm&r=g\",\"contentUrl\":\"https:\/\/secure.gravatar.com\/avatar\/10fdf6a071cccdcf374e3dbe45159590?s=96&d=mm&r=g\",\"caption\":\"Moustapha\"},\"sameAs\":[\"https:\/\/www.nettali.com\"]}]}<\/script>\n<!-- \/ Yoast SEO Premium plugin. -->","yoast_head_json":{"title":"JUSTICE - Moustapha Diop sous mandat de d\u00e9p\u00f4t | Nettali.com","robots":{"index":"index","follow":"follow","max-snippet":"max-snippet:-1","max-image-preview":"max-image-preview:large","max-video-preview":"max-video-preview:-1"},"canonical":"https:\/\/www.nettali.com\/2025\/05\/22\/justice-moustapha-diop-sous-mandat-de-depot\/","og_locale":"fr_FR","og_type":"article","og_title":"JUSTICE - Moustapha Diop sous mandat de d\u00e9p\u00f4t","og_description":"NETTALI.COM - L'ancien ministre Moustapha Diop vient d'\u00eatre plac\u00e9 sous mandat de d\u00e9p\u00f4t. Le d\u00e9put\u00e9-maire de la ville de Louga \u00e9tait entendu ce jeudi par la Commission d'instruction de la Haute Cour de Justice.\u00a0 Apr\u00e8s Sophie Gladima ce mercredi, un autre ancien ministre de Macky Sall vient d'\u00eatre envoy\u00e9 en prison. Il s'agit de Moustapha [&hellip;]","og_url":"https:\/\/www.nettali.com\/2025\/05\/22\/justice-moustapha-diop-sous-mandat-de-depot\/","og_site_name":"Nettali.com","article_publisher":"https:\/\/www.facebook.com\/nettalicom","article_published_time":"2025-05-22T13:57:59+00:00","article_modified_time":"2025-05-22T23:21:29+00:00","og_image":[{"width":698,"height":390,"url":"https:\/\/www.nettali.com\/wp-content\/uploads\/2025\/03\/Moustapha-Diop.png","type":"image\/png"}],"twitter_card":"summary_large_image","twitter_misc":{"\u00c9crit par":"Moustapha","Dur\u00e9e de lecture estim\u00e9e":"2 minutes"},"schema":{"@context":"https:\/\/schema.org","@graph":[{"@type":"WebSite","@id":"https:\/\/www.nettali.com\/#website","url":"https:\/\/www.nettali.com\/","name":"Nettali.com","description":"Le rendez-vous critique du Net","potentialAction":[{"@type":"SearchAction","target":{"@type":"EntryPoint","urlTemplate":"https:\/\/www.nettali.com\/?s={search_term_string}"},"query-input":"required name=search_term_string"}],"inLanguage":"fr-FR"},{"@type":"ImageObject","@id":"https:\/\/www.nettali.com\/2025\/05\/22\/justice-moustapha-diop-sous-mandat-de-depot\/#primaryimage","inLanguage":"fr-FR","url":"https:\/\/www.nettali.com\/wp-content\/uploads\/2025\/03\/Moustapha-Diop.png","contentUrl":"https:\/\/www.nettali.com\/wp-content\/uploads\/2025\/03\/Moustapha-Diop.png","width":698,"height":390},{"@type":"WebPage","@id":"https:\/\/www.nettali.com\/2025\/05\/22\/justice-moustapha-diop-sous-mandat-de-depot\/#webpage","url":"https:\/\/www.nettali.com\/2025\/05\/22\/justice-moustapha-diop-sous-mandat-de-depot\/","name":"JUSTICE - Moustapha Diop sous mandat de d\u00e9p\u00f4t | Nettali.com","isPartOf":{"@id":"https:\/\/www.nettali.com\/#website"},"primaryImageOfPage":{"@id":"https:\/\/www.nettali.com\/2025\/05\/22\/justice-moustapha-diop-sous-mandat-de-depot\/#primaryimage"},"datePublished":"2025-05-22T13:57:59+00:00","dateModified":"2025-05-22T23:21:29+00:00","author":{"@id":"https:\/\/www.nettali.com\/#\/schema\/person\/7962a12a6e0267f88f0ffa544c36469a"},"breadcrumb":{"@id":"https:\/\/www.nettali.com\/2025\/05\/22\/justice-moustapha-diop-sous-mandat-de-depot\/#breadcrumb"},"inLanguage":"fr-FR","potentialAction":[{"@type":"ReadAction","target":["https:\/\/www.nettali.com\/2025\/05\/22\/justice-moustapha-diop-sous-mandat-de-depot\/"]}]},{"@type":"BreadcrumbList","@id":"https:\/\/www.nettali.com\/2025\/05\/22\/justice-moustapha-diop-sous-mandat-de-depot\/#breadcrumb","itemListElement":[{"@type":"ListItem","position":1,"name":"Accueil","item":"https:\/\/www.nettali.com\/"},{"@type":"ListItem","position":2,"name":"JUSTICE - Moustapha Diop sous mandat de d\u00e9p\u00f4t"}]},{"@type":"Person","@id":"https:\/\/www.nettali.com\/#\/schema\/person\/7962a12a6e0267f88f0ffa544c36469a","name":"Moustapha","image":{"@type":"ImageObject","@id":"https:\/\/www.nettali.com\/#personlogo","inLanguage":"fr-FR","url":"https:\/\/secure.gravatar.com\/avatar\/10fdf6a071cccdcf374e3dbe45159590?s=96&d=mm&r=g","contentUrl":"https:\/\/secure.gravatar.com\/avatar\/10fdf6a071cccdcf374e3dbe45159590?s=96&d=mm&r=g","caption":"Moustapha"},"sameAs":["https:\/\/www.nettali.com"]}]}},"_links":{"self":[{"href":"https:\/\/www.nettali.com\/rest\/wp\/v2\/posts\/154584"}],"collection":[{"href":"https:\/\/www.nettali.com\/rest\/wp\/v2\/posts"}],"about":[{"href":"https:\/\/www.nettali.com\/rest\/wp\/v2\/types\/post"}],"author":[{"embeddable":true,"href":"https:\/\/www.nettali.com\/rest\/wp\/v2\/users\/3"}],"replies":[{"embeddable":true,"href":"https:\/\/www.nettali.com\/rest\/wp\/v2\/comments?post=154584"}],"version-history":[{"count":4,"href":"https:\/\/www.nettali.com\/rest\/wp\/v2\/posts\/154584\/revisions"}],"predecessor-version":[{"id":154590,"href":"https:\/\/www.nettali.com\/rest\/wp\/v2\/posts\/154584\/revisions\/154590"}],"wp:featuredmedia":[{"embeddable":true,"href":"https:\/\/www.nettali.com\/rest\/wp\/v2\/media\/151101"}],"wp:attachment":[{"href":"https:\/\/www.nettali.com\/rest\/wp\/v2\/media?parent=154584"}],"wp:term":[{"taxonomy":"category","embeddable":true,"href":"https:\/\/www.nettali.com\/rest\/wp\/v2\/categories?post=154584"},{"taxonomy":"post_tag","embeddable":true,"href":"https:\/\/www.nettali.com\/rest\/wp\/v2\/tags?post=154584"}],"curies":[{"name":"wp","href":"https:\/\/api.w.org\/{rel}","templated":true}]}}