{"id":154582,"date":"2025-05-22T12:57:47","date_gmt":"2025-05-22T12:57:47","guid":{"rendered":"https:\/\/www.nettali.com\/?p=154582"},"modified":"2025-05-22T12:57:47","modified_gmt":"2025-05-22T12:57:47","slug":"degradation-de-biens-publics-le-proces-de-lancien-ministre-mbaye-ndiaye-renvoye-au-24-juin","status":"publish","type":"post","link":"https:\/\/www.nettali.com\/2025\/05\/22\/degradation-de-biens-publics-le-proces-de-lancien-ministre-mbaye-ndiaye-renvoye-au-24-juin\/","title":{"rendered":"DEGRADATION DE BIENS PUBLICS - Le proc\u00e8s de l'ancien ministre Mbaye Ndiaye renvoy\u00e9 au 24 juin"},"content":{"rendered":"<p class=\"\" data-start=\"237\" data-end=\"548\"><strong data-start=\"237\" data-end=\"548\">NETTALI.COM - L\u2019ancien ministre de l\u2019Int\u00e9rieur sous Macky Sall, Mbaye Ndiaye, a comparu ce jeudi 22 mai 2025 devant le tribunal correctionnel de Dakar. Poursuivi par l\u2019\u00c9tat du S\u00e9n\u00e9gal pour d\u00e9gradation d\u2019un logement de fonction, il rejette les accusations et affirme que l\u2019\u00c9tat lui reste redevable de 200 millions de FCFA.<\/strong><\/p>\n<p class=\"\" data-start=\"550\" data-end=\"834\">Le feuilleton judiciaire de Mbaye Ndiaye, figure politique du r\u00e9gime d\u00e9chu de Macky Sall, se poursuit. Ce jeudi 22 mai, l\u2019ancien ministre d\u2019\u00c9tat charg\u00e9 de l\u2019Int\u00e9rieur a comparu devant le tribunal correctionnel de Dakar, o\u00f9 il est poursuivi pour d\u00e9gradation de bien public.<\/p>\n<p class=\"\" data-start=\"836\" data-end=\"1144\">Le dossier concerne un logement de fonction situ\u00e9 avenue des Diambars au Plateau, que Mbaye Ndiaye occupait durant ses fonctions minist\u00e9rielles. L\u2019\u00c9tat du S\u00e9n\u00e9gal, via son Agent judiciaire (AJE), l\u2019accuse d\u2019avoir d\u00e9grad\u00e9 ce bien public, n\u00e9cessitant aujourd\u2019hui d\u2019importants travaux de r\u00e9habilitation.<\/p>\n<p class=\"\" data-start=\"1146\" data-end=\"1287\">Lors de cette premi\u00e8re audience, l\u2019affaire a \u00e9t\u00e9 renvoy\u00e9e au 24 juin 2025, le temps pour les parties de mieux pr\u00e9parer leur argumentaire.<\/p>\n<p class=\"\" data-start=\"1289\" data-end=\"1653\">\u00c0 sa sortie du tribunal, Mbaye Ndiaye s\u2019est vigoureusement d\u00e9fendu, d\u00e9non\u00e7ant ce qu\u2019il qualifie d\u2019acharnement injustifi\u00e9. <em data-start=\"1444\" data-end=\"1637\">\u00ab On m\u2019accuse \u00e0 tort, je n\u2019ai rien \u00e0 voir dans cette affaire. L\u2019\u00c9tat me doit 200 millions de FCFA car pendant mes 12 ans comme ministre d\u2019\u00c9tat, je n\u2019ai jamais re\u00e7u d\u2019indemnit\u00e9s de logement \u00bb,<\/em> a-t-il d\u00e9clar\u00e9.<\/p>\n<p class=\"\" data-start=\"1655\" data-end=\"1999\">Plus encore, il affirme avoir investi personnellement dans l\u2019am\u00e9lioration du site en question. <em data-start=\"1750\" data-end=\"1889\">\u00ab J\u2019ai construit une quinzaine de chambres pour les agents de police et les gardiens, alors qu\u2019il n\u2019y en avait que trois \u00e0 mon arriv\u00e9e \u00bb,<\/em> a-t-il ajout\u00e9, soulignant sa volont\u00e9 d\u2019am\u00e9liorer les conditions de travail des agents affect\u00e9s \u00e0 sa s\u00e9curit\u00e9.<\/p>\n<p class=\"\" data-start=\"2001\" data-end=\"2241\">Cette affaire s\u2019inscrit dans la vague de reddition des comptes enclench\u00e9e apr\u00e8s l\u2019alternance politique au S\u00e9n\u00e9gal, plusieurs anciens responsables \u00e9tant actuellement sous le coup de proc\u00e9dures pour gestion de biens et ressources publics.<\/p>\n<div class='share-to-whatsapp-wrapper'><div class='share-on-whsp'>PARTAGER SUR : <\/div><a data-text='DEGRADATION DE BIENS PUBLICS - Le proc\u00e8s de l'ancien ministre Mbaye Ndiaye renvoy\u00e9 au 24 juin' data-link='https:\/\/www.nettali.com\/2025\/05\/22\/degradation-de-biens-publics-le-proces-de-lancien-ministre-mbaye-ndiaye-renvoye-au-24-juin\/' class='whatsapp-button whatsapp-share'>WhatsApp<\/a><div class='clear '><\/div><\/div>","protected":false},"excerpt":{"rendered":"<p>NETTALI.COM - L\u2019ancien ministre de l\u2019Int\u00e9rieur sous Macky Sall, Mbaye Ndiaye, a comparu ce jeudi 22 mai 2025 devant le tribunal correctionnel de Dakar. Poursuivi par l\u2019\u00c9tat du S\u00e9n\u00e9gal pour d\u00e9gradation d\u2019un logement de fonction, il rejette les accusations et affirme que l\u2019\u00c9tat lui reste redevable de 200 millions de FCFA. Le feuilleton judiciaire de [&hellip;]<\/p>\n","protected":false},"author":4,"featured_media":681,"comment_status":"open","ping_status":"open","sticky":false,"template":"","format":"standard","meta":{"_et_pb_use_builder":"","_et_pb_old_content":""},"categories":[3],"tags":[],"yoast_head":"<!-- This site is optimized with the Yoast SEO Premium plugin v17.8 (Yoast SEO v17.8) - https:\/\/yoast.com\/wordpress\/plugins\/seo\/ -->\n<title>DEGRADATION DE BIENS PUBLICS - Le proc\u00e8s de l&#039;ancien ministre Mbaye Ndiaye renvoy\u00e9 au 24 juin | Nettali.com<\/title>\n<meta name=\"robots\" content=\"index, follow, max-snippet:-1, max-image-preview:large, max-video-preview:-1\" \/>\n<link rel=\"canonical\" href=\"https:\/\/www.nettali.com\/2025\/05\/22\/degradation-de-biens-publics-le-proces-de-lancien-ministre-mbaye-ndiaye-renvoye-au-24-juin\/\" \/>\n<meta property=\"og:locale\" content=\"fr_FR\" \/>\n<meta property=\"og:type\" content=\"article\" \/>\n<meta property=\"og:title\" content=\"DEGRADATION DE BIENS PUBLICS - Le proc\u00e8s de l&#039;ancien ministre Mbaye Ndiaye renvoy\u00e9 au 24 juin\" \/>\n<meta property=\"og:description\" content=\"NETTALI.COM - L\u2019ancien ministre de l\u2019Int\u00e9rieur sous Macky Sall, Mbaye Ndiaye, a comparu ce jeudi 22 mai 2025 devant le tribunal correctionnel de Dakar. Poursuivi par l\u2019\u00c9tat du S\u00e9n\u00e9gal pour d\u00e9gradation d\u2019un logement de fonction, il rejette les accusations et affirme que l\u2019\u00c9tat lui reste redevable de 200 millions de FCFA. Le feuilleton judiciaire de [&hellip;]\" \/>\n<meta property=\"og:url\" content=\"https:\/\/www.nettali.com\/2025\/05\/22\/degradation-de-biens-publics-le-proces-de-lancien-ministre-mbaye-ndiaye-renvoye-au-24-juin\/\" \/>\n<meta property=\"og:site_name\" content=\"Nettali.com\" \/>\n<meta property=\"article:publisher\" content=\"https:\/\/www.facebook.com\/nettalicom\" \/>\n<meta property=\"article:published_time\" content=\"2025-05-22T12:57:47+00:00\" \/>\n<meta property=\"og:image\" content=\"https:\/\/www.nettali.com\/wp-content\/uploads\/2019\/02\/mbaye-ndiaye.jpg\" \/>\n\t<meta property=\"og:image:width\" content=\"629\" \/>\n\t<meta property=\"og:image:height\" content=\"412\" \/>\n<meta name=\"twitter:card\" content=\"summary_large_image\" \/>\n<meta name=\"twitter:label1\" content=\"\u00c9crit par\" \/>\n\t<meta name=\"twitter:data1\" content=\"Daouda\" \/>\n\t<meta name=\"twitter:label2\" content=\"Dur\u00e9e de lecture estim\u00e9e\" \/>\n\t<meta name=\"twitter:data2\" content=\"2 minutes\" \/>\n<script type=\"application\/ld+json\" class=\"yoast-schema-graph\">{\"@context\":\"https:\/\/schema.org\",\"@graph\":[{\"@type\":\"WebSite\",\"@id\":\"https:\/\/www.nettali.com\/#website\",\"url\":\"https:\/\/www.nettali.com\/\",\"name\":\"Nettali.com\",\"description\":\"Le rendez-vous critique du Net\",\"potentialAction\":[{\"@type\":\"SearchAction\",\"target\":{\"@type\":\"EntryPoint\",\"urlTemplate\":\"https:\/\/www.nettali.com\/?s={search_term_string}\"},\"query-input\":\"required name=search_term_string\"}],\"inLanguage\":\"fr-FR\"},{\"@type\":\"ImageObject\",\"@id\":\"https:\/\/www.nettali.com\/2025\/05\/22\/degradation-de-biens-publics-le-proces-de-lancien-ministre-mbaye-ndiaye-renvoye-au-24-juin\/#primaryimage\",\"inLanguage\":\"fr-FR\",\"url\":\"https:\/\/www.nettali.com\/wp-content\/uploads\/2019\/02\/mbaye-ndiaye.jpg\",\"contentUrl\":\"https:\/\/www.nettali.com\/wp-content\/uploads\/2019\/02\/mbaye-ndiaye.jpg\",\"width\":629,\"height\":412},{\"@type\":\"WebPage\",\"@id\":\"https:\/\/www.nettali.com\/2025\/05\/22\/degradation-de-biens-publics-le-proces-de-lancien-ministre-mbaye-ndiaye-renvoye-au-24-juin\/#webpage\",\"url\":\"https:\/\/www.nettali.com\/2025\/05\/22\/degradation-de-biens-publics-le-proces-de-lancien-ministre-mbaye-ndiaye-renvoye-au-24-juin\/\",\"name\":\"DEGRADATION DE BIENS PUBLICS - Le proc\\u00e8s de l'ancien ministre Mbaye Ndiaye renvoy\\u00e9 au 24 juin | Nettali.com\",\"isPartOf\":{\"@id\":\"https:\/\/www.nettali.com\/#website\"},\"primaryImageOfPage\":{\"@id\":\"https:\/\/www.nettali.com\/2025\/05\/22\/degradation-de-biens-publics-le-proces-de-lancien-ministre-mbaye-ndiaye-renvoye-au-24-juin\/#primaryimage\"},\"datePublished\":\"2025-05-22T12:57:47+00:00\",\"dateModified\":\"2025-05-22T12:57:47+00:00\",\"author\":{\"@id\":\"https:\/\/www.nettali.com\/#\/schema\/person\/3317e0bb3aa1da309fbf7b2780901bf4\"},\"breadcrumb\":{\"@id\":\"https:\/\/www.nettali.com\/2025\/05\/22\/degradation-de-biens-publics-le-proces-de-lancien-ministre-mbaye-ndiaye-renvoye-au-24-juin\/#breadcrumb\"},\"inLanguage\":\"fr-FR\",\"potentialAction\":[{\"@type\":\"ReadAction\",\"target\":[\"https:\/\/www.nettali.com\/2025\/05\/22\/degradation-de-biens-publics-le-proces-de-lancien-ministre-mbaye-ndiaye-renvoye-au-24-juin\/\"]}]},{\"@type\":\"BreadcrumbList\",\"@id\":\"https:\/\/www.nettali.com\/2025\/05\/22\/degradation-de-biens-publics-le-proces-de-lancien-ministre-mbaye-ndiaye-renvoye-au-24-juin\/#breadcrumb\",\"itemListElement\":[{\"@type\":\"ListItem\",\"position\":1,\"name\":\"Accueil\",\"item\":\"https:\/\/www.nettali.com\/\"},{\"@type\":\"ListItem\",\"position\":2,\"name\":\"DEGRADATION DE BIENS PUBLICS - Le proc\\u00e8s de l'ancien ministre Mbaye Ndiaye renvoy\\u00e9 au 24 juin\"}]},{\"@type\":\"Person\",\"@id\":\"https:\/\/www.nettali.com\/#\/schema\/person\/3317e0bb3aa1da309fbf7b2780901bf4\",\"name\":\"Daouda\",\"image\":{\"@type\":\"ImageObject\",\"@id\":\"https:\/\/www.nettali.com\/#personlogo\",\"inLanguage\":\"fr-FR\",\"url\":\"https:\/\/secure.gravatar.com\/avatar\/8d143b5a49345098ddcfee1c49c2f47c?s=96&d=mm&r=g\",\"contentUrl\":\"https:\/\/secure.gravatar.com\/avatar\/8d143b5a49345098ddcfee1c49c2f47c?s=96&d=mm&r=g\",\"caption\":\"Daouda\"},\"sameAs\":[\"https:\/\/www.nettali.com\"]}]}<\/script>\n<!-- \/ Yoast SEO Premium plugin. -->","yoast_head_json":{"title":"DEGRADATION DE BIENS PUBLICS - Le proc\u00e8s de l'ancien ministre Mbaye Ndiaye renvoy\u00e9 au 24 juin | Nettali.com","robots":{"index":"index","follow":"follow","max-snippet":"max-snippet:-1","max-image-preview":"max-image-preview:large","max-video-preview":"max-video-preview:-1"},"canonical":"https:\/\/www.nettali.com\/2025\/05\/22\/degradation-de-biens-publics-le-proces-de-lancien-ministre-mbaye-ndiaye-renvoye-au-24-juin\/","og_locale":"fr_FR","og_type":"article","og_title":"DEGRADATION DE BIENS PUBLICS - Le proc\u00e8s de l'ancien ministre Mbaye Ndiaye renvoy\u00e9 au 24 juin","og_description":"NETTALI.COM - L\u2019ancien ministre de l\u2019Int\u00e9rieur sous Macky Sall, Mbaye Ndiaye, a comparu ce jeudi 22 mai 2025 devant le tribunal correctionnel de Dakar. Poursuivi par l\u2019\u00c9tat du S\u00e9n\u00e9gal pour d\u00e9gradation d\u2019un logement de fonction, il rejette les accusations et affirme que l\u2019\u00c9tat lui reste redevable de 200 millions de FCFA. Le feuilleton judiciaire de [&hellip;]","og_url":"https:\/\/www.nettali.com\/2025\/05\/22\/degradation-de-biens-publics-le-proces-de-lancien-ministre-mbaye-ndiaye-renvoye-au-24-juin\/","og_site_name":"Nettali.com","article_publisher":"https:\/\/www.facebook.com\/nettalicom","article_published_time":"2025-05-22T12:57:47+00:00","og_image":[{"width":629,"height":412,"url":"https:\/\/www.nettali.com\/wp-content\/uploads\/2019\/02\/mbaye-ndiaye.jpg","type":"image\/jpeg"}],"twitter_card":"summary_large_image","twitter_misc":{"\u00c9crit par":"Daouda","Dur\u00e9e de lecture estim\u00e9e":"2 minutes"},"schema":{"@context":"https:\/\/schema.org","@graph":[{"@type":"WebSite","@id":"https:\/\/www.nettali.com\/#website","url":"https:\/\/www.nettali.com\/","name":"Nettali.com","description":"Le rendez-vous critique du Net","potentialAction":[{"@type":"SearchAction","target":{"@type":"EntryPoint","urlTemplate":"https:\/\/www.nettali.com\/?s={search_term_string}"},"query-input":"required name=search_term_string"}],"inLanguage":"fr-FR"},{"@type":"ImageObject","@id":"https:\/\/www.nettali.com\/2025\/05\/22\/degradation-de-biens-publics-le-proces-de-lancien-ministre-mbaye-ndiaye-renvoye-au-24-juin\/#primaryimage","inLanguage":"fr-FR","url":"https:\/\/www.nettali.com\/wp-content\/uploads\/2019\/02\/mbaye-ndiaye.jpg","contentUrl":"https:\/\/www.nettali.com\/wp-content\/uploads\/2019\/02\/mbaye-ndiaye.jpg","width":629,"height":412},{"@type":"WebPage","@id":"https:\/\/www.nettali.com\/2025\/05\/22\/degradation-de-biens-publics-le-proces-de-lancien-ministre-mbaye-ndiaye-renvoye-au-24-juin\/#webpage","url":"https:\/\/www.nettali.com\/2025\/05\/22\/degradation-de-biens-publics-le-proces-de-lancien-ministre-mbaye-ndiaye-renvoye-au-24-juin\/","name":"DEGRADATION DE BIENS PUBLICS - Le proc\u00e8s de l'ancien ministre Mbaye Ndiaye renvoy\u00e9 au 24 juin | Nettali.com","isPartOf":{"@id":"https:\/\/www.nettali.com\/#website"},"primaryImageOfPage":{"@id":"https:\/\/www.nettali.com\/2025\/05\/22\/degradation-de-biens-publics-le-proces-de-lancien-ministre-mbaye-ndiaye-renvoye-au-24-juin\/#primaryimage"},"datePublished":"2025-05-22T12:57:47+00:00","dateModified":"2025-05-22T12:57:47+00:00","author":{"@id":"https:\/\/www.nettali.com\/#\/schema\/person\/3317e0bb3aa1da309fbf7b2780901bf4"},"breadcrumb":{"@id":"https:\/\/www.nettali.com\/2025\/05\/22\/degradation-de-biens-publics-le-proces-de-lancien-ministre-mbaye-ndiaye-renvoye-au-24-juin\/#breadcrumb"},"inLanguage":"fr-FR","potentialAction":[{"@type":"ReadAction","target":["https:\/\/www.nettali.com\/2025\/05\/22\/degradation-de-biens-publics-le-proces-de-lancien-ministre-mbaye-ndiaye-renvoye-au-24-juin\/"]}]},{"@type":"BreadcrumbList","@id":"https:\/\/www.nettali.com\/2025\/05\/22\/degradation-de-biens-publics-le-proces-de-lancien-ministre-mbaye-ndiaye-renvoye-au-24-juin\/#breadcrumb","itemListElement":[{"@type":"ListItem","position":1,"name":"Accueil","item":"https:\/\/www.nettali.com\/"},{"@type":"ListItem","position":2,"name":"DEGRADATION DE BIENS PUBLICS - Le proc\u00e8s de l'ancien ministre Mbaye Ndiaye renvoy\u00e9 au 24 juin"}]},{"@type":"Person","@id":"https:\/\/www.nettali.com\/#\/schema\/person\/3317e0bb3aa1da309fbf7b2780901bf4","name":"Daouda","image":{"@type":"ImageObject","@id":"https:\/\/www.nettali.com\/#personlogo","inLanguage":"fr-FR","url":"https:\/\/secure.gravatar.com\/avatar\/8d143b5a49345098ddcfee1c49c2f47c?s=96&d=mm&r=g","contentUrl":"https:\/\/secure.gravatar.com\/avatar\/8d143b5a49345098ddcfee1c49c2f47c?s=96&d=mm&r=g","caption":"Daouda"},"sameAs":["https:\/\/www.nettali.com"]}]}},"_links":{"self":[{"href":"https:\/\/www.nettali.com\/rest\/wp\/v2\/posts\/154582"}],"collection":[{"href":"https:\/\/www.nettali.com\/rest\/wp\/v2\/posts"}],"about":[{"href":"https:\/\/www.nettali.com\/rest\/wp\/v2\/types\/post"}],"author":[{"embeddable":true,"href":"https:\/\/www.nettali.com\/rest\/wp\/v2\/users\/4"}],"replies":[{"embeddable":true,"href":"https:\/\/www.nettali.com\/rest\/wp\/v2\/comments?post=154582"}],"version-history":[{"count":1,"href":"https:\/\/www.nettali.com\/rest\/wp\/v2\/posts\/154582\/revisions"}],"predecessor-version":[{"id":154583,"href":"https:\/\/www.nettali.com\/rest\/wp\/v2\/posts\/154582\/revisions\/154583"}],"wp:featuredmedia":[{"embeddable":true,"href":"https:\/\/www.nettali.com\/rest\/wp\/v2\/media\/681"}],"wp:attachment":[{"href":"https:\/\/www.nettali.com\/rest\/wp\/v2\/media?parent=154582"}],"wp:term":[{"taxonomy":"category","embeddable":true,"href":"https:\/\/www.nettali.com\/rest\/wp\/v2\/categories?post=154582"},{"taxonomy":"post_tag","embeddable":true,"href":"https:\/\/www.nettali.com\/rest\/wp\/v2\/tags?post=154582"}],"curies":[{"name":"wp","href":"https:\/\/api.w.org\/{rel}","templated":true}]}}