{"id":154577,"date":"2025-05-22T11:12:41","date_gmt":"2025-05-22T11:12:41","guid":{"rendered":"https:\/\/www.nettali.com\/?p=154577"},"modified":"2025-05-22T11:12:41","modified_gmt":"2025-05-22T11:12:41","slug":"france-ibrahima-niane-suspendu-deux-ans-pour-dopage","status":"publish","type":"post","link":"https:\/\/www.nettali.com\/2025\/05\/22\/france-ibrahima-niane-suspendu-deux-ans-pour-dopage\/","title":{"rendered":"FRANCE - Ibrahima Niane suspendu deux ans pour dopage"},"content":{"rendered":"<div class=\"Article__paragraph Article__paragraph--text\" data-v-8e89e74c=\"\">\n<div class=\"Paragraph\" data-v-e14a34bc=\"\" data-v-8e89e74c=\"\">\n<p class=\"Article__chapo\"><strong><span style=\"font-size: 16px;\">NETTALI.COM - L'attaquant s\u00e9n\u00e9galais de 26 ans, en fin de contrat au SCO d'Angers, a \u00e9t\u00e9 suspendu deux ans par l'AFLD \u00e0 partir du 31 mars 2025. La raison ? Un contr\u00f4le positif \u00e0 l'ecstasy et \u00e0 la MDMA qu'il n'a su justifier devant l'organe fran\u00e7ais de lutte contre le dopage.<\/span><\/strong><\/p>\n<p class=\"Paragraph__content\" data-v-e14a34bc=\"\">Ibrahima Niane a \u00e9t\u00e9 suspendu deux ans par l'Agence fran\u00e7aise de lutte contre le dopage apr\u00e8s un contr\u00f4le positif \u00e0 l'ecstasy et une drogue de synth\u00e8se nomm\u00e9e la MDMA qui daterait d'il y a pr\u00e8s de deux ans et demi et qu'il n'a su justifier devant l'organe fran\u00e7ais de lutte contre le dopage. Cette sanction a \u00e9t\u00e9 d\u00e9cid\u00e9e lors d'une s\u00e9ance de l'AFLD qui s'est tenue le 31\u00a0mars et interdit donc pour deux ans \u00e0 Niane (26 ans), \u00e0 compter de cette date,\u00a0<i>\u00ab\u00a0de participer, \u00e0 quelque titre que ce soit, \u00e0 une comp\u00e9tition\u00a0\u00bb<\/i>\u00a0professionnelle, mais aussi \u00e0\u00a0<i>\u00ab\u00a0toute activit\u00e9, y compris les entra\u00eenements, stages ou exhibitions\u00a0\u00bb<\/i>.<\/p>\n<\/div>\n<\/div>\n<div class=\"Article__paragraph Article__paragraph--text\" data-v-8e89e74c=\"\">\n<div class=\"Paragraph\" data-v-e14a34bc=\"\" data-v-8e89e74c=\"\">\n<p class=\"Paragraph__content\" data-v-e14a34bc=\"\">\u00c9cart\u00e9 du groupe le 26 avril, juste avant la r\u00e9ception de Lille (0-2), Niane avait ass\u00e9n\u00e9 la veille un tacle mal ma\u00eetris\u00e9 \u00e0 son co\u00e9quipier Florent Hanin \u00e0 l'entra\u00eenement, avant d'avoir une discussion muscl\u00e9e avec son entra\u00eeneur Alexandre Dujeux. Il n'\u00e9tait plus r\u00e9apparu dans le groupe angevin par la suite, lors des quatre derniers matches de la saison de Ligue 1. Le club avait \u00e9t\u00e9 notifi\u00e9 de cette sanction \u00e0 la fin du mois d'avril, comme le joueur, et s'est dit surpris par l'identit\u00e9 du membre de l'effectif concern\u00e9, tr\u00e8s pratiquant.<\/p>\n<\/div>\n<\/div>\n<div class=\"Article__paragraph Article__paragraph--text\" data-v-8e89e74c=\"\">\n<div class=\"Paragraph\" data-v-e14a34bc=\"\" data-v-8e89e74c=\"\">\n<p class=\"Paragraph__content\" data-v-e14a34bc=\"\">En fin de contrat au terme du mois de juin, l'attaquant s\u00e9n\u00e9galais \u00e9galement pass\u00e9 par le FC Metz (149 matches, 34\u00a0buts) ne va pas \u00eatre prolong\u00e9 par Angers et est depuis rentr\u00e9 au S\u00e9n\u00e9gal. Comme pour\u00a0huit autres des douze joueurs dont le contrat expire\u00a0au terme de la saison qui vient de se conclure, Niane n'a pas re\u00e7u de proposition d'un club dont il aura port\u00e9 le maillot \u00e0 76 reprises, pour six buts depuis son arriv\u00e9e en pr\u00eat en janvier 2023. Cette saison, il a particip\u00e9 \u00e0 24 matches de Ligue\u00a01, pour trois buts et une passe d\u00e9cisive.<\/p>\n<\/div>\n<\/div>\n<div class=\"Article__paragraph Article__paragraph--text Article__paragraph--isBeforeLinkParagraph\" data-v-8e89e74c=\"\">\n<div class=\"Paragraph\" data-v-e14a34bc=\"\" data-v-8e89e74c=\"\">\n<p class=\"Paragraph__content\" data-v-e14a34bc=\"\">Contact\u00e9 pour commenter cette actualit\u00e9, son agent est rest\u00e9 injoignable.<\/p>\n<\/div>\n<\/div>\n<div class='share-to-whatsapp-wrapper'><div class='share-on-whsp'>PARTAGER SUR : <\/div><a data-text='FRANCE - Ibrahima Niane suspendu deux ans pour dopage' data-link='https:\/\/www.nettali.com\/2025\/05\/22\/france-ibrahima-niane-suspendu-deux-ans-pour-dopage\/' class='whatsapp-button whatsapp-share'>WhatsApp<\/a><div class='clear '><\/div><\/div>","protected":false},"excerpt":{"rendered":"<p>NETTALI.COM - L'attaquant s\u00e9n\u00e9galais de 26 ans, en fin de contrat au SCO d'Angers, a \u00e9t\u00e9 suspendu deux ans par l'AFLD \u00e0 partir du 31 mars 2025. La raison ? Un contr\u00f4le positif \u00e0 l'ecstasy et \u00e0 la MDMA qu'il n'a su justifier devant l'organe fran\u00e7ais de lutte contre le dopage. Ibrahima Niane a \u00e9t\u00e9 [&hellip;]<\/p>\n","protected":false},"author":4,"featured_media":154578,"comment_status":"open","ping_status":"open","sticky":false,"template":"","format":"standard","meta":{"_et_pb_use_builder":"","_et_pb_old_content":""},"categories":[6],"tags":[],"yoast_head":"<!-- This site is optimized with the Yoast SEO Premium plugin v17.8 (Yoast SEO v17.8) - https:\/\/yoast.com\/wordpress\/plugins\/seo\/ -->\n<title>FRANCE - Ibrahima Niane suspendu deux ans pour dopage | Nettali.com<\/title>\n<meta name=\"robots\" content=\"index, follow, max-snippet:-1, max-image-preview:large, max-video-preview:-1\" \/>\n<link rel=\"canonical\" href=\"https:\/\/www.nettali.com\/2025\/05\/22\/france-ibrahima-niane-suspendu-deux-ans-pour-dopage\/\" \/>\n<meta property=\"og:locale\" content=\"fr_FR\" \/>\n<meta property=\"og:type\" content=\"article\" \/>\n<meta property=\"og:title\" content=\"FRANCE - Ibrahima Niane suspendu deux ans pour dopage\" \/>\n<meta property=\"og:description\" content=\"NETTALI.COM - L&#039;attaquant s\u00e9n\u00e9galais de 26 ans, en fin de contrat au SCO d&#039;Angers, a \u00e9t\u00e9 suspendu deux ans par l&#039;AFLD \u00e0 partir du 31 mars 2025. La raison ? Un contr\u00f4le positif \u00e0 l&#039;ecstasy et \u00e0 la MDMA qu&#039;il n&#039;a su justifier devant l&#039;organe fran\u00e7ais de lutte contre le dopage. Ibrahima Niane a \u00e9t\u00e9 [&hellip;]\" \/>\n<meta property=\"og:url\" content=\"https:\/\/www.nettali.com\/2025\/05\/22\/france-ibrahima-niane-suspendu-deux-ans-pour-dopage\/\" \/>\n<meta property=\"og:site_name\" content=\"Nettali.com\" \/>\n<meta property=\"article:publisher\" content=\"https:\/\/www.facebook.com\/nettalicom\" \/>\n<meta property=\"article:published_time\" content=\"2025-05-22T11:12:41+00:00\" \/>\n<meta property=\"og:image\" content=\"https:\/\/www.nettali.com\/wp-content\/uploads\/2025\/05\/Capture-de\u0301cran-2025-05-22-a\u0300-11.12.07.png\" \/>\n\t<meta property=\"og:image:width\" content=\"617\" \/>\n\t<meta property=\"og:image:height\" content=\"376\" \/>\n<meta name=\"twitter:card\" content=\"summary_large_image\" \/>\n<meta name=\"twitter:label1\" content=\"\u00c9crit par\" \/>\n\t<meta name=\"twitter:data1\" content=\"Daouda\" \/>\n\t<meta name=\"twitter:label2\" content=\"Dur\u00e9e de lecture estim\u00e9e\" \/>\n\t<meta name=\"twitter:data2\" content=\"2 minutes\" \/>\n<script type=\"application\/ld+json\" class=\"yoast-schema-graph\">{\"@context\":\"https:\/\/schema.org\",\"@graph\":[{\"@type\":\"WebSite\",\"@id\":\"https:\/\/www.nettali.com\/#website\",\"url\":\"https:\/\/www.nettali.com\/\",\"name\":\"Nettali.com\",\"description\":\"Le rendez-vous critique du Net\",\"potentialAction\":[{\"@type\":\"SearchAction\",\"target\":{\"@type\":\"EntryPoint\",\"urlTemplate\":\"https:\/\/www.nettali.com\/?s={search_term_string}\"},\"query-input\":\"required name=search_term_string\"}],\"inLanguage\":\"fr-FR\"},{\"@type\":\"ImageObject\",\"@id\":\"https:\/\/www.nettali.com\/2025\/05\/22\/france-ibrahima-niane-suspendu-deux-ans-pour-dopage\/#primaryimage\",\"inLanguage\":\"fr-FR\",\"url\":\"https:\/\/www.nettali.com\/wp-content\/uploads\/2025\/05\/Capture-de\\u0301cran-2025-05-22-a\\u0300-11.12.07.png\",\"contentUrl\":\"https:\/\/www.nettali.com\/wp-content\/uploads\/2025\/05\/Capture-de\\u0301cran-2025-05-22-a\\u0300-11.12.07.png\",\"width\":617,\"height\":376},{\"@type\":\"WebPage\",\"@id\":\"https:\/\/www.nettali.com\/2025\/05\/22\/france-ibrahima-niane-suspendu-deux-ans-pour-dopage\/#webpage\",\"url\":\"https:\/\/www.nettali.com\/2025\/05\/22\/france-ibrahima-niane-suspendu-deux-ans-pour-dopage\/\",\"name\":\"FRANCE - Ibrahima Niane suspendu deux ans pour dopage | Nettali.com\",\"isPartOf\":{\"@id\":\"https:\/\/www.nettali.com\/#website\"},\"primaryImageOfPage\":{\"@id\":\"https:\/\/www.nettali.com\/2025\/05\/22\/france-ibrahima-niane-suspendu-deux-ans-pour-dopage\/#primaryimage\"},\"datePublished\":\"2025-05-22T11:12:41+00:00\",\"dateModified\":\"2025-05-22T11:12:41+00:00\",\"author\":{\"@id\":\"https:\/\/www.nettali.com\/#\/schema\/person\/3317e0bb3aa1da309fbf7b2780901bf4\"},\"breadcrumb\":{\"@id\":\"https:\/\/www.nettali.com\/2025\/05\/22\/france-ibrahima-niane-suspendu-deux-ans-pour-dopage\/#breadcrumb\"},\"inLanguage\":\"fr-FR\",\"potentialAction\":[{\"@type\":\"ReadAction\",\"target\":[\"https:\/\/www.nettali.com\/2025\/05\/22\/france-ibrahima-niane-suspendu-deux-ans-pour-dopage\/\"]}]},{\"@type\":\"BreadcrumbList\",\"@id\":\"https:\/\/www.nettali.com\/2025\/05\/22\/france-ibrahima-niane-suspendu-deux-ans-pour-dopage\/#breadcrumb\",\"itemListElement\":[{\"@type\":\"ListItem\",\"position\":1,\"name\":\"Accueil\",\"item\":\"https:\/\/www.nettali.com\/\"},{\"@type\":\"ListItem\",\"position\":2,\"name\":\"FRANCE - Ibrahima Niane suspendu deux ans pour dopage\"}]},{\"@type\":\"Person\",\"@id\":\"https:\/\/www.nettali.com\/#\/schema\/person\/3317e0bb3aa1da309fbf7b2780901bf4\",\"name\":\"Daouda\",\"image\":{\"@type\":\"ImageObject\",\"@id\":\"https:\/\/www.nettali.com\/#personlogo\",\"inLanguage\":\"fr-FR\",\"url\":\"https:\/\/secure.gravatar.com\/avatar\/8d143b5a49345098ddcfee1c49c2f47c?s=96&d=mm&r=g\",\"contentUrl\":\"https:\/\/secure.gravatar.com\/avatar\/8d143b5a49345098ddcfee1c49c2f47c?s=96&d=mm&r=g\",\"caption\":\"Daouda\"},\"sameAs\":[\"https:\/\/www.nettali.com\"]}]}<\/script>\n<!-- \/ Yoast SEO Premium plugin. -->","yoast_head_json":{"title":"FRANCE - Ibrahima Niane suspendu deux ans pour dopage | Nettali.com","robots":{"index":"index","follow":"follow","max-snippet":"max-snippet:-1","max-image-preview":"max-image-preview:large","max-video-preview":"max-video-preview:-1"},"canonical":"https:\/\/www.nettali.com\/2025\/05\/22\/france-ibrahima-niane-suspendu-deux-ans-pour-dopage\/","og_locale":"fr_FR","og_type":"article","og_title":"FRANCE - Ibrahima Niane suspendu deux ans pour dopage","og_description":"NETTALI.COM - L'attaquant s\u00e9n\u00e9galais de 26 ans, en fin de contrat au SCO d'Angers, a \u00e9t\u00e9 suspendu deux ans par l'AFLD \u00e0 partir du 31 mars 2025. La raison ? Un contr\u00f4le positif \u00e0 l'ecstasy et \u00e0 la MDMA qu'il n'a su justifier devant l'organe fran\u00e7ais de lutte contre le dopage. Ibrahima Niane a \u00e9t\u00e9 [&hellip;]","og_url":"https:\/\/www.nettali.com\/2025\/05\/22\/france-ibrahima-niane-suspendu-deux-ans-pour-dopage\/","og_site_name":"Nettali.com","article_publisher":"https:\/\/www.facebook.com\/nettalicom","article_published_time":"2025-05-22T11:12:41+00:00","og_image":[{"width":617,"height":376,"url":"https:\/\/www.nettali.com\/wp-content\/uploads\/2025\/05\/Capture-de\u0301cran-2025-05-22-a\u0300-11.12.07.png","type":"image\/png"}],"twitter_card":"summary_large_image","twitter_misc":{"\u00c9crit par":"Daouda","Dur\u00e9e de lecture estim\u00e9e":"2 minutes"},"schema":{"@context":"https:\/\/schema.org","@graph":[{"@type":"WebSite","@id":"https:\/\/www.nettali.com\/#website","url":"https:\/\/www.nettali.com\/","name":"Nettali.com","description":"Le rendez-vous critique du Net","potentialAction":[{"@type":"SearchAction","target":{"@type":"EntryPoint","urlTemplate":"https:\/\/www.nettali.com\/?s={search_term_string}"},"query-input":"required name=search_term_string"}],"inLanguage":"fr-FR"},{"@type":"ImageObject","@id":"https:\/\/www.nettali.com\/2025\/05\/22\/france-ibrahima-niane-suspendu-deux-ans-pour-dopage\/#primaryimage","inLanguage":"fr-FR","url":"https:\/\/www.nettali.com\/wp-content\/uploads\/2025\/05\/Capture-de\u0301cran-2025-05-22-a\u0300-11.12.07.png","contentUrl":"https:\/\/www.nettali.com\/wp-content\/uploads\/2025\/05\/Capture-de\u0301cran-2025-05-22-a\u0300-11.12.07.png","width":617,"height":376},{"@type":"WebPage","@id":"https:\/\/www.nettali.com\/2025\/05\/22\/france-ibrahima-niane-suspendu-deux-ans-pour-dopage\/#webpage","url":"https:\/\/www.nettali.com\/2025\/05\/22\/france-ibrahima-niane-suspendu-deux-ans-pour-dopage\/","name":"FRANCE - Ibrahima Niane suspendu deux ans pour dopage | Nettali.com","isPartOf":{"@id":"https:\/\/www.nettali.com\/#website"},"primaryImageOfPage":{"@id":"https:\/\/www.nettali.com\/2025\/05\/22\/france-ibrahima-niane-suspendu-deux-ans-pour-dopage\/#primaryimage"},"datePublished":"2025-05-22T11:12:41+00:00","dateModified":"2025-05-22T11:12:41+00:00","author":{"@id":"https:\/\/www.nettali.com\/#\/schema\/person\/3317e0bb3aa1da309fbf7b2780901bf4"},"breadcrumb":{"@id":"https:\/\/www.nettali.com\/2025\/05\/22\/france-ibrahima-niane-suspendu-deux-ans-pour-dopage\/#breadcrumb"},"inLanguage":"fr-FR","potentialAction":[{"@type":"ReadAction","target":["https:\/\/www.nettali.com\/2025\/05\/22\/france-ibrahima-niane-suspendu-deux-ans-pour-dopage\/"]}]},{"@type":"BreadcrumbList","@id":"https:\/\/www.nettali.com\/2025\/05\/22\/france-ibrahima-niane-suspendu-deux-ans-pour-dopage\/#breadcrumb","itemListElement":[{"@type":"ListItem","position":1,"name":"Accueil","item":"https:\/\/www.nettali.com\/"},{"@type":"ListItem","position":2,"name":"FRANCE - Ibrahima Niane suspendu deux ans pour dopage"}]},{"@type":"Person","@id":"https:\/\/www.nettali.com\/#\/schema\/person\/3317e0bb3aa1da309fbf7b2780901bf4","name":"Daouda","image":{"@type":"ImageObject","@id":"https:\/\/www.nettali.com\/#personlogo","inLanguage":"fr-FR","url":"https:\/\/secure.gravatar.com\/avatar\/8d143b5a49345098ddcfee1c49c2f47c?s=96&d=mm&r=g","contentUrl":"https:\/\/secure.gravatar.com\/avatar\/8d143b5a49345098ddcfee1c49c2f47c?s=96&d=mm&r=g","caption":"Daouda"},"sameAs":["https:\/\/www.nettali.com"]}]}},"_links":{"self":[{"href":"https:\/\/www.nettali.com\/rest\/wp\/v2\/posts\/154577"}],"collection":[{"href":"https:\/\/www.nettali.com\/rest\/wp\/v2\/posts"}],"about":[{"href":"https:\/\/www.nettali.com\/rest\/wp\/v2\/types\/post"}],"author":[{"embeddable":true,"href":"https:\/\/www.nettali.com\/rest\/wp\/v2\/users\/4"}],"replies":[{"embeddable":true,"href":"https:\/\/www.nettali.com\/rest\/wp\/v2\/comments?post=154577"}],"version-history":[{"count":1,"href":"https:\/\/www.nettali.com\/rest\/wp\/v2\/posts\/154577\/revisions"}],"predecessor-version":[{"id":154579,"href":"https:\/\/www.nettali.com\/rest\/wp\/v2\/posts\/154577\/revisions\/154579"}],"wp:featuredmedia":[{"embeddable":true,"href":"https:\/\/www.nettali.com\/rest\/wp\/v2\/media\/154578"}],"wp:attachment":[{"href":"https:\/\/www.nettali.com\/rest\/wp\/v2\/media?parent=154577"}],"wp:term":[{"taxonomy":"category","embeddable":true,"href":"https:\/\/www.nettali.com\/rest\/wp\/v2\/categories?post=154577"},{"taxonomy":"post_tag","embeddable":true,"href":"https:\/\/www.nettali.com\/rest\/wp\/v2\/tags?post=154577"}],"curies":[{"name":"wp","href":"https:\/\/api.w.org\/{rel}","templated":true}]}}