{"id":154575,"date":"2025-05-22T11:05:01","date_gmt":"2025-05-22T11:05:01","guid":{"rendered":"https:\/\/www.nettali.com\/?p=154575"},"modified":"2025-05-23T23:29:39","modified_gmt":"2025-05-23T23:29:39","slug":"justice-la-cour-supreme-annule-le-decret-de-nomination-des-membres-de-la-cena","status":"publish","type":"post","link":"https:\/\/www.nettali.com\/2025\/05\/22\/justice-la-cour-supreme-annule-le-decret-de-nomination-des-membres-de-la-cena\/","title":{"rendered":"JUSTICE - La Cour supr\u00eame annule le d\u00e9cret de nomination des membres de la CENA"},"content":{"rendered":"<p class=\"\" data-start=\"232\" data-end=\"596\"><strong data-start=\"232\" data-end=\"596\">NETTALI.COM - Saisi par Ma\u00eetre Abdoulaye Tine et un collectif d\u2019acteurs politiques et associatifs, la Cour supr\u00eame a annul\u00e9 ce jeudi 22 mai 2025 le d\u00e9cret pr\u00e9sidentiel n\u00b02023-2152 portant nomination des membres de la Commission \u00e9lectorale nationale autonome (CENA), pris en 2023 par l\u2019ancien pr\u00e9sident Macky Sall. Une d\u00e9cision \u00e0 port\u00e9e politique et institutionnelle majeure.<\/strong><\/p>\n<p class=\"\" data-start=\"598\" data-end=\"1119\">Coup de tonnerre dans le paysage politique s\u00e9n\u00e9galais. La Cour supr\u00eame, statuant ce jeudi 22 mai 2025, a annul\u00e9 le d\u00e9cret n\u00b02023-2152 qui renouvelait int\u00e9gralement les membres de la Commission \u00e9lectorale nationale autonome (CENA). Ce texte, pris par l\u2019ancien pr\u00e9sident Macky Sall en pleine p\u00e9riode pr\u00e9-\u00e9lectorale, avait soulev\u00e9 une vague de contestations dans les milieux politiques et de la soci\u00e9t\u00e9 civile, d\u00e9non\u00e7ant une remise en cause du principe de permanence de l\u2019organe de r\u00e9gulation \u00e9lectorale.<\/p>\n<p class=\"\" data-start=\"1121\" data-end=\"1512\">La proc\u00e9dure avait \u00e9t\u00e9 initi\u00e9e par Ma\u00eetre Abdoulaye Tine, pr\u00e9sident de parti politique et candidat d\u00e9clar\u00e9 \u00e0 la derni\u00e8re pr\u00e9sidentielle, et un \u00e9lecteur, Ndiaga Sylla, expert \u00e9lectoral. Si plusieurs autres candidats s\u2019\u00e9taient joints au d\u00e9part \u00e0 cette action en justice, ils s\u2019\u00e9taient progressivement d\u00e9sist\u00e9s, laissant les deux initiateurs poursuivre le combat judiciaire.<\/p>\n<p class=\"\" data-start=\"1514\" data-end=\"2086\">Lors de l\u2019audience, les requ\u00e9rants ont fait valoir la violation des articles 4, 5 et 7 du Code \u00e9lectoral, qui garantissent la permanence de la CENA et les droits des \u00e9lecteurs, ainsi que le non-respect des engagements internationaux souscrits par le S\u00e9n\u00e9gal en mati\u00e8re de transparence \u00e9lectorale. L\u2019arr\u00eat a aussi fait \u00e9cho \u00e0 la jurisprudence de la Cour africaine des droits de l\u2019homme et des peuples, qui, dans un arr\u00eat de 2017 contre la C\u00f4te d\u2019Ivoire, avait insist\u00e9 sur la n\u00e9cessit\u00e9 pour les commissions \u00e9lectorales nationales d\u2019\u00eatre ind\u00e9pendantes et impartiales.<\/p>\n<p class=\"\" data-start=\"2088\" data-end=\"2384\"><em>\u00ab M\u00eame si le temps de la justice n\u2019est pas celui des hommes, le droit a fini par \u00eatre dit \u00bb<\/em>, a r\u00e9agi l\u2019un des plaignants apr\u00e8s la d\u00e9cision. Ce verdict relance les d\u00e9bats sur la gouvernance \u00e9lectorale et la n\u00e9cessit\u00e9 de pr\u00e9server les institutions r\u00e9publicaines de toute interf\u00e9rence politique.<\/p>\n<p class=\"\" data-start=\"2386\" data-end=\"2567\">Cette d\u00e9cision pourrait contraindre le nouveau pouvoir \u00e0 revoir l\u2019organisation et la composition de la CENA, dans un contexte o\u00f9 la consolidation d\u00e9mocratique reste un enjeu majeur.<\/p>\n<div class='share-to-whatsapp-wrapper'><div class='share-on-whsp'>PARTAGER SUR : <\/div><a data-text='JUSTICE - La Cour supr\u00eame annule le d\u00e9cret de nomination des membres de la CENA' data-link='https:\/\/www.nettali.com\/2025\/05\/22\/justice-la-cour-supreme-annule-le-decret-de-nomination-des-membres-de-la-cena\/' class='whatsapp-button whatsapp-share'>WhatsApp<\/a><div class='clear '><\/div><\/div>","protected":false},"excerpt":{"rendered":"<p>NETTALI.COM - Saisi par Ma\u00eetre Abdoulaye Tine et un collectif d\u2019acteurs politiques et associatifs, la Cour supr\u00eame a annul\u00e9 ce jeudi 22 mai 2025 le d\u00e9cret pr\u00e9sidentiel n\u00b02023-2152 portant nomination des membres de la Commission \u00e9lectorale nationale autonome (CENA), pris en 2023 par l\u2019ancien pr\u00e9sident Macky Sall. Une d\u00e9cision \u00e0 port\u00e9e politique et institutionnelle majeure. [&hellip;]<\/p>\n","protected":false},"author":4,"featured_media":78172,"comment_status":"open","ping_status":"open","sticky":false,"template":"","format":"standard","meta":{"_et_pb_use_builder":"","_et_pb_old_content":""},"categories":[2],"tags":[],"yoast_head":"<!-- This site is optimized with the Yoast SEO Premium plugin v17.8 (Yoast SEO v17.8) - https:\/\/yoast.com\/wordpress\/plugins\/seo\/ -->\n<title>JUSTICE - La Cour supr\u00eame annule le d\u00e9cret de nomination des membres de la CENA | Nettali.com<\/title>\n<meta name=\"robots\" content=\"index, follow, max-snippet:-1, max-image-preview:large, max-video-preview:-1\" \/>\n<link rel=\"canonical\" href=\"https:\/\/www.nettali.com\/2025\/05\/22\/justice-la-cour-supreme-annule-le-decret-de-nomination-des-membres-de-la-cena\/\" \/>\n<meta property=\"og:locale\" content=\"fr_FR\" \/>\n<meta property=\"og:type\" content=\"article\" \/>\n<meta property=\"og:title\" content=\"JUSTICE - La Cour supr\u00eame annule le d\u00e9cret de nomination des membres de la CENA\" \/>\n<meta property=\"og:description\" content=\"NETTALI.COM - Saisi par Ma\u00eetre Abdoulaye Tine et un collectif d\u2019acteurs politiques et associatifs, la Cour supr\u00eame a annul\u00e9 ce jeudi 22 mai 2025 le d\u00e9cret pr\u00e9sidentiel n\u00b02023-2152 portant nomination des membres de la Commission \u00e9lectorale nationale autonome (CENA), pris en 2023 par l\u2019ancien pr\u00e9sident Macky Sall. Une d\u00e9cision \u00e0 port\u00e9e politique et institutionnelle majeure. [&hellip;]\" \/>\n<meta property=\"og:url\" content=\"https:\/\/www.nettali.com\/2025\/05\/22\/justice-la-cour-supreme-annule-le-decret-de-nomination-des-membres-de-la-cena\/\" \/>\n<meta property=\"og:site_name\" content=\"Nettali.com\" \/>\n<meta property=\"article:publisher\" content=\"https:\/\/www.facebook.com\/nettalicom\" \/>\n<meta property=\"article:published_time\" content=\"2025-05-22T11:05:01+00:00\" \/>\n<meta property=\"article:modified_time\" content=\"2025-05-23T23:29:39+00:00\" \/>\n<meta property=\"og:image\" content=\"https:\/\/www.nettali.com\/wp-content\/uploads\/2021\/12\/cours-supreme.jpeg\" \/>\n\t<meta property=\"og:image:width\" content=\"650\" \/>\n\t<meta property=\"og:image:height\" content=\"390\" \/>\n<meta name=\"twitter:card\" content=\"summary_large_image\" \/>\n<meta name=\"twitter:label1\" content=\"\u00c9crit par\" \/>\n\t<meta name=\"twitter:data1\" content=\"Daouda\" \/>\n\t<meta name=\"twitter:label2\" content=\"Dur\u00e9e de lecture estim\u00e9e\" \/>\n\t<meta name=\"twitter:data2\" content=\"2 minutes\" \/>\n<script type=\"application\/ld+json\" class=\"yoast-schema-graph\">{\"@context\":\"https:\/\/schema.org\",\"@graph\":[{\"@type\":\"WebSite\",\"@id\":\"https:\/\/www.nettali.com\/#website\",\"url\":\"https:\/\/www.nettali.com\/\",\"name\":\"Nettali.com\",\"description\":\"Le rendez-vous critique du Net\",\"potentialAction\":[{\"@type\":\"SearchAction\",\"target\":{\"@type\":\"EntryPoint\",\"urlTemplate\":\"https:\/\/www.nettali.com\/?s={search_term_string}\"},\"query-input\":\"required name=search_term_string\"}],\"inLanguage\":\"fr-FR\"},{\"@type\":\"ImageObject\",\"@id\":\"https:\/\/www.nettali.com\/2025\/05\/22\/justice-la-cour-supreme-annule-le-decret-de-nomination-des-membres-de-la-cena\/#primaryimage\",\"inLanguage\":\"fr-FR\",\"url\":\"https:\/\/www.nettali.com\/wp-content\/uploads\/2021\/12\/cours-supreme.jpeg\",\"contentUrl\":\"https:\/\/www.nettali.com\/wp-content\/uploads\/2021\/12\/cours-supreme.jpeg\",\"width\":650,\"height\":390},{\"@type\":\"WebPage\",\"@id\":\"https:\/\/www.nettali.com\/2025\/05\/22\/justice-la-cour-supreme-annule-le-decret-de-nomination-des-membres-de-la-cena\/#webpage\",\"url\":\"https:\/\/www.nettali.com\/2025\/05\/22\/justice-la-cour-supreme-annule-le-decret-de-nomination-des-membres-de-la-cena\/\",\"name\":\"JUSTICE - La Cour supr\\u00eame annule le d\\u00e9cret de nomination des membres de la CENA | Nettali.com\",\"isPartOf\":{\"@id\":\"https:\/\/www.nettali.com\/#website\"},\"primaryImageOfPage\":{\"@id\":\"https:\/\/www.nettali.com\/2025\/05\/22\/justice-la-cour-supreme-annule-le-decret-de-nomination-des-membres-de-la-cena\/#primaryimage\"},\"datePublished\":\"2025-05-22T11:05:01+00:00\",\"dateModified\":\"2025-05-23T23:29:39+00:00\",\"author\":{\"@id\":\"https:\/\/www.nettali.com\/#\/schema\/person\/3317e0bb3aa1da309fbf7b2780901bf4\"},\"breadcrumb\":{\"@id\":\"https:\/\/www.nettali.com\/2025\/05\/22\/justice-la-cour-supreme-annule-le-decret-de-nomination-des-membres-de-la-cena\/#breadcrumb\"},\"inLanguage\":\"fr-FR\",\"potentialAction\":[{\"@type\":\"ReadAction\",\"target\":[\"https:\/\/www.nettali.com\/2025\/05\/22\/justice-la-cour-supreme-annule-le-decret-de-nomination-des-membres-de-la-cena\/\"]}]},{\"@type\":\"BreadcrumbList\",\"@id\":\"https:\/\/www.nettali.com\/2025\/05\/22\/justice-la-cour-supreme-annule-le-decret-de-nomination-des-membres-de-la-cena\/#breadcrumb\",\"itemListElement\":[{\"@type\":\"ListItem\",\"position\":1,\"name\":\"Accueil\",\"item\":\"https:\/\/www.nettali.com\/\"},{\"@type\":\"ListItem\",\"position\":2,\"name\":\"JUSTICE - La Cour supr\\u00eame annule le d\\u00e9cret de nomination des membres de la CENA\"}]},{\"@type\":\"Person\",\"@id\":\"https:\/\/www.nettali.com\/#\/schema\/person\/3317e0bb3aa1da309fbf7b2780901bf4\",\"name\":\"Daouda\",\"image\":{\"@type\":\"ImageObject\",\"@id\":\"https:\/\/www.nettali.com\/#personlogo\",\"inLanguage\":\"fr-FR\",\"url\":\"https:\/\/secure.gravatar.com\/avatar\/8d143b5a49345098ddcfee1c49c2f47c?s=96&d=mm&r=g\",\"contentUrl\":\"https:\/\/secure.gravatar.com\/avatar\/8d143b5a49345098ddcfee1c49c2f47c?s=96&d=mm&r=g\",\"caption\":\"Daouda\"},\"sameAs\":[\"https:\/\/www.nettali.com\"]}]}<\/script>\n<!-- \/ Yoast SEO Premium plugin. -->","yoast_head_json":{"title":"JUSTICE - La Cour supr\u00eame annule le d\u00e9cret de nomination des membres de la CENA | Nettali.com","robots":{"index":"index","follow":"follow","max-snippet":"max-snippet:-1","max-image-preview":"max-image-preview:large","max-video-preview":"max-video-preview:-1"},"canonical":"https:\/\/www.nettali.com\/2025\/05\/22\/justice-la-cour-supreme-annule-le-decret-de-nomination-des-membres-de-la-cena\/","og_locale":"fr_FR","og_type":"article","og_title":"JUSTICE - La Cour supr\u00eame annule le d\u00e9cret de nomination des membres de la CENA","og_description":"NETTALI.COM - Saisi par Ma\u00eetre Abdoulaye Tine et un collectif d\u2019acteurs politiques et associatifs, la Cour supr\u00eame a annul\u00e9 ce jeudi 22 mai 2025 le d\u00e9cret pr\u00e9sidentiel n\u00b02023-2152 portant nomination des membres de la Commission \u00e9lectorale nationale autonome (CENA), pris en 2023 par l\u2019ancien pr\u00e9sident Macky Sall. Une d\u00e9cision \u00e0 port\u00e9e politique et institutionnelle majeure. [&hellip;]","og_url":"https:\/\/www.nettali.com\/2025\/05\/22\/justice-la-cour-supreme-annule-le-decret-de-nomination-des-membres-de-la-cena\/","og_site_name":"Nettali.com","article_publisher":"https:\/\/www.facebook.com\/nettalicom","article_published_time":"2025-05-22T11:05:01+00:00","article_modified_time":"2025-05-23T23:29:39+00:00","og_image":[{"width":650,"height":390,"url":"https:\/\/www.nettali.com\/wp-content\/uploads\/2021\/12\/cours-supreme.jpeg","type":"image\/jpeg"}],"twitter_card":"summary_large_image","twitter_misc":{"\u00c9crit par":"Daouda","Dur\u00e9e de lecture estim\u00e9e":"2 minutes"},"schema":{"@context":"https:\/\/schema.org","@graph":[{"@type":"WebSite","@id":"https:\/\/www.nettali.com\/#website","url":"https:\/\/www.nettali.com\/","name":"Nettali.com","description":"Le rendez-vous critique du Net","potentialAction":[{"@type":"SearchAction","target":{"@type":"EntryPoint","urlTemplate":"https:\/\/www.nettali.com\/?s={search_term_string}"},"query-input":"required name=search_term_string"}],"inLanguage":"fr-FR"},{"@type":"ImageObject","@id":"https:\/\/www.nettali.com\/2025\/05\/22\/justice-la-cour-supreme-annule-le-decret-de-nomination-des-membres-de-la-cena\/#primaryimage","inLanguage":"fr-FR","url":"https:\/\/www.nettali.com\/wp-content\/uploads\/2021\/12\/cours-supreme.jpeg","contentUrl":"https:\/\/www.nettali.com\/wp-content\/uploads\/2021\/12\/cours-supreme.jpeg","width":650,"height":390},{"@type":"WebPage","@id":"https:\/\/www.nettali.com\/2025\/05\/22\/justice-la-cour-supreme-annule-le-decret-de-nomination-des-membres-de-la-cena\/#webpage","url":"https:\/\/www.nettali.com\/2025\/05\/22\/justice-la-cour-supreme-annule-le-decret-de-nomination-des-membres-de-la-cena\/","name":"JUSTICE - La Cour supr\u00eame annule le d\u00e9cret de nomination des membres de la CENA | Nettali.com","isPartOf":{"@id":"https:\/\/www.nettali.com\/#website"},"primaryImageOfPage":{"@id":"https:\/\/www.nettali.com\/2025\/05\/22\/justice-la-cour-supreme-annule-le-decret-de-nomination-des-membres-de-la-cena\/#primaryimage"},"datePublished":"2025-05-22T11:05:01+00:00","dateModified":"2025-05-23T23:29:39+00:00","author":{"@id":"https:\/\/www.nettali.com\/#\/schema\/person\/3317e0bb3aa1da309fbf7b2780901bf4"},"breadcrumb":{"@id":"https:\/\/www.nettali.com\/2025\/05\/22\/justice-la-cour-supreme-annule-le-decret-de-nomination-des-membres-de-la-cena\/#breadcrumb"},"inLanguage":"fr-FR","potentialAction":[{"@type":"ReadAction","target":["https:\/\/www.nettali.com\/2025\/05\/22\/justice-la-cour-supreme-annule-le-decret-de-nomination-des-membres-de-la-cena\/"]}]},{"@type":"BreadcrumbList","@id":"https:\/\/www.nettali.com\/2025\/05\/22\/justice-la-cour-supreme-annule-le-decret-de-nomination-des-membres-de-la-cena\/#breadcrumb","itemListElement":[{"@type":"ListItem","position":1,"name":"Accueil","item":"https:\/\/www.nettali.com\/"},{"@type":"ListItem","position":2,"name":"JUSTICE - La Cour supr\u00eame annule le d\u00e9cret de nomination des membres de la CENA"}]},{"@type":"Person","@id":"https:\/\/www.nettali.com\/#\/schema\/person\/3317e0bb3aa1da309fbf7b2780901bf4","name":"Daouda","image":{"@type":"ImageObject","@id":"https:\/\/www.nettali.com\/#personlogo","inLanguage":"fr-FR","url":"https:\/\/secure.gravatar.com\/avatar\/8d143b5a49345098ddcfee1c49c2f47c?s=96&d=mm&r=g","contentUrl":"https:\/\/secure.gravatar.com\/avatar\/8d143b5a49345098ddcfee1c49c2f47c?s=96&d=mm&r=g","caption":"Daouda"},"sameAs":["https:\/\/www.nettali.com"]}]}},"_links":{"self":[{"href":"https:\/\/www.nettali.com\/rest\/wp\/v2\/posts\/154575"}],"collection":[{"href":"https:\/\/www.nettali.com\/rest\/wp\/v2\/posts"}],"about":[{"href":"https:\/\/www.nettali.com\/rest\/wp\/v2\/types\/post"}],"author":[{"embeddable":true,"href":"https:\/\/www.nettali.com\/rest\/wp\/v2\/users\/4"}],"replies":[{"embeddable":true,"href":"https:\/\/www.nettali.com\/rest\/wp\/v2\/comments?post=154575"}],"version-history":[{"count":1,"href":"https:\/\/www.nettali.com\/rest\/wp\/v2\/posts\/154575\/revisions"}],"predecessor-version":[{"id":154576,"href":"https:\/\/www.nettali.com\/rest\/wp\/v2\/posts\/154575\/revisions\/154576"}],"wp:featuredmedia":[{"embeddable":true,"href":"https:\/\/www.nettali.com\/rest\/wp\/v2\/media\/78172"}],"wp:attachment":[{"href":"https:\/\/www.nettali.com\/rest\/wp\/v2\/media?parent=154575"}],"wp:term":[{"taxonomy":"category","embeddable":true,"href":"https:\/\/www.nettali.com\/rest\/wp\/v2\/categories?post=154575"},{"taxonomy":"post_tag","embeddable":true,"href":"https:\/\/www.nettali.com\/rest\/wp\/v2\/tags?post=154575"}],"curies":[{"name":"wp","href":"https:\/\/api.w.org\/{rel}","templated":true}]}}