{"id":154571,"date":"2025-05-22T13:00:25","date_gmt":"2025-05-22T13:00:25","guid":{"rendered":"https:\/\/www.nettali.com\/?p=154571"},"modified":"2025-05-22T19:21:21","modified_gmt":"2025-05-22T19:21:21","slug":"diffusion-de-fausses-nouvelles-le-chroniqueur-abdou-nguer-de-nouveau-inculpe-et-place-sous-mandat-de-depot","status":"publish","type":"post","link":"https:\/\/www.nettali.com\/2025\/05\/22\/diffusion-de-fausses-nouvelles-le-chroniqueur-abdou-nguer-de-nouveau-inculpe-et-place-sous-mandat-de-depot\/","title":{"rendered":"DIFFUSION DE FAUSSES NOUVELLES - Le chroniqueur Abdou Nguer, de nouveau inculp\u00e9 et plac\u00e9 sous mandat de d\u00e9p\u00f4t"},"content":{"rendered":"<p class=\"\" data-start=\"215\" data-end=\"480\"><strong data-start=\"215\" data-end=\"480\">NETTALI.COM - D\u00e9j\u00e0 poursuivi pour diffusion de fausses nouvelles depuis avril 2025, le chroniqueur Abdou Nguer a \u00e9t\u00e9 \u00e0 nouveau inculp\u00e9 ce 20 mai pour plusieurs chefs d\u2019accusation, dont offense au chef de l\u2019\u00c9tat et apologie de crime ou d\u00e9lit. Il reste en d\u00e9tention pr\u00e9ventive.<\/strong><\/p>\n<p class=\"\" data-start=\"482\" data-end=\"788\">Le feuilleton judiciaire autour du chroniqueur s\u00e9n\u00e9galais Abdou Nguer se poursuit. Ce mardi 20 mai 2025, le juge d\u2019instruction du 3\u1d49 cabinet du tribunal de grande instance de Dakar a ordonn\u00e9 son inculpation pour diffusion de fausses nouvelles, offense au chef de l\u2019\u00c9tat et apologie d\u2019un crime ou d\u00e9lit.<\/p>\n<p class=\"\" data-start=\"790\" data-end=\"1139\">Cette nouvelle d\u00e9cision intervient alors qu\u2019Abdou Nguer faisait d\u00e9j\u00e0 l\u2019objet d\u2019une information judiciaire ouverte en avril dernier pour diffusion de fausses nouvelles. Incarc\u00e9r\u00e9 depuis, il a \u00e9t\u00e9 extrait de sa cellule pour une audition men\u00e9e sur la base d\u2019une compilation de cinq vid\u00e9os qu\u2019il aurait diffus\u00e9es sur ses canaux de communication.<\/p>\n<p class=\"\" data-start=\"1141\" data-end=\"1296\">\u00c0 l\u2019issue de son interrogatoire, le juge a d\u00e9cid\u00e9 de le placer sous un second mandat de d\u00e9p\u00f4t, maintenant ainsi le chroniqueur en d\u00e9tention pr\u00e9ventive.<\/p>\n<p class=\"\" data-start=\"1298\" data-end=\"1535\">Le contenu des vid\u00e9os en question n\u2019a pas encore \u00e9t\u00e9 officiellement r\u00e9v\u00e9l\u00e9, mais selon des sources proches du dossier, elles contiendraient des propos jug\u00e9s attentatoires \u00e0 l\u2019autorit\u00e9 de l\u2019\u00c9tat et susceptibles de troubler l\u2019ordre public.<\/p>\n<p class=\"\" data-start=\"1537\" data-end=\"1853\">Cette affaire relance le d\u00e9bat au S\u00e9n\u00e9gal sur les limites de la libert\u00e9 d\u2019expression, en particulier sur les r\u00e9seaux sociaux et dans les m\u00e9dias, ainsi que sur l\u2019utilisation de l\u2019accusation de \u00ab diffusion de fausses nouvelles \u00bb, souvent brandie contre des journalistes, blogueurs et chroniqueurs critiques du pouvoir.<\/p>\n<div class='share-to-whatsapp-wrapper'><div class='share-on-whsp'>PARTAGER SUR : <\/div><a data-text='DIFFUSION DE FAUSSES NOUVELLES - Le chroniqueur Abdou Nguer, de nouveau inculp\u00e9 et plac\u00e9 sous mandat de d\u00e9p\u00f4t' data-link='https:\/\/www.nettali.com\/2025\/05\/22\/diffusion-de-fausses-nouvelles-le-chroniqueur-abdou-nguer-de-nouveau-inculpe-et-place-sous-mandat-de-depot\/' class='whatsapp-button whatsapp-share'>WhatsApp<\/a><div class='clear '><\/div><\/div>","protected":false},"excerpt":{"rendered":"<p>NETTALI.COM - D\u00e9j\u00e0 poursuivi pour diffusion de fausses nouvelles depuis avril 2025, le chroniqueur Abdou Nguer a \u00e9t\u00e9 \u00e0 nouveau inculp\u00e9 ce 20 mai pour plusieurs chefs d\u2019accusation, dont offense au chef de l\u2019\u00c9tat et apologie de crime ou d\u00e9lit. Il reste en d\u00e9tention pr\u00e9ventive. Le feuilleton judiciaire autour du chroniqueur s\u00e9n\u00e9galais Abdou Nguer se [&hellip;]<\/p>\n","protected":false},"author":4,"featured_media":152661,"comment_status":"open","ping_status":"open","sticky":false,"template":"","format":"standard","meta":{"_et_pb_use_builder":"","_et_pb_old_content":""},"categories":[3],"tags":[],"yoast_head":"<!-- This site is optimized with the Yoast SEO Premium plugin v17.8 (Yoast SEO v17.8) - https:\/\/yoast.com\/wordpress\/plugins\/seo\/ -->\n<title>DIFFUSION DE FAUSSES NOUVELLES - Le chroniqueur Abdou Nguer, de nouveau inculp\u00e9 et plac\u00e9 sous mandat de d\u00e9p\u00f4t | Nettali.com<\/title>\n<meta name=\"robots\" content=\"index, follow, max-snippet:-1, max-image-preview:large, max-video-preview:-1\" \/>\n<link rel=\"canonical\" href=\"https:\/\/www.nettali.com\/2025\/05\/22\/diffusion-de-fausses-nouvelles-le-chroniqueur-abdou-nguer-de-nouveau-inculpe-et-place-sous-mandat-de-depot\/\" \/>\n<meta property=\"og:locale\" content=\"fr_FR\" \/>\n<meta property=\"og:type\" content=\"article\" \/>\n<meta property=\"og:title\" content=\"DIFFUSION DE FAUSSES NOUVELLES - Le chroniqueur Abdou Nguer, de nouveau inculp\u00e9 et plac\u00e9 sous mandat de d\u00e9p\u00f4t\" \/>\n<meta property=\"og:description\" content=\"NETTALI.COM - D\u00e9j\u00e0 poursuivi pour diffusion de fausses nouvelles depuis avril 2025, le chroniqueur Abdou Nguer a \u00e9t\u00e9 \u00e0 nouveau inculp\u00e9 ce 20 mai pour plusieurs chefs d\u2019accusation, dont offense au chef de l\u2019\u00c9tat et apologie de crime ou d\u00e9lit. Il reste en d\u00e9tention pr\u00e9ventive. Le feuilleton judiciaire autour du chroniqueur s\u00e9n\u00e9galais Abdou Nguer se [&hellip;]\" \/>\n<meta property=\"og:url\" content=\"https:\/\/www.nettali.com\/2025\/05\/22\/diffusion-de-fausses-nouvelles-le-chroniqueur-abdou-nguer-de-nouveau-inculpe-et-place-sous-mandat-de-depot\/\" \/>\n<meta property=\"og:site_name\" content=\"Nettali.com\" \/>\n<meta property=\"article:publisher\" content=\"https:\/\/www.facebook.com\/nettalicom\" \/>\n<meta property=\"article:published_time\" content=\"2025-05-22T13:00:25+00:00\" \/>\n<meta property=\"article:modified_time\" content=\"2025-05-22T19:21:21+00:00\" \/>\n<meta property=\"og:image\" content=\"https:\/\/www.nettali.com\/wp-content\/uploads\/2025\/04\/Abdou-Nguer.jpg\" \/>\n\t<meta property=\"og:image:width\" content=\"1280\" \/>\n\t<meta property=\"og:image:height\" content=\"811\" \/>\n<meta name=\"twitter:card\" content=\"summary_large_image\" \/>\n<meta name=\"twitter:label1\" content=\"\u00c9crit par\" \/>\n\t<meta name=\"twitter:data1\" content=\"Daouda\" \/>\n\t<meta name=\"twitter:label2\" content=\"Dur\u00e9e de lecture estim\u00e9e\" \/>\n\t<meta name=\"twitter:data2\" content=\"2 minutes\" \/>\n<script type=\"application\/ld+json\" class=\"yoast-schema-graph\">{\"@context\":\"https:\/\/schema.org\",\"@graph\":[{\"@type\":\"WebSite\",\"@id\":\"https:\/\/www.nettali.com\/#website\",\"url\":\"https:\/\/www.nettali.com\/\",\"name\":\"Nettali.com\",\"description\":\"Le rendez-vous critique du Net\",\"potentialAction\":[{\"@type\":\"SearchAction\",\"target\":{\"@type\":\"EntryPoint\",\"urlTemplate\":\"https:\/\/www.nettali.com\/?s={search_term_string}\"},\"query-input\":\"required name=search_term_string\"}],\"inLanguage\":\"fr-FR\"},{\"@type\":\"ImageObject\",\"@id\":\"https:\/\/www.nettali.com\/2025\/05\/22\/diffusion-de-fausses-nouvelles-le-chroniqueur-abdou-nguer-de-nouveau-inculpe-et-place-sous-mandat-de-depot\/#primaryimage\",\"inLanguage\":\"fr-FR\",\"url\":\"https:\/\/www.nettali.com\/wp-content\/uploads\/2025\/04\/Abdou-Nguer.jpg\",\"contentUrl\":\"https:\/\/www.nettali.com\/wp-content\/uploads\/2025\/04\/Abdou-Nguer.jpg\",\"width\":1280,\"height\":811},{\"@type\":\"WebPage\",\"@id\":\"https:\/\/www.nettali.com\/2025\/05\/22\/diffusion-de-fausses-nouvelles-le-chroniqueur-abdou-nguer-de-nouveau-inculpe-et-place-sous-mandat-de-depot\/#webpage\",\"url\":\"https:\/\/www.nettali.com\/2025\/05\/22\/diffusion-de-fausses-nouvelles-le-chroniqueur-abdou-nguer-de-nouveau-inculpe-et-place-sous-mandat-de-depot\/\",\"name\":\"DIFFUSION DE FAUSSES NOUVELLES - Le chroniqueur Abdou Nguer, de nouveau inculp\\u00e9 et plac\\u00e9 sous mandat de d\\u00e9p\\u00f4t | Nettali.com\",\"isPartOf\":{\"@id\":\"https:\/\/www.nettali.com\/#website\"},\"primaryImageOfPage\":{\"@id\":\"https:\/\/www.nettali.com\/2025\/05\/22\/diffusion-de-fausses-nouvelles-le-chroniqueur-abdou-nguer-de-nouveau-inculpe-et-place-sous-mandat-de-depot\/#primaryimage\"},\"datePublished\":\"2025-05-22T13:00:25+00:00\",\"dateModified\":\"2025-05-22T19:21:21+00:00\",\"author\":{\"@id\":\"https:\/\/www.nettali.com\/#\/schema\/person\/3317e0bb3aa1da309fbf7b2780901bf4\"},\"breadcrumb\":{\"@id\":\"https:\/\/www.nettali.com\/2025\/05\/22\/diffusion-de-fausses-nouvelles-le-chroniqueur-abdou-nguer-de-nouveau-inculpe-et-place-sous-mandat-de-depot\/#breadcrumb\"},\"inLanguage\":\"fr-FR\",\"potentialAction\":[{\"@type\":\"ReadAction\",\"target\":[\"https:\/\/www.nettali.com\/2025\/05\/22\/diffusion-de-fausses-nouvelles-le-chroniqueur-abdou-nguer-de-nouveau-inculpe-et-place-sous-mandat-de-depot\/\"]}]},{\"@type\":\"BreadcrumbList\",\"@id\":\"https:\/\/www.nettali.com\/2025\/05\/22\/diffusion-de-fausses-nouvelles-le-chroniqueur-abdou-nguer-de-nouveau-inculpe-et-place-sous-mandat-de-depot\/#breadcrumb\",\"itemListElement\":[{\"@type\":\"ListItem\",\"position\":1,\"name\":\"Accueil\",\"item\":\"https:\/\/www.nettali.com\/\"},{\"@type\":\"ListItem\",\"position\":2,\"name\":\"DIFFUSION DE FAUSSES NOUVELLES - Le chroniqueur Abdou Nguer, de nouveau inculp\\u00e9 et plac\\u00e9 sous mandat de d\\u00e9p\\u00f4t\"}]},{\"@type\":\"Person\",\"@id\":\"https:\/\/www.nettali.com\/#\/schema\/person\/3317e0bb3aa1da309fbf7b2780901bf4\",\"name\":\"Daouda\",\"image\":{\"@type\":\"ImageObject\",\"@id\":\"https:\/\/www.nettali.com\/#personlogo\",\"inLanguage\":\"fr-FR\",\"url\":\"https:\/\/secure.gravatar.com\/avatar\/8d143b5a49345098ddcfee1c49c2f47c?s=96&d=mm&r=g\",\"contentUrl\":\"https:\/\/secure.gravatar.com\/avatar\/8d143b5a49345098ddcfee1c49c2f47c?s=96&d=mm&r=g\",\"caption\":\"Daouda\"},\"sameAs\":[\"https:\/\/www.nettali.com\"]}]}<\/script>\n<!-- \/ Yoast SEO Premium plugin. -->","yoast_head_json":{"title":"DIFFUSION DE FAUSSES NOUVELLES - Le chroniqueur Abdou Nguer, de nouveau inculp\u00e9 et plac\u00e9 sous mandat de d\u00e9p\u00f4t | Nettali.com","robots":{"index":"index","follow":"follow","max-snippet":"max-snippet:-1","max-image-preview":"max-image-preview:large","max-video-preview":"max-video-preview:-1"},"canonical":"https:\/\/www.nettali.com\/2025\/05\/22\/diffusion-de-fausses-nouvelles-le-chroniqueur-abdou-nguer-de-nouveau-inculpe-et-place-sous-mandat-de-depot\/","og_locale":"fr_FR","og_type":"article","og_title":"DIFFUSION DE FAUSSES NOUVELLES - Le chroniqueur Abdou Nguer, de nouveau inculp\u00e9 et plac\u00e9 sous mandat de d\u00e9p\u00f4t","og_description":"NETTALI.COM - D\u00e9j\u00e0 poursuivi pour diffusion de fausses nouvelles depuis avril 2025, le chroniqueur Abdou Nguer a \u00e9t\u00e9 \u00e0 nouveau inculp\u00e9 ce 20 mai pour plusieurs chefs d\u2019accusation, dont offense au chef de l\u2019\u00c9tat et apologie de crime ou d\u00e9lit. Il reste en d\u00e9tention pr\u00e9ventive. Le feuilleton judiciaire autour du chroniqueur s\u00e9n\u00e9galais Abdou Nguer se [&hellip;]","og_url":"https:\/\/www.nettali.com\/2025\/05\/22\/diffusion-de-fausses-nouvelles-le-chroniqueur-abdou-nguer-de-nouveau-inculpe-et-place-sous-mandat-de-depot\/","og_site_name":"Nettali.com","article_publisher":"https:\/\/www.facebook.com\/nettalicom","article_published_time":"2025-05-22T13:00:25+00:00","article_modified_time":"2025-05-22T19:21:21+00:00","og_image":[{"width":1280,"height":811,"url":"https:\/\/www.nettali.com\/wp-content\/uploads\/2025\/04\/Abdou-Nguer.jpg","type":"image\/jpeg"}],"twitter_card":"summary_large_image","twitter_misc":{"\u00c9crit par":"Daouda","Dur\u00e9e de lecture estim\u00e9e":"2 minutes"},"schema":{"@context":"https:\/\/schema.org","@graph":[{"@type":"WebSite","@id":"https:\/\/www.nettali.com\/#website","url":"https:\/\/www.nettali.com\/","name":"Nettali.com","description":"Le rendez-vous critique du Net","potentialAction":[{"@type":"SearchAction","target":{"@type":"EntryPoint","urlTemplate":"https:\/\/www.nettali.com\/?s={search_term_string}"},"query-input":"required name=search_term_string"}],"inLanguage":"fr-FR"},{"@type":"ImageObject","@id":"https:\/\/www.nettali.com\/2025\/05\/22\/diffusion-de-fausses-nouvelles-le-chroniqueur-abdou-nguer-de-nouveau-inculpe-et-place-sous-mandat-de-depot\/#primaryimage","inLanguage":"fr-FR","url":"https:\/\/www.nettali.com\/wp-content\/uploads\/2025\/04\/Abdou-Nguer.jpg","contentUrl":"https:\/\/www.nettali.com\/wp-content\/uploads\/2025\/04\/Abdou-Nguer.jpg","width":1280,"height":811},{"@type":"WebPage","@id":"https:\/\/www.nettali.com\/2025\/05\/22\/diffusion-de-fausses-nouvelles-le-chroniqueur-abdou-nguer-de-nouveau-inculpe-et-place-sous-mandat-de-depot\/#webpage","url":"https:\/\/www.nettali.com\/2025\/05\/22\/diffusion-de-fausses-nouvelles-le-chroniqueur-abdou-nguer-de-nouveau-inculpe-et-place-sous-mandat-de-depot\/","name":"DIFFUSION DE FAUSSES NOUVELLES - Le chroniqueur Abdou Nguer, de nouveau inculp\u00e9 et plac\u00e9 sous mandat de d\u00e9p\u00f4t | Nettali.com","isPartOf":{"@id":"https:\/\/www.nettali.com\/#website"},"primaryImageOfPage":{"@id":"https:\/\/www.nettali.com\/2025\/05\/22\/diffusion-de-fausses-nouvelles-le-chroniqueur-abdou-nguer-de-nouveau-inculpe-et-place-sous-mandat-de-depot\/#primaryimage"},"datePublished":"2025-05-22T13:00:25+00:00","dateModified":"2025-05-22T19:21:21+00:00","author":{"@id":"https:\/\/www.nettali.com\/#\/schema\/person\/3317e0bb3aa1da309fbf7b2780901bf4"},"breadcrumb":{"@id":"https:\/\/www.nettali.com\/2025\/05\/22\/diffusion-de-fausses-nouvelles-le-chroniqueur-abdou-nguer-de-nouveau-inculpe-et-place-sous-mandat-de-depot\/#breadcrumb"},"inLanguage":"fr-FR","potentialAction":[{"@type":"ReadAction","target":["https:\/\/www.nettali.com\/2025\/05\/22\/diffusion-de-fausses-nouvelles-le-chroniqueur-abdou-nguer-de-nouveau-inculpe-et-place-sous-mandat-de-depot\/"]}]},{"@type":"BreadcrumbList","@id":"https:\/\/www.nettali.com\/2025\/05\/22\/diffusion-de-fausses-nouvelles-le-chroniqueur-abdou-nguer-de-nouveau-inculpe-et-place-sous-mandat-de-depot\/#breadcrumb","itemListElement":[{"@type":"ListItem","position":1,"name":"Accueil","item":"https:\/\/www.nettali.com\/"},{"@type":"ListItem","position":2,"name":"DIFFUSION DE FAUSSES NOUVELLES - Le chroniqueur Abdou Nguer, de nouveau inculp\u00e9 et plac\u00e9 sous mandat de d\u00e9p\u00f4t"}]},{"@type":"Person","@id":"https:\/\/www.nettali.com\/#\/schema\/person\/3317e0bb3aa1da309fbf7b2780901bf4","name":"Daouda","image":{"@type":"ImageObject","@id":"https:\/\/www.nettali.com\/#personlogo","inLanguage":"fr-FR","url":"https:\/\/secure.gravatar.com\/avatar\/8d143b5a49345098ddcfee1c49c2f47c?s=96&d=mm&r=g","contentUrl":"https:\/\/secure.gravatar.com\/avatar\/8d143b5a49345098ddcfee1c49c2f47c?s=96&d=mm&r=g","caption":"Daouda"},"sameAs":["https:\/\/www.nettali.com"]}]}},"_links":{"self":[{"href":"https:\/\/www.nettali.com\/rest\/wp\/v2\/posts\/154571"}],"collection":[{"href":"https:\/\/www.nettali.com\/rest\/wp\/v2\/posts"}],"about":[{"href":"https:\/\/www.nettali.com\/rest\/wp\/v2\/types\/post"}],"author":[{"embeddable":true,"href":"https:\/\/www.nettali.com\/rest\/wp\/v2\/users\/4"}],"replies":[{"embeddable":true,"href":"https:\/\/www.nettali.com\/rest\/wp\/v2\/comments?post=154571"}],"version-history":[{"count":2,"href":"https:\/\/www.nettali.com\/rest\/wp\/v2\/posts\/154571\/revisions"}],"predecessor-version":[{"id":154596,"href":"https:\/\/www.nettali.com\/rest\/wp\/v2\/posts\/154571\/revisions\/154596"}],"wp:featuredmedia":[{"embeddable":true,"href":"https:\/\/www.nettali.com\/rest\/wp\/v2\/media\/152661"}],"wp:attachment":[{"href":"https:\/\/www.nettali.com\/rest\/wp\/v2\/media?parent=154571"}],"wp:term":[{"taxonomy":"category","embeddable":true,"href":"https:\/\/www.nettali.com\/rest\/wp\/v2\/categories?post=154571"},{"taxonomy":"post_tag","embeddable":true,"href":"https:\/\/www.nettali.com\/rest\/wp\/v2\/tags?post=154571"}],"curies":[{"name":"wp","href":"https:\/\/api.w.org\/{rel}","templated":true}]}}