{"id":154550,"date":"2025-05-22T08:05:10","date_gmt":"2025-05-22T08:05:10","guid":{"rendered":"https:\/\/www.nettali.com\/?p=154550"},"modified":"2025-05-23T06:15:38","modified_gmt":"2025-05-23T06:15:38","slug":"justice-et-detention-frapp-reclame-le-jugement-des-detenus-pour-delits-dopinion","status":"publish","type":"post","link":"https:\/\/www.nettali.com\/2025\/05\/22\/justice-et-detention-frapp-reclame-le-jugement-des-detenus-pour-delits-dopinion\/","title":{"rendered":"JUSTICE ET D\u00c9TENTION - Frapp r\u00e9clame le jugement des d\u00e9tenus pour d\u00e9lits d\u2019opinion"},"content":{"rendered":"<p><strong>NETTALI.COM -<\/strong> Le Front pour une r\u00e9volution anti-imp\u00e9rialiste populaire et panafricaine (Frapp) monte au cr\u00e9neau pour d\u00e9noncer la prolongation des d\u00e9tentions de plusieurs personnes poursuivies pour des d\u00e9lits d\u2019opinion. Dans une d\u00e9claration rendue publique, le mercredi 21 mai, le mouvement alerte sur les d\u00e9rives du syst\u00e8me judiciaire s\u00e9n\u00e9galais, notamment le recours syst\u00e9matique \u00e0 l\u2019information judiciaire au d\u00e9triment de la proc\u00e9dure de flagrant d\u00e9lit.<\/p>\n<p>\u201c<em>Les d\u00e9lits d\u2019opinion ne sauraient justifier des instructions judiciaires prolong\u00e9es<\/em>\u201d, affirme le Frapp qui d\u00e9plore la lenteur des proc\u00e9dures, m\u00eame lorsque les infractions sont manifestes. Le mouvement cite en exemple les cas de Khalifa Rappeur, Assane Diouf, Abdou Nguer et d\u2019autres citoyens actuellement d\u00e9tenus, qu\u2019il consid\u00e8re comme des victimes de d\u00e9tention pr\u00e9ventive injustifi\u00e9e.<\/p>\n<p>Revenant sur les pratiques du pass\u00e9, le Frapp rappelle avoir \u00e9t\u00e9 lui-m\u00eame confront\u00e9 \u00e0 cette tendance d\u00e8s le premier mandat du r\u00e9gime pr\u00e9c\u00e9dent, lorsque le parquet \u201c<em>pr\u00e9f\u00e9rait syst\u00e9matiquement l\u2019information judiciaire, y compris pour des faits flagrants<\/em>\u201d. Une orientation qui, selon lui, \u201c<em>entache la cr\u00e9dibilit\u00e9 de la justice et \u00e9rode la confiance des citoyens dans l\u2019\u00c9tat de droit<\/em>\u201d.<\/p>\n<p>Pour y mettre fin, le Frapp appelle \u00e0 une r\u00e9forme du Code de proc\u00e9dure p\u00e9nale, afin d\u2019imposer au parquet \u201c<em>le recours syst\u00e9matique au flagrant d\u00e9lit pour toute infraction flagrante, notamment les d\u00e9lits d\u2019opinion \u2013 \u00e0 l\u2019instar du traitement obligatoire de l\u2019information judiciaire en mati\u00e8re criminelle<\/em>\u201d.<\/p>\n<p>Une telle r\u00e9forme, estime-t-il, permettrait d\u2019\u00e9viter les d\u00e9tentions abusivement longues et de d\u00e9sengorger les prisons.<\/p>\n<p>Dans sa d\u00e9claration, le Frapp exige la programmation imm\u00e9diate des proc\u00e8s pour tous les d\u00e9tenus poursuivis pour d\u00e9lit d\u2019opinion et la suppression du pouvoir discr\u00e9tionnaire du parquet dans le choix du mode de poursuite pour ces infractions, au nom du respect des droits fondamentaux.<\/p>\n<p>\u201c<em>Une justice \u00e9quitable est une justice \u00e9gale pour toutes et tous<\/em>\u201d, conclut le Secr\u00e9tariat ex\u00e9cutif national du Frapp, appelant \u00e0 une refondation du syst\u00e8me judiciaire pour garantir l\u2019\u00e9quit\u00e9, quelle que soit l\u2019opinion exprim\u00e9e par les accus\u00e9s.<\/p>\n<div class='share-to-whatsapp-wrapper'><div class='share-on-whsp'>PARTAGER SUR : <\/div><a data-text='JUSTICE ET D\u00c9TENTION - Frapp r\u00e9clame le jugement des d\u00e9tenus pour d\u00e9lits d\u2019opinion' data-link='https:\/\/www.nettali.com\/2025\/05\/22\/justice-et-detention-frapp-reclame-le-jugement-des-detenus-pour-delits-dopinion\/' class='whatsapp-button whatsapp-share'>WhatsApp<\/a><div class='clear '><\/div><\/div>","protected":false},"excerpt":{"rendered":"<p>NETTALI.COM - Le Front pour une r\u00e9volution anti-imp\u00e9rialiste populaire et panafricaine (Frapp) monte au cr\u00e9neau pour d\u00e9noncer la prolongation des d\u00e9tentions de plusieurs personnes poursuivies pour des d\u00e9lits d\u2019opinion. Dans une d\u00e9claration rendue publique, le mercredi 21 mai, le mouvement alerte sur les d\u00e9rives du syst\u00e8me judiciaire s\u00e9n\u00e9galais, notamment le recours syst\u00e9matique \u00e0 l\u2019information judiciaire [&hellip;]<\/p>\n","protected":false},"author":2,"featured_media":154551,"comment_status":"open","ping_status":"open","sticky":false,"template":"","format":"standard","meta":{"_et_pb_use_builder":"","_et_pb_old_content":""},"categories":[34945],"tags":[],"yoast_head":"<!-- This site is optimized with the Yoast SEO Premium plugin v17.8 (Yoast SEO v17.8) - https:\/\/yoast.com\/wordpress\/plugins\/seo\/ -->\n<title>JUSTICE ET D\u00c9TENTION - Frapp r\u00e9clame le jugement des d\u00e9tenus pour d\u00e9lits d\u2019opinion | Nettali.com<\/title>\n<meta name=\"robots\" content=\"index, follow, max-snippet:-1, max-image-preview:large, max-video-preview:-1\" \/>\n<link rel=\"canonical\" href=\"https:\/\/www.nettali.com\/2025\/05\/22\/justice-et-detention-frapp-reclame-le-jugement-des-detenus-pour-delits-dopinion\/\" \/>\n<meta property=\"og:locale\" content=\"fr_FR\" \/>\n<meta property=\"og:type\" content=\"article\" \/>\n<meta property=\"og:title\" content=\"JUSTICE ET D\u00c9TENTION - Frapp r\u00e9clame le jugement des d\u00e9tenus pour d\u00e9lits d\u2019opinion\" \/>\n<meta property=\"og:description\" content=\"NETTALI.COM - Le Front pour une r\u00e9volution anti-imp\u00e9rialiste populaire et panafricaine (Frapp) monte au cr\u00e9neau pour d\u00e9noncer la prolongation des d\u00e9tentions de plusieurs personnes poursuivies pour des d\u00e9lits d\u2019opinion. Dans une d\u00e9claration rendue publique, le mercredi 21 mai, le mouvement alerte sur les d\u00e9rives du syst\u00e8me judiciaire s\u00e9n\u00e9galais, notamment le recours syst\u00e9matique \u00e0 l\u2019information judiciaire [&hellip;]\" \/>\n<meta property=\"og:url\" content=\"https:\/\/www.nettali.com\/2025\/05\/22\/justice-et-detention-frapp-reclame-le-jugement-des-detenus-pour-delits-dopinion\/\" \/>\n<meta property=\"og:site_name\" content=\"Nettali.com\" \/>\n<meta property=\"article:publisher\" content=\"https:\/\/www.facebook.com\/nettalicom\" \/>\n<meta property=\"article:published_time\" content=\"2025-05-22T08:05:10+00:00\" \/>\n<meta property=\"article:modified_time\" content=\"2025-05-23T06:15:38+00:00\" \/>\n<meta property=\"og:image\" content=\"https:\/\/www.nettali.com\/wp-content\/uploads\/2025\/05\/Guy-Marius-Sagna-avec-Frapp.png\" \/>\n\t<meta property=\"og:image:width\" content=\"624\" \/>\n\t<meta property=\"og:image:height\" content=\"410\" \/>\n<meta name=\"twitter:card\" content=\"summary_large_image\" \/>\n<meta name=\"twitter:label1\" content=\"\u00c9crit par\" \/>\n\t<meta name=\"twitter:data1\" content=\"CK\" \/>\n\t<meta name=\"twitter:label2\" content=\"Dur\u00e9e de lecture estim\u00e9e\" \/>\n\t<meta name=\"twitter:data2\" content=\"2 minutes\" \/>\n<script type=\"application\/ld+json\" class=\"yoast-schema-graph\">{\"@context\":\"https:\/\/schema.org\",\"@graph\":[{\"@type\":\"WebSite\",\"@id\":\"https:\/\/www.nettali.com\/#website\",\"url\":\"https:\/\/www.nettali.com\/\",\"name\":\"Nettali.com\",\"description\":\"Le rendez-vous critique du Net\",\"potentialAction\":[{\"@type\":\"SearchAction\",\"target\":{\"@type\":\"EntryPoint\",\"urlTemplate\":\"https:\/\/www.nettali.com\/?s={search_term_string}\"},\"query-input\":\"required name=search_term_string\"}],\"inLanguage\":\"fr-FR\"},{\"@type\":\"ImageObject\",\"@id\":\"https:\/\/www.nettali.com\/2025\/05\/22\/justice-et-detention-frapp-reclame-le-jugement-des-detenus-pour-delits-dopinion\/#primaryimage\",\"inLanguage\":\"fr-FR\",\"url\":\"https:\/\/www.nettali.com\/wp-content\/uploads\/2025\/05\/Guy-Marius-Sagna-avec-Frapp.png\",\"contentUrl\":\"https:\/\/www.nettali.com\/wp-content\/uploads\/2025\/05\/Guy-Marius-Sagna-avec-Frapp.png\",\"width\":624,\"height\":410},{\"@type\":\"WebPage\",\"@id\":\"https:\/\/www.nettali.com\/2025\/05\/22\/justice-et-detention-frapp-reclame-le-jugement-des-detenus-pour-delits-dopinion\/#webpage\",\"url\":\"https:\/\/www.nettali.com\/2025\/05\/22\/justice-et-detention-frapp-reclame-le-jugement-des-detenus-pour-delits-dopinion\/\",\"name\":\"JUSTICE ET D\\u00c9TENTION - Frapp r\\u00e9clame le jugement des d\\u00e9tenus pour d\\u00e9lits d\\u2019opinion | Nettali.com\",\"isPartOf\":{\"@id\":\"https:\/\/www.nettali.com\/#website\"},\"primaryImageOfPage\":{\"@id\":\"https:\/\/www.nettali.com\/2025\/05\/22\/justice-et-detention-frapp-reclame-le-jugement-des-detenus-pour-delits-dopinion\/#primaryimage\"},\"datePublished\":\"2025-05-22T08:05:10+00:00\",\"dateModified\":\"2025-05-23T06:15:38+00:00\",\"author\":{\"@id\":\"https:\/\/www.nettali.com\/#\/schema\/person\/d8ac7b7e27ddad43f1c0d2ef090d7f71\"},\"breadcrumb\":{\"@id\":\"https:\/\/www.nettali.com\/2025\/05\/22\/justice-et-detention-frapp-reclame-le-jugement-des-detenus-pour-delits-dopinion\/#breadcrumb\"},\"inLanguage\":\"fr-FR\",\"potentialAction\":[{\"@type\":\"ReadAction\",\"target\":[\"https:\/\/www.nettali.com\/2025\/05\/22\/justice-et-detention-frapp-reclame-le-jugement-des-detenus-pour-delits-dopinion\/\"]}]},{\"@type\":\"BreadcrumbList\",\"@id\":\"https:\/\/www.nettali.com\/2025\/05\/22\/justice-et-detention-frapp-reclame-le-jugement-des-detenus-pour-delits-dopinion\/#breadcrumb\",\"itemListElement\":[{\"@type\":\"ListItem\",\"position\":1,\"name\":\"Accueil\",\"item\":\"https:\/\/www.nettali.com\/\"},{\"@type\":\"ListItem\",\"position\":2,\"name\":\"JUSTICE ET D\\u00c9TENTION - Frapp r\\u00e9clame le jugement des d\\u00e9tenus pour d\\u00e9lits d\\u2019opinion\"}]},{\"@type\":\"Person\",\"@id\":\"https:\/\/www.nettali.com\/#\/schema\/person\/d8ac7b7e27ddad43f1c0d2ef090d7f71\",\"name\":\"CK\",\"image\":{\"@type\":\"ImageObject\",\"@id\":\"https:\/\/www.nettali.com\/#personlogo\",\"inLanguage\":\"fr-FR\",\"url\":\"https:\/\/secure.gravatar.com\/avatar\/1d8d5118b9327d94da7cd4ce7f17fec2?s=96&d=mm&r=g\",\"contentUrl\":\"https:\/\/secure.gravatar.com\/avatar\/1d8d5118b9327d94da7cd4ce7f17fec2?s=96&d=mm&r=g\",\"caption\":\"CK\"},\"sameAs\":[\"https:\/\/www.nettali.com\"]}]}<\/script>\n<!-- \/ Yoast SEO Premium plugin. -->","yoast_head_json":{"title":"JUSTICE ET D\u00c9TENTION - Frapp r\u00e9clame le jugement des d\u00e9tenus pour d\u00e9lits d\u2019opinion | Nettali.com","robots":{"index":"index","follow":"follow","max-snippet":"max-snippet:-1","max-image-preview":"max-image-preview:large","max-video-preview":"max-video-preview:-1"},"canonical":"https:\/\/www.nettali.com\/2025\/05\/22\/justice-et-detention-frapp-reclame-le-jugement-des-detenus-pour-delits-dopinion\/","og_locale":"fr_FR","og_type":"article","og_title":"JUSTICE ET D\u00c9TENTION - Frapp r\u00e9clame le jugement des d\u00e9tenus pour d\u00e9lits d\u2019opinion","og_description":"NETTALI.COM - Le Front pour une r\u00e9volution anti-imp\u00e9rialiste populaire et panafricaine (Frapp) monte au cr\u00e9neau pour d\u00e9noncer la prolongation des d\u00e9tentions de plusieurs personnes poursuivies pour des d\u00e9lits d\u2019opinion. Dans une d\u00e9claration rendue publique, le mercredi 21 mai, le mouvement alerte sur les d\u00e9rives du syst\u00e8me judiciaire s\u00e9n\u00e9galais, notamment le recours syst\u00e9matique \u00e0 l\u2019information judiciaire [&hellip;]","og_url":"https:\/\/www.nettali.com\/2025\/05\/22\/justice-et-detention-frapp-reclame-le-jugement-des-detenus-pour-delits-dopinion\/","og_site_name":"Nettali.com","article_publisher":"https:\/\/www.facebook.com\/nettalicom","article_published_time":"2025-05-22T08:05:10+00:00","article_modified_time":"2025-05-23T06:15:38+00:00","og_image":[{"width":624,"height":410,"url":"https:\/\/www.nettali.com\/wp-content\/uploads\/2025\/05\/Guy-Marius-Sagna-avec-Frapp.png","type":"image\/png"}],"twitter_card":"summary_large_image","twitter_misc":{"\u00c9crit par":"CK","Dur\u00e9e de lecture estim\u00e9e":"2 minutes"},"schema":{"@context":"https:\/\/schema.org","@graph":[{"@type":"WebSite","@id":"https:\/\/www.nettali.com\/#website","url":"https:\/\/www.nettali.com\/","name":"Nettali.com","description":"Le rendez-vous critique du Net","potentialAction":[{"@type":"SearchAction","target":{"@type":"EntryPoint","urlTemplate":"https:\/\/www.nettali.com\/?s={search_term_string}"},"query-input":"required name=search_term_string"}],"inLanguage":"fr-FR"},{"@type":"ImageObject","@id":"https:\/\/www.nettali.com\/2025\/05\/22\/justice-et-detention-frapp-reclame-le-jugement-des-detenus-pour-delits-dopinion\/#primaryimage","inLanguage":"fr-FR","url":"https:\/\/www.nettali.com\/wp-content\/uploads\/2025\/05\/Guy-Marius-Sagna-avec-Frapp.png","contentUrl":"https:\/\/www.nettali.com\/wp-content\/uploads\/2025\/05\/Guy-Marius-Sagna-avec-Frapp.png","width":624,"height":410},{"@type":"WebPage","@id":"https:\/\/www.nettali.com\/2025\/05\/22\/justice-et-detention-frapp-reclame-le-jugement-des-detenus-pour-delits-dopinion\/#webpage","url":"https:\/\/www.nettali.com\/2025\/05\/22\/justice-et-detention-frapp-reclame-le-jugement-des-detenus-pour-delits-dopinion\/","name":"JUSTICE ET D\u00c9TENTION - Frapp r\u00e9clame le jugement des d\u00e9tenus pour d\u00e9lits d\u2019opinion | Nettali.com","isPartOf":{"@id":"https:\/\/www.nettali.com\/#website"},"primaryImageOfPage":{"@id":"https:\/\/www.nettali.com\/2025\/05\/22\/justice-et-detention-frapp-reclame-le-jugement-des-detenus-pour-delits-dopinion\/#primaryimage"},"datePublished":"2025-05-22T08:05:10+00:00","dateModified":"2025-05-23T06:15:38+00:00","author":{"@id":"https:\/\/www.nettali.com\/#\/schema\/person\/d8ac7b7e27ddad43f1c0d2ef090d7f71"},"breadcrumb":{"@id":"https:\/\/www.nettali.com\/2025\/05\/22\/justice-et-detention-frapp-reclame-le-jugement-des-detenus-pour-delits-dopinion\/#breadcrumb"},"inLanguage":"fr-FR","potentialAction":[{"@type":"ReadAction","target":["https:\/\/www.nettali.com\/2025\/05\/22\/justice-et-detention-frapp-reclame-le-jugement-des-detenus-pour-delits-dopinion\/"]}]},{"@type":"BreadcrumbList","@id":"https:\/\/www.nettali.com\/2025\/05\/22\/justice-et-detention-frapp-reclame-le-jugement-des-detenus-pour-delits-dopinion\/#breadcrumb","itemListElement":[{"@type":"ListItem","position":1,"name":"Accueil","item":"https:\/\/www.nettali.com\/"},{"@type":"ListItem","position":2,"name":"JUSTICE ET D\u00c9TENTION - Frapp r\u00e9clame le jugement des d\u00e9tenus pour d\u00e9lits d\u2019opinion"}]},{"@type":"Person","@id":"https:\/\/www.nettali.com\/#\/schema\/person\/d8ac7b7e27ddad43f1c0d2ef090d7f71","name":"CK","image":{"@type":"ImageObject","@id":"https:\/\/www.nettali.com\/#personlogo","inLanguage":"fr-FR","url":"https:\/\/secure.gravatar.com\/avatar\/1d8d5118b9327d94da7cd4ce7f17fec2?s=96&d=mm&r=g","contentUrl":"https:\/\/secure.gravatar.com\/avatar\/1d8d5118b9327d94da7cd4ce7f17fec2?s=96&d=mm&r=g","caption":"CK"},"sameAs":["https:\/\/www.nettali.com"]}]}},"_links":{"self":[{"href":"https:\/\/www.nettali.com\/rest\/wp\/v2\/posts\/154550"}],"collection":[{"href":"https:\/\/www.nettali.com\/rest\/wp\/v2\/posts"}],"about":[{"href":"https:\/\/www.nettali.com\/rest\/wp\/v2\/types\/post"}],"author":[{"embeddable":true,"href":"https:\/\/www.nettali.com\/rest\/wp\/v2\/users\/2"}],"replies":[{"embeddable":true,"href":"https:\/\/www.nettali.com\/rest\/wp\/v2\/comments?post=154550"}],"version-history":[{"count":1,"href":"https:\/\/www.nettali.com\/rest\/wp\/v2\/posts\/154550\/revisions"}],"predecessor-version":[{"id":154552,"href":"https:\/\/www.nettali.com\/rest\/wp\/v2\/posts\/154550\/revisions\/154552"}],"wp:featuredmedia":[{"embeddable":true,"href":"https:\/\/www.nettali.com\/rest\/wp\/v2\/media\/154551"}],"wp:attachment":[{"href":"https:\/\/www.nettali.com\/rest\/wp\/v2\/media?parent=154550"}],"wp:term":[{"taxonomy":"category","embeddable":true,"href":"https:\/\/www.nettali.com\/rest\/wp\/v2\/categories?post=154550"},{"taxonomy":"post_tag","embeddable":true,"href":"https:\/\/www.nettali.com\/rest\/wp\/v2\/tags?post=154550"}],"curies":[{"name":"wp","href":"https:\/\/api.w.org\/{rel}","templated":true}]}}