{"id":154543,"date":"2025-05-21T23:30:10","date_gmt":"2025-05-21T23:30:10","guid":{"rendered":"https:\/\/www.nettali.com\/?p=154543"},"modified":"2025-05-21T23:30:10","modified_gmt":"2025-05-21T23:30:10","slug":"gestion-du-pays-le-president-diomaye-veut-impliquer-pleinement-la-diaspora","status":"publish","type":"post","link":"https:\/\/www.nettali.com\/2025\/05\/21\/gestion-du-pays-le-president-diomaye-veut-impliquer-pleinement-la-diaspora\/","title":{"rendered":"GESTION DU PAYS- Le Pr\u00e9sident Diomaye veut impliquer pleinement la Diaspora"},"content":{"rendered":"<p><strong>NETTALI.COM- Lors du Conseil des ministres\u00a0 ce mercredi 21 mai 2025, le pr\u00e9sident de la R\u00e9publique a ouvert une large fen\u00eatre sur la Diaspora. Tout en saluant le r\u00f4le que joue la Diaspora au bon fonctionnement du pays, Bassirou Diomaye a \u00e9mis le souhait de l\u2019impliquer davantage dans les affaires de l\u2019\u00c9tat. <\/strong><\/p>\n<p>La diaspora s\u00e9n\u00e9galaise doit jouer dans la mise en \u0153uvre de l\u2019Agenda national de Transformation. C\u2019est la conviction du Chef de l\u2019Etat qui a \u00e9voqu\u00e9 la question en Conseil des ministres. A cet effet,\u00a0il a adress\u00e9 ses chaleureuses f\u00e9licitations aux S\u00e9n\u00e9galais de l\u2019ext\u00e9rieur pour leur contribution significative \u00e0 la vie politique, \u00e9conomique et sociale, ainsi qu\u2019au rayonnement culturel de notre pays.<\/p>\n<p>A ce titre, il a demand\u00e9 au Gouvernement d\u2019accorder \u00ab <em>une attention particuli\u00e8re aux dol\u00e9ances administratives (d\u00e9livrance des cartes nationales d\u2019identit\u00e9, de passeports et autres documents consulaires et sociales, paiements des pensions, assistance et suivi de leurs droits sociaux) ainsi qu\u2019aux suggestions et propositions des S\u00e9n\u00e9galais de l\u2019ext\u00e9rieur<\/em> \u00bb.<\/p>\n<p>Au ministre de l\u2019Int\u00e9gration africaine et des Affaires \u00e9trang\u00e8res et au Secr\u00e9taire d\u2019Etat aux S\u00e9n\u00e9galais de l\u2019ext\u00e9rieur, le Pr\u00e9sident Bassirou Diomaye a invit\u00e9 \u00e0 prendre toutes les dispositions afin d\u2019assurer un service de proximit\u00e9 \u00e0 nos compatriotes vivant \u00e0 l\u2019\u00e9tranger par une mobilisation soutenue de nos missions diplomatiques et consulaires.<\/p>\n<p>En outre, le chef de l\u2019\u00c9tat a demand\u00e9 au Gouvernement de valoriser davantage les comp\u00e9tences, l\u2019expertise et le savoir-faire multisectoriels des S\u00e9n\u00e9galais de l\u2019ext\u00e9rieur et d\u2019accompagner leurs projets et investissements en coh\u00e9rence avec les priorit\u00e9s de l\u2019Agenda national de Transformation. \u00ab <em>C\u2019est tout le sens de la mont\u00e9e en puissance de la plateforme num\u00e9rique Tabax S\u00e9n\u00e9gal (www.tabaxsenegal.sn) qu\u2019il convient de mieux vulgariser aupr\u00e8s de nos compatriotes \u00e9tablis \u00e0 l\u2019\u00e9tranger<\/em> \u00bb, souligne le communiqu\u00e9.<\/p>\n<p>Dans ce syllage, il a engag\u00e9 le Premier ministre \u00ab<em> \u00e0 restructurer, pour plus d\u2019efficacit\u00e9, les dispositifs d\u2019orientation, d\u2019encadrement, d\u2019accompagnement et de financement des projets et activit\u00e9s \u00e9conomiques des S\u00e9n\u00e9galais de l\u2019ext\u00e9rieur, notamment le Fonds d\u2019Appui aux S\u00e9n\u00e9galais de l\u2019Ext\u00e9rieur (FAISE<\/em>) \u00bb.<\/p>\n<p>Et au regard de l\u2019importance primordiale qu\u2019il accorde \u00e0 nos compatriotes vivant \u00e0 l\u2019\u00e9tranger, il a demand\u00e9 au Gouvernement de \u00ab <em>prendre les dispositions appropri\u00e9es en vue d\u2019assurer l\u2019organisation, en d\u00e9cembre 2025, \u00e0 Dakar, de la premi\u00e8re \u00e9dition de la Journ\u00e9e nationale de la Diaspora<\/em> \u00bb.<\/p>\n<p>&nbsp;<\/p>\n<div class='share-to-whatsapp-wrapper'><div class='share-on-whsp'>PARTAGER SUR : <\/div><a data-text='GESTION DU PAYS- Le Pr\u00e9sident Diomaye veut impliquer pleinement la Diaspora' data-link='https:\/\/www.nettali.com\/2025\/05\/21\/gestion-du-pays-le-president-diomaye-veut-impliquer-pleinement-la-diaspora\/' class='whatsapp-button whatsapp-share'>WhatsApp<\/a><div class='clear '><\/div><\/div>","protected":false},"excerpt":{"rendered":"<p>NETTALI.COM- Lors du Conseil des ministres\u00a0 ce mercredi 21 mai 2025, le pr\u00e9sident de la R\u00e9publique a ouvert une large fen\u00eatre sur la Diaspora. Tout en saluant le r\u00f4le que joue la Diaspora au bon fonctionnement du pays, Bassirou Diomaye a \u00e9mis le souhait de l\u2019impliquer davantage dans les affaires de l\u2019\u00c9tat. La diaspora s\u00e9n\u00e9galaise [&hellip;]<\/p>\n","protected":false},"author":6,"featured_media":136736,"comment_status":"open","ping_status":"open","sticky":false,"template":"","format":"standard","meta":{"_et_pb_use_builder":"","_et_pb_old_content":""},"categories":[2],"tags":[],"yoast_head":"<!-- This site is optimized with the Yoast SEO Premium plugin v17.8 (Yoast SEO v17.8) - https:\/\/yoast.com\/wordpress\/plugins\/seo\/ -->\n<title>GESTION DU PAYS- Le Pr\u00e9sident Diomaye veut impliquer pleinement la Diaspora | Nettali.com<\/title>\n<meta name=\"robots\" content=\"index, follow, max-snippet:-1, max-image-preview:large, max-video-preview:-1\" \/>\n<link rel=\"canonical\" href=\"https:\/\/www.nettali.com\/2025\/05\/21\/gestion-du-pays-le-president-diomaye-veut-impliquer-pleinement-la-diaspora\/\" \/>\n<meta property=\"og:locale\" content=\"fr_FR\" \/>\n<meta property=\"og:type\" content=\"article\" \/>\n<meta property=\"og:title\" content=\"GESTION DU PAYS- Le Pr\u00e9sident Diomaye veut impliquer pleinement la Diaspora\" \/>\n<meta property=\"og:description\" content=\"NETTALI.COM- Lors du Conseil des ministres\u00a0 ce mercredi 21 mai 2025, le pr\u00e9sident de la R\u00e9publique a ouvert une large fen\u00eatre sur la Diaspora. Tout en saluant le r\u00f4le que joue la Diaspora au bon fonctionnement du pays, Bassirou Diomaye a \u00e9mis le souhait de l\u2019impliquer davantage dans les affaires de l\u2019\u00c9tat. La diaspora s\u00e9n\u00e9galaise [&hellip;]\" \/>\n<meta property=\"og:url\" content=\"https:\/\/www.nettali.com\/2025\/05\/21\/gestion-du-pays-le-president-diomaye-veut-impliquer-pleinement-la-diaspora\/\" \/>\n<meta property=\"og:site_name\" content=\"Nettali.com\" \/>\n<meta property=\"article:publisher\" content=\"https:\/\/www.facebook.com\/nettalicom\" \/>\n<meta property=\"article:published_time\" content=\"2025-05-21T23:30:10+00:00\" \/>\n<meta property=\"og:image\" content=\"https:\/\/www.nettali.com\/wp-content\/uploads\/2024\/07\/Senegal-Bassirou-Diomaye-Faye-un-president-qui-revolutionne-la-gouvernance-depuis-mars-2024_thumbnail.jpg\" \/>\n\t<meta property=\"og:image:width\" content=\"800\" \/>\n\t<meta property=\"og:image:height\" content=\"470\" \/>\n<meta name=\"twitter:card\" content=\"summary_large_image\" \/>\n<meta name=\"twitter:label1\" content=\"\u00c9crit par\" \/>\n\t<meta name=\"twitter:data1\" content=\"Fatou\" \/>\n\t<meta name=\"twitter:label2\" content=\"Dur\u00e9e de lecture estim\u00e9e\" \/>\n\t<meta name=\"twitter:data2\" content=\"2 minutes\" \/>\n<script type=\"application\/ld+json\" class=\"yoast-schema-graph\">{\"@context\":\"https:\/\/schema.org\",\"@graph\":[{\"@type\":\"WebSite\",\"@id\":\"https:\/\/www.nettali.com\/#website\",\"url\":\"https:\/\/www.nettali.com\/\",\"name\":\"Nettali.com\",\"description\":\"Le rendez-vous critique du Net\",\"potentialAction\":[{\"@type\":\"SearchAction\",\"target\":{\"@type\":\"EntryPoint\",\"urlTemplate\":\"https:\/\/www.nettali.com\/?s={search_term_string}\"},\"query-input\":\"required name=search_term_string\"}],\"inLanguage\":\"fr-FR\"},{\"@type\":\"ImageObject\",\"@id\":\"https:\/\/www.nettali.com\/2025\/05\/21\/gestion-du-pays-le-president-diomaye-veut-impliquer-pleinement-la-diaspora\/#primaryimage\",\"inLanguage\":\"fr-FR\",\"url\":\"https:\/\/www.nettali.com\/wp-content\/uploads\/2024\/07\/Senegal-Bassirou-Diomaye-Faye-un-president-qui-revolutionne-la-gouvernance-depuis-mars-2024_thumbnail.jpg\",\"contentUrl\":\"https:\/\/www.nettali.com\/wp-content\/uploads\/2024\/07\/Senegal-Bassirou-Diomaye-Faye-un-president-qui-revolutionne-la-gouvernance-depuis-mars-2024_thumbnail.jpg\",\"width\":800,\"height\":470},{\"@type\":\"WebPage\",\"@id\":\"https:\/\/www.nettali.com\/2025\/05\/21\/gestion-du-pays-le-president-diomaye-veut-impliquer-pleinement-la-diaspora\/#webpage\",\"url\":\"https:\/\/www.nettali.com\/2025\/05\/21\/gestion-du-pays-le-president-diomaye-veut-impliquer-pleinement-la-diaspora\/\",\"name\":\"GESTION DU PAYS- Le Pr\\u00e9sident Diomaye veut impliquer pleinement la Diaspora | Nettali.com\",\"isPartOf\":{\"@id\":\"https:\/\/www.nettali.com\/#website\"},\"primaryImageOfPage\":{\"@id\":\"https:\/\/www.nettali.com\/2025\/05\/21\/gestion-du-pays-le-president-diomaye-veut-impliquer-pleinement-la-diaspora\/#primaryimage\"},\"datePublished\":\"2025-05-21T23:30:10+00:00\",\"dateModified\":\"2025-05-21T23:30:10+00:00\",\"author\":{\"@id\":\"https:\/\/www.nettali.com\/#\/schema\/person\/418274a86bdf87caff7a3ef476bd0bbf\"},\"breadcrumb\":{\"@id\":\"https:\/\/www.nettali.com\/2025\/05\/21\/gestion-du-pays-le-president-diomaye-veut-impliquer-pleinement-la-diaspora\/#breadcrumb\"},\"inLanguage\":\"fr-FR\",\"potentialAction\":[{\"@type\":\"ReadAction\",\"target\":[\"https:\/\/www.nettali.com\/2025\/05\/21\/gestion-du-pays-le-president-diomaye-veut-impliquer-pleinement-la-diaspora\/\"]}]},{\"@type\":\"BreadcrumbList\",\"@id\":\"https:\/\/www.nettali.com\/2025\/05\/21\/gestion-du-pays-le-president-diomaye-veut-impliquer-pleinement-la-diaspora\/#breadcrumb\",\"itemListElement\":[{\"@type\":\"ListItem\",\"position\":1,\"name\":\"Accueil\",\"item\":\"https:\/\/www.nettali.com\/\"},{\"@type\":\"ListItem\",\"position\":2,\"name\":\"GESTION DU PAYS- Le Pr\\u00e9sident Diomaye veut impliquer pleinement la Diaspora\"}]},{\"@type\":\"Person\",\"@id\":\"https:\/\/www.nettali.com\/#\/schema\/person\/418274a86bdf87caff7a3ef476bd0bbf\",\"name\":\"Fatou\",\"image\":{\"@type\":\"ImageObject\",\"@id\":\"https:\/\/www.nettali.com\/#personlogo\",\"inLanguage\":\"fr-FR\",\"url\":\"https:\/\/secure.gravatar.com\/avatar\/5a9442a2bee7b4dcf167cab035858e9a?s=96&d=mm&r=g\",\"contentUrl\":\"https:\/\/secure.gravatar.com\/avatar\/5a9442a2bee7b4dcf167cab035858e9a?s=96&d=mm&r=g\",\"caption\":\"Fatou\"},\"sameAs\":[\"https:\/\/www.nettali.com\"]}]}<\/script>\n<!-- \/ Yoast SEO Premium plugin. -->","yoast_head_json":{"title":"GESTION DU PAYS- Le Pr\u00e9sident Diomaye veut impliquer pleinement la Diaspora | Nettali.com","robots":{"index":"index","follow":"follow","max-snippet":"max-snippet:-1","max-image-preview":"max-image-preview:large","max-video-preview":"max-video-preview:-1"},"canonical":"https:\/\/www.nettali.com\/2025\/05\/21\/gestion-du-pays-le-president-diomaye-veut-impliquer-pleinement-la-diaspora\/","og_locale":"fr_FR","og_type":"article","og_title":"GESTION DU PAYS- Le Pr\u00e9sident Diomaye veut impliquer pleinement la Diaspora","og_description":"NETTALI.COM- Lors du Conseil des ministres\u00a0 ce mercredi 21 mai 2025, le pr\u00e9sident de la R\u00e9publique a ouvert une large fen\u00eatre sur la Diaspora. Tout en saluant le r\u00f4le que joue la Diaspora au bon fonctionnement du pays, Bassirou Diomaye a \u00e9mis le souhait de l\u2019impliquer davantage dans les affaires de l\u2019\u00c9tat. La diaspora s\u00e9n\u00e9galaise [&hellip;]","og_url":"https:\/\/www.nettali.com\/2025\/05\/21\/gestion-du-pays-le-president-diomaye-veut-impliquer-pleinement-la-diaspora\/","og_site_name":"Nettali.com","article_publisher":"https:\/\/www.facebook.com\/nettalicom","article_published_time":"2025-05-21T23:30:10+00:00","og_image":[{"width":800,"height":470,"url":"https:\/\/www.nettali.com\/wp-content\/uploads\/2024\/07\/Senegal-Bassirou-Diomaye-Faye-un-president-qui-revolutionne-la-gouvernance-depuis-mars-2024_thumbnail.jpg","type":"image\/jpeg"}],"twitter_card":"summary_large_image","twitter_misc":{"\u00c9crit par":"Fatou","Dur\u00e9e de lecture estim\u00e9e":"2 minutes"},"schema":{"@context":"https:\/\/schema.org","@graph":[{"@type":"WebSite","@id":"https:\/\/www.nettali.com\/#website","url":"https:\/\/www.nettali.com\/","name":"Nettali.com","description":"Le rendez-vous critique du Net","potentialAction":[{"@type":"SearchAction","target":{"@type":"EntryPoint","urlTemplate":"https:\/\/www.nettali.com\/?s={search_term_string}"},"query-input":"required name=search_term_string"}],"inLanguage":"fr-FR"},{"@type":"ImageObject","@id":"https:\/\/www.nettali.com\/2025\/05\/21\/gestion-du-pays-le-president-diomaye-veut-impliquer-pleinement-la-diaspora\/#primaryimage","inLanguage":"fr-FR","url":"https:\/\/www.nettali.com\/wp-content\/uploads\/2024\/07\/Senegal-Bassirou-Diomaye-Faye-un-president-qui-revolutionne-la-gouvernance-depuis-mars-2024_thumbnail.jpg","contentUrl":"https:\/\/www.nettali.com\/wp-content\/uploads\/2024\/07\/Senegal-Bassirou-Diomaye-Faye-un-president-qui-revolutionne-la-gouvernance-depuis-mars-2024_thumbnail.jpg","width":800,"height":470},{"@type":"WebPage","@id":"https:\/\/www.nettali.com\/2025\/05\/21\/gestion-du-pays-le-president-diomaye-veut-impliquer-pleinement-la-diaspora\/#webpage","url":"https:\/\/www.nettali.com\/2025\/05\/21\/gestion-du-pays-le-president-diomaye-veut-impliquer-pleinement-la-diaspora\/","name":"GESTION DU PAYS- Le Pr\u00e9sident Diomaye veut impliquer pleinement la Diaspora | Nettali.com","isPartOf":{"@id":"https:\/\/www.nettali.com\/#website"},"primaryImageOfPage":{"@id":"https:\/\/www.nettali.com\/2025\/05\/21\/gestion-du-pays-le-president-diomaye-veut-impliquer-pleinement-la-diaspora\/#primaryimage"},"datePublished":"2025-05-21T23:30:10+00:00","dateModified":"2025-05-21T23:30:10+00:00","author":{"@id":"https:\/\/www.nettali.com\/#\/schema\/person\/418274a86bdf87caff7a3ef476bd0bbf"},"breadcrumb":{"@id":"https:\/\/www.nettali.com\/2025\/05\/21\/gestion-du-pays-le-president-diomaye-veut-impliquer-pleinement-la-diaspora\/#breadcrumb"},"inLanguage":"fr-FR","potentialAction":[{"@type":"ReadAction","target":["https:\/\/www.nettali.com\/2025\/05\/21\/gestion-du-pays-le-president-diomaye-veut-impliquer-pleinement-la-diaspora\/"]}]},{"@type":"BreadcrumbList","@id":"https:\/\/www.nettali.com\/2025\/05\/21\/gestion-du-pays-le-president-diomaye-veut-impliquer-pleinement-la-diaspora\/#breadcrumb","itemListElement":[{"@type":"ListItem","position":1,"name":"Accueil","item":"https:\/\/www.nettali.com\/"},{"@type":"ListItem","position":2,"name":"GESTION DU PAYS- Le Pr\u00e9sident Diomaye veut impliquer pleinement la Diaspora"}]},{"@type":"Person","@id":"https:\/\/www.nettali.com\/#\/schema\/person\/418274a86bdf87caff7a3ef476bd0bbf","name":"Fatou","image":{"@type":"ImageObject","@id":"https:\/\/www.nettali.com\/#personlogo","inLanguage":"fr-FR","url":"https:\/\/secure.gravatar.com\/avatar\/5a9442a2bee7b4dcf167cab035858e9a?s=96&d=mm&r=g","contentUrl":"https:\/\/secure.gravatar.com\/avatar\/5a9442a2bee7b4dcf167cab035858e9a?s=96&d=mm&r=g","caption":"Fatou"},"sameAs":["https:\/\/www.nettali.com"]}]}},"_links":{"self":[{"href":"https:\/\/www.nettali.com\/rest\/wp\/v2\/posts\/154543"}],"collection":[{"href":"https:\/\/www.nettali.com\/rest\/wp\/v2\/posts"}],"about":[{"href":"https:\/\/www.nettali.com\/rest\/wp\/v2\/types\/post"}],"author":[{"embeddable":true,"href":"https:\/\/www.nettali.com\/rest\/wp\/v2\/users\/6"}],"replies":[{"embeddable":true,"href":"https:\/\/www.nettali.com\/rest\/wp\/v2\/comments?post=154543"}],"version-history":[{"count":2,"href":"https:\/\/www.nettali.com\/rest\/wp\/v2\/posts\/154543\/revisions"}],"predecessor-version":[{"id":154547,"href":"https:\/\/www.nettali.com\/rest\/wp\/v2\/posts\/154543\/revisions\/154547"}],"wp:featuredmedia":[{"embeddable":true,"href":"https:\/\/www.nettali.com\/rest\/wp\/v2\/media\/136736"}],"wp:attachment":[{"href":"https:\/\/www.nettali.com\/rest\/wp\/v2\/media?parent=154543"}],"wp:term":[{"taxonomy":"category","embeddable":true,"href":"https:\/\/www.nettali.com\/rest\/wp\/v2\/categories?post=154543"},{"taxonomy":"post_tag","embeddable":true,"href":"https:\/\/www.nettali.com\/rest\/wp\/v2\/tags?post=154543"}],"curies":[{"name":"wp","href":"https:\/\/api.w.org\/{rel}","templated":true}]}}