{"id":154525,"date":"2025-05-21T19:22:38","date_gmt":"2025-05-21T19:22:38","guid":{"rendered":"https:\/\/www.nettali.com\/?p=154525"},"modified":"2025-05-21T20:20:37","modified_gmt":"2025-05-21T20:20:37","slug":"drame-dun-infirmier-a-koungheul-le-sutsas-decrete-une-journee-noire-le-vendredi-23-mai-2025","status":"publish","type":"post","link":"https:\/\/www.nettali.com\/2025\/05\/21\/drame-dun-infirmier-a-koungheul-le-sutsas-decrete-une-journee-noire-le-vendredi-23-mai-2025\/","title":{"rendered":"AGRESSION MORTELLE D\u2019UN INFIRMIER \u00c0 KOUNGHEUL - Le Sutsas d\u00e9cr\u00e8te une journ\u00e9e noire le vendredi 23 mai 2025"},"content":{"rendered":"<p><strong>NETTALI.COM- C'est la col\u00e8re et la consternation chez les syndicalistes de la sant\u00e9, suite au meurtre de Mamadou Samba Diallo, infirmier chef poste sant\u00e9 de Arafat, un village de la commune de Missirah Wad\u00e8ne, \u00e0 Koungheul. Le Sutsas annonce une journ\u00e9e noire le vendredi 23 main 2025.<\/strong><\/p>\n<p>Dans la nuit ce mardi 21 mai vers 02 heures du matin, l\u2019infirmier chef poste sant\u00e9 de Arafat (DS Kounghueul\/DRS Kaffrine), Mamadou Samba Diallo a \u00e9t\u00e9 agress\u00e9 mortellement dans son logement de fonction. Ce drame met en col\u00e8re les syndicalistes de la sant\u00e9. Le secr\u00e9tariat ex\u00e9cutif permanent du Syndicat autonome des travailleurs de la sant\u00e9 et de l\u2019action sociale ( Sep Sutsas ) condamne cet acte ignoble et d\u00e9clare ce vendredi 23 mai 2025,\u00a0 \u00a0\" journ\u00e9e noire\"<\/p>\n<p>\u00ab <em>Le SEP du SUTSAS condamne avec la derni\u00e8re \u00e9nergie cet ignoble et \u00e9ni\u00e8me acte et d\u00e9plore la r\u00e9currence du vandalisme dans nos structures sanitaires devant l\u2019inertie des autorit\u00e9s et prie pour le repos de son \u00e2me<\/em> \u00bb d\u00e9clare le Sep dans un communiqu\u00e9.<\/p>\n<p>C'est pourquoi\u00a0 les syndicalistes ont d\u00e9cid\u00e9 une journ\u00e9e noire marqu\u00e9e par des pri\u00e8res, du port de brassards noirs et de sits- in dans tous les districts sanitaires du S\u00e9n\u00e9gal.<\/p>\n<p>\u00ab Les secr\u00e9taires g\u00e9n\u00e9raux r\u00e9gionaux, d\u00e9partementaux et locaux sont charg\u00e9s de l\u2019encadrement des activit\u00e9s. Le SEP confirme l\u2019arr\u00eat r\u00e9gional de travail d\u2019aujourd\u2019hui \u00e0 partir de 09 heures d\u00e9cr\u00e9t\u00e9 par l\u2019union r\u00e9gionale SUTSAS de Kaffrine en guise de protestation et de r\u00e9clamation de la s\u00e9curit\u00e9 dans les lieux de travail et pr\u00e9sente ses condol\u00e9ances \u00e0 la famille \u00e9plor\u00e9e \u00bb lit-on dans le communiqu\u00e9.<\/p>\n<div class='share-to-whatsapp-wrapper'><div class='share-on-whsp'>PARTAGER SUR : <\/div><a data-text='AGRESSION MORTELLE D\u2019UN INFIRMIER \u00c0 KOUNGHEUL - Le Sutsas d\u00e9cr\u00e8te une journ\u00e9e noire le vendredi 23 mai 2025' data-link='https:\/\/www.nettali.com\/2025\/05\/21\/drame-dun-infirmier-a-koungheul-le-sutsas-decrete-une-journee-noire-le-vendredi-23-mai-2025\/' class='whatsapp-button whatsapp-share'>WhatsApp<\/a><div class='clear '><\/div><\/div>","protected":false},"excerpt":{"rendered":"<p>NETTALI.COM- C'est la col\u00e8re et la consternation chez les syndicalistes de la sant\u00e9, suite au meurtre de Mamadou Samba Diallo, infirmier chef poste sant\u00e9 de Arafat, un village de la commune de Missirah Wad\u00e8ne, \u00e0 Koungheul. Le Sutsas annonce une journ\u00e9e noire le vendredi 23 main 2025. Dans la nuit ce mardi 21 mai vers [&hellip;]<\/p>\n","protected":false},"author":6,"featured_media":154530,"comment_status":"open","ping_status":"open","sticky":false,"template":"","format":"standard","meta":{"_et_pb_use_builder":"","_et_pb_old_content":""},"categories":[22],"tags":[],"yoast_head":"<!-- This site is optimized with the Yoast SEO Premium plugin v17.8 (Yoast SEO v17.8) - https:\/\/yoast.com\/wordpress\/plugins\/seo\/ -->\n<title>AGRESSION MORTELLE D\u2019UN INFIRMIER \u00c0 KOUNGHEUL - Le Sutsas d\u00e9cr\u00e8te une journ\u00e9e noire le vendredi 23 mai 2025 | Nettali.com<\/title>\n<meta name=\"robots\" content=\"index, follow, max-snippet:-1, max-image-preview:large, max-video-preview:-1\" \/>\n<link rel=\"canonical\" href=\"https:\/\/www.nettali.com\/2025\/05\/21\/drame-dun-infirmier-a-koungheul-le-sutsas-decrete-une-journee-noire-le-vendredi-23-mai-2025\/\" \/>\n<meta property=\"og:locale\" content=\"fr_FR\" \/>\n<meta property=\"og:type\" content=\"article\" \/>\n<meta property=\"og:title\" content=\"AGRESSION MORTELLE D\u2019UN INFIRMIER \u00c0 KOUNGHEUL - Le Sutsas d\u00e9cr\u00e8te une journ\u00e9e noire le vendredi 23 mai 2025\" \/>\n<meta property=\"og:description\" content=\"NETTALI.COM- C&#039;est la col\u00e8re et la consternation chez les syndicalistes de la sant\u00e9, suite au meurtre de Mamadou Samba Diallo, infirmier chef poste sant\u00e9 de Arafat, un village de la commune de Missirah Wad\u00e8ne, \u00e0 Koungheul. Le Sutsas annonce une journ\u00e9e noire le vendredi 23 main 2025. Dans la nuit ce mardi 21 mai vers [&hellip;]\" \/>\n<meta property=\"og:url\" content=\"https:\/\/www.nettali.com\/2025\/05\/21\/drame-dun-infirmier-a-koungheul-le-sutsas-decrete-une-journee-noire-le-vendredi-23-mai-2025\/\" \/>\n<meta property=\"og:site_name\" content=\"Nettali.com\" \/>\n<meta property=\"article:publisher\" content=\"https:\/\/www.facebook.com\/nettalicom\" \/>\n<meta property=\"article:published_time\" content=\"2025-05-21T19:22:38+00:00\" \/>\n<meta property=\"article:modified_time\" content=\"2025-05-21T20:20:37+00:00\" \/>\n<meta property=\"og:image\" content=\"https:\/\/www.nettali.com\/wp-content\/uploads\/2025\/05\/images-1-1.jpeg\" \/>\n\t<meta property=\"og:image:width\" content=\"225\" \/>\n\t<meta property=\"og:image:height\" content=\"225\" \/>\n<meta name=\"twitter:card\" content=\"summary_large_image\" \/>\n<meta name=\"twitter:label1\" content=\"\u00c9crit par\" \/>\n\t<meta name=\"twitter:data1\" content=\"Fatou\" \/>\n\t<meta name=\"twitter:label2\" content=\"Dur\u00e9e de lecture estim\u00e9e\" \/>\n\t<meta name=\"twitter:data2\" content=\"2 minutes\" \/>\n<script type=\"application\/ld+json\" class=\"yoast-schema-graph\">{\"@context\":\"https:\/\/schema.org\",\"@graph\":[{\"@type\":\"WebSite\",\"@id\":\"https:\/\/www.nettali.com\/#website\",\"url\":\"https:\/\/www.nettali.com\/\",\"name\":\"Nettali.com\",\"description\":\"Le rendez-vous critique du Net\",\"potentialAction\":[{\"@type\":\"SearchAction\",\"target\":{\"@type\":\"EntryPoint\",\"urlTemplate\":\"https:\/\/www.nettali.com\/?s={search_term_string}\"},\"query-input\":\"required name=search_term_string\"}],\"inLanguage\":\"fr-FR\"},{\"@type\":\"ImageObject\",\"@id\":\"https:\/\/www.nettali.com\/2025\/05\/21\/drame-dun-infirmier-a-koungheul-le-sutsas-decrete-une-journee-noire-le-vendredi-23-mai-2025\/#primaryimage\",\"inLanguage\":\"fr-FR\",\"url\":\"https:\/\/www.nettali.com\/wp-content\/uploads\/2025\/05\/images-1-1.jpeg\",\"contentUrl\":\"https:\/\/www.nettali.com\/wp-content\/uploads\/2025\/05\/images-1-1.jpeg\",\"width\":225,\"height\":225},{\"@type\":\"WebPage\",\"@id\":\"https:\/\/www.nettali.com\/2025\/05\/21\/drame-dun-infirmier-a-koungheul-le-sutsas-decrete-une-journee-noire-le-vendredi-23-mai-2025\/#webpage\",\"url\":\"https:\/\/www.nettali.com\/2025\/05\/21\/drame-dun-infirmier-a-koungheul-le-sutsas-decrete-une-journee-noire-le-vendredi-23-mai-2025\/\",\"name\":\"AGRESSION MORTELLE D\\u2019UN INFIRMIER \\u00c0 KOUNGHEUL - Le Sutsas d\\u00e9cr\\u00e8te une journ\\u00e9e noire le vendredi 23 mai 2025 | Nettali.com\",\"isPartOf\":{\"@id\":\"https:\/\/www.nettali.com\/#website\"},\"primaryImageOfPage\":{\"@id\":\"https:\/\/www.nettali.com\/2025\/05\/21\/drame-dun-infirmier-a-koungheul-le-sutsas-decrete-une-journee-noire-le-vendredi-23-mai-2025\/#primaryimage\"},\"datePublished\":\"2025-05-21T19:22:38+00:00\",\"dateModified\":\"2025-05-21T20:20:37+00:00\",\"author\":{\"@id\":\"https:\/\/www.nettali.com\/#\/schema\/person\/418274a86bdf87caff7a3ef476bd0bbf\"},\"breadcrumb\":{\"@id\":\"https:\/\/www.nettali.com\/2025\/05\/21\/drame-dun-infirmier-a-koungheul-le-sutsas-decrete-une-journee-noire-le-vendredi-23-mai-2025\/#breadcrumb\"},\"inLanguage\":\"fr-FR\",\"potentialAction\":[{\"@type\":\"ReadAction\",\"target\":[\"https:\/\/www.nettali.com\/2025\/05\/21\/drame-dun-infirmier-a-koungheul-le-sutsas-decrete-une-journee-noire-le-vendredi-23-mai-2025\/\"]}]},{\"@type\":\"BreadcrumbList\",\"@id\":\"https:\/\/www.nettali.com\/2025\/05\/21\/drame-dun-infirmier-a-koungheul-le-sutsas-decrete-une-journee-noire-le-vendredi-23-mai-2025\/#breadcrumb\",\"itemListElement\":[{\"@type\":\"ListItem\",\"position\":1,\"name\":\"Accueil\",\"item\":\"https:\/\/www.nettali.com\/\"},{\"@type\":\"ListItem\",\"position\":2,\"name\":\"AGRESSION MORTELLE D\\u2019UN INFIRMIER \\u00c0 KOUNGHEUL - Le Sutsas d\\u00e9cr\\u00e8te une journ\\u00e9e noire le vendredi 23 mai 2025\"}]},{\"@type\":\"Person\",\"@id\":\"https:\/\/www.nettali.com\/#\/schema\/person\/418274a86bdf87caff7a3ef476bd0bbf\",\"name\":\"Fatou\",\"image\":{\"@type\":\"ImageObject\",\"@id\":\"https:\/\/www.nettali.com\/#personlogo\",\"inLanguage\":\"fr-FR\",\"url\":\"https:\/\/secure.gravatar.com\/avatar\/5a9442a2bee7b4dcf167cab035858e9a?s=96&d=mm&r=g\",\"contentUrl\":\"https:\/\/secure.gravatar.com\/avatar\/5a9442a2bee7b4dcf167cab035858e9a?s=96&d=mm&r=g\",\"caption\":\"Fatou\"},\"sameAs\":[\"https:\/\/www.nettali.com\"]}]}<\/script>\n<!-- \/ Yoast SEO Premium plugin. -->","yoast_head_json":{"title":"AGRESSION MORTELLE D\u2019UN INFIRMIER \u00c0 KOUNGHEUL - Le Sutsas d\u00e9cr\u00e8te une journ\u00e9e noire le vendredi 23 mai 2025 | Nettali.com","robots":{"index":"index","follow":"follow","max-snippet":"max-snippet:-1","max-image-preview":"max-image-preview:large","max-video-preview":"max-video-preview:-1"},"canonical":"https:\/\/www.nettali.com\/2025\/05\/21\/drame-dun-infirmier-a-koungheul-le-sutsas-decrete-une-journee-noire-le-vendredi-23-mai-2025\/","og_locale":"fr_FR","og_type":"article","og_title":"AGRESSION MORTELLE D\u2019UN INFIRMIER \u00c0 KOUNGHEUL - Le Sutsas d\u00e9cr\u00e8te une journ\u00e9e noire le vendredi 23 mai 2025","og_description":"NETTALI.COM- C'est la col\u00e8re et la consternation chez les syndicalistes de la sant\u00e9, suite au meurtre de Mamadou Samba Diallo, infirmier chef poste sant\u00e9 de Arafat, un village de la commune de Missirah Wad\u00e8ne, \u00e0 Koungheul. Le Sutsas annonce une journ\u00e9e noire le vendredi 23 main 2025. Dans la nuit ce mardi 21 mai vers [&hellip;]","og_url":"https:\/\/www.nettali.com\/2025\/05\/21\/drame-dun-infirmier-a-koungheul-le-sutsas-decrete-une-journee-noire-le-vendredi-23-mai-2025\/","og_site_name":"Nettali.com","article_publisher":"https:\/\/www.facebook.com\/nettalicom","article_published_time":"2025-05-21T19:22:38+00:00","article_modified_time":"2025-05-21T20:20:37+00:00","og_image":[{"width":225,"height":225,"url":"https:\/\/www.nettali.com\/wp-content\/uploads\/2025\/05\/images-1-1.jpeg","type":"image\/jpeg"}],"twitter_card":"summary_large_image","twitter_misc":{"\u00c9crit par":"Fatou","Dur\u00e9e de lecture estim\u00e9e":"2 minutes"},"schema":{"@context":"https:\/\/schema.org","@graph":[{"@type":"WebSite","@id":"https:\/\/www.nettali.com\/#website","url":"https:\/\/www.nettali.com\/","name":"Nettali.com","description":"Le rendez-vous critique du Net","potentialAction":[{"@type":"SearchAction","target":{"@type":"EntryPoint","urlTemplate":"https:\/\/www.nettali.com\/?s={search_term_string}"},"query-input":"required name=search_term_string"}],"inLanguage":"fr-FR"},{"@type":"ImageObject","@id":"https:\/\/www.nettali.com\/2025\/05\/21\/drame-dun-infirmier-a-koungheul-le-sutsas-decrete-une-journee-noire-le-vendredi-23-mai-2025\/#primaryimage","inLanguage":"fr-FR","url":"https:\/\/www.nettali.com\/wp-content\/uploads\/2025\/05\/images-1-1.jpeg","contentUrl":"https:\/\/www.nettali.com\/wp-content\/uploads\/2025\/05\/images-1-1.jpeg","width":225,"height":225},{"@type":"WebPage","@id":"https:\/\/www.nettali.com\/2025\/05\/21\/drame-dun-infirmier-a-koungheul-le-sutsas-decrete-une-journee-noire-le-vendredi-23-mai-2025\/#webpage","url":"https:\/\/www.nettali.com\/2025\/05\/21\/drame-dun-infirmier-a-koungheul-le-sutsas-decrete-une-journee-noire-le-vendredi-23-mai-2025\/","name":"AGRESSION MORTELLE D\u2019UN INFIRMIER \u00c0 KOUNGHEUL - Le Sutsas d\u00e9cr\u00e8te une journ\u00e9e noire le vendredi 23 mai 2025 | Nettali.com","isPartOf":{"@id":"https:\/\/www.nettali.com\/#website"},"primaryImageOfPage":{"@id":"https:\/\/www.nettali.com\/2025\/05\/21\/drame-dun-infirmier-a-koungheul-le-sutsas-decrete-une-journee-noire-le-vendredi-23-mai-2025\/#primaryimage"},"datePublished":"2025-05-21T19:22:38+00:00","dateModified":"2025-05-21T20:20:37+00:00","author":{"@id":"https:\/\/www.nettali.com\/#\/schema\/person\/418274a86bdf87caff7a3ef476bd0bbf"},"breadcrumb":{"@id":"https:\/\/www.nettali.com\/2025\/05\/21\/drame-dun-infirmier-a-koungheul-le-sutsas-decrete-une-journee-noire-le-vendredi-23-mai-2025\/#breadcrumb"},"inLanguage":"fr-FR","potentialAction":[{"@type":"ReadAction","target":["https:\/\/www.nettali.com\/2025\/05\/21\/drame-dun-infirmier-a-koungheul-le-sutsas-decrete-une-journee-noire-le-vendredi-23-mai-2025\/"]}]},{"@type":"BreadcrumbList","@id":"https:\/\/www.nettali.com\/2025\/05\/21\/drame-dun-infirmier-a-koungheul-le-sutsas-decrete-une-journee-noire-le-vendredi-23-mai-2025\/#breadcrumb","itemListElement":[{"@type":"ListItem","position":1,"name":"Accueil","item":"https:\/\/www.nettali.com\/"},{"@type":"ListItem","position":2,"name":"AGRESSION MORTELLE D\u2019UN INFIRMIER \u00c0 KOUNGHEUL - Le Sutsas d\u00e9cr\u00e8te une journ\u00e9e noire le vendredi 23 mai 2025"}]},{"@type":"Person","@id":"https:\/\/www.nettali.com\/#\/schema\/person\/418274a86bdf87caff7a3ef476bd0bbf","name":"Fatou","image":{"@type":"ImageObject","@id":"https:\/\/www.nettali.com\/#personlogo","inLanguage":"fr-FR","url":"https:\/\/secure.gravatar.com\/avatar\/5a9442a2bee7b4dcf167cab035858e9a?s=96&d=mm&r=g","contentUrl":"https:\/\/secure.gravatar.com\/avatar\/5a9442a2bee7b4dcf167cab035858e9a?s=96&d=mm&r=g","caption":"Fatou"},"sameAs":["https:\/\/www.nettali.com"]}]}},"_links":{"self":[{"href":"https:\/\/www.nettali.com\/rest\/wp\/v2\/posts\/154525"}],"collection":[{"href":"https:\/\/www.nettali.com\/rest\/wp\/v2\/posts"}],"about":[{"href":"https:\/\/www.nettali.com\/rest\/wp\/v2\/types\/post"}],"author":[{"embeddable":true,"href":"https:\/\/www.nettali.com\/rest\/wp\/v2\/users\/6"}],"replies":[{"embeddable":true,"href":"https:\/\/www.nettali.com\/rest\/wp\/v2\/comments?post=154525"}],"version-history":[{"count":7,"href":"https:\/\/www.nettali.com\/rest\/wp\/v2\/posts\/154525\/revisions"}],"predecessor-version":[{"id":154536,"href":"https:\/\/www.nettali.com\/rest\/wp\/v2\/posts\/154525\/revisions\/154536"}],"wp:featuredmedia":[{"embeddable":true,"href":"https:\/\/www.nettali.com\/rest\/wp\/v2\/media\/154530"}],"wp:attachment":[{"href":"https:\/\/www.nettali.com\/rest\/wp\/v2\/media?parent=154525"}],"wp:term":[{"taxonomy":"category","embeddable":true,"href":"https:\/\/www.nettali.com\/rest\/wp\/v2\/categories?post=154525"},{"taxonomy":"post_tag","embeddable":true,"href":"https:\/\/www.nettali.com\/rest\/wp\/v2\/tags?post=154525"}],"curies":[{"name":"wp","href":"https:\/\/api.w.org\/{rel}","templated":true}]}}