{"id":154523,"date":"2025-05-21T17:18:52","date_gmt":"2025-05-21T17:18:52","guid":{"rendered":"https:\/\/www.nettali.com\/?p=154523"},"modified":"2025-05-21T16:20:43","modified_gmt":"2025-05-21T16:20:43","slug":"tchad-lopposant-succes-masra-place-en-detention-provisoire","status":"publish","type":"post","link":"https:\/\/www.nettali.com\/2025\/05\/21\/tchad-lopposant-succes-masra-place-en-detention-provisoire\/","title":{"rendered":"TCHAD -\u00a0 L\u2019opposant Succ\u00e8s Masra plac\u00e9 en d\u00e9tention provisoire"},"content":{"rendered":"<p class=\"\" data-start=\"318\" data-end=\"668\"><strong data-start=\"318\" data-end=\"668\">NETTALI.COM - Arr\u00eat\u00e9 le 16 mai 2025, l\u2019ancien Premier ministre et candidat malheureux \u00e0 la pr\u00e9sidentielle de 2024, Succ\u00e8s Masra, a \u00e9t\u00e9 plac\u00e9 en d\u00e9tention provisoire ce mercredi \u00e0 N\u2019Djamena. La justice tchadienne le soup\u00e7onne notamment d\u2019incitation \u00e0 la haine et de complicit\u00e9 dans le massacre de 42 civils \u00e0 Mandakao. Ses avocats d\u00e9noncent un proc\u00e8s politique.<\/strong><\/p>\n<p class=\"\" data-start=\"670\" data-end=\"1121\">L\u2019opposant tchadien Succ\u00e8s Masra, ancien Premier ministre et chef du parti Les Transformateurs, a \u00e9t\u00e9 officiellement plac\u00e9 en d\u00e9tention provisoire ce mercredi 21 mai 2025, pr\u00e8s d\u2019une semaine apr\u00e8s son arrestation. Cette d\u00e9cision judiciaire intervient dans un contexte politique particuli\u00e8rement tendu au Tchad, o\u00f9 les tensions communautaires et les affrontements politico-ethniques se sont accentu\u00e9s depuis l\u2019\u00e9lection pr\u00e9sidentielle contest\u00e9e de 2024.<\/p>\n<p class=\"\" data-start=\"1123\" data-end=\"1174\"><strong data-start=\"1123\" data-end=\"1174\">Des accusations lourdes et un contexte explosif<\/strong><\/p>\n<p class=\"\" data-start=\"1176\" data-end=\"1635\">Arr\u00eat\u00e9 le 16 mai dernier, M. Masra est poursuivi pour des chefs d\u2019inculpation graves : <em data-start=\"1263\" data-end=\"1422\">incitation \u00e0 la haine et \u00e0 la r\u00e9volte, constitution et complicit\u00e9 de bandes arm\u00e9es, complicit\u00e9 d\u2019assassinat, incendie volontaire et profanation de s\u00e9pultures<\/em>. Selon la justice tchadienne, il serait impliqu\u00e9 dans le massacre de 42 civils \u2014 majoritairement des femmes et des enfants \u2014 survenu le 14 mai \u00e0 Mandakao, dans la r\u00e9gion du Logone-Occidental, dans le sud du pays.<\/p>\n<p class=\"\" data-start=\"1637\" data-end=\"1885\">Ses avocats, Mes Oumdade Yagoua et Ngol\u00e9 Mannro, ont indiqu\u00e9 que leur client, qui \u00e9tait en garde \u00e0 vue depuis son interpellation, a \u00e9t\u00e9 d\u00e9f\u00e9r\u00e9 au parquet puis pr\u00e9sent\u00e9 \u00e0 un juge d\u2019instruction avant que soit ordonn\u00e9e sa mise en d\u00e9tention provisoire.<\/p>\n<p class=\"\" data-start=\"1887\" data-end=\"1954\"><strong data-start=\"1887\" data-end=\"1954\">Un message audio controvers\u00e9 et des accusations de manipulation<\/strong><\/p>\n<p class=\"\" data-start=\"1956\" data-end=\"2371\">Au c\u0153ur du dossier \u00e0 charge figure un message audio attribu\u00e9 \u00e0 Succ\u00e8s Masra, datant suppos\u00e9ment de mai 2023, dans lequel il aurait encourag\u00e9 ses partisans \u00e0 prendre les armes. Selon la traduction officielle de cet enregistrement en langue ngambaye : <em data-start=\"2206\" data-end=\"2371\">\u00ab Apprenons-nous les uns et les autres \u00e0 utiliser une arme \u00e0 feu. Que ce soit fille ou gar\u00e7on, que ce soit femme ou homme\u2026 soyons tous des boucliers protecteurs \u00bb.<\/em><\/p>\n<p class=\"\" data-start=\"2373\" data-end=\"2772\">Ses partisans d\u00e9noncent cependant un <em data-start=\"2410\" data-end=\"2432\">\u00ab montage grossier \u00bb<\/em> et un <em data-start=\"2439\" data-end=\"2460\">\u00ab mensonge d\u2019\u00c9tat \u00bb<\/em> visant \u00e0 neutraliser une figure politique montante. Dans un communiqu\u00e9 diffus\u00e9 dimanche, ils ont estim\u00e9 qu\u2019il s\u2019agissait d\u2019une man\u0153uvre d\u2019intimidation orchestr\u00e9e par un pouvoir inquiet de la popularit\u00e9 du leader des Transformateurs, qu\u2019ils consid\u00e8rent comme <em data-start=\"2719\" data-end=\"2772\">\u00ab le vainqueur r\u00e9el de la pr\u00e9sidentielle de 2024 \u00bb.<\/em><\/p>\n<p class=\"\" data-start=\"2774\" data-end=\"2838\"><strong data-start=\"2774\" data-end=\"2838\">Un retour d\u2019exil et des tensions communautaires persistantes<\/strong><\/p>\n<p class=\"\" data-start=\"2840\" data-end=\"3214\">Succ\u00e8s Masra avait b\u00e9n\u00e9fici\u00e9 d\u2019une loi d\u2019amnistie g\u00e9n\u00e9rale incluse dans l\u2019accord de r\u00e9conciliation de Kinshasa en f\u00e9vrier 2024, apr\u00e8s plusieurs mois d\u2019exil \u00e0 la suite de la r\u00e9pression meurtri\u00e8re d\u2019une manifestation de ses partisans en octobre 2022. Son retour au Tchad et sa participation \u00e0 l\u2019\u00e9lection pr\u00e9sidentielle avaient raviv\u00e9 les clivages politiques et communautaires.<\/p>\n<p class=\"\" data-start=\"3216\" data-end=\"3513\">Originaire du sud du pays et issu de l\u2019ethnie ngambaye, M. Masra b\u00e9n\u00e9ficie d\u2019un fort soutien dans cette r\u00e9gion majoritairement chr\u00e9tienne et animiste, qui se plaint depuis des ann\u00e9es d\u2019\u00eatre marginalis\u00e9e par le pouvoir central de N\u2019Djamena, domin\u00e9 par les populations du nord, \u00e0 majorit\u00e9 musulmane.<\/p>\n<p class=\"\" data-start=\"3515\" data-end=\"3557\"><strong data-start=\"3515\" data-end=\"3557\">Des conflits agro-pastoraux meurtriers<\/strong><\/p>\n<p class=\"\" data-start=\"3559\" data-end=\"3919\">Le sud tchadien, th\u00e9\u00e2tre du massacre de Mandakao, reste la r\u00e9gion la plus affect\u00e9e par les conflits intercommunautaires, li\u00e9s \u00e0 la cohabitation difficile entre \u00e9leveurs nomades et agriculteurs s\u00e9dentaires. D\u2019apr\u00e8s les Nations unies et l\u2019International Crisis Group, ces violences ont caus\u00e9 plus d\u2019un millier de morts et quelque 2.000 bless\u00e9s entre 2021 et 2024.<\/p>\n<p class=\"\" data-start=\"3921\" data-end=\"4103\">Dans ce climat tendu, le proc\u00e8s annonc\u00e9 de Succ\u00e8s Masra s\u2019annonce explosif. Son parti a d\u00e9j\u00e0 pr\u00e9vu de r\u00e9agir publiquement lors d\u2019une conf\u00e9rence de presse \u00e0 16h00 locales ce mercredi.<\/p>\n<div class='share-to-whatsapp-wrapper'><div class='share-on-whsp'>PARTAGER SUR : <\/div><a data-text='TCHAD -\u00a0 L\u2019opposant Succ\u00e8s Masra plac\u00e9 en d\u00e9tention provisoire' data-link='https:\/\/www.nettali.com\/2025\/05\/21\/tchad-lopposant-succes-masra-place-en-detention-provisoire\/' class='whatsapp-button whatsapp-share'>WhatsApp<\/a><div class='clear '><\/div><\/div>","protected":false},"excerpt":{"rendered":"<p>NETTALI.COM - Arr\u00eat\u00e9 le 16 mai 2025, l\u2019ancien Premier ministre et candidat malheureux \u00e0 la pr\u00e9sidentielle de 2024, Succ\u00e8s Masra, a \u00e9t\u00e9 plac\u00e9 en d\u00e9tention provisoire ce mercredi \u00e0 N\u2019Djamena. La justice tchadienne le soup\u00e7onne notamment d\u2019incitation \u00e0 la haine et de complicit\u00e9 dans le massacre de 42 civils \u00e0 Mandakao. Ses avocats d\u00e9noncent un [&hellip;]<\/p>\n","protected":false},"author":4,"featured_media":154265,"comment_status":"open","ping_status":"open","sticky":false,"template":"","format":"standard","meta":{"_et_pb_use_builder":"","_et_pb_old_content":""},"categories":[3],"tags":[],"yoast_head":"<!-- This site is optimized with the Yoast SEO Premium plugin v17.8 (Yoast SEO v17.8) - https:\/\/yoast.com\/wordpress\/plugins\/seo\/ -->\n<title>TCHAD -\u00a0 L\u2019opposant Succ\u00e8s Masra plac\u00e9 en d\u00e9tention provisoire | Nettali.com<\/title>\n<meta name=\"robots\" content=\"index, follow, max-snippet:-1, max-image-preview:large, max-video-preview:-1\" \/>\n<link rel=\"canonical\" href=\"https:\/\/www.nettali.com\/2025\/05\/21\/tchad-lopposant-succes-masra-place-en-detention-provisoire\/\" \/>\n<meta property=\"og:locale\" content=\"fr_FR\" \/>\n<meta property=\"og:type\" content=\"article\" \/>\n<meta property=\"og:title\" content=\"TCHAD -\u00a0 L\u2019opposant Succ\u00e8s Masra plac\u00e9 en d\u00e9tention provisoire\" \/>\n<meta property=\"og:description\" content=\"NETTALI.COM - Arr\u00eat\u00e9 le 16 mai 2025, l\u2019ancien Premier ministre et candidat malheureux \u00e0 la pr\u00e9sidentielle de 2024, Succ\u00e8s Masra, a \u00e9t\u00e9 plac\u00e9 en d\u00e9tention provisoire ce mercredi \u00e0 N\u2019Djamena. La justice tchadienne le soup\u00e7onne notamment d\u2019incitation \u00e0 la haine et de complicit\u00e9 dans le massacre de 42 civils \u00e0 Mandakao. Ses avocats d\u00e9noncent un [&hellip;]\" \/>\n<meta property=\"og:url\" content=\"https:\/\/www.nettali.com\/2025\/05\/21\/tchad-lopposant-succes-masra-place-en-detention-provisoire\/\" \/>\n<meta property=\"og:site_name\" content=\"Nettali.com\" \/>\n<meta property=\"article:publisher\" content=\"https:\/\/www.facebook.com\/nettalicom\" \/>\n<meta property=\"article:published_time\" content=\"2025-05-21T17:18:52+00:00\" \/>\n<meta property=\"article:modified_time\" content=\"2025-05-21T16:20:43+00:00\" \/>\n<meta property=\"og:image\" content=\"https:\/\/www.nettali.com\/wp-content\/uploads\/2025\/05\/Capture-de\u0301cran-2025-05-16-a\u0300-10.26.51.png\" \/>\n\t<meta property=\"og:image:width\" content=\"988\" \/>\n\t<meta property=\"og:image:height\" content=\"531\" \/>\n<meta name=\"twitter:card\" content=\"summary_large_image\" \/>\n<meta name=\"twitter:label1\" content=\"\u00c9crit par\" \/>\n\t<meta name=\"twitter:data1\" content=\"Daouda\" \/>\n\t<meta name=\"twitter:label2\" content=\"Dur\u00e9e de lecture estim\u00e9e\" \/>\n\t<meta name=\"twitter:data2\" content=\"3 minutes\" \/>\n<script type=\"application\/ld+json\" class=\"yoast-schema-graph\">{\"@context\":\"https:\/\/schema.org\",\"@graph\":[{\"@type\":\"WebSite\",\"@id\":\"https:\/\/www.nettali.com\/#website\",\"url\":\"https:\/\/www.nettali.com\/\",\"name\":\"Nettali.com\",\"description\":\"Le rendez-vous critique du Net\",\"potentialAction\":[{\"@type\":\"SearchAction\",\"target\":{\"@type\":\"EntryPoint\",\"urlTemplate\":\"https:\/\/www.nettali.com\/?s={search_term_string}\"},\"query-input\":\"required name=search_term_string\"}],\"inLanguage\":\"fr-FR\"},{\"@type\":\"ImageObject\",\"@id\":\"https:\/\/www.nettali.com\/2025\/05\/21\/tchad-lopposant-succes-masra-place-en-detention-provisoire\/#primaryimage\",\"inLanguage\":\"fr-FR\",\"url\":\"https:\/\/www.nettali.com\/wp-content\/uploads\/2025\/05\/Capture-de\\u0301cran-2025-05-16-a\\u0300-10.26.51.png\",\"contentUrl\":\"https:\/\/www.nettali.com\/wp-content\/uploads\/2025\/05\/Capture-de\\u0301cran-2025-05-16-a\\u0300-10.26.51.png\",\"width\":988,\"height\":531},{\"@type\":\"WebPage\",\"@id\":\"https:\/\/www.nettali.com\/2025\/05\/21\/tchad-lopposant-succes-masra-place-en-detention-provisoire\/#webpage\",\"url\":\"https:\/\/www.nettali.com\/2025\/05\/21\/tchad-lopposant-succes-masra-place-en-detention-provisoire\/\",\"name\":\"TCHAD -\\u00a0 L\\u2019opposant Succ\\u00e8s Masra plac\\u00e9 en d\\u00e9tention provisoire | Nettali.com\",\"isPartOf\":{\"@id\":\"https:\/\/www.nettali.com\/#website\"},\"primaryImageOfPage\":{\"@id\":\"https:\/\/www.nettali.com\/2025\/05\/21\/tchad-lopposant-succes-masra-place-en-detention-provisoire\/#primaryimage\"},\"datePublished\":\"2025-05-21T17:18:52+00:00\",\"dateModified\":\"2025-05-21T16:20:43+00:00\",\"author\":{\"@id\":\"https:\/\/www.nettali.com\/#\/schema\/person\/3317e0bb3aa1da309fbf7b2780901bf4\"},\"breadcrumb\":{\"@id\":\"https:\/\/www.nettali.com\/2025\/05\/21\/tchad-lopposant-succes-masra-place-en-detention-provisoire\/#breadcrumb\"},\"inLanguage\":\"fr-FR\",\"potentialAction\":[{\"@type\":\"ReadAction\",\"target\":[\"https:\/\/www.nettali.com\/2025\/05\/21\/tchad-lopposant-succes-masra-place-en-detention-provisoire\/\"]}]},{\"@type\":\"BreadcrumbList\",\"@id\":\"https:\/\/www.nettali.com\/2025\/05\/21\/tchad-lopposant-succes-masra-place-en-detention-provisoire\/#breadcrumb\",\"itemListElement\":[{\"@type\":\"ListItem\",\"position\":1,\"name\":\"Accueil\",\"item\":\"https:\/\/www.nettali.com\/\"},{\"@type\":\"ListItem\",\"position\":2,\"name\":\"TCHAD -\\u00a0 L\\u2019opposant Succ\\u00e8s Masra plac\\u00e9 en d\\u00e9tention provisoire\"}]},{\"@type\":\"Person\",\"@id\":\"https:\/\/www.nettali.com\/#\/schema\/person\/3317e0bb3aa1da309fbf7b2780901bf4\",\"name\":\"Daouda\",\"image\":{\"@type\":\"ImageObject\",\"@id\":\"https:\/\/www.nettali.com\/#personlogo\",\"inLanguage\":\"fr-FR\",\"url\":\"https:\/\/secure.gravatar.com\/avatar\/8d143b5a49345098ddcfee1c49c2f47c?s=96&d=mm&r=g\",\"contentUrl\":\"https:\/\/secure.gravatar.com\/avatar\/8d143b5a49345098ddcfee1c49c2f47c?s=96&d=mm&r=g\",\"caption\":\"Daouda\"},\"sameAs\":[\"https:\/\/www.nettali.com\"]}]}<\/script>\n<!-- \/ Yoast SEO Premium plugin. -->","yoast_head_json":{"title":"TCHAD -\u00a0 L\u2019opposant Succ\u00e8s Masra plac\u00e9 en d\u00e9tention provisoire | Nettali.com","robots":{"index":"index","follow":"follow","max-snippet":"max-snippet:-1","max-image-preview":"max-image-preview:large","max-video-preview":"max-video-preview:-1"},"canonical":"https:\/\/www.nettali.com\/2025\/05\/21\/tchad-lopposant-succes-masra-place-en-detention-provisoire\/","og_locale":"fr_FR","og_type":"article","og_title":"TCHAD -\u00a0 L\u2019opposant Succ\u00e8s Masra plac\u00e9 en d\u00e9tention provisoire","og_description":"NETTALI.COM - Arr\u00eat\u00e9 le 16 mai 2025, l\u2019ancien Premier ministre et candidat malheureux \u00e0 la pr\u00e9sidentielle de 2024, Succ\u00e8s Masra, a \u00e9t\u00e9 plac\u00e9 en d\u00e9tention provisoire ce mercredi \u00e0 N\u2019Djamena. La justice tchadienne le soup\u00e7onne notamment d\u2019incitation \u00e0 la haine et de complicit\u00e9 dans le massacre de 42 civils \u00e0 Mandakao. Ses avocats d\u00e9noncent un [&hellip;]","og_url":"https:\/\/www.nettali.com\/2025\/05\/21\/tchad-lopposant-succes-masra-place-en-detention-provisoire\/","og_site_name":"Nettali.com","article_publisher":"https:\/\/www.facebook.com\/nettalicom","article_published_time":"2025-05-21T17:18:52+00:00","article_modified_time":"2025-05-21T16:20:43+00:00","og_image":[{"width":988,"height":531,"url":"https:\/\/www.nettali.com\/wp-content\/uploads\/2025\/05\/Capture-de\u0301cran-2025-05-16-a\u0300-10.26.51.png","type":"image\/png"}],"twitter_card":"summary_large_image","twitter_misc":{"\u00c9crit par":"Daouda","Dur\u00e9e de lecture estim\u00e9e":"3 minutes"},"schema":{"@context":"https:\/\/schema.org","@graph":[{"@type":"WebSite","@id":"https:\/\/www.nettali.com\/#website","url":"https:\/\/www.nettali.com\/","name":"Nettali.com","description":"Le rendez-vous critique du Net","potentialAction":[{"@type":"SearchAction","target":{"@type":"EntryPoint","urlTemplate":"https:\/\/www.nettali.com\/?s={search_term_string}"},"query-input":"required name=search_term_string"}],"inLanguage":"fr-FR"},{"@type":"ImageObject","@id":"https:\/\/www.nettali.com\/2025\/05\/21\/tchad-lopposant-succes-masra-place-en-detention-provisoire\/#primaryimage","inLanguage":"fr-FR","url":"https:\/\/www.nettali.com\/wp-content\/uploads\/2025\/05\/Capture-de\u0301cran-2025-05-16-a\u0300-10.26.51.png","contentUrl":"https:\/\/www.nettali.com\/wp-content\/uploads\/2025\/05\/Capture-de\u0301cran-2025-05-16-a\u0300-10.26.51.png","width":988,"height":531},{"@type":"WebPage","@id":"https:\/\/www.nettali.com\/2025\/05\/21\/tchad-lopposant-succes-masra-place-en-detention-provisoire\/#webpage","url":"https:\/\/www.nettali.com\/2025\/05\/21\/tchad-lopposant-succes-masra-place-en-detention-provisoire\/","name":"TCHAD -\u00a0 L\u2019opposant Succ\u00e8s Masra plac\u00e9 en d\u00e9tention provisoire | Nettali.com","isPartOf":{"@id":"https:\/\/www.nettali.com\/#website"},"primaryImageOfPage":{"@id":"https:\/\/www.nettali.com\/2025\/05\/21\/tchad-lopposant-succes-masra-place-en-detention-provisoire\/#primaryimage"},"datePublished":"2025-05-21T17:18:52+00:00","dateModified":"2025-05-21T16:20:43+00:00","author":{"@id":"https:\/\/www.nettali.com\/#\/schema\/person\/3317e0bb3aa1da309fbf7b2780901bf4"},"breadcrumb":{"@id":"https:\/\/www.nettali.com\/2025\/05\/21\/tchad-lopposant-succes-masra-place-en-detention-provisoire\/#breadcrumb"},"inLanguage":"fr-FR","potentialAction":[{"@type":"ReadAction","target":["https:\/\/www.nettali.com\/2025\/05\/21\/tchad-lopposant-succes-masra-place-en-detention-provisoire\/"]}]},{"@type":"BreadcrumbList","@id":"https:\/\/www.nettali.com\/2025\/05\/21\/tchad-lopposant-succes-masra-place-en-detention-provisoire\/#breadcrumb","itemListElement":[{"@type":"ListItem","position":1,"name":"Accueil","item":"https:\/\/www.nettali.com\/"},{"@type":"ListItem","position":2,"name":"TCHAD -\u00a0 L\u2019opposant Succ\u00e8s Masra plac\u00e9 en d\u00e9tention provisoire"}]},{"@type":"Person","@id":"https:\/\/www.nettali.com\/#\/schema\/person\/3317e0bb3aa1da309fbf7b2780901bf4","name":"Daouda","image":{"@type":"ImageObject","@id":"https:\/\/www.nettali.com\/#personlogo","inLanguage":"fr-FR","url":"https:\/\/secure.gravatar.com\/avatar\/8d143b5a49345098ddcfee1c49c2f47c?s=96&d=mm&r=g","contentUrl":"https:\/\/secure.gravatar.com\/avatar\/8d143b5a49345098ddcfee1c49c2f47c?s=96&d=mm&r=g","caption":"Daouda"},"sameAs":["https:\/\/www.nettali.com"]}]}},"_links":{"self":[{"href":"https:\/\/www.nettali.com\/rest\/wp\/v2\/posts\/154523"}],"collection":[{"href":"https:\/\/www.nettali.com\/rest\/wp\/v2\/posts"}],"about":[{"href":"https:\/\/www.nettali.com\/rest\/wp\/v2\/types\/post"}],"author":[{"embeddable":true,"href":"https:\/\/www.nettali.com\/rest\/wp\/v2\/users\/4"}],"replies":[{"embeddable":true,"href":"https:\/\/www.nettali.com\/rest\/wp\/v2\/comments?post=154523"}],"version-history":[{"count":1,"href":"https:\/\/www.nettali.com\/rest\/wp\/v2\/posts\/154523\/revisions"}],"predecessor-version":[{"id":154524,"href":"https:\/\/www.nettali.com\/rest\/wp\/v2\/posts\/154523\/revisions\/154524"}],"wp:featuredmedia":[{"embeddable":true,"href":"https:\/\/www.nettali.com\/rest\/wp\/v2\/media\/154265"}],"wp:attachment":[{"href":"https:\/\/www.nettali.com\/rest\/wp\/v2\/media?parent=154523"}],"wp:term":[{"taxonomy":"category","embeddable":true,"href":"https:\/\/www.nettali.com\/rest\/wp\/v2\/categories?post=154523"},{"taxonomy":"post_tag","embeddable":true,"href":"https:\/\/www.nettali.com\/rest\/wp\/v2\/tags?post=154523"}],"curies":[{"name":"wp","href":"https:\/\/api.w.org\/{rel}","templated":true}]}}